{"id":17667,"date":"2018-06-15T14:25:16","date_gmt":"2018-06-15T19:25:16","guid":{"rendered":"http:\/\/marthacifuentes.com\/portada\/?p=17667"},"modified":"2018-06-15T14:43:40","modified_gmt":"2018-06-15T19:43:40","slug":"se-reabre-cano-cristales-en-la-macarena","status":"publish","type":"post","link":"https:\/\/marthacifuentes.com\/portada\/se-reabre-cano-cristales-en-la-macarena\/","title":{"rendered":"Se reabre Ca\u00f1o Cristales en La Macarena"},"content":{"rendered":"<p style=\"text-align: justify;\">El pr\u00f3ximo lunes 18 de junio Cormacarena abre las puertas de una de las m\u00e1s grandes maravillas de la naturaleza, Ca\u00f1o Cristales, localizado en la Zona de Recuperaci\u00f3n para la Preservaci\u00f3n del Distrito de Manejo Integrado Macarena Sur \u2013 AMEM, en La Macarena, Meta.<\/p>\n<p style=\"text-align: justify;\">Las actividades ecotur\u00edsticas estar\u00e1n permitidas por la Autoridad Ambiental en el sector de Ca\u00f1o Cristales hasta que las condiciones climatol\u00f3gicas sean favorables para el ecosistema, teniendo en cuenta los requerimientos de conservaci\u00f3n de la especie end\u00e9mica\u00a0<em>Macarenia clavijera<\/em>.<\/p>\n<p style=\"text-align: justify;\">As\u00ed mismo, las actividades recreativas deber\u00e1n contar con una autorizaci\u00f3n previa para ingresar al Distrito de Manejo Integrado (DMI) y al Parque Nacional Natural Sierra de La Macarena y \u00e9stas deber\u00e1n estar acorde con la reglamentaci\u00f3n general expida por Cormacarena y Parques Nacionales.<\/p>\n<p style=\"text-align: justify;\">Cabe recordar que el ingreso del p\u00fablico a Ca\u00f1o Cristales, fue restringido por la Autoridad Ambiental desde el pasado 15 de diciembre del a\u00f1o 2017 debido a las condiciones climatol\u00f3gicas de la temporada seca que tienen una incidencia directa sobre el ecosistema.<\/p>\n<p style=\"text-align: justify;\">Beltsy Barrera, Directora General de Cormacarena, extiende una invitaci\u00f3n a propios y visitantes para que contribuyan con la preservaci\u00f3n y protecci\u00f3n de esta riqueza natural, respetando las normas legales y administrativas establecidas para la conservaci\u00f3n de las \u00e1reas protegidas en el departamento del Meta.<\/p>\n","protected":false},"excerpt":{"rendered":"<p>El pr\u00f3ximo lunes 18 de junio Cormacarena abre las puertas de una de las m\u00e1s grandes maravillas de la naturaleza, Ca\u00f1o Cristales, localizado en la Zona de Recuperaci\u00f3n para la Preservaci\u00f3n del Distrito de Manejo Integrado Macarena Sur \u2013 AMEM, en La Macarena, Meta. Las actividades ecotur\u00edsticas estar\u00e1n permitidas por la Autoridad Ambiental en el &hellip;<\/p>\n","protected":false},"author":2,"featured_media":17668,"comment_status":"open","ping_status":"open","sticky":false,"template":"","format":"standard","meta":{"om_disable_all_campaigns":false,"_exactmetrics_skip_tracking":false,"_exactmetrics_sitenote_active":false,"_exactmetrics_sitenote_note":"","_exactmetrics_sitenote_category":0,"_monsterinsights_skip_tracking":false,"_monsterinsights_sitenote_active":false,"_monsterinsights_sitenote_note":"","_monsterinsights_sitenote_category":0,"_uf_show_specific_survey":0,"_uf_disable_surveys":false,"_joinchat":[],"footnotes":""},"categories":[147,148],"tags":[168,171,170,173,169,172],"class_list":["post-17667","post","type-post","status-publish","format-standard","has-post-thumbnail","hentry","category-actualidad","category-entrevistas","tag-cano-cristales","tag-cormacarena","tag-macarena","tag-maravilla-del-mundo","tag-meta","tag-parques-nacionales"],"yoast_head":"<!-- This site is optimized with the Yoast SEO plugin v26.1 - https:\/\/yoast.com\/wordpress\/plugins\/seo\/ -->\n<title>Se reabre Ca\u00f1o Cristales en La Macarena - \u25b7 Noticias de Casanare : Martha Cifuentes | Casanare<\/title>\n<meta name=\"robots\" content=\"index, follow, max-snippet:-1, max-image-preview:large, max-video-preview:-1\" \/>\n<link rel=\"canonical\" href=\"https:\/\/marthacifuentes.com\/portada\/se-reabre-cano-cristales-en-la-macarena\/\" \/>\n<meta property=\"og:locale\" content=\"es_ES\" \/>\n<meta property=\"og:type\" content=\"article\" \/>\n<meta property=\"og:title\" content=\"Se reabre Ca\u00f1o Cristales en La Macarena - \u25b7 Noticias de Casanare : Martha Cifuentes | Casanare\" \/>\n<meta property=\"og:description\" content=\"El pr\u00f3ximo lunes 18 de junio Cormacarena abre las puertas de una de las m\u00e1s grandes maravillas de la naturaleza, Ca\u00f1o Cristales, localizado en la Zona de Recuperaci\u00f3n para la Preservaci\u00f3n del Distrito de Manejo Integrado Macarena Sur \u2013 AMEM, en La Macarena, Meta. Las actividades ecotur\u00edsticas estar\u00e1n permitidas por la Autoridad Ambiental en el &hellip;\" \/>\n<meta property=\"og:url\" content=\"https:\/\/marthacifuentes.com\/portada\/se-reabre-cano-cristales-en-la-macarena\/\" \/>\n<meta property=\"og:site_name\" content=\"\u25b7 Noticias de Casanare : Martha Cifuentes | Casanare\" \/>\n<meta property=\"article:published_time\" content=\"2018-06-15T19:25:16+00:00\" \/>\n<meta property=\"article:modified_time\" content=\"2018-06-15T19:43:40+00:00\" \/>\n<meta property=\"og:image\" content=\"https:\/\/marthacifuentes.com\/portada\/wp-content\/uploads\/2018\/06\/CA\u00d1O-CRISTALES-1.jpg\" \/>\n\t<meta property=\"og:image:width\" content=\"720\" \/>\n\t<meta property=\"og:image:height\" content=\"540\" \/>\n\t<meta property=\"og:image:type\" content=\"image\/jpeg\" \/>\n<meta name=\"author\" content=\"Martha Cifuentes\" \/>\n<meta name=\"twitter:card\" content=\"summary_large_image\" \/>\n<meta name=\"twitter:label1\" content=\"Escrito por\" \/>\n\t<meta name=\"twitter:data1\" content=\"Martha Cifuentes\" \/>\n\t<meta name=\"twitter:label2\" content=\"Tiempo de lectura\" \/>\n\t<meta name=\"twitter:data2\" content=\"1 minuto\" \/>\n<script type=\"application\/ld+json\" class=\"yoast-schema-graph\">{\"@context\":\"https:\/\/schema.org\",\"@graph\":[{\"@type\":\"WebPage\",\"@id\":\"https:\/\/marthacifuentes.com\/portada\/se-reabre-cano-cristales-en-la-macarena\/\",\"url\":\"https:\/\/marthacifuentes.com\/portada\/se-reabre-cano-cristales-en-la-macarena\/\",\"name\":\"Se reabre Ca\u00f1o Cristales en La Macarena - \u25b7 Noticias de Casanare : Martha Cifuentes | Casanare\",\"isPartOf\":{\"@id\":\"https:\/\/marthacifuentes.com\/portada\/#website\"},\"primaryImageOfPage\":{\"@id\":\"https:\/\/marthacifuentes.com\/portada\/se-reabre-cano-cristales-en-la-macarena\/#primaryimage\"},\"image\":{\"@id\":\"https:\/\/marthacifuentes.com\/portada\/se-reabre-cano-cristales-en-la-macarena\/#primaryimage\"},\"thumbnailUrl\":\"https:\/\/marthacifuentes.com\/portada\/wp-content\/uploads\/2018\/06\/CA\u00d1O-CRISTALES-1.jpg\",\"datePublished\":\"2018-06-15T19:25:16+00:00\",\"dateModified\":\"2018-06-15T19:43:40+00:00\",\"author\":{\"@id\":\"https:\/\/marthacifuentes.com\/portada\/#\/schema\/person\/57f53174b991db5f90ff78d58502b714\"},\"breadcrumb\":{\"@id\":\"https:\/\/marthacifuentes.com\/portada\/se-reabre-cano-cristales-en-la-macarena\/#breadcrumb\"},\"inLanguage\":\"es\",\"potentialAction\":[{\"@type\":\"ReadAction\",\"target\":[\"https:\/\/marthacifuentes.com\/portada\/se-reabre-cano-cristales-en-la-macarena\/\"]}]},{\"@type\":\"ImageObject\",\"inLanguage\":\"es\",\"@id\":\"https:\/\/marthacifuentes.com\/portada\/se-reabre-cano-cristales-en-la-macarena\/#primaryimage\",\"url\":\"https:\/\/marthacifuentes.com\/portada\/wp-content\/uploads\/2018\/06\/CA\u00d1O-CRISTALES-1.jpg\",\"contentUrl\":\"https:\/\/marthacifuentes.com\/portada\/wp-content\/uploads\/2018\/06\/CA\u00d1O-CRISTALES-1.jpg\",\"width\":720,\"height\":540},{\"@type\":\"BreadcrumbList\",\"@id\":\"https:\/\/marthacifuentes.com\/portada\/se-reabre-cano-cristales-en-la-macarena\/#breadcrumb\",\"itemListElement\":[{\"@type\":\"ListItem\",\"position\":1,\"name\":\"Portada\",\"item\":\"https:\/\/marthacifuentes.com\/portada\/\"},{\"@type\":\"ListItem\",\"position\":2,\"name\":\"Se reabre Ca\u00f1o Cristales en La Macarena\"}]},{\"@type\":\"WebSite\",\"@id\":\"https:\/\/marthacifuentes.com\/portada\/#website\",\"url\":\"https:\/\/marthacifuentes.com\/portada\/\",\"name\":\"\u25b7 Noticias de Casanare : Martha Cifuentes | Casanare\",\"description\":\"Noticias &amp; Contenidos\",\"potentialAction\":[{\"@type\":\"SearchAction\",\"target\":{\"@type\":\"EntryPoint\",\"urlTemplate\":\"https:\/\/marthacifuentes.com\/portada\/?s={search_term_string}\"},\"query-input\":{\"@type\":\"PropertyValueSpecification\",\"valueRequired\":true,\"valueName\":\"search_term_string\"}}],\"inLanguage\":\"es\"},{\"@type\":\"Person\",\"@id\":\"https:\/\/marthacifuentes.com\/portada\/#\/schema\/person\/57f53174b991db5f90ff78d58502b714\",\"name\":\"Martha Cifuentes\",\"image\":{\"@type\":\"ImageObject\",\"inLanguage\":\"es\",\"@id\":\"https:\/\/marthacifuentes.com\/portada\/#\/schema\/person\/image\/\",\"url\":\"http:\/\/marthacifuentes.com\/portada\/wp-content\/uploads\/2018\/06\/avatar_user_2_1528838701-96x96.jpg\",\"contentUrl\":\"http:\/\/marthacifuentes.com\/portada\/wp-content\/uploads\/2018\/06\/avatar_user_2_1528838701-96x96.jpg\",\"caption\":\"Martha Cifuentes\"},\"sameAs\":[\"http:\/\/www.marthacifuentes.com\"],\"url\":\"https:\/\/marthacifuentes.com\/portada\/author\/martha\/\"}]}<\/script>\n<!-- \/ Yoast SEO plugin. -->","yoast_head_json":{"title":"Se reabre Ca\u00f1o Cristales en La Macarena - \u25b7 Noticias de Casanare : Martha Cifuentes | Casanare","robots":{"index":"index","follow":"follow","max-snippet":"max-snippet:-1","max-image-preview":"max-image-preview:large","max-video-preview":"max-video-preview:-1"},"canonical":"https:\/\/marthacifuentes.com\/portada\/se-reabre-cano-cristales-en-la-macarena\/","og_locale":"es_ES","og_type":"article","og_title":"Se reabre Ca\u00f1o Cristales en La Macarena - \u25b7 Noticias de Casanare : Martha Cifuentes | Casanare","og_description":"El pr\u00f3ximo lunes 18 de junio Cormacarena abre las puertas de una de las m\u00e1s grandes maravillas de la naturaleza, Ca\u00f1o Cristales, localizado en la Zona de Recuperaci\u00f3n para la Preservaci\u00f3n del Distrito de Manejo Integrado Macarena Sur \u2013 AMEM, en La Macarena, Meta. Las actividades ecotur\u00edsticas estar\u00e1n permitidas por la Autoridad Ambiental en el &hellip;","og_url":"https:\/\/marthacifuentes.com\/portada\/se-reabre-cano-cristales-en-la-macarena\/","og_site_name":"\u25b7 Noticias de Casanare : Martha Cifuentes | Casanare","article_published_time":"2018-06-15T19:25:16+00:00","article_modified_time":"2018-06-15T19:43:40+00:00","og_image":[{"width":720,"height":540,"url":"https:\/\/marthacifuentes.com\/portada\/wp-content\/uploads\/2018\/06\/CA\u00d1O-CRISTALES-1.jpg","type":"image\/jpeg"}],"author":"Martha Cifuentes","twitter_card":"summary_large_image","twitter_misc":{"Escrito por":"Martha Cifuentes","Tiempo de lectura":"1 minuto"},"schema":{"@context":"https:\/\/schema.org","@graph":[{"@type":"WebPage","@id":"https:\/\/marthacifuentes.com\/portada\/se-reabre-cano-cristales-en-la-macarena\/","url":"https:\/\/marthacifuentes.com\/portada\/se-reabre-cano-cristales-en-la-macarena\/","name":"Se reabre Ca\u00f1o Cristales en La Macarena - \u25b7 Noticias de Casanare : Martha Cifuentes | Casanare","isPartOf":{"@id":"https:\/\/marthacifuentes.com\/portada\/#website"},"primaryImageOfPage":{"@id":"https:\/\/marthacifuentes.com\/portada\/se-reabre-cano-cristales-en-la-macarena\/#primaryimage"},"image":{"@id":"https:\/\/marthacifuentes.com\/portada\/se-reabre-cano-cristales-en-la-macarena\/#primaryimage"},"thumbnailUrl":"https:\/\/marthacifuentes.com\/portada\/wp-content\/uploads\/2018\/06\/CA\u00d1O-CRISTALES-1.jpg","datePublished":"2018-06-15T19:25:16+00:00","dateModified":"2018-06-15T19:43:40+00:00","author":{"@id":"https:\/\/marthacifuentes.com\/portada\/#\/schema\/person\/57f53174b991db5f90ff78d58502b714"},"breadcrumb":{"@id":"https:\/\/marthacifuentes.com\/portada\/se-reabre-cano-cristales-en-la-macarena\/#breadcrumb"},"inLanguage":"es","potentialAction":[{"@type":"ReadAction","target":["https:\/\/marthacifuentes.com\/portada\/se-reabre-cano-cristales-en-la-macarena\/"]}]},{"@type":"ImageObject","inLanguage":"es","@id":"https:\/\/marthacifuentes.com\/portada\/se-reabre-cano-cristales-en-la-macarena\/#primaryimage","url":"https:\/\/marthacifuentes.com\/portada\/wp-content\/uploads\/2018\/06\/CA\u00d1O-CRISTALES-1.jpg","contentUrl":"https:\/\/marthacifuentes.com\/portada\/wp-content\/uploads\/2018\/06\/CA\u00d1O-CRISTALES-1.jpg","width":720,"height":540},{"@type":"BreadcrumbList","@id":"https:\/\/marthacifuentes.com\/portada\/se-reabre-cano-cristales-en-la-macarena\/#breadcrumb","itemListElement":[{"@type":"ListItem","position":1,"name":"Portada","item":"https:\/\/marthacifuentes.com\/portada\/"},{"@type":"ListItem","position":2,"name":"Se reabre Ca\u00f1o Cristales en La Macarena"}]},{"@type":"WebSite","@id":"https:\/\/marthacifuentes.com\/portada\/#website","url":"https:\/\/marthacifuentes.com\/portada\/","name":"\u25b7 Noticias de Casanare : Martha Cifuentes | Casanare","description":"Noticias &amp; Contenidos","potentialAction":[{"@type":"SearchAction","target":{"@type":"EntryPoint","urlTemplate":"https:\/\/marthacifuentes.com\/portada\/?s={search_term_string}"},"query-input":{"@type":"PropertyValueSpecification","valueRequired":true,"valueName":"search_term_string"}}],"inLanguage":"es"},{"@type":"Person","@id":"https:\/\/marthacifuentes.com\/portada\/#\/schema\/person\/57f53174b991db5f90ff78d58502b714","name":"Martha Cifuentes","image":{"@type":"ImageObject","inLanguage":"es","@id":"https:\/\/marthacifuentes.com\/portada\/#\/schema\/person\/image\/","url":"http:\/\/marthacifuentes.com\/portada\/wp-content\/uploads\/2018\/06\/avatar_user_2_1528838701-96x96.jpg","contentUrl":"http:\/\/marthacifuentes.com\/portada\/wp-content\/uploads\/2018\/06\/avatar_user_2_1528838701-96x96.jpg","caption":"Martha Cifuentes"},"sameAs":["http:\/\/www.marthacifuentes.com"],"url":"https:\/\/marthacifuentes.com\/portada\/author\/martha\/"}]}},"_links":{"self":[{"href":"https:\/\/marthacifuentes.com\/portada\/wp-json\/wp\/v2\/posts\/17667","targetHints":{"allow":["GET"]}}],"collection":[{"href":"https:\/\/marthacifuentes.com\/portada\/wp-json\/wp\/v2\/posts"}],"about":[{"href":"https:\/\/marthacifuentes.com\/portada\/wp-json\/wp\/v2\/types\/post"}],"author":[{"embeddable":true,"href":"https:\/\/marthacifuentes.com\/portada\/wp-json\/wp\/v2\/users\/2"}],"replies":[{"embeddable":true,"href":"https:\/\/marthacifuentes.com\/portada\/wp-json\/wp\/v2\/comments?post=17667"}],"version-history":[{"count":0,"href":"https:\/\/marthacifuentes.com\/portada\/wp-json\/wp\/v2\/posts\/17667\/revisions"}],"wp:featuredmedia":[{"embeddable":true,"href":"https:\/\/marthacifuentes.com\/portada\/wp-json\/wp\/v2\/media\/17668"}],"wp:attachment":[{"href":"https:\/\/marthacifuentes.com\/portada\/wp-json\/wp\/v2\/media?parent=17667"}],"wp:term":[{"taxonomy":"category","embeddable":true,"href":"https:\/\/marthacifuentes.com\/portada\/wp-json\/wp\/v2\/categories?post=17667"},{"taxonomy":"post_tag","embeddable":true,"href":"https:\/\/marthacifuentes.com\/portada\/wp-json\/wp\/v2\/tags?post=17667"}],"curies":[{"name":"wp","href":"https:\/\/api.w.org\/{rel}","templated":true}]}}