{"id":17866,"date":"2018-06-27T09:17:26","date_gmt":"2018-06-27T14:17:26","guid":{"rendered":"http:\/\/marthacifuentes.com\/portada\/?p=17866"},"modified":"2018-06-27T09:17:26","modified_gmt":"2018-06-27T14:17:26","slug":"maestros-de-yopal-se-quedaran-sin-salario-y-prima-de-junio","status":"publish","type":"post","link":"https:\/\/marthacifuentes.com\/portada\/maestros-de-yopal-se-quedaran-sin-salario-y-prima-de-junio\/","title":{"rendered":"Maestros de Yopal se quedar\u00e1n sin salario y prima de junio"},"content":{"rendered":"<p style=\"text-align: justify;\"><strong>Rector del Colegio San Mateo de Yopal, Servando Gonz\u00e1lez evidencia la inconformidad de los docentes del municipio porque se prev\u00e9 el no pago oportuno de sus salarios de junio y la prima de servicios ante la supuesta ineficiencia administrativa de la Alcald\u00eda Municipal. Se propone movilizaci\u00f3n social. \u00a0<\/strong><\/p>\n<p style=\"text-align: justify;\">El profesor explic\u00f3 que en di\u00e1logo con funcionarios de las secretar\u00edas de Hacienda y de Educaci\u00f3n, le manifestaron a \u00e9l y a un sindicalista de la CUT, que no se puede pagar a los docentes hasta tanto no se presente, analice, discuta y apruebe proyecto de armonizaci\u00f3n del presupuesto.<\/p>\n<p style=\"text-align: justify;\">Este fue radicado por la Alcald\u00eda de Yopal ante el Concejo, apenas, el pasado jueves 22 de junio y esta Corporaci\u00f3n tiene 3 d\u00edas para asignar ponente, luego el ponente tiene 10 d\u00edas para su an\u00e1lisis pudiendo solicitar otros 10 si lo considera necesario, luego vienen debates de plenaria, donde puede ser aprobado o no.<\/p>\n<p style=\"text-align: justify;\">Posteriormente se dialog\u00f3 con seis concejales que manifestaron buena voluntad para estudiar el proyecto pero dando a entender que es de mucha responsabilidad el nuevo presupuesto armonizado y esto requiere un juicioso an\u00e1lisis.<\/p>\n<p style=\"text-align: justify;\">Por todo lo anterior y considerando que no se puede lograr el pago oportuno de sus salarios, el rector considera que no queda otra opci\u00f3n que manifestar su inconformismo con movilizaci\u00f3n social, denuncias p\u00fablicas y denuncias jur\u00eddicas pues se est\u00e1 \u201cante otro claro hecho de ineficiencia administrativa que hace que de nuevo seamos atropellados en nuestros derechos\u201d<\/p>\n<p style=\"text-align: justify;\">Nuevamente esta \u00a0entidad territorial certificada en Colombia ser\u00eda la \u00faltima en pagar a sus docentes cuando el gobierno nacional hace los giros correspondientes para todo el pa\u00eds.<\/p>\n","protected":false},"excerpt":{"rendered":"<p>Rector del Colegio San Mateo de Yopal, Servando Gonz\u00e1lez evidencia la inconformidad de los docentes del municipio porque se prev\u00e9 el no pago oportuno de sus salarios de junio y la prima de servicios ante la supuesta ineficiencia administrativa de la Alcald\u00eda Municipal. Se propone movilizaci\u00f3n social. \u00a0 El profesor explic\u00f3 que en di\u00e1logo con &hellip;<\/p>\n","protected":false},"author":2,"featured_media":17868,"comment_status":"open","ping_status":"open","sticky":false,"template":"","format":"standard","meta":{"om_disable_all_campaigns":false,"_exactmetrics_skip_tracking":false,"_exactmetrics_sitenote_active":false,"_exactmetrics_sitenote_note":"","_exactmetrics_sitenote_category":0,"_monsterinsights_skip_tracking":false,"_monsterinsights_sitenote_active":false,"_monsterinsights_sitenote_note":"","_monsterinsights_sitenote_category":0,"_uf_show_specific_survey":0,"_uf_disable_surveys":false,"_joinchat":[],"footnotes":""},"categories":[147],"tags":[252,154,362,355,356,210,361,359,363,357,360,358,157],"class_list":["post-17866","post","type-post","status-publish","format-standard","has-post-thumbnail","hentry","category-actualidad","tag-alcaldia-de-yopal","tag-casanare","tag-colegios","tag-docentes","tag-fecode","tag-leonardo-puentes","tag-maestros","tag-pago-de-prima","tag-presupuesto-armonizado","tag-rector","tag-salarios","tag-servando-gonzalez","tag-yopal"],"yoast_head":"<!-- This site is optimized with the Yoast SEO plugin v26.1 - https:\/\/yoast.com\/wordpress\/plugins\/seo\/ -->\n<title>Maestros de Yopal se quedar\u00e1n sin salario y prima de junio - \u25b7 Noticias de Casanare : Martha Cifuentes | Casanare<\/title>\n<meta name=\"robots\" content=\"index, follow, max-snippet:-1, max-image-preview:large, max-video-preview:-1\" \/>\n<link rel=\"canonical\" href=\"https:\/\/marthacifuentes.com\/portada\/maestros-de-yopal-se-quedaran-sin-salario-y-prima-de-junio\/\" \/>\n<meta property=\"og:locale\" content=\"es_ES\" \/>\n<meta property=\"og:type\" content=\"article\" \/>\n<meta property=\"og:title\" content=\"Maestros de Yopal se quedar\u00e1n sin salario y prima de junio - \u25b7 Noticias de Casanare : Martha Cifuentes | Casanare\" \/>\n<meta property=\"og:description\" content=\"Rector del Colegio San Mateo de Yopal, Servando Gonz\u00e1lez evidencia la inconformidad de los docentes del municipio porque se prev\u00e9 el no pago oportuno de sus salarios de junio y la prima de servicios ante la supuesta ineficiencia administrativa de la Alcald\u00eda Municipal. Se propone movilizaci\u00f3n social. \u00a0 El profesor explic\u00f3 que en di\u00e1logo con &hellip;\" \/>\n<meta property=\"og:url\" content=\"https:\/\/marthacifuentes.com\/portada\/maestros-de-yopal-se-quedaran-sin-salario-y-prima-de-junio\/\" \/>\n<meta property=\"og:site_name\" content=\"\u25b7 Noticias de Casanare : Martha Cifuentes | Casanare\" \/>\n<meta property=\"article:published_time\" content=\"2018-06-27T14:17:26+00:00\" \/>\n<meta property=\"og:image\" content=\"https:\/\/marthacifuentes.com\/portada\/wp-content\/uploads\/2018\/06\/MAESTROS-DE-YOPAL-SIN-PAGO-OPORTUNO-DE-SALARIOS-1.jpg\" \/>\n\t<meta property=\"og:image:width\" content=\"1184\" \/>\n\t<meta property=\"og:image:height\" content=\"665\" \/>\n\t<meta property=\"og:image:type\" content=\"image\/jpeg\" \/>\n<meta name=\"author\" content=\"Martha Cifuentes\" \/>\n<meta name=\"twitter:card\" content=\"summary_large_image\" \/>\n<meta name=\"twitter:label1\" content=\"Escrito por\" \/>\n\t<meta name=\"twitter:data1\" content=\"Martha Cifuentes\" \/>\n\t<meta name=\"twitter:label2\" content=\"Tiempo de lectura\" \/>\n\t<meta name=\"twitter:data2\" content=\"1 minuto\" \/>\n<script type=\"application\/ld+json\" class=\"yoast-schema-graph\">{\"@context\":\"https:\/\/schema.org\",\"@graph\":[{\"@type\":\"WebPage\",\"@id\":\"https:\/\/marthacifuentes.com\/portada\/maestros-de-yopal-se-quedaran-sin-salario-y-prima-de-junio\/\",\"url\":\"https:\/\/marthacifuentes.com\/portada\/maestros-de-yopal-se-quedaran-sin-salario-y-prima-de-junio\/\",\"name\":\"Maestros de Yopal se quedar\u00e1n sin salario y prima de junio - \u25b7 Noticias de Casanare : Martha Cifuentes | Casanare\",\"isPartOf\":{\"@id\":\"https:\/\/marthacifuentes.com\/portada\/#website\"},\"primaryImageOfPage\":{\"@id\":\"https:\/\/marthacifuentes.com\/portada\/maestros-de-yopal-se-quedaran-sin-salario-y-prima-de-junio\/#primaryimage\"},\"image\":{\"@id\":\"https:\/\/marthacifuentes.com\/portada\/maestros-de-yopal-se-quedaran-sin-salario-y-prima-de-junio\/#primaryimage\"},\"thumbnailUrl\":\"https:\/\/marthacifuentes.com\/portada\/wp-content\/uploads\/2018\/06\/MAESTROS-DE-YOPAL-SIN-PAGO-OPORTUNO-DE-SALARIOS-1.jpg\",\"datePublished\":\"2018-06-27T14:17:26+00:00\",\"author\":{\"@id\":\"https:\/\/marthacifuentes.com\/portada\/#\/schema\/person\/57f53174b991db5f90ff78d58502b714\"},\"breadcrumb\":{\"@id\":\"https:\/\/marthacifuentes.com\/portada\/maestros-de-yopal-se-quedaran-sin-salario-y-prima-de-junio\/#breadcrumb\"},\"inLanguage\":\"es\",\"potentialAction\":[{\"@type\":\"ReadAction\",\"target\":[\"https:\/\/marthacifuentes.com\/portada\/maestros-de-yopal-se-quedaran-sin-salario-y-prima-de-junio\/\"]}]},{\"@type\":\"ImageObject\",\"inLanguage\":\"es\",\"@id\":\"https:\/\/marthacifuentes.com\/portada\/maestros-de-yopal-se-quedaran-sin-salario-y-prima-de-junio\/#primaryimage\",\"url\":\"https:\/\/marthacifuentes.com\/portada\/wp-content\/uploads\/2018\/06\/MAESTROS-DE-YOPAL-SIN-PAGO-OPORTUNO-DE-SALARIOS-1.jpg\",\"contentUrl\":\"https:\/\/marthacifuentes.com\/portada\/wp-content\/uploads\/2018\/06\/MAESTROS-DE-YOPAL-SIN-PAGO-OPORTUNO-DE-SALARIOS-1.jpg\",\"width\":1184,\"height\":665},{\"@type\":\"BreadcrumbList\",\"@id\":\"https:\/\/marthacifuentes.com\/portada\/maestros-de-yopal-se-quedaran-sin-salario-y-prima-de-junio\/#breadcrumb\",\"itemListElement\":[{\"@type\":\"ListItem\",\"position\":1,\"name\":\"Portada\",\"item\":\"https:\/\/marthacifuentes.com\/portada\/\"},{\"@type\":\"ListItem\",\"position\":2,\"name\":\"Maestros de Yopal se quedar\u00e1n sin salario y prima de junio\"}]},{\"@type\":\"WebSite\",\"@id\":\"https:\/\/marthacifuentes.com\/portada\/#website\",\"url\":\"https:\/\/marthacifuentes.com\/portada\/\",\"name\":\"\u25b7 Noticias de Casanare : Martha Cifuentes | Casanare\",\"description\":\"Noticias &amp; Contenidos\",\"potentialAction\":[{\"@type\":\"SearchAction\",\"target\":{\"@type\":\"EntryPoint\",\"urlTemplate\":\"https:\/\/marthacifuentes.com\/portada\/?s={search_term_string}\"},\"query-input\":{\"@type\":\"PropertyValueSpecification\",\"valueRequired\":true,\"valueName\":\"search_term_string\"}}],\"inLanguage\":\"es\"},{\"@type\":\"Person\",\"@id\":\"https:\/\/marthacifuentes.com\/portada\/#\/schema\/person\/57f53174b991db5f90ff78d58502b714\",\"name\":\"Martha Cifuentes\",\"image\":{\"@type\":\"ImageObject\",\"inLanguage\":\"es\",\"@id\":\"https:\/\/marthacifuentes.com\/portada\/#\/schema\/person\/image\/\",\"url\":\"http:\/\/marthacifuentes.com\/portada\/wp-content\/uploads\/2018\/06\/avatar_user_2_1528838701-96x96.jpg\",\"contentUrl\":\"http:\/\/marthacifuentes.com\/portada\/wp-content\/uploads\/2018\/06\/avatar_user_2_1528838701-96x96.jpg\",\"caption\":\"Martha Cifuentes\"},\"sameAs\":[\"http:\/\/www.marthacifuentes.com\"],\"url\":\"https:\/\/marthacifuentes.com\/portada\/author\/martha\/\"}]}<\/script>\n<!-- \/ Yoast SEO plugin. -->","yoast_head_json":{"title":"Maestros de Yopal se quedar\u00e1n sin salario y prima de junio - \u25b7 Noticias de Casanare : Martha Cifuentes | Casanare","robots":{"index":"index","follow":"follow","max-snippet":"max-snippet:-1","max-image-preview":"max-image-preview:large","max-video-preview":"max-video-preview:-1"},"canonical":"https:\/\/marthacifuentes.com\/portada\/maestros-de-yopal-se-quedaran-sin-salario-y-prima-de-junio\/","og_locale":"es_ES","og_type":"article","og_title":"Maestros de Yopal se quedar\u00e1n sin salario y prima de junio - \u25b7 Noticias de Casanare : Martha Cifuentes | Casanare","og_description":"Rector del Colegio San Mateo de Yopal, Servando Gonz\u00e1lez evidencia la inconformidad de los docentes del municipio porque se prev\u00e9 el no pago oportuno de sus salarios de junio y la prima de servicios ante la supuesta ineficiencia administrativa de la Alcald\u00eda Municipal. Se propone movilizaci\u00f3n social. \u00a0 El profesor explic\u00f3 que en di\u00e1logo con &hellip;","og_url":"https:\/\/marthacifuentes.com\/portada\/maestros-de-yopal-se-quedaran-sin-salario-y-prima-de-junio\/","og_site_name":"\u25b7 Noticias de Casanare : Martha Cifuentes | Casanare","article_published_time":"2018-06-27T14:17:26+00:00","og_image":[{"width":1184,"height":665,"url":"https:\/\/marthacifuentes.com\/portada\/wp-content\/uploads\/2018\/06\/MAESTROS-DE-YOPAL-SIN-PAGO-OPORTUNO-DE-SALARIOS-1.jpg","type":"image\/jpeg"}],"author":"Martha Cifuentes","twitter_card":"summary_large_image","twitter_misc":{"Escrito por":"Martha Cifuentes","Tiempo de lectura":"1 minuto"},"schema":{"@context":"https:\/\/schema.org","@graph":[{"@type":"WebPage","@id":"https:\/\/marthacifuentes.com\/portada\/maestros-de-yopal-se-quedaran-sin-salario-y-prima-de-junio\/","url":"https:\/\/marthacifuentes.com\/portada\/maestros-de-yopal-se-quedaran-sin-salario-y-prima-de-junio\/","name":"Maestros de Yopal se quedar\u00e1n sin salario y prima de junio - \u25b7 Noticias de Casanare : Martha Cifuentes | Casanare","isPartOf":{"@id":"https:\/\/marthacifuentes.com\/portada\/#website"},"primaryImageOfPage":{"@id":"https:\/\/marthacifuentes.com\/portada\/maestros-de-yopal-se-quedaran-sin-salario-y-prima-de-junio\/#primaryimage"},"image":{"@id":"https:\/\/marthacifuentes.com\/portada\/maestros-de-yopal-se-quedaran-sin-salario-y-prima-de-junio\/#primaryimage"},"thumbnailUrl":"https:\/\/marthacifuentes.com\/portada\/wp-content\/uploads\/2018\/06\/MAESTROS-DE-YOPAL-SIN-PAGO-OPORTUNO-DE-SALARIOS-1.jpg","datePublished":"2018-06-27T14:17:26+00:00","author":{"@id":"https:\/\/marthacifuentes.com\/portada\/#\/schema\/person\/57f53174b991db5f90ff78d58502b714"},"breadcrumb":{"@id":"https:\/\/marthacifuentes.com\/portada\/maestros-de-yopal-se-quedaran-sin-salario-y-prima-de-junio\/#breadcrumb"},"inLanguage":"es","potentialAction":[{"@type":"ReadAction","target":["https:\/\/marthacifuentes.com\/portada\/maestros-de-yopal-se-quedaran-sin-salario-y-prima-de-junio\/"]}]},{"@type":"ImageObject","inLanguage":"es","@id":"https:\/\/marthacifuentes.com\/portada\/maestros-de-yopal-se-quedaran-sin-salario-y-prima-de-junio\/#primaryimage","url":"https:\/\/marthacifuentes.com\/portada\/wp-content\/uploads\/2018\/06\/MAESTROS-DE-YOPAL-SIN-PAGO-OPORTUNO-DE-SALARIOS-1.jpg","contentUrl":"https:\/\/marthacifuentes.com\/portada\/wp-content\/uploads\/2018\/06\/MAESTROS-DE-YOPAL-SIN-PAGO-OPORTUNO-DE-SALARIOS-1.jpg","width":1184,"height":665},{"@type":"BreadcrumbList","@id":"https:\/\/marthacifuentes.com\/portada\/maestros-de-yopal-se-quedaran-sin-salario-y-prima-de-junio\/#breadcrumb","itemListElement":[{"@type":"ListItem","position":1,"name":"Portada","item":"https:\/\/marthacifuentes.com\/portada\/"},{"@type":"ListItem","position":2,"name":"Maestros de Yopal se quedar\u00e1n sin salario y prima de junio"}]},{"@type":"WebSite","@id":"https:\/\/marthacifuentes.com\/portada\/#website","url":"https:\/\/marthacifuentes.com\/portada\/","name":"\u25b7 Noticias de Casanare : Martha Cifuentes | Casanare","description":"Noticias &amp; Contenidos","potentialAction":[{"@type":"SearchAction","target":{"@type":"EntryPoint","urlTemplate":"https:\/\/marthacifuentes.com\/portada\/?s={search_term_string}"},"query-input":{"@type":"PropertyValueSpecification","valueRequired":true,"valueName":"search_term_string"}}],"inLanguage":"es"},{"@type":"Person","@id":"https:\/\/marthacifuentes.com\/portada\/#\/schema\/person\/57f53174b991db5f90ff78d58502b714","name":"Martha Cifuentes","image":{"@type":"ImageObject","inLanguage":"es","@id":"https:\/\/marthacifuentes.com\/portada\/#\/schema\/person\/image\/","url":"http:\/\/marthacifuentes.com\/portada\/wp-content\/uploads\/2018\/06\/avatar_user_2_1528838701-96x96.jpg","contentUrl":"http:\/\/marthacifuentes.com\/portada\/wp-content\/uploads\/2018\/06\/avatar_user_2_1528838701-96x96.jpg","caption":"Martha Cifuentes"},"sameAs":["http:\/\/www.marthacifuentes.com"],"url":"https:\/\/marthacifuentes.com\/portada\/author\/martha\/"}]}},"_links":{"self":[{"href":"https:\/\/marthacifuentes.com\/portada\/wp-json\/wp\/v2\/posts\/17866","targetHints":{"allow":["GET"]}}],"collection":[{"href":"https:\/\/marthacifuentes.com\/portada\/wp-json\/wp\/v2\/posts"}],"about":[{"href":"https:\/\/marthacifuentes.com\/portada\/wp-json\/wp\/v2\/types\/post"}],"author":[{"embeddable":true,"href":"https:\/\/marthacifuentes.com\/portada\/wp-json\/wp\/v2\/users\/2"}],"replies":[{"embeddable":true,"href":"https:\/\/marthacifuentes.com\/portada\/wp-json\/wp\/v2\/comments?post=17866"}],"version-history":[{"count":0,"href":"https:\/\/marthacifuentes.com\/portada\/wp-json\/wp\/v2\/posts\/17866\/revisions"}],"wp:featuredmedia":[{"embeddable":true,"href":"https:\/\/marthacifuentes.com\/portada\/wp-json\/wp\/v2\/media\/17868"}],"wp:attachment":[{"href":"https:\/\/marthacifuentes.com\/portada\/wp-json\/wp\/v2\/media?parent=17866"}],"wp:term":[{"taxonomy":"category","embeddable":true,"href":"https:\/\/marthacifuentes.com\/portada\/wp-json\/wp\/v2\/categories?post=17866"},{"taxonomy":"post_tag","embeddable":true,"href":"https:\/\/marthacifuentes.com\/portada\/wp-json\/wp\/v2\/tags?post=17866"}],"curies":[{"name":"wp","href":"https:\/\/api.w.org\/{rel}","templated":true}]}}