{"id":18210,"date":"2018-07-12T07:14:39","date_gmt":"2018-07-12T12:14:39","guid":{"rendered":"http:\/\/marthacifuentes.com\/portada\/?p=18210"},"modified":"2018-07-12T07:14:39","modified_gmt":"2018-07-12T12:14:39","slug":"a-pesar-de-inauguracion-de-obras-del-aeropuerto-de-yopal-aun-no-funcionara","status":"publish","type":"post","link":"https:\/\/marthacifuentes.com\/portada\/a-pesar-de-inauguracion-de-obras-del-aeropuerto-de-yopal-aun-no-funcionara\/","title":{"rendered":"A pesar de inauguraci\u00f3n de obras del aeropuerto de Yopal a\u00fan no funcionar\u00e1"},"content":{"rendered":"<p style=\"font-weight: 400; text-align: justify;\"><strong>Luego de pr\u00f3rrogas en tiempo y recursos las obras de ampliaci\u00f3n del aeropuerto El Alcarav\u00e1n de Yopal fueron inauguradas ayer por el presidente Juan Manuel Santos. Sin embargo por carencia en la dotaci\u00f3n y obras menores a\u00fan no se pondr\u00e1 en funcionamiento.<\/strong><\/p>\n<p style=\"font-weight: 400; text-align: justify;\">La moderna infraestructura tuvo una inversi\u00f3n de $94.200 millones y permitir\u00e1 facilitar y mejorar la conectividad y competitividad del departamento de Casanare. Se espera que a partir del inicio de operaciones se movilicen m\u00e1s de 350.000 pasajeros anualmente.<\/p>\n<p style=\"font-weight: 400; text-align: justify;\">Sin embargo la dicha no es completa. Varias fuentes reputadas que prefirieron el anonimato, manifestaron que a\u00fan faltan detalles en la dotaci\u00f3n que impiden que el terminal a\u00e9reo se ponga en funcionamiento, lo cual podr\u00eda tardar entre 2 y 6 meses. Es decir, se inaugur\u00f3 nuevamente una obra que no est\u00e1 finalizada ni en operaci\u00f3n.<\/p>\n<p style=\"font-weight: 400; text-align: justify;\">Incluso durante el acto inaugural bajo un intenso aguacero se evidenciaron filtraciones de agua en algunos corredores de pasajeros. Hay que destacar que en Yopal ayer llovi\u00f3 m\u00e1s de tres horas seguidas.<\/p>\n<p style=\"font-weight: 400; text-align: justify;\">Por su parte el presidente Santos dijo en su alocuci\u00f3n que era el mandatario que m\u00e1s hab\u00eda invertido en Casanare y que esta obra ser\u00eda de gran importancia para el desarrollo de la regi\u00f3n que ten\u00eda en el turismo un gran sector para mejorar su econom\u00eda local.<\/p>\n<p style=\"font-weight: 400; text-align: justify;\">Como todas las inauguraciones del presidente, est\u00e1 fue a las carreras, no hubo tiempo para un breve di\u00e1logo con las autoridades locales y regionales ni para sentarse a disfrutar los diversos actos culturales preparados por los folcloristas.<\/p>\n<p><img loading=\"lazy\" decoding=\"async\" class=\"wp-image-18213 aligncenter\" src=\"http:\/\/marthacifuentes.com\/portada\/wp-content\/uploads\/2018\/07\/20180711_130935-1024x576.jpg\" alt=\"\" width=\"485\" height=\"273\" srcset=\"https:\/\/marthacifuentes.com\/portada\/wp-content\/uploads\/2018\/07\/20180711_130935-1024x576.jpg 1024w, https:\/\/marthacifuentes.com\/portada\/wp-content\/uploads\/2018\/07\/20180711_130935-300x169.jpg 300w, https:\/\/marthacifuentes.com\/portada\/wp-content\/uploads\/2018\/07\/20180711_130935-768x432.jpg 768w\" sizes=\"auto, (max-width: 485px) 100vw, 485px\" \/><\/p>\n<p style=\"font-weight: 400; text-align: justify;\"><strong>\u00a0<\/strong><strong>Detalles de la obra<\/strong><\/p>\n<p style=\"font-weight: 400; text-align: justify;\">Fueron intervenidos 74.500 metros cuadrados que incluyen la construcci\u00f3n de la torre de control, el terminal de pasajeros, el cuartel de bomberos, la plataforma, las v\u00edas de acceso y el urbanismo.<\/p>\n<p style=\"font-weight: 400; text-align: justify;\">El nuevo terminal de pasajeros es una llamativa estructura met\u00e1lica de 13.800 metros cuadrados de \u00e1rea construida (el anterior ten\u00eda 1.300 metros cuadrados), que est\u00e1 conformada por tres m\u00f3dulos con capacidad para albergar a 350 pasajeros en las tres salas de abordaje. Tiene un dise\u00f1o bioclim\u00e1tico que permite disponer de amplios espacios con ventilaci\u00f3n natural y menor consumo de energ\u00eda y cuenta, adem\u00e1s, con 4 restaurantes, 17 locales comerciales, sal\u00f3n de reuniones, 3 salas VIP, 12 bater\u00edas de ba\u00f1os, 152 parqueaderos para veh\u00edculos y 50 para motos y zonas especiales para las entidades de seguridad y apoyo aeroportuario.<\/p>\n<p style=\"font-weight: 400; text-align: justify;\">La nueva torre de control, que casi triplica en sus dimensiones a la que exist\u00eda, tiene 1.346 metros cuadrados de \u00e1rea construida y 34 metros de altura. Es una estructura met\u00e1lica de 250 toneladas de acero que tiene una vista perif\u00e9rica de 360 grados y cuenta con las m\u00e1s avanzadas ayudas para la navegaci\u00f3n a\u00e9rea.<\/p>\n<p style=\"font-weight: 400; text-align: justify;\">El cuartel de bomberos es una edificaci\u00f3n en concreto reforzado, con cubierta en estructura met\u00e1lica, que tiene 1.733 metros cuadrados y capacidad para albergar hasta 4 m\u00e1quinas. Contar\u00e1 con categor\u00eda SEI 7, lo que mejora la capacidad de respuesta de los bomberos aeron\u00e1uticos en caso de emergencias.<\/p>\n<p style=\"font-weight: 400; text-align: justify;\">La plataforma tiene un \u00e1rea nueva construida de 13.578 metros cuadrados y las v\u00edas de acceso, con m\u00e1s de 19.400 metros cuadrados intervenidos, est\u00e1n dise\u00f1adas para soportar veh\u00edculos de tr\u00e1fico pesado y liviano en flujo constante.<\/p>\n<p style=\"font-weight: 400; text-align: justify;\">El nuevo aeropuerto, que cuenta con una pista de 2.250 metros de largo por 30 metros de ancho, satisface la demanda actual de pasajeros, que es de 339.000 al a\u00f1o, y la estimada para los pr\u00f3ximos a\u00f1os.<\/p>\n<p style=\"font-weight: 400; text-align: justify;\">Desde 2010, la Aeron\u00e1utica Civil ha realizado inversiones por m\u00e1s de $134.000 millones para modernizar este importante aeropuerto de la capital de Casanare y facilitar la conectividad y competitividad de esta gran regi\u00f3n de la Orinoqu\u00eda colombiana.<\/p>\n<p><img loading=\"lazy\" decoding=\"async\" class=\"alignnone  wp-image-18215\" src=\"http:\/\/marthacifuentes.com\/portada\/wp-content\/uploads\/2018\/07\/20180711_111037-1024x185.jpg\" alt=\"\" width=\"767\" height=\"138\" srcset=\"https:\/\/marthacifuentes.com\/portada\/wp-content\/uploads\/2018\/07\/20180711_111037-1024x185.jpg 1024w, https:\/\/marthacifuentes.com\/portada\/wp-content\/uploads\/2018\/07\/20180711_111037-300x54.jpg 300w, https:\/\/marthacifuentes.com\/portada\/wp-content\/uploads\/2018\/07\/20180711_111037-768x138.jpg 768w\" sizes=\"auto, (max-width: 767px) 100vw, 767px\" \/><\/p>\n","protected":false},"excerpt":{"rendered":"<p>Luego de pr\u00f3rrogas en tiempo y recursos las obras de ampliaci\u00f3n del aeropuerto El Alcarav\u00e1n de Yopal fueron inauguradas ayer por el presidente Juan Manuel Santos. Sin embargo por carencia en la dotaci\u00f3n y obras menores a\u00fan no se pondr\u00e1 en funcionamiento. La moderna infraestructura tuvo una inversi\u00f3n de $94.200 millones y permitir\u00e1 facilitar y &hellip;<\/p>\n","protected":false},"author":2,"featured_media":18212,"comment_status":"open","ping_status":"open","sticky":false,"template":"","format":"standard","meta":{"om_disable_all_campaigns":false,"_exactmetrics_skip_tracking":false,"_exactmetrics_sitenote_active":false,"_exactmetrics_sitenote_note":"","_exactmetrics_sitenote_category":0,"_monsterinsights_skip_tracking":false,"_monsterinsights_sitenote_active":false,"_monsterinsights_sitenote_note":"","_monsterinsights_sitenote_category":0,"_uf_show_specific_survey":0,"_uf_disable_surveys":false,"_joinchat":[],"footnotes":""},"categories":[147],"tags":[792,794,154,797,796,800,793,191,798,799,795,157],"class_list":["post-18210","post","type-post","status-publish","format-standard","has-post-thumbnail","hentry","category-actualidad","tag-aeropuerto-alcaravan","tag-autoridades-locales-y-regionales","tag-casanare","tag-el-cuartel-de-bomberos","tag-el-terminal-de-pasajeros","tag-el-urbanismo","tag-incompleto","tag-juan-manuel-santos","tag-la-plataforma","tag-las-vias-de-acceso","tag-torre-de-control","tag-yopal"],"yoast_head":"<!-- This site is optimized with the Yoast SEO plugin v26.1 - https:\/\/yoast.com\/wordpress\/plugins\/seo\/ -->\n<title>A pesar de inauguraci\u00f3n de obras del aeropuerto de Yopal a\u00fan no funcionar\u00e1 - \u25b7 Noticias de Casanare : Martha Cifuentes | Casanare<\/title>\n<meta name=\"robots\" content=\"index, follow, max-snippet:-1, max-image-preview:large, max-video-preview:-1\" \/>\n<link rel=\"canonical\" href=\"https:\/\/marthacifuentes.com\/portada\/a-pesar-de-inauguracion-de-obras-del-aeropuerto-de-yopal-aun-no-funcionara\/\" \/>\n<meta property=\"og:locale\" content=\"es_ES\" \/>\n<meta property=\"og:type\" content=\"article\" \/>\n<meta property=\"og:title\" content=\"A pesar de inauguraci\u00f3n de obras del aeropuerto de Yopal a\u00fan no funcionar\u00e1 - \u25b7 Noticias de Casanare : Martha Cifuentes | Casanare\" \/>\n<meta property=\"og:description\" content=\"Luego de pr\u00f3rrogas en tiempo y recursos las obras de ampliaci\u00f3n del aeropuerto El Alcarav\u00e1n de Yopal fueron inauguradas ayer por el presidente Juan Manuel Santos. Sin embargo por carencia en la dotaci\u00f3n y obras menores a\u00fan no se pondr\u00e1 en funcionamiento. La moderna infraestructura tuvo una inversi\u00f3n de $94.200 millones y permitir\u00e1 facilitar y &hellip;\" \/>\n<meta property=\"og:url\" content=\"https:\/\/marthacifuentes.com\/portada\/a-pesar-de-inauguracion-de-obras-del-aeropuerto-de-yopal-aun-no-funcionara\/\" \/>\n<meta property=\"og:site_name\" content=\"\u25b7 Noticias de Casanare : Martha Cifuentes | Casanare\" \/>\n<meta property=\"article:published_time\" content=\"2018-07-12T12:14:39+00:00\" \/>\n<meta property=\"og:image\" content=\"https:\/\/marthacifuentes.com\/portada\/wp-content\/uploads\/2018\/07\/20180711_110511-e1531397645118.jpg\" \/>\n\t<meta property=\"og:image:width\" content=\"3255\" \/>\n\t<meta property=\"og:image:height\" content=\"1101\" \/>\n\t<meta property=\"og:image:type\" content=\"image\/jpeg\" \/>\n<meta name=\"author\" content=\"Martha Cifuentes\" \/>\n<meta name=\"twitter:card\" content=\"summary_large_image\" \/>\n<meta name=\"twitter:label1\" content=\"Escrito por\" \/>\n\t<meta name=\"twitter:data1\" content=\"Martha Cifuentes\" \/>\n\t<meta name=\"twitter:label2\" content=\"Tiempo de lectura\" \/>\n\t<meta name=\"twitter:data2\" content=\"3 minutos\" \/>\n<script type=\"application\/ld+json\" class=\"yoast-schema-graph\">{\"@context\":\"https:\/\/schema.org\",\"@graph\":[{\"@type\":\"WebPage\",\"@id\":\"https:\/\/marthacifuentes.com\/portada\/a-pesar-de-inauguracion-de-obras-del-aeropuerto-de-yopal-aun-no-funcionara\/\",\"url\":\"https:\/\/marthacifuentes.com\/portada\/a-pesar-de-inauguracion-de-obras-del-aeropuerto-de-yopal-aun-no-funcionara\/\",\"name\":\"A pesar de inauguraci\u00f3n de obras del aeropuerto de Yopal a\u00fan no funcionar\u00e1 - \u25b7 Noticias de Casanare : Martha Cifuentes | Casanare\",\"isPartOf\":{\"@id\":\"https:\/\/marthacifuentes.com\/portada\/#website\"},\"primaryImageOfPage\":{\"@id\":\"https:\/\/marthacifuentes.com\/portada\/a-pesar-de-inauguracion-de-obras-del-aeropuerto-de-yopal-aun-no-funcionara\/#primaryimage\"},\"image\":{\"@id\":\"https:\/\/marthacifuentes.com\/portada\/a-pesar-de-inauguracion-de-obras-del-aeropuerto-de-yopal-aun-no-funcionara\/#primaryimage\"},\"thumbnailUrl\":\"https:\/\/marthacifuentes.com\/portada\/wp-content\/uploads\/2018\/07\/20180711_110511-e1531397645118.jpg\",\"datePublished\":\"2018-07-12T12:14:39+00:00\",\"author\":{\"@id\":\"https:\/\/marthacifuentes.com\/portada\/#\/schema\/person\/57f53174b991db5f90ff78d58502b714\"},\"breadcrumb\":{\"@id\":\"https:\/\/marthacifuentes.com\/portada\/a-pesar-de-inauguracion-de-obras-del-aeropuerto-de-yopal-aun-no-funcionara\/#breadcrumb\"},\"inLanguage\":\"es\",\"potentialAction\":[{\"@type\":\"ReadAction\",\"target\":[\"https:\/\/marthacifuentes.com\/portada\/a-pesar-de-inauguracion-de-obras-del-aeropuerto-de-yopal-aun-no-funcionara\/\"]}]},{\"@type\":\"ImageObject\",\"inLanguage\":\"es\",\"@id\":\"https:\/\/marthacifuentes.com\/portada\/a-pesar-de-inauguracion-de-obras-del-aeropuerto-de-yopal-aun-no-funcionara\/#primaryimage\",\"url\":\"https:\/\/marthacifuentes.com\/portada\/wp-content\/uploads\/2018\/07\/20180711_110511-e1531397645118.jpg\",\"contentUrl\":\"https:\/\/marthacifuentes.com\/portada\/wp-content\/uploads\/2018\/07\/20180711_110511-e1531397645118.jpg\",\"width\":3255,\"height\":1101},{\"@type\":\"BreadcrumbList\",\"@id\":\"https:\/\/marthacifuentes.com\/portada\/a-pesar-de-inauguracion-de-obras-del-aeropuerto-de-yopal-aun-no-funcionara\/#breadcrumb\",\"itemListElement\":[{\"@type\":\"ListItem\",\"position\":1,\"name\":\"Portada\",\"item\":\"https:\/\/marthacifuentes.com\/portada\/\"},{\"@type\":\"ListItem\",\"position\":2,\"name\":\"A pesar de inauguraci\u00f3n de obras del aeropuerto de Yopal a\u00fan no funcionar\u00e1\"}]},{\"@type\":\"WebSite\",\"@id\":\"https:\/\/marthacifuentes.com\/portada\/#website\",\"url\":\"https:\/\/marthacifuentes.com\/portada\/\",\"name\":\"\u25b7 Noticias de Casanare : Martha Cifuentes | Casanare\",\"description\":\"Noticias &amp; Contenidos\",\"potentialAction\":[{\"@type\":\"SearchAction\",\"target\":{\"@type\":\"EntryPoint\",\"urlTemplate\":\"https:\/\/marthacifuentes.com\/portada\/?s={search_term_string}\"},\"query-input\":{\"@type\":\"PropertyValueSpecification\",\"valueRequired\":true,\"valueName\":\"search_term_string\"}}],\"inLanguage\":\"es\"},{\"@type\":\"Person\",\"@id\":\"https:\/\/marthacifuentes.com\/portada\/#\/schema\/person\/57f53174b991db5f90ff78d58502b714\",\"name\":\"Martha Cifuentes\",\"image\":{\"@type\":\"ImageObject\",\"inLanguage\":\"es\",\"@id\":\"https:\/\/marthacifuentes.com\/portada\/#\/schema\/person\/image\/\",\"url\":\"http:\/\/marthacifuentes.com\/portada\/wp-content\/uploads\/2018\/06\/avatar_user_2_1528838701-96x96.jpg\",\"contentUrl\":\"http:\/\/marthacifuentes.com\/portada\/wp-content\/uploads\/2018\/06\/avatar_user_2_1528838701-96x96.jpg\",\"caption\":\"Martha Cifuentes\"},\"sameAs\":[\"http:\/\/www.marthacifuentes.com\"],\"url\":\"https:\/\/marthacifuentes.com\/portada\/author\/martha\/\"}]}<\/script>\n<!-- \/ Yoast SEO plugin. -->","yoast_head_json":{"title":"A pesar de inauguraci\u00f3n de obras del aeropuerto de Yopal a\u00fan no funcionar\u00e1 - \u25b7 Noticias de Casanare : Martha Cifuentes | Casanare","robots":{"index":"index","follow":"follow","max-snippet":"max-snippet:-1","max-image-preview":"max-image-preview:large","max-video-preview":"max-video-preview:-1"},"canonical":"https:\/\/marthacifuentes.com\/portada\/a-pesar-de-inauguracion-de-obras-del-aeropuerto-de-yopal-aun-no-funcionara\/","og_locale":"es_ES","og_type":"article","og_title":"A pesar de inauguraci\u00f3n de obras del aeropuerto de Yopal a\u00fan no funcionar\u00e1 - \u25b7 Noticias de Casanare : Martha Cifuentes | Casanare","og_description":"Luego de pr\u00f3rrogas en tiempo y recursos las obras de ampliaci\u00f3n del aeropuerto El Alcarav\u00e1n de Yopal fueron inauguradas ayer por el presidente Juan Manuel Santos. Sin embargo por carencia en la dotaci\u00f3n y obras menores a\u00fan no se pondr\u00e1 en funcionamiento. La moderna infraestructura tuvo una inversi\u00f3n de $94.200 millones y permitir\u00e1 facilitar y &hellip;","og_url":"https:\/\/marthacifuentes.com\/portada\/a-pesar-de-inauguracion-de-obras-del-aeropuerto-de-yopal-aun-no-funcionara\/","og_site_name":"\u25b7 Noticias de Casanare : Martha Cifuentes | Casanare","article_published_time":"2018-07-12T12:14:39+00:00","og_image":[{"width":3255,"height":1101,"url":"https:\/\/marthacifuentes.com\/portada\/wp-content\/uploads\/2018\/07\/20180711_110511-e1531397645118.jpg","type":"image\/jpeg"}],"author":"Martha Cifuentes","twitter_card":"summary_large_image","twitter_misc":{"Escrito por":"Martha Cifuentes","Tiempo de lectura":"3 minutos"},"schema":{"@context":"https:\/\/schema.org","@graph":[{"@type":"WebPage","@id":"https:\/\/marthacifuentes.com\/portada\/a-pesar-de-inauguracion-de-obras-del-aeropuerto-de-yopal-aun-no-funcionara\/","url":"https:\/\/marthacifuentes.com\/portada\/a-pesar-de-inauguracion-de-obras-del-aeropuerto-de-yopal-aun-no-funcionara\/","name":"A pesar de inauguraci\u00f3n de obras del aeropuerto de Yopal a\u00fan no funcionar\u00e1 - \u25b7 Noticias de Casanare : Martha Cifuentes | Casanare","isPartOf":{"@id":"https:\/\/marthacifuentes.com\/portada\/#website"},"primaryImageOfPage":{"@id":"https:\/\/marthacifuentes.com\/portada\/a-pesar-de-inauguracion-de-obras-del-aeropuerto-de-yopal-aun-no-funcionara\/#primaryimage"},"image":{"@id":"https:\/\/marthacifuentes.com\/portada\/a-pesar-de-inauguracion-de-obras-del-aeropuerto-de-yopal-aun-no-funcionara\/#primaryimage"},"thumbnailUrl":"https:\/\/marthacifuentes.com\/portada\/wp-content\/uploads\/2018\/07\/20180711_110511-e1531397645118.jpg","datePublished":"2018-07-12T12:14:39+00:00","author":{"@id":"https:\/\/marthacifuentes.com\/portada\/#\/schema\/person\/57f53174b991db5f90ff78d58502b714"},"breadcrumb":{"@id":"https:\/\/marthacifuentes.com\/portada\/a-pesar-de-inauguracion-de-obras-del-aeropuerto-de-yopal-aun-no-funcionara\/#breadcrumb"},"inLanguage":"es","potentialAction":[{"@type":"ReadAction","target":["https:\/\/marthacifuentes.com\/portada\/a-pesar-de-inauguracion-de-obras-del-aeropuerto-de-yopal-aun-no-funcionara\/"]}]},{"@type":"ImageObject","inLanguage":"es","@id":"https:\/\/marthacifuentes.com\/portada\/a-pesar-de-inauguracion-de-obras-del-aeropuerto-de-yopal-aun-no-funcionara\/#primaryimage","url":"https:\/\/marthacifuentes.com\/portada\/wp-content\/uploads\/2018\/07\/20180711_110511-e1531397645118.jpg","contentUrl":"https:\/\/marthacifuentes.com\/portada\/wp-content\/uploads\/2018\/07\/20180711_110511-e1531397645118.jpg","width":3255,"height":1101},{"@type":"BreadcrumbList","@id":"https:\/\/marthacifuentes.com\/portada\/a-pesar-de-inauguracion-de-obras-del-aeropuerto-de-yopal-aun-no-funcionara\/#breadcrumb","itemListElement":[{"@type":"ListItem","position":1,"name":"Portada","item":"https:\/\/marthacifuentes.com\/portada\/"},{"@type":"ListItem","position":2,"name":"A pesar de inauguraci\u00f3n de obras del aeropuerto de Yopal a\u00fan no funcionar\u00e1"}]},{"@type":"WebSite","@id":"https:\/\/marthacifuentes.com\/portada\/#website","url":"https:\/\/marthacifuentes.com\/portada\/","name":"\u25b7 Noticias de Casanare : Martha Cifuentes | Casanare","description":"Noticias &amp; Contenidos","potentialAction":[{"@type":"SearchAction","target":{"@type":"EntryPoint","urlTemplate":"https:\/\/marthacifuentes.com\/portada\/?s={search_term_string}"},"query-input":{"@type":"PropertyValueSpecification","valueRequired":true,"valueName":"search_term_string"}}],"inLanguage":"es"},{"@type":"Person","@id":"https:\/\/marthacifuentes.com\/portada\/#\/schema\/person\/57f53174b991db5f90ff78d58502b714","name":"Martha Cifuentes","image":{"@type":"ImageObject","inLanguage":"es","@id":"https:\/\/marthacifuentes.com\/portada\/#\/schema\/person\/image\/","url":"http:\/\/marthacifuentes.com\/portada\/wp-content\/uploads\/2018\/06\/avatar_user_2_1528838701-96x96.jpg","contentUrl":"http:\/\/marthacifuentes.com\/portada\/wp-content\/uploads\/2018\/06\/avatar_user_2_1528838701-96x96.jpg","caption":"Martha Cifuentes"},"sameAs":["http:\/\/www.marthacifuentes.com"],"url":"https:\/\/marthacifuentes.com\/portada\/author\/martha\/"}]}},"_links":{"self":[{"href":"https:\/\/marthacifuentes.com\/portada\/wp-json\/wp\/v2\/posts\/18210","targetHints":{"allow":["GET"]}}],"collection":[{"href":"https:\/\/marthacifuentes.com\/portada\/wp-json\/wp\/v2\/posts"}],"about":[{"href":"https:\/\/marthacifuentes.com\/portada\/wp-json\/wp\/v2\/types\/post"}],"author":[{"embeddable":true,"href":"https:\/\/marthacifuentes.com\/portada\/wp-json\/wp\/v2\/users\/2"}],"replies":[{"embeddable":true,"href":"https:\/\/marthacifuentes.com\/portada\/wp-json\/wp\/v2\/comments?post=18210"}],"version-history":[{"count":0,"href":"https:\/\/marthacifuentes.com\/portada\/wp-json\/wp\/v2\/posts\/18210\/revisions"}],"wp:featuredmedia":[{"embeddable":true,"href":"https:\/\/marthacifuentes.com\/portada\/wp-json\/wp\/v2\/media\/18212"}],"wp:attachment":[{"href":"https:\/\/marthacifuentes.com\/portada\/wp-json\/wp\/v2\/media?parent=18210"}],"wp:term":[{"taxonomy":"category","embeddable":true,"href":"https:\/\/marthacifuentes.com\/portada\/wp-json\/wp\/v2\/categories?post=18210"},{"taxonomy":"post_tag","embeddable":true,"href":"https:\/\/marthacifuentes.com\/portada\/wp-json\/wp\/v2\/tags?post=18210"}],"curies":[{"name":"wp","href":"https:\/\/api.w.org\/{rel}","templated":true}]}}