{"id":18266,"date":"2018-07-21T17:37:36","date_gmt":"2018-07-21T22:37:36","guid":{"rendered":"http:\/\/marthacifuentes.com\/portada\/?p=18266"},"modified":"2018-07-21T17:38:48","modified_gmt":"2018-07-21T22:38:48","slug":"sembrando-joropo-en-el-sail-cartagena","status":"publish","type":"post","link":"https:\/\/marthacifuentes.com\/portada\/sembrando-joropo-en-el-sail-cartagena\/","title":{"rendered":"Sembrando Joropo en el Sail Cartagena"},"content":{"rendered":"<p style=\"text-align: justify;\"><strong>27 ni\u00f1os, ni\u00f1as y jovencitos de Nunch\u00eda, Casanare, de la escuela de formaci\u00f3n musical Sembrando joropo se hicieron sentir con el folclor llanero en el Sail Cartagena, gran encuentro de buques insignia de varios pa\u00edses del mundo, que se realiza desde hoy y hasta el 26 de julio en este centro tur\u00edstico. <\/strong><\/p>\n<p style=\"text-align: justify;\">Los llaneros ofrecieron una muestra del llano en el buque Gloria de Colombia, donde el arpa, el cuatro, las maracas, hicieron vibrar a los marineros y sus familias. Igualmente le dieron la bienvenida al buque Cisne Blanco de Brasil.<\/p>\n<p style=\"text-align: justify;\">Sembrando Joropo es un programa de inversi\u00f3n social de la empresa petrolera Equi\u00f3n Energ\u00eda que beneficia a 2.500 ni\u00f1os de los centros poblados El Morro, Palobajito y La Niata en Yopal, y de Nunch\u00eda.<\/p>\n<p style=\"text-align: justify;\">La directora General es Alejandra Saavedra y el coordinador art\u00edstico es el reconocido folclorista C\u00e9sar \u2018Cachi\u2019 Orteg\u00f3n, quienes vienen liderando este proceso desde hace varios a\u00f1os.<\/p>\n<p><img loading=\"lazy\" decoding=\"async\" class=\"alignnone wp-image-18268\" src=\"http:\/\/marthacifuentes.com\/portada\/wp-content\/uploads\/2018\/07\/20180721_102410-1024x576.jpg\" alt=\"\" width=\"225\" height=\"127\" srcset=\"https:\/\/marthacifuentes.com\/portada\/wp-content\/uploads\/2018\/07\/20180721_102410-1024x576.jpg 1024w, https:\/\/marthacifuentes.com\/portada\/wp-content\/uploads\/2018\/07\/20180721_102410-300x169.jpg 300w, https:\/\/marthacifuentes.com\/portada\/wp-content\/uploads\/2018\/07\/20180721_102410-768x432.jpg 768w\" sizes=\"auto, (max-width: 225px) 100vw, 225px\" \/>\u00a0 <img loading=\"lazy\" decoding=\"async\" class=\"alignnone wp-image-18269\" src=\"http:\/\/marthacifuentes.com\/portada\/wp-content\/uploads\/2018\/07\/20180721_111356-1024x576.jpg\" alt=\"\" width=\"220\" height=\"124\" srcset=\"https:\/\/marthacifuentes.com\/portada\/wp-content\/uploads\/2018\/07\/20180721_111356-1024x576.jpg 1024w, https:\/\/marthacifuentes.com\/portada\/wp-content\/uploads\/2018\/07\/20180721_111356-300x169.jpg 300w, https:\/\/marthacifuentes.com\/portada\/wp-content\/uploads\/2018\/07\/20180721_111356-768x432.jpg 768w\" sizes=\"auto, (max-width: 220px) 100vw, 220px\" \/><\/p>\n<p><img loading=\"lazy\" decoding=\"async\" class=\"alignnone wp-image-18270\" src=\"http:\/\/marthacifuentes.com\/portada\/wp-content\/uploads\/2018\/07\/20180721_111402-1024x576.jpg\" alt=\"\" width=\"224\" height=\"126\" srcset=\"https:\/\/marthacifuentes.com\/portada\/wp-content\/uploads\/2018\/07\/20180721_111402-1024x576.jpg 1024w, https:\/\/marthacifuentes.com\/portada\/wp-content\/uploads\/2018\/07\/20180721_111402-300x169.jpg 300w, https:\/\/marthacifuentes.com\/portada\/wp-content\/uploads\/2018\/07\/20180721_111402-768x432.jpg 768w\" sizes=\"auto, (max-width: 224px) 100vw, 224px\" \/>\u00a0 <img loading=\"lazy\" decoding=\"async\" class=\"alignnone wp-image-18271\" src=\"http:\/\/marthacifuentes.com\/portada\/wp-content\/uploads\/2018\/07\/20180721_111442-1024x576.jpg\" alt=\"\" width=\"221\" height=\"124\" srcset=\"https:\/\/marthacifuentes.com\/portada\/wp-content\/uploads\/2018\/07\/20180721_111442-1024x576.jpg 1024w, https:\/\/marthacifuentes.com\/portada\/wp-content\/uploads\/2018\/07\/20180721_111442-300x169.jpg 300w, https:\/\/marthacifuentes.com\/portada\/wp-content\/uploads\/2018\/07\/20180721_111442-768x432.jpg 768w\" sizes=\"auto, (max-width: 221px) 100vw, 221px\" \/><\/p>\n<p><img loading=\"lazy\" decoding=\"async\" class=\"alignnone wp-image-18272\" src=\"http:\/\/marthacifuentes.com\/portada\/wp-content\/uploads\/2018\/07\/20180721_112007-1024x576.jpg\" alt=\"\" width=\"224\" height=\"126\" srcset=\"https:\/\/marthacifuentes.com\/portada\/wp-content\/uploads\/2018\/07\/20180721_112007-1024x576.jpg 1024w, https:\/\/marthacifuentes.com\/portada\/wp-content\/uploads\/2018\/07\/20180721_112007-300x169.jpg 300w, https:\/\/marthacifuentes.com\/portada\/wp-content\/uploads\/2018\/07\/20180721_112007-768x432.jpg 768w\" sizes=\"auto, (max-width: 224px) 100vw, 224px\" \/>\u00a0\u00a0<img loading=\"lazy\" decoding=\"async\" class=\"alignnone wp-image-18273\" src=\"http:\/\/marthacifuentes.com\/portada\/wp-content\/uploads\/2018\/07\/20180721_095216-1024x576.jpg\" alt=\"\" width=\"222\" height=\"125\" srcset=\"https:\/\/marthacifuentes.com\/portada\/wp-content\/uploads\/2018\/07\/20180721_095216-1024x576.jpg 1024w, https:\/\/marthacifuentes.com\/portada\/wp-content\/uploads\/2018\/07\/20180721_095216-300x169.jpg 300w, https:\/\/marthacifuentes.com\/portada\/wp-content\/uploads\/2018\/07\/20180721_095216-768x432.jpg 768w\" sizes=\"auto, (max-width: 222px) 100vw, 222px\" \/><\/p>\n<p><img loading=\"lazy\" decoding=\"async\" class=\"alignnone wp-image-18274\" src=\"http:\/\/marthacifuentes.com\/portada\/wp-content\/uploads\/2018\/07\/20180721_100238-1024x576.jpg\" alt=\"\" width=\"225\" height=\"127\" srcset=\"https:\/\/marthacifuentes.com\/portada\/wp-content\/uploads\/2018\/07\/20180721_100238-1024x576.jpg 1024w, https:\/\/marthacifuentes.com\/portada\/wp-content\/uploads\/2018\/07\/20180721_100238-300x169.jpg 300w, https:\/\/marthacifuentes.com\/portada\/wp-content\/uploads\/2018\/07\/20180721_100238-768x432.jpg 768w\" sizes=\"auto, (max-width: 225px) 100vw, 225px\" \/>\u00a0 <img loading=\"lazy\" decoding=\"async\" class=\"alignnone wp-image-18275\" src=\"http:\/\/marthacifuentes.com\/portada\/wp-content\/uploads\/2018\/07\/20180721_100333-1024x576.jpg\" alt=\"\" width=\"225\" height=\"127\" srcset=\"https:\/\/marthacifuentes.com\/portada\/wp-content\/uploads\/2018\/07\/20180721_100333-1024x576.jpg 1024w, https:\/\/marthacifuentes.com\/portada\/wp-content\/uploads\/2018\/07\/20180721_100333-300x169.jpg 300w, https:\/\/marthacifuentes.com\/portada\/wp-content\/uploads\/2018\/07\/20180721_100333-768x432.jpg 768w\" sizes=\"auto, (max-width: 225px) 100vw, 225px\" \/><\/p>\n<p><img loading=\"lazy\" decoding=\"async\" class=\"alignnone wp-image-18276\" src=\"http:\/\/marthacifuentes.com\/portada\/wp-content\/uploads\/2018\/07\/20180721_100612-1024x576.jpg\" alt=\"\" width=\"226\" height=\"127\" srcset=\"https:\/\/marthacifuentes.com\/portada\/wp-content\/uploads\/2018\/07\/20180721_100612-1024x576.jpg 1024w, https:\/\/marthacifuentes.com\/portada\/wp-content\/uploads\/2018\/07\/20180721_100612-300x169.jpg 300w, https:\/\/marthacifuentes.com\/portada\/wp-content\/uploads\/2018\/07\/20180721_100612-768x432.jpg 768w\" sizes=\"auto, (max-width: 226px) 100vw, 226px\" \/>\u00a0\u00a0<img loading=\"lazy\" decoding=\"async\" class=\"alignnone wp-image-18277\" src=\"http:\/\/marthacifuentes.com\/portada\/wp-content\/uploads\/2018\/07\/20180721_100653-1024x576.jpg\" alt=\"\" width=\"225\" height=\"126\" srcset=\"https:\/\/marthacifuentes.com\/portada\/wp-content\/uploads\/2018\/07\/20180721_100653-1024x576.jpg 1024w, https:\/\/marthacifuentes.com\/portada\/wp-content\/uploads\/2018\/07\/20180721_100653-300x169.jpg 300w, https:\/\/marthacifuentes.com\/portada\/wp-content\/uploads\/2018\/07\/20180721_100653-768x432.jpg 768w\" sizes=\"auto, (max-width: 225px) 100vw, 225px\" \/><\/p>\n<p>&nbsp;<\/p>\n","protected":false},"excerpt":{"rendered":"<p>27 ni\u00f1os, ni\u00f1as y jovencitos de Nunch\u00eda, Casanare, de la escuela de formaci\u00f3n musical Sembrando joropo se hicieron sentir con el folclor llanero en el Sail Cartagena, gran encuentro de buques insignia de varios pa\u00edses del mundo, que se realiza desde hoy y hasta el 26 de julio en este centro tur\u00edstico. Los llaneros ofrecieron &hellip;<\/p>\n","protected":false},"author":2,"featured_media":18267,"comment_status":"open","ping_status":"open","sticky":false,"template":"","format":"standard","meta":{"om_disable_all_campaigns":false,"_exactmetrics_skip_tracking":false,"_exactmetrics_sitenote_active":false,"_exactmetrics_sitenote_note":"","_exactmetrics_sitenote_category":0,"_monsterinsights_skip_tracking":false,"_monsterinsights_sitenote_active":false,"_monsterinsights_sitenote_note":"","_monsterinsights_sitenote_category":0,"_uf_show_specific_survey":0,"_uf_disable_surveys":false,"_joinchat":[],"footnotes":""},"categories":[145],"tags":[830,826,824,827,154,831,321,823,829,828,832,163,825,822,157],"class_list":["post-18266","post","type-post","status-publish","format-standard","has-post-thumbnail","hentry","category-reportajes","tag-arpa","tag-buque-gloria","tag-cachi-ortegon","tag-cartagena","tag-casanare","tag-cuatro","tag-el-morro","tag-equion-energia","tag-folclor-llanero","tag-llaneros","tag-maracas","tag-nunchia","tag-sail-cartagena","tag-sembrando-joropo","tag-yopal"],"yoast_head":"<!-- This site is optimized with the Yoast SEO plugin v26.1 - https:\/\/yoast.com\/wordpress\/plugins\/seo\/ -->\n<title>Sembrando Joropo en el Sail Cartagena - \u25b7 Noticias de Casanare : Martha Cifuentes | Casanare<\/title>\n<meta name=\"robots\" content=\"index, follow, max-snippet:-1, max-image-preview:large, max-video-preview:-1\" \/>\n<link rel=\"canonical\" href=\"https:\/\/marthacifuentes.com\/portada\/sembrando-joropo-en-el-sail-cartagena\/\" \/>\n<meta property=\"og:locale\" content=\"es_ES\" \/>\n<meta property=\"og:type\" content=\"article\" \/>\n<meta property=\"og:title\" content=\"Sembrando Joropo en el Sail Cartagena - \u25b7 Noticias de Casanare : Martha Cifuentes | Casanare\" \/>\n<meta property=\"og:description\" content=\"27 ni\u00f1os, ni\u00f1as y jovencitos de Nunch\u00eda, Casanare, de la escuela de formaci\u00f3n musical Sembrando joropo se hicieron sentir con el folclor llanero en el Sail Cartagena, gran encuentro de buques insignia de varios pa\u00edses del mundo, que se realiza desde hoy y hasta el 26 de julio en este centro tur\u00edstico. Los llaneros ofrecieron &hellip;\" \/>\n<meta property=\"og:url\" content=\"https:\/\/marthacifuentes.com\/portada\/sembrando-joropo-en-el-sail-cartagena\/\" \/>\n<meta property=\"og:site_name\" content=\"\u25b7 Noticias de Casanare : Martha Cifuentes | Casanare\" \/>\n<meta property=\"article:published_time\" content=\"2018-07-21T22:37:36+00:00\" \/>\n<meta property=\"article:modified_time\" content=\"2018-07-21T22:38:48+00:00\" \/>\n<meta property=\"og:image\" content=\"https:\/\/marthacifuentes.com\/portada\/wp-content\/uploads\/2018\/07\/20180721_094711.jpg\" \/>\n\t<meta property=\"og:image:width\" content=\"3264\" \/>\n\t<meta property=\"og:image:height\" content=\"1836\" \/>\n\t<meta property=\"og:image:type\" content=\"image\/jpeg\" \/>\n<meta name=\"author\" content=\"Martha Cifuentes\" \/>\n<meta name=\"twitter:card\" content=\"summary_large_image\" \/>\n<meta name=\"twitter:label1\" content=\"Escrito por\" \/>\n\t<meta name=\"twitter:data1\" content=\"Martha Cifuentes\" \/>\n\t<meta name=\"twitter:label2\" content=\"Tiempo de lectura\" \/>\n\t<meta name=\"twitter:data2\" content=\"1 minuto\" \/>\n<script type=\"application\/ld+json\" class=\"yoast-schema-graph\">{\"@context\":\"https:\/\/schema.org\",\"@graph\":[{\"@type\":\"WebPage\",\"@id\":\"https:\/\/marthacifuentes.com\/portada\/sembrando-joropo-en-el-sail-cartagena\/\",\"url\":\"https:\/\/marthacifuentes.com\/portada\/sembrando-joropo-en-el-sail-cartagena\/\",\"name\":\"Sembrando Joropo en el Sail Cartagena - \u25b7 Noticias de Casanare : Martha Cifuentes | Casanare\",\"isPartOf\":{\"@id\":\"https:\/\/marthacifuentes.com\/portada\/#website\"},\"primaryImageOfPage\":{\"@id\":\"https:\/\/marthacifuentes.com\/portada\/sembrando-joropo-en-el-sail-cartagena\/#primaryimage\"},\"image\":{\"@id\":\"https:\/\/marthacifuentes.com\/portada\/sembrando-joropo-en-el-sail-cartagena\/#primaryimage\"},\"thumbnailUrl\":\"https:\/\/marthacifuentes.com\/portada\/wp-content\/uploads\/2018\/07\/20180721_094711.jpg\",\"datePublished\":\"2018-07-21T22:37:36+00:00\",\"dateModified\":\"2018-07-21T22:38:48+00:00\",\"author\":{\"@id\":\"https:\/\/marthacifuentes.com\/portada\/#\/schema\/person\/57f53174b991db5f90ff78d58502b714\"},\"breadcrumb\":{\"@id\":\"https:\/\/marthacifuentes.com\/portada\/sembrando-joropo-en-el-sail-cartagena\/#breadcrumb\"},\"inLanguage\":\"es\",\"potentialAction\":[{\"@type\":\"ReadAction\",\"target\":[\"https:\/\/marthacifuentes.com\/portada\/sembrando-joropo-en-el-sail-cartagena\/\"]}]},{\"@type\":\"ImageObject\",\"inLanguage\":\"es\",\"@id\":\"https:\/\/marthacifuentes.com\/portada\/sembrando-joropo-en-el-sail-cartagena\/#primaryimage\",\"url\":\"https:\/\/marthacifuentes.com\/portada\/wp-content\/uploads\/2018\/07\/20180721_094711.jpg\",\"contentUrl\":\"https:\/\/marthacifuentes.com\/portada\/wp-content\/uploads\/2018\/07\/20180721_094711.jpg\",\"width\":3264,\"height\":1836},{\"@type\":\"BreadcrumbList\",\"@id\":\"https:\/\/marthacifuentes.com\/portada\/sembrando-joropo-en-el-sail-cartagena\/#breadcrumb\",\"itemListElement\":[{\"@type\":\"ListItem\",\"position\":1,\"name\":\"Portada\",\"item\":\"https:\/\/marthacifuentes.com\/portada\/\"},{\"@type\":\"ListItem\",\"position\":2,\"name\":\"Sembrando Joropo en el Sail Cartagena\"}]},{\"@type\":\"WebSite\",\"@id\":\"https:\/\/marthacifuentes.com\/portada\/#website\",\"url\":\"https:\/\/marthacifuentes.com\/portada\/\",\"name\":\"\u25b7 Noticias de Casanare : Martha Cifuentes | Casanare\",\"description\":\"Noticias &amp; Contenidos\",\"potentialAction\":[{\"@type\":\"SearchAction\",\"target\":{\"@type\":\"EntryPoint\",\"urlTemplate\":\"https:\/\/marthacifuentes.com\/portada\/?s={search_term_string}\"},\"query-input\":{\"@type\":\"PropertyValueSpecification\",\"valueRequired\":true,\"valueName\":\"search_term_string\"}}],\"inLanguage\":\"es\"},{\"@type\":\"Person\",\"@id\":\"https:\/\/marthacifuentes.com\/portada\/#\/schema\/person\/57f53174b991db5f90ff78d58502b714\",\"name\":\"Martha Cifuentes\",\"image\":{\"@type\":\"ImageObject\",\"inLanguage\":\"es\",\"@id\":\"https:\/\/marthacifuentes.com\/portada\/#\/schema\/person\/image\/\",\"url\":\"http:\/\/marthacifuentes.com\/portada\/wp-content\/uploads\/2018\/06\/avatar_user_2_1528838701-96x96.jpg\",\"contentUrl\":\"http:\/\/marthacifuentes.com\/portada\/wp-content\/uploads\/2018\/06\/avatar_user_2_1528838701-96x96.jpg\",\"caption\":\"Martha Cifuentes\"},\"sameAs\":[\"http:\/\/www.marthacifuentes.com\"],\"url\":\"https:\/\/marthacifuentes.com\/portada\/author\/martha\/\"}]}<\/script>\n<!-- \/ Yoast SEO plugin. -->","yoast_head_json":{"title":"Sembrando Joropo en el Sail Cartagena - \u25b7 Noticias de Casanare : Martha Cifuentes | Casanare","robots":{"index":"index","follow":"follow","max-snippet":"max-snippet:-1","max-image-preview":"max-image-preview:large","max-video-preview":"max-video-preview:-1"},"canonical":"https:\/\/marthacifuentes.com\/portada\/sembrando-joropo-en-el-sail-cartagena\/","og_locale":"es_ES","og_type":"article","og_title":"Sembrando Joropo en el Sail Cartagena - \u25b7 Noticias de Casanare : Martha Cifuentes | Casanare","og_description":"27 ni\u00f1os, ni\u00f1as y jovencitos de Nunch\u00eda, Casanare, de la escuela de formaci\u00f3n musical Sembrando joropo se hicieron sentir con el folclor llanero en el Sail Cartagena, gran encuentro de buques insignia de varios pa\u00edses del mundo, que se realiza desde hoy y hasta el 26 de julio en este centro tur\u00edstico. Los llaneros ofrecieron &hellip;","og_url":"https:\/\/marthacifuentes.com\/portada\/sembrando-joropo-en-el-sail-cartagena\/","og_site_name":"\u25b7 Noticias de Casanare : Martha Cifuentes | Casanare","article_published_time":"2018-07-21T22:37:36+00:00","article_modified_time":"2018-07-21T22:38:48+00:00","og_image":[{"width":3264,"height":1836,"url":"https:\/\/marthacifuentes.com\/portada\/wp-content\/uploads\/2018\/07\/20180721_094711.jpg","type":"image\/jpeg"}],"author":"Martha Cifuentes","twitter_card":"summary_large_image","twitter_misc":{"Escrito por":"Martha Cifuentes","Tiempo de lectura":"1 minuto"},"schema":{"@context":"https:\/\/schema.org","@graph":[{"@type":"WebPage","@id":"https:\/\/marthacifuentes.com\/portada\/sembrando-joropo-en-el-sail-cartagena\/","url":"https:\/\/marthacifuentes.com\/portada\/sembrando-joropo-en-el-sail-cartagena\/","name":"Sembrando Joropo en el Sail Cartagena - \u25b7 Noticias de Casanare : Martha Cifuentes | Casanare","isPartOf":{"@id":"https:\/\/marthacifuentes.com\/portada\/#website"},"primaryImageOfPage":{"@id":"https:\/\/marthacifuentes.com\/portada\/sembrando-joropo-en-el-sail-cartagena\/#primaryimage"},"image":{"@id":"https:\/\/marthacifuentes.com\/portada\/sembrando-joropo-en-el-sail-cartagena\/#primaryimage"},"thumbnailUrl":"https:\/\/marthacifuentes.com\/portada\/wp-content\/uploads\/2018\/07\/20180721_094711.jpg","datePublished":"2018-07-21T22:37:36+00:00","dateModified":"2018-07-21T22:38:48+00:00","author":{"@id":"https:\/\/marthacifuentes.com\/portada\/#\/schema\/person\/57f53174b991db5f90ff78d58502b714"},"breadcrumb":{"@id":"https:\/\/marthacifuentes.com\/portada\/sembrando-joropo-en-el-sail-cartagena\/#breadcrumb"},"inLanguage":"es","potentialAction":[{"@type":"ReadAction","target":["https:\/\/marthacifuentes.com\/portada\/sembrando-joropo-en-el-sail-cartagena\/"]}]},{"@type":"ImageObject","inLanguage":"es","@id":"https:\/\/marthacifuentes.com\/portada\/sembrando-joropo-en-el-sail-cartagena\/#primaryimage","url":"https:\/\/marthacifuentes.com\/portada\/wp-content\/uploads\/2018\/07\/20180721_094711.jpg","contentUrl":"https:\/\/marthacifuentes.com\/portada\/wp-content\/uploads\/2018\/07\/20180721_094711.jpg","width":3264,"height":1836},{"@type":"BreadcrumbList","@id":"https:\/\/marthacifuentes.com\/portada\/sembrando-joropo-en-el-sail-cartagena\/#breadcrumb","itemListElement":[{"@type":"ListItem","position":1,"name":"Portada","item":"https:\/\/marthacifuentes.com\/portada\/"},{"@type":"ListItem","position":2,"name":"Sembrando Joropo en el Sail Cartagena"}]},{"@type":"WebSite","@id":"https:\/\/marthacifuentes.com\/portada\/#website","url":"https:\/\/marthacifuentes.com\/portada\/","name":"\u25b7 Noticias de Casanare : Martha Cifuentes | Casanare","description":"Noticias &amp; Contenidos","potentialAction":[{"@type":"SearchAction","target":{"@type":"EntryPoint","urlTemplate":"https:\/\/marthacifuentes.com\/portada\/?s={search_term_string}"},"query-input":{"@type":"PropertyValueSpecification","valueRequired":true,"valueName":"search_term_string"}}],"inLanguage":"es"},{"@type":"Person","@id":"https:\/\/marthacifuentes.com\/portada\/#\/schema\/person\/57f53174b991db5f90ff78d58502b714","name":"Martha Cifuentes","image":{"@type":"ImageObject","inLanguage":"es","@id":"https:\/\/marthacifuentes.com\/portada\/#\/schema\/person\/image\/","url":"http:\/\/marthacifuentes.com\/portada\/wp-content\/uploads\/2018\/06\/avatar_user_2_1528838701-96x96.jpg","contentUrl":"http:\/\/marthacifuentes.com\/portada\/wp-content\/uploads\/2018\/06\/avatar_user_2_1528838701-96x96.jpg","caption":"Martha Cifuentes"},"sameAs":["http:\/\/www.marthacifuentes.com"],"url":"https:\/\/marthacifuentes.com\/portada\/author\/martha\/"}]}},"_links":{"self":[{"href":"https:\/\/marthacifuentes.com\/portada\/wp-json\/wp\/v2\/posts\/18266","targetHints":{"allow":["GET"]}}],"collection":[{"href":"https:\/\/marthacifuentes.com\/portada\/wp-json\/wp\/v2\/posts"}],"about":[{"href":"https:\/\/marthacifuentes.com\/portada\/wp-json\/wp\/v2\/types\/post"}],"author":[{"embeddable":true,"href":"https:\/\/marthacifuentes.com\/portada\/wp-json\/wp\/v2\/users\/2"}],"replies":[{"embeddable":true,"href":"https:\/\/marthacifuentes.com\/portada\/wp-json\/wp\/v2\/comments?post=18266"}],"version-history":[{"count":0,"href":"https:\/\/marthacifuentes.com\/portada\/wp-json\/wp\/v2\/posts\/18266\/revisions"}],"wp:featuredmedia":[{"embeddable":true,"href":"https:\/\/marthacifuentes.com\/portada\/wp-json\/wp\/v2\/media\/18267"}],"wp:attachment":[{"href":"https:\/\/marthacifuentes.com\/portada\/wp-json\/wp\/v2\/media?parent=18266"}],"wp:term":[{"taxonomy":"category","embeddable":true,"href":"https:\/\/marthacifuentes.com\/portada\/wp-json\/wp\/v2\/categories?post=18266"},{"taxonomy":"post_tag","embeddable":true,"href":"https:\/\/marthacifuentes.com\/portada\/wp-json\/wp\/v2\/tags?post=18266"}],"curies":[{"name":"wp","href":"https:\/\/api.w.org\/{rel}","templated":true}]}}