{"id":19106,"date":"2018-09-28T12:19:46","date_gmt":"2018-09-28T17:19:46","guid":{"rendered":"http:\/\/marthacifuentes.com\/portada\/?p=19106"},"modified":"2018-09-28T12:19:46","modified_gmt":"2018-09-28T17:19:46","slug":"palos-de-ciego-del-alcalde-youtuber-de-yopal","status":"publish","type":"post","link":"https:\/\/marthacifuentes.com\/portada\/palos-de-ciego-del-alcalde-youtuber-de-yopal\/","title":{"rendered":"Palos de ciego del alcalde youtuber de Yopal"},"content":{"rendered":"<p><strong>Por Yecid Beltr\u00e1n S\u00e1enz*<\/strong><\/p>\n<p><img loading=\"lazy\" decoding=\"async\" class=\"size-full wp-image-18944 aligncenter\" src=\"http:\/\/marthacifuentes.com\/portada\/wp-content\/uploads\/2018\/09\/Yecid-Beltr\u00e1n-Saenz.jpg\" alt=\"\" width=\"200\" height=\"276\" \/><\/p>\n<p style=\"text-align: justify;\">Contin\u00faa la administraci\u00f3n municipal de Yopal dando palos de ciego, no solo en la inversi\u00f3n de los recursos municipales sino que adem\u00e1s, ahora le sum\u00f3 la confusi\u00f3n que tiene sobre la manera de recaudar \u201clegalmente\u201d los denominados recursos propios que incluyen las rentas cedidas por la naci\u00f3n (ex\u00f3genas y end\u00f3genas), entre las que se menciona como principales, para sostener el funcionamiento de la entidad territorial, y que corresponden a los impuestos Predial y complementarios, los de Industria y Comercio y Avisos (ICA) y las sanciones por infracciones de tr\u00e1nsito.<\/p>\n<p style=\"text-align: justify;\">En plena campa\u00f1a para lograr el triunfo en las at\u00edpicas, el alcalde prometi\u00f3 una revisi\u00f3n profunda al c\u00f3digo de rentas para rebajar las tarifas del Impuesto predial, el ICA y se acredit\u00f3 haber \u201ctumbado\u201d a trav\u00e9s de la justicia administrativa las denominadas fotomultas concesionada a SETTY.<\/p>\n<p style=\"text-align: justify;\">Una vez instalado en el sill\u00f3n de la m\u00e1xima autoridad del municipio de Yopal y luego de 11 meses de poca gesti\u00f3n administrativa y mucha difusi\u00f3n como youtuber, nada de lo prometido lo ha llevado a la pr\u00e1ctica y por el contrario se ha dedicado o enfrascado a sostener debates virtuales con sus opositores, bien sea personalmente o a trav\u00e9s de sus a\u00falicos que nunca faltan.<\/p>\n<p style=\"text-align: justify;\">Esta semana fuimos sorprendidos por el alcalde youtuber, con el anuncio de la aprobaci\u00f3n de un acuerdo de alivios tributarios o condonaci\u00f3n de intereses sobre deudas tributarias o fiscales, el cual examinado como se ha hecho hasta ahora del borrador aprobado, lejos de insertar alivios o condonaciones tributarias o fiscales, lo que se persigue es enga\u00f1ar a los deudores que, por negligencia de los funcionarios encargados del recaudo y de los cobros coactivos (Alcalde, Secretario de Hacienda y Secretario de Transito) tienen obligaciones imposibles de cobrar bien sea por prescripci\u00f3n de sus obligaciones, caducidad de las acciones, inexistencia del deudor e insolvencia del deudor, etc., haci\u00e9ndoles creer que si pagan el capital adeudado (ya imposible de cobrar por v\u00edas legales) se les rebajan los intereses moratorios adeudados. \u00a1Nada m\u00e1s alejado de la realidad!<\/p>\n<blockquote>\n<p style=\"text-align: justify;\">En primer lugar, es necesario aclarar que el acuerdo aprobado, lo que autoriza al alcalde y a los funcionarios del poder coactivo, es hacer UNA DEPURACI\u00d3N contable o castigo de cartera sobre las deudas imposibles de recaudar para que no sigan apareciendo en los informes contables del municipio; todo ello de acuerdo a las normas que mencionan en la parte considerativa del acuerdo y que se refieren todos al mismo tema (depuraci\u00f3n contable) y que nada tienen que ver con amnist\u00edas o alivios tributarios.<\/p>\n<\/blockquote>\n<p style=\"text-align: justify;\">Por el contrario, tanto las normas que se mencionan en los considerandos como lo aprobado en la parte resolutiva del acuerdo, hacen referencia a modificaciones al sistema sancionatorio de los estatutos de renta, tanto nacional como local, es decir, que lo que en ultimas se aprob\u00f3, adem\u00e1s de la depuraci\u00f3n contable, fue un nuevo procedimiento para tasar sanciones tributarias, las cuales no incluyen las sanciones de tr\u00e1nsito, lo cual implica que las rebajas que all\u00ed se mencionan se aplicar\u00e1n a quienes est\u00e1n en curso de ser sancionados, o sea, son normas de aplicaci\u00f3n hacia el futuro y en ning\u00fan caso retroactivas a sanciones ya consolidadas.<\/p>\n<p style=\"text-align: justify;\">En segundo lugar, la Corte Constitucional ha sido enf\u00e1tica a trav\u00e9s de sentencias como la C- 923 de 2000, la C-925 de 2006 y en especial la Sentencia C-060\/18 que declar\u00f3 inexequible el art\u00edculo 356 de la ley 1819 de 2016, que las amnist\u00edas o alivios tributarios no son bienvenidos en aplicaci\u00f3n de los principios de equidad, igualdad y justicia tributaria, porque no es un buen mensaje premiar a los evasores y castigar o no premiar en la misma proporci\u00f3n a quienes si cumplen sus obligaciones tributarias y fiscales.<\/p>\n<p style=\"text-align: justify;\">En resumidas cuentas, lo aprobado por el Concejo municipal, es un mandato claro al alcalde y a los funcionarios responsables del cobro coactivo, para que hagan la depuraci\u00f3n contable de las deudas a favor del municipio, castigando la cartera con aquellas de imposible recaudo y al mismo tiempo tener en cuenta que se hizo una modificaci\u00f3n el r\u00e9gimen de sanciones tributarias, el cual, lamentablemente, debi\u00f3 haberse tramitado como una reforma al acuerdo 013 de 2012 y no como un sistema de recuperaci\u00f3n de rentas del municipio, porque lo que es imposible recaudar ya es imposible de recuperar,<\/p>\n<p style=\"text-align: justify;\">Y como la administraci\u00f3n municipal sigue empe\u00f1ada en embargar a las \u201cvictimas\u201d del perverso sistema de foto multas, es hora de que el se\u00f1or Alcalde, a trav\u00e9s de su medio de comunicaci\u00f3n (youtuber) le explique a sus gobernados si fue cierto que \u201ctumb\u00f3\u201d las fotomultas como lo predic\u00f3 y asegur\u00f3 en campa\u00f1a para las at\u00edpicas, y si fue cierto, porque raz\u00f3n entonces los embargos contra los que aparecen registrados en el Simit con esta clase de sanciones. \u00bfO ser\u00e1 que el sistema era perverso cuando estaba de candidato para la alcald\u00eda, pero le result\u00f3 un buen negocio para SETTY y el municipio, ahora que obtuvo la Alcald\u00eda?<\/p>\n<p style=\"text-align: justify;\">* <strong>Yecid Beltr\u00e1n S\u00e1enz<\/strong> \u2013 Abogado De La Facultad de Derecho, Ciencias Pol\u00edticas y Sociales de la U.N.<\/p>\n<p>&nbsp;<\/p>\n","protected":false},"excerpt":{"rendered":"<p>Por Yecid Beltr\u00e1n S\u00e1enz* Contin\u00faa la administraci\u00f3n municipal de Yopal dando palos de ciego, no solo en la inversi\u00f3n de los recursos municipales sino que adem\u00e1s, ahora le sum\u00f3 la confusi\u00f3n que tiene sobre la manera de recaudar \u201clegalmente\u201d los denominados recursos propios que incluyen las rentas cedidas por la naci\u00f3n (ex\u00f3genas y end\u00f3genas), entre &hellip;<\/p>\n","protected":false},"author":2,"featured_media":19107,"comment_status":"open","ping_status":"open","sticky":false,"template":"","format":"standard","meta":{"om_disable_all_campaigns":false,"_exactmetrics_skip_tracking":false,"_exactmetrics_sitenote_active":false,"_exactmetrics_sitenote_note":"","_exactmetrics_sitenote_category":0,"_monsterinsights_skip_tracking":false,"_monsterinsights_sitenote_active":false,"_monsterinsights_sitenote_note":"","_monsterinsights_sitenote_category":0,"_uf_show_specific_survey":0,"_uf_disable_surveys":false,"_joinchat":[],"footnotes":""},"categories":[150],"tags":[],"class_list":["post-19106","post","type-post","status-publish","format-standard","has-post-thumbnail","hentry","category-opinion"],"yoast_head":"<!-- This site is optimized with the Yoast SEO plugin v26.1 - https:\/\/yoast.com\/wordpress\/plugins\/seo\/ -->\n<title>Palos de ciego del alcalde youtuber de Yopal - \u25b7 Noticias de Casanare : Martha Cifuentes | Casanare<\/title>\n<meta name=\"robots\" content=\"index, follow, max-snippet:-1, max-image-preview:large, max-video-preview:-1\" \/>\n<link rel=\"canonical\" href=\"https:\/\/marthacifuentes.com\/portada\/palos-de-ciego-del-alcalde-youtuber-de-yopal\/\" \/>\n<meta property=\"og:locale\" content=\"es_ES\" \/>\n<meta property=\"og:type\" content=\"article\" \/>\n<meta property=\"og:title\" content=\"Palos de ciego del alcalde youtuber de Yopal - \u25b7 Noticias de Casanare : Martha Cifuentes | Casanare\" \/>\n<meta property=\"og:description\" content=\"Por Yecid Beltr\u00e1n S\u00e1enz* Contin\u00faa la administraci\u00f3n municipal de Yopal dando palos de ciego, no solo en la inversi\u00f3n de los recursos municipales sino que adem\u00e1s, ahora le sum\u00f3 la confusi\u00f3n que tiene sobre la manera de recaudar \u201clegalmente\u201d los denominados recursos propios que incluyen las rentas cedidas por la naci\u00f3n (ex\u00f3genas y end\u00f3genas), entre &hellip;\" \/>\n<meta property=\"og:url\" content=\"https:\/\/marthacifuentes.com\/portada\/palos-de-ciego-del-alcalde-youtuber-de-yopal\/\" \/>\n<meta property=\"og:site_name\" content=\"\u25b7 Noticias de Casanare : Martha Cifuentes | Casanare\" \/>\n<meta property=\"article:published_time\" content=\"2018-09-28T17:19:46+00:00\" \/>\n<meta property=\"og:image\" content=\"https:\/\/marthacifuentes.com\/portada\/wp-content\/uploads\/2018\/09\/Yecid-Beltr\u00e1n-Saenz-1.jpg\" \/>\n\t<meta property=\"og:image:width\" content=\"200\" \/>\n\t<meta property=\"og:image:height\" content=\"276\" \/>\n\t<meta property=\"og:image:type\" content=\"image\/jpeg\" \/>\n<meta name=\"author\" content=\"Martha Cifuentes\" \/>\n<meta name=\"twitter:card\" content=\"summary_large_image\" \/>\n<meta name=\"twitter:label1\" content=\"Escrito por\" \/>\n\t<meta name=\"twitter:data1\" content=\"Martha Cifuentes\" \/>\n\t<meta name=\"twitter:label2\" content=\"Tiempo de lectura\" \/>\n\t<meta name=\"twitter:data2\" content=\"4 minutos\" \/>\n<script type=\"application\/ld+json\" class=\"yoast-schema-graph\">{\"@context\":\"https:\/\/schema.org\",\"@graph\":[{\"@type\":\"WebPage\",\"@id\":\"https:\/\/marthacifuentes.com\/portada\/palos-de-ciego-del-alcalde-youtuber-de-yopal\/\",\"url\":\"https:\/\/marthacifuentes.com\/portada\/palos-de-ciego-del-alcalde-youtuber-de-yopal\/\",\"name\":\"Palos de ciego del alcalde youtuber de Yopal - \u25b7 Noticias de Casanare : Martha Cifuentes | Casanare\",\"isPartOf\":{\"@id\":\"https:\/\/marthacifuentes.com\/portada\/#website\"},\"primaryImageOfPage\":{\"@id\":\"https:\/\/marthacifuentes.com\/portada\/palos-de-ciego-del-alcalde-youtuber-de-yopal\/#primaryimage\"},\"image\":{\"@id\":\"https:\/\/marthacifuentes.com\/portada\/palos-de-ciego-del-alcalde-youtuber-de-yopal\/#primaryimage\"},\"thumbnailUrl\":\"https:\/\/marthacifuentes.com\/portada\/wp-content\/uploads\/2018\/09\/Yecid-Beltr\u00e1n-Saenz-1.jpg\",\"datePublished\":\"2018-09-28T17:19:46+00:00\",\"author\":{\"@id\":\"https:\/\/marthacifuentes.com\/portada\/#\/schema\/person\/57f53174b991db5f90ff78d58502b714\"},\"breadcrumb\":{\"@id\":\"https:\/\/marthacifuentes.com\/portada\/palos-de-ciego-del-alcalde-youtuber-de-yopal\/#breadcrumb\"},\"inLanguage\":\"es\",\"potentialAction\":[{\"@type\":\"ReadAction\",\"target\":[\"https:\/\/marthacifuentes.com\/portada\/palos-de-ciego-del-alcalde-youtuber-de-yopal\/\"]}]},{\"@type\":\"ImageObject\",\"inLanguage\":\"es\",\"@id\":\"https:\/\/marthacifuentes.com\/portada\/palos-de-ciego-del-alcalde-youtuber-de-yopal\/#primaryimage\",\"url\":\"https:\/\/marthacifuentes.com\/portada\/wp-content\/uploads\/2018\/09\/Yecid-Beltr\u00e1n-Saenz-1.jpg\",\"contentUrl\":\"https:\/\/marthacifuentes.com\/portada\/wp-content\/uploads\/2018\/09\/Yecid-Beltr\u00e1n-Saenz-1.jpg\",\"width\":200,\"height\":276},{\"@type\":\"BreadcrumbList\",\"@id\":\"https:\/\/marthacifuentes.com\/portada\/palos-de-ciego-del-alcalde-youtuber-de-yopal\/#breadcrumb\",\"itemListElement\":[{\"@type\":\"ListItem\",\"position\":1,\"name\":\"Portada\",\"item\":\"https:\/\/marthacifuentes.com\/portada\/\"},{\"@type\":\"ListItem\",\"position\":2,\"name\":\"Palos de ciego del alcalde youtuber de Yopal\"}]},{\"@type\":\"WebSite\",\"@id\":\"https:\/\/marthacifuentes.com\/portada\/#website\",\"url\":\"https:\/\/marthacifuentes.com\/portada\/\",\"name\":\"\u25b7 Noticias de Casanare : Martha Cifuentes | Casanare\",\"description\":\"Noticias &amp; Contenidos\",\"potentialAction\":[{\"@type\":\"SearchAction\",\"target\":{\"@type\":\"EntryPoint\",\"urlTemplate\":\"https:\/\/marthacifuentes.com\/portada\/?s={search_term_string}\"},\"query-input\":{\"@type\":\"PropertyValueSpecification\",\"valueRequired\":true,\"valueName\":\"search_term_string\"}}],\"inLanguage\":\"es\"},{\"@type\":\"Person\",\"@id\":\"https:\/\/marthacifuentes.com\/portada\/#\/schema\/person\/57f53174b991db5f90ff78d58502b714\",\"name\":\"Martha Cifuentes\",\"image\":{\"@type\":\"ImageObject\",\"inLanguage\":\"es\",\"@id\":\"https:\/\/marthacifuentes.com\/portada\/#\/schema\/person\/image\/\",\"url\":\"http:\/\/marthacifuentes.com\/portada\/wp-content\/uploads\/2018\/06\/avatar_user_2_1528838701-96x96.jpg\",\"contentUrl\":\"http:\/\/marthacifuentes.com\/portada\/wp-content\/uploads\/2018\/06\/avatar_user_2_1528838701-96x96.jpg\",\"caption\":\"Martha Cifuentes\"},\"sameAs\":[\"http:\/\/www.marthacifuentes.com\"],\"url\":\"https:\/\/marthacifuentes.com\/portada\/author\/martha\/\"}]}<\/script>\n<!-- \/ Yoast SEO plugin. -->","yoast_head_json":{"title":"Palos de ciego del alcalde youtuber de Yopal - \u25b7 Noticias de Casanare : Martha Cifuentes | Casanare","robots":{"index":"index","follow":"follow","max-snippet":"max-snippet:-1","max-image-preview":"max-image-preview:large","max-video-preview":"max-video-preview:-1"},"canonical":"https:\/\/marthacifuentes.com\/portada\/palos-de-ciego-del-alcalde-youtuber-de-yopal\/","og_locale":"es_ES","og_type":"article","og_title":"Palos de ciego del alcalde youtuber de Yopal - \u25b7 Noticias de Casanare : Martha Cifuentes | Casanare","og_description":"Por Yecid Beltr\u00e1n S\u00e1enz* Contin\u00faa la administraci\u00f3n municipal de Yopal dando palos de ciego, no solo en la inversi\u00f3n de los recursos municipales sino que adem\u00e1s, ahora le sum\u00f3 la confusi\u00f3n que tiene sobre la manera de recaudar \u201clegalmente\u201d los denominados recursos propios que incluyen las rentas cedidas por la naci\u00f3n (ex\u00f3genas y end\u00f3genas), entre &hellip;","og_url":"https:\/\/marthacifuentes.com\/portada\/palos-de-ciego-del-alcalde-youtuber-de-yopal\/","og_site_name":"\u25b7 Noticias de Casanare : Martha Cifuentes | Casanare","article_published_time":"2018-09-28T17:19:46+00:00","og_image":[{"width":200,"height":276,"url":"https:\/\/marthacifuentes.com\/portada\/wp-content\/uploads\/2018\/09\/Yecid-Beltr\u00e1n-Saenz-1.jpg","type":"image\/jpeg"}],"author":"Martha Cifuentes","twitter_card":"summary_large_image","twitter_misc":{"Escrito por":"Martha Cifuentes","Tiempo de lectura":"4 minutos"},"schema":{"@context":"https:\/\/schema.org","@graph":[{"@type":"WebPage","@id":"https:\/\/marthacifuentes.com\/portada\/palos-de-ciego-del-alcalde-youtuber-de-yopal\/","url":"https:\/\/marthacifuentes.com\/portada\/palos-de-ciego-del-alcalde-youtuber-de-yopal\/","name":"Palos de ciego del alcalde youtuber de Yopal - \u25b7 Noticias de Casanare : Martha Cifuentes | Casanare","isPartOf":{"@id":"https:\/\/marthacifuentes.com\/portada\/#website"},"primaryImageOfPage":{"@id":"https:\/\/marthacifuentes.com\/portada\/palos-de-ciego-del-alcalde-youtuber-de-yopal\/#primaryimage"},"image":{"@id":"https:\/\/marthacifuentes.com\/portada\/palos-de-ciego-del-alcalde-youtuber-de-yopal\/#primaryimage"},"thumbnailUrl":"https:\/\/marthacifuentes.com\/portada\/wp-content\/uploads\/2018\/09\/Yecid-Beltr\u00e1n-Saenz-1.jpg","datePublished":"2018-09-28T17:19:46+00:00","author":{"@id":"https:\/\/marthacifuentes.com\/portada\/#\/schema\/person\/57f53174b991db5f90ff78d58502b714"},"breadcrumb":{"@id":"https:\/\/marthacifuentes.com\/portada\/palos-de-ciego-del-alcalde-youtuber-de-yopal\/#breadcrumb"},"inLanguage":"es","potentialAction":[{"@type":"ReadAction","target":["https:\/\/marthacifuentes.com\/portada\/palos-de-ciego-del-alcalde-youtuber-de-yopal\/"]}]},{"@type":"ImageObject","inLanguage":"es","@id":"https:\/\/marthacifuentes.com\/portada\/palos-de-ciego-del-alcalde-youtuber-de-yopal\/#primaryimage","url":"https:\/\/marthacifuentes.com\/portada\/wp-content\/uploads\/2018\/09\/Yecid-Beltr\u00e1n-Saenz-1.jpg","contentUrl":"https:\/\/marthacifuentes.com\/portada\/wp-content\/uploads\/2018\/09\/Yecid-Beltr\u00e1n-Saenz-1.jpg","width":200,"height":276},{"@type":"BreadcrumbList","@id":"https:\/\/marthacifuentes.com\/portada\/palos-de-ciego-del-alcalde-youtuber-de-yopal\/#breadcrumb","itemListElement":[{"@type":"ListItem","position":1,"name":"Portada","item":"https:\/\/marthacifuentes.com\/portada\/"},{"@type":"ListItem","position":2,"name":"Palos de ciego del alcalde youtuber de Yopal"}]},{"@type":"WebSite","@id":"https:\/\/marthacifuentes.com\/portada\/#website","url":"https:\/\/marthacifuentes.com\/portada\/","name":"\u25b7 Noticias de Casanare : Martha Cifuentes | Casanare","description":"Noticias &amp; Contenidos","potentialAction":[{"@type":"SearchAction","target":{"@type":"EntryPoint","urlTemplate":"https:\/\/marthacifuentes.com\/portada\/?s={search_term_string}"},"query-input":{"@type":"PropertyValueSpecification","valueRequired":true,"valueName":"search_term_string"}}],"inLanguage":"es"},{"@type":"Person","@id":"https:\/\/marthacifuentes.com\/portada\/#\/schema\/person\/57f53174b991db5f90ff78d58502b714","name":"Martha Cifuentes","image":{"@type":"ImageObject","inLanguage":"es","@id":"https:\/\/marthacifuentes.com\/portada\/#\/schema\/person\/image\/","url":"http:\/\/marthacifuentes.com\/portada\/wp-content\/uploads\/2018\/06\/avatar_user_2_1528838701-96x96.jpg","contentUrl":"http:\/\/marthacifuentes.com\/portada\/wp-content\/uploads\/2018\/06\/avatar_user_2_1528838701-96x96.jpg","caption":"Martha Cifuentes"},"sameAs":["http:\/\/www.marthacifuentes.com"],"url":"https:\/\/marthacifuentes.com\/portada\/author\/martha\/"}]}},"_links":{"self":[{"href":"https:\/\/marthacifuentes.com\/portada\/wp-json\/wp\/v2\/posts\/19106","targetHints":{"allow":["GET"]}}],"collection":[{"href":"https:\/\/marthacifuentes.com\/portada\/wp-json\/wp\/v2\/posts"}],"about":[{"href":"https:\/\/marthacifuentes.com\/portada\/wp-json\/wp\/v2\/types\/post"}],"author":[{"embeddable":true,"href":"https:\/\/marthacifuentes.com\/portada\/wp-json\/wp\/v2\/users\/2"}],"replies":[{"embeddable":true,"href":"https:\/\/marthacifuentes.com\/portada\/wp-json\/wp\/v2\/comments?post=19106"}],"version-history":[{"count":0,"href":"https:\/\/marthacifuentes.com\/portada\/wp-json\/wp\/v2\/posts\/19106\/revisions"}],"wp:featuredmedia":[{"embeddable":true,"href":"https:\/\/marthacifuentes.com\/portada\/wp-json\/wp\/v2\/media\/19107"}],"wp:attachment":[{"href":"https:\/\/marthacifuentes.com\/portada\/wp-json\/wp\/v2\/media?parent=19106"}],"wp:term":[{"taxonomy":"category","embeddable":true,"href":"https:\/\/marthacifuentes.com\/portada\/wp-json\/wp\/v2\/categories?post=19106"},{"taxonomy":"post_tag","embeddable":true,"href":"https:\/\/marthacifuentes.com\/portada\/wp-json\/wp\/v2\/tags?post=19106"}],"curies":[{"name":"wp","href":"https:\/\/api.w.org\/{rel}","templated":true}]}}