{"id":19251,"date":"2018-10-12T08:13:30","date_gmt":"2018-10-12T13:13:30","guid":{"rendered":"http:\/\/marthacifuentes.com\/portada\/?p=19251"},"modified":"2018-10-12T08:13:30","modified_gmt":"2018-10-12T13:13:30","slug":"via-yopal-labranzagrande-sogamoso-carretera-alterna","status":"publish","type":"post","link":"https:\/\/marthacifuentes.com\/portada\/via-yopal-labranzagrande-sogamoso-carretera-alterna\/","title":{"rendered":"V\u00eda Yopal-Labranzagrande-Sogamoso \u00bfcarretera alterna?"},"content":{"rendered":"<p style=\"text-align: justify;\"><strong>El estado de la v\u00eda Yopal &#8211; Labranzagrande \u2013 Sogamoso y las acciones del mantenimiento de la gobernaci\u00f3n de Casanare en el tramo que le corresponde fueron analizados ayer en mesa t\u00e9cnica sobre el proyecto de ampliaci\u00f3n y pavimentaci\u00f3n de la carretera, realizado ayer en la Asamblea Departamental.\u00a0<\/strong><\/p>\n<p style=\"text-align: justify;\">En la reuni\u00f3n propiciada por el diputado Felipe Becerra Vargas, estuvieron los alcaldes de Yopal, Leonardo Puentes, Labranzagrande, Segundo Jacinto P\u00e9rez, el secretario de obras p\u00fablicas de Casanare, H\u00e9ctor Miguel Gonz\u00e1lez, concejales de Yopal y miembros del comit\u00e9 vial alterna, entre otros.<\/p>\n<p style=\"text-align: justify;\">En la mesa se vislumbr\u00f3 la voluntad pol\u00edtica y administrativa, en aras de hacer realidad que este corredor vial se convierta en una alternativa que interconecte los departamentos de Casanare y Boyac\u00e1.<\/p>\n<p style=\"text-align: justify;\">Felipe Becerra destac\u00f3 la intenci\u00f3n de sacar adelante esta iniciativa, por lo que ya fueron presentados los dise\u00f1os definitivos por parte de la Administraci\u00f3n Departamental ante el OCAD.<\/p>\n<p style=\"text-align: justify;\">El alcalde de Labranzagrande dijo que entre las conclusiones de la reuni\u00f3n est\u00e1 que se coordinar\u00e1 con la Gobernaci\u00f3n de Casanare y la Alcald\u00eda de Yopal el traslado de maquinaria para adelantar un mejoramiento vial en el tramo de la jurisdicci\u00f3n de Casanare, el cual presenta dificultades para el tr\u00e1nsito; Se hizo claridad que la v\u00eda solo est\u00e1 habilitada para tr\u00e1nsito de camperos; Se realiz\u00f3 por parte de la oficina de Planeaci\u00f3n Departamental una completa exposici\u00f3n de los estudios, dise\u00f1os y presupuesto del proyecto.<\/p>\n<p style=\"text-align: justify;\">El mandatario tambi\u00e9n dijo que la Gobernaci\u00f3n de Casanare est\u00e1 en proceso la presentaci\u00f3n al Ocad Departamental para aprobaci\u00f3n del proyecto de Pavimentaci\u00f3n de 2.1 Km el cual se realizar\u00e1 en el mes de Noviembre del presente a\u00f1o.<\/p>\n<p style=\"text-align: justify;\">Y destac\u00f3 que se har\u00e1n los esfuerzos necesarios para unir el apoyo de los diferentes Instituciones (Alcald\u00edas y Gobernaciones), sectores pol\u00edticos (Representantes y Senadores), econ\u00f3micos y sociales para lograr que el Gobierno Nacional priorice la inversi\u00f3n y lo plasme en el presupuesto y plan nacional de desarrollo.<\/p>\n<p><img loading=\"lazy\" decoding=\"async\" class=\"wp-image-19253 aligncenter\" src=\"http:\/\/marthacifuentes.com\/portada\/wp-content\/uploads\/2018\/10\/ALCALDE-LABRANZAGRANDE-SEGUNDO-JACINTO-PEREZ.jpg\" alt=\"\" width=\"546\" height=\"265\" srcset=\"https:\/\/marthacifuentes.com\/portada\/wp-content\/uploads\/2018\/10\/ALCALDE-LABRANZAGRANDE-SEGUNDO-JACINTO-PEREZ.jpg 960w, https:\/\/marthacifuentes.com\/portada\/wp-content\/uploads\/2018\/10\/ALCALDE-LABRANZAGRANDE-SEGUNDO-JACINTO-PEREZ-300x146.jpg 300w, https:\/\/marthacifuentes.com\/portada\/wp-content\/uploads\/2018\/10\/ALCALDE-LABRANZAGRANDE-SEGUNDO-JACINTO-PEREZ-768x373.jpg 768w\" sizes=\"auto, (max-width: 546px) 100vw, 546px\" \/><\/p>\n<p style=\"text-align: justify;\">\n<h5 style=\"text-align: justify;\"><span style=\"color: #993300;\"><strong>Requerimientos de inversiones para la v\u00eda<\/strong><\/span><\/h5>\n<p style=\"text-align: justify;\">En esta mesa t\u00e9cnica de trabajo, se manifest\u00f3 que la obra consta de tres fases. En lo que corresponde a la jurisdicci\u00f3n de Casanare, que comprende los sectores de Morro- Almorzadere\u00f1a, tiene un costo de alrededor de 9 mil millones de pesos, y las otras dos, por cerca de 20 mil millones de pesos.<\/p>\n<p style=\"text-align: justify;\">Los Diputados resaltaron la importancia de culminar la pavimentaci\u00f3n por el tramo Vado Hondo- Labranzagrande donde ya se inici\u00f3 con la construcci\u00f3n de 11 kil\u00f3metros por un valor de 32 mil millones de pesos. Adem\u00e1s se\u00f1alaron que se ha hecho lo correspondiente para sacar adelante este proyecto tan importante para toda la comunidad y que \u00e9ste fue calificado como una obra prioritaria por parte de los integrantes de la Duma.<\/p>\n<p style=\"text-align: justify;\">\n<h5 style=\"text-align: justify;\"><span style=\"color: #993300;\"><strong>Las cifras del alcalde de Labranzagrande sobre la v\u00eda alterna Yopal \u2013 Tunja<\/strong><\/span><\/h5>\n<p style=\"text-align: justify;\">El alcalde de Labranzagrande Segundo Jacinto P\u00e9rez analiz\u00f3 y explic\u00f3 en su Facebook las distancias en kil\u00f3metros de las v\u00edas que de Yopal conducen a Tunja.<\/p>\n<ol style=\"text-align: justify;\">\n<li style=\"text-align: justify;\">Tomando como punto de partida Yopal \u2013 Casanare y como destino final Tunja \u2013Boyac\u00e1 por la v\u00eda Sisga \u2013 El Secreto \u2013 Monterrey se debe hacer el siguiente recorrido:<\/li>\n<\/ol>\n<p style=\"text-align: justify;\">Yopal \u2013 Monterrey: 102 Km; Monterrey \u2013 Aguaclara 19 Km; Aguaclara \u2013 El Secreto \u2013 San Luis de Gaceno \u2013 Guateque, 92 Km; Guateque \u2013 Sisga 45 Km; y Sisga \u2013 Tunja 56 Km; <strong>para un total de distancia entre las dos capitales de 314 km.<\/strong><\/p>\n<ol style=\"text-align: justify;\" start=\"2\">\n<li>Tomando como punto de partida Yopal y como destino final Tunja por la v\u00eda de Cusiana se debe hacer el siguiente recorrido:<\/li>\n<\/ol>\n<p style=\"text-align: justify;\">Yopal \u2013 Aguazul 28 Km; Aguazul \u2013 Sogamoso 118 Km y Sogamoso \u2013 Tunja 63 Km, <strong>para un total de distancia entre las dos capitales de 209 km.<\/strong><\/p>\n<ol style=\"text-align: justify;\" start=\"3\">\n<li>Tomando como punto de partida Yopal y como destino final Tunja, por la v\u00eda a Labranzagrande se debe hacer el siguiente recorrido:<\/li>\n<\/ol>\n<p style=\"text-align: justify;\">Yopal \u2013 Labranzagrande 39 Km; Labranzagrande \u2013 Sogamoso 89,5 km; y Sogamoso \u2013 Tunja 63 Km; <strong>para un total de distancia entre las dos capitales de 191,5 km.<\/strong><\/p>\n<p style=\"text-align: justify;\">La informaci\u00f3n citada fue tomada del mapa de carreteras oficial en la p\u00e1gina WEB del Inv\u00edas.<\/p>\n<p style=\"text-align: justify;\">El mandatario dijo que se seguir\u00e1 haciendo los esfuerzos necesarios para que el gobierno nacional por intermedio del Ministerio de Transportes, el Inv\u00edas y la ANI entienda que la v\u00eda por Sogamoso \u2013 Labranzagrande &#8211; Yopal es viable en raz\u00f3n a que es m\u00e1s corta y con un terreno con mayor estabilidad.<\/p>\n<p style=\"text-align: justify;\">Para ello faltan por ampliar y pavimentar 51 Km. y se estima que la inversi\u00f3n que se debe realizar ser\u00eda de 180 mil millones de pesos.<\/p>\n<p>&nbsp;<\/p>\n<p>&nbsp;<\/p>\n","protected":false},"excerpt":{"rendered":"<p>El estado de la v\u00eda Yopal &#8211; Labranzagrande \u2013 Sogamoso y las acciones del mantenimiento de la gobernaci\u00f3n de Casanare en el tramo que le corresponde fueron analizados ayer en mesa t\u00e9cnica sobre el proyecto de ampliaci\u00f3n y pavimentaci\u00f3n de la carretera, realizado ayer en la Asamblea Departamental.\u00a0 En la reuni\u00f3n propiciada por el diputado &hellip;<\/p>\n","protected":false},"author":2,"featured_media":19252,"comment_status":"open","ping_status":"open","sticky":false,"template":"","format":"standard","meta":{"om_disable_all_campaigns":false,"_exactmetrics_skip_tracking":false,"_exactmetrics_sitenote_active":false,"_exactmetrics_sitenote_note":"","_exactmetrics_sitenote_category":0,"_monsterinsights_skip_tracking":false,"_monsterinsights_sitenote_active":false,"_monsterinsights_sitenote_note":"","_monsterinsights_sitenote_category":0,"_uf_show_specific_survey":0,"_uf_disable_surveys":false,"_joinchat":[],"footnotes":""},"categories":[147,145],"tags":[1510,154,1373,457,1372,1374,972,157,1376],"class_list":["post-19251","post","type-post","status-publish","format-standard","has-post-thumbnail","hentry","category-actualidad","category-reportajes","tag-alcalde-de-labranzagrande","tag-casanare","tag-casanare-noticias","tag-labranzagrande","tag-noticias-de-casanare","tag-noticias-de-yopal","tag-tunja","tag-yopal","tag-yopal-noticias"],"yoast_head":"<!-- This site is optimized with the Yoast SEO plugin v26.1 - https:\/\/yoast.com\/wordpress\/plugins\/seo\/ -->\n<title>V\u00eda Yopal-Labranzagrande-Sogamoso \u00bfcarretera alterna? - \u25b7 Noticias de Casanare : Martha Cifuentes | Casanare<\/title>\n<meta name=\"robots\" content=\"index, follow, max-snippet:-1, max-image-preview:large, max-video-preview:-1\" \/>\n<link rel=\"canonical\" href=\"https:\/\/marthacifuentes.com\/portada\/via-yopal-labranzagrande-sogamoso-carretera-alterna\/\" \/>\n<meta property=\"og:locale\" content=\"es_ES\" \/>\n<meta property=\"og:type\" content=\"article\" \/>\n<meta property=\"og:title\" content=\"V\u00eda Yopal-Labranzagrande-Sogamoso \u00bfcarretera alterna? - \u25b7 Noticias de Casanare : Martha Cifuentes | Casanare\" \/>\n<meta property=\"og:description\" content=\"El estado de la v\u00eda Yopal &#8211; Labranzagrande \u2013 Sogamoso y las acciones del mantenimiento de la gobernaci\u00f3n de Casanare en el tramo que le corresponde fueron analizados ayer en mesa t\u00e9cnica sobre el proyecto de ampliaci\u00f3n y pavimentaci\u00f3n de la carretera, realizado ayer en la Asamblea Departamental.\u00a0 En la reuni\u00f3n propiciada por el diputado &hellip;\" \/>\n<meta property=\"og:url\" content=\"https:\/\/marthacifuentes.com\/portada\/via-yopal-labranzagrande-sogamoso-carretera-alterna\/\" \/>\n<meta property=\"og:site_name\" content=\"\u25b7 Noticias de Casanare : Martha Cifuentes | Casanare\" \/>\n<meta property=\"article:published_time\" content=\"2018-10-12T13:13:30+00:00\" \/>\n<meta property=\"og:image\" content=\"https:\/\/marthacifuentes.com\/portada\/wp-content\/uploads\/2018\/10\/VIA-YOPAL-LABRANZAGRANDE.jpg\" \/>\n\t<meta property=\"og:image:width\" content=\"960\" \/>\n\t<meta property=\"og:image:height\" content=\"540\" \/>\n\t<meta property=\"og:image:type\" content=\"image\/jpeg\" \/>\n<meta name=\"author\" content=\"Martha Cifuentes\" \/>\n<meta name=\"twitter:card\" content=\"summary_large_image\" \/>\n<meta name=\"twitter:label1\" content=\"Escrito por\" \/>\n\t<meta name=\"twitter:data1\" content=\"Martha Cifuentes\" \/>\n\t<meta name=\"twitter:label2\" content=\"Tiempo de lectura\" \/>\n\t<meta name=\"twitter:data2\" content=\"4 minutos\" \/>\n<script type=\"application\/ld+json\" class=\"yoast-schema-graph\">{\"@context\":\"https:\/\/schema.org\",\"@graph\":[{\"@type\":\"WebPage\",\"@id\":\"https:\/\/marthacifuentes.com\/portada\/via-yopal-labranzagrande-sogamoso-carretera-alterna\/\",\"url\":\"https:\/\/marthacifuentes.com\/portada\/via-yopal-labranzagrande-sogamoso-carretera-alterna\/\",\"name\":\"V\u00eda Yopal-Labranzagrande-Sogamoso \u00bfcarretera alterna? - \u25b7 Noticias de Casanare : Martha Cifuentes | Casanare\",\"isPartOf\":{\"@id\":\"https:\/\/marthacifuentes.com\/portada\/#website\"},\"primaryImageOfPage\":{\"@id\":\"https:\/\/marthacifuentes.com\/portada\/via-yopal-labranzagrande-sogamoso-carretera-alterna\/#primaryimage\"},\"image\":{\"@id\":\"https:\/\/marthacifuentes.com\/portada\/via-yopal-labranzagrande-sogamoso-carretera-alterna\/#primaryimage\"},\"thumbnailUrl\":\"https:\/\/marthacifuentes.com\/portada\/wp-content\/uploads\/2018\/10\/VIA-YOPAL-LABRANZAGRANDE.jpg\",\"datePublished\":\"2018-10-12T13:13:30+00:00\",\"author\":{\"@id\":\"https:\/\/marthacifuentes.com\/portada\/#\/schema\/person\/57f53174b991db5f90ff78d58502b714\"},\"breadcrumb\":{\"@id\":\"https:\/\/marthacifuentes.com\/portada\/via-yopal-labranzagrande-sogamoso-carretera-alterna\/#breadcrumb\"},\"inLanguage\":\"es\",\"potentialAction\":[{\"@type\":\"ReadAction\",\"target\":[\"https:\/\/marthacifuentes.com\/portada\/via-yopal-labranzagrande-sogamoso-carretera-alterna\/\"]}]},{\"@type\":\"ImageObject\",\"inLanguage\":\"es\",\"@id\":\"https:\/\/marthacifuentes.com\/portada\/via-yopal-labranzagrande-sogamoso-carretera-alterna\/#primaryimage\",\"url\":\"https:\/\/marthacifuentes.com\/portada\/wp-content\/uploads\/2018\/10\/VIA-YOPAL-LABRANZAGRANDE.jpg\",\"contentUrl\":\"https:\/\/marthacifuentes.com\/portada\/wp-content\/uploads\/2018\/10\/VIA-YOPAL-LABRANZAGRANDE.jpg\",\"width\":960,\"height\":540},{\"@type\":\"BreadcrumbList\",\"@id\":\"https:\/\/marthacifuentes.com\/portada\/via-yopal-labranzagrande-sogamoso-carretera-alterna\/#breadcrumb\",\"itemListElement\":[{\"@type\":\"ListItem\",\"position\":1,\"name\":\"Portada\",\"item\":\"https:\/\/marthacifuentes.com\/portada\/\"},{\"@type\":\"ListItem\",\"position\":2,\"name\":\"V\u00eda Yopal-Labranzagrande-Sogamoso \u00bfcarretera alterna?\"}]},{\"@type\":\"WebSite\",\"@id\":\"https:\/\/marthacifuentes.com\/portada\/#website\",\"url\":\"https:\/\/marthacifuentes.com\/portada\/\",\"name\":\"\u25b7 Noticias de Casanare : Martha Cifuentes | Casanare\",\"description\":\"Noticias &amp; Contenidos\",\"potentialAction\":[{\"@type\":\"SearchAction\",\"target\":{\"@type\":\"EntryPoint\",\"urlTemplate\":\"https:\/\/marthacifuentes.com\/portada\/?s={search_term_string}\"},\"query-input\":{\"@type\":\"PropertyValueSpecification\",\"valueRequired\":true,\"valueName\":\"search_term_string\"}}],\"inLanguage\":\"es\"},{\"@type\":\"Person\",\"@id\":\"https:\/\/marthacifuentes.com\/portada\/#\/schema\/person\/57f53174b991db5f90ff78d58502b714\",\"name\":\"Martha Cifuentes\",\"image\":{\"@type\":\"ImageObject\",\"inLanguage\":\"es\",\"@id\":\"https:\/\/marthacifuentes.com\/portada\/#\/schema\/person\/image\/\",\"url\":\"http:\/\/marthacifuentes.com\/portada\/wp-content\/uploads\/2018\/06\/avatar_user_2_1528838701-96x96.jpg\",\"contentUrl\":\"http:\/\/marthacifuentes.com\/portada\/wp-content\/uploads\/2018\/06\/avatar_user_2_1528838701-96x96.jpg\",\"caption\":\"Martha Cifuentes\"},\"sameAs\":[\"http:\/\/www.marthacifuentes.com\"],\"url\":\"https:\/\/marthacifuentes.com\/portada\/author\/martha\/\"}]}<\/script>\n<!-- \/ Yoast SEO plugin. -->","yoast_head_json":{"title":"V\u00eda Yopal-Labranzagrande-Sogamoso \u00bfcarretera alterna? - \u25b7 Noticias de Casanare : Martha Cifuentes | Casanare","robots":{"index":"index","follow":"follow","max-snippet":"max-snippet:-1","max-image-preview":"max-image-preview:large","max-video-preview":"max-video-preview:-1"},"canonical":"https:\/\/marthacifuentes.com\/portada\/via-yopal-labranzagrande-sogamoso-carretera-alterna\/","og_locale":"es_ES","og_type":"article","og_title":"V\u00eda Yopal-Labranzagrande-Sogamoso \u00bfcarretera alterna? - \u25b7 Noticias de Casanare : Martha Cifuentes | Casanare","og_description":"El estado de la v\u00eda Yopal &#8211; Labranzagrande \u2013 Sogamoso y las acciones del mantenimiento de la gobernaci\u00f3n de Casanare en el tramo que le corresponde fueron analizados ayer en mesa t\u00e9cnica sobre el proyecto de ampliaci\u00f3n y pavimentaci\u00f3n de la carretera, realizado ayer en la Asamblea Departamental.\u00a0 En la reuni\u00f3n propiciada por el diputado &hellip;","og_url":"https:\/\/marthacifuentes.com\/portada\/via-yopal-labranzagrande-sogamoso-carretera-alterna\/","og_site_name":"\u25b7 Noticias de Casanare : Martha Cifuentes | Casanare","article_published_time":"2018-10-12T13:13:30+00:00","og_image":[{"width":960,"height":540,"url":"https:\/\/marthacifuentes.com\/portada\/wp-content\/uploads\/2018\/10\/VIA-YOPAL-LABRANZAGRANDE.jpg","type":"image\/jpeg"}],"author":"Martha Cifuentes","twitter_card":"summary_large_image","twitter_misc":{"Escrito por":"Martha Cifuentes","Tiempo de lectura":"4 minutos"},"schema":{"@context":"https:\/\/schema.org","@graph":[{"@type":"WebPage","@id":"https:\/\/marthacifuentes.com\/portada\/via-yopal-labranzagrande-sogamoso-carretera-alterna\/","url":"https:\/\/marthacifuentes.com\/portada\/via-yopal-labranzagrande-sogamoso-carretera-alterna\/","name":"V\u00eda Yopal-Labranzagrande-Sogamoso \u00bfcarretera alterna? - \u25b7 Noticias de Casanare : Martha Cifuentes | Casanare","isPartOf":{"@id":"https:\/\/marthacifuentes.com\/portada\/#website"},"primaryImageOfPage":{"@id":"https:\/\/marthacifuentes.com\/portada\/via-yopal-labranzagrande-sogamoso-carretera-alterna\/#primaryimage"},"image":{"@id":"https:\/\/marthacifuentes.com\/portada\/via-yopal-labranzagrande-sogamoso-carretera-alterna\/#primaryimage"},"thumbnailUrl":"https:\/\/marthacifuentes.com\/portada\/wp-content\/uploads\/2018\/10\/VIA-YOPAL-LABRANZAGRANDE.jpg","datePublished":"2018-10-12T13:13:30+00:00","author":{"@id":"https:\/\/marthacifuentes.com\/portada\/#\/schema\/person\/57f53174b991db5f90ff78d58502b714"},"breadcrumb":{"@id":"https:\/\/marthacifuentes.com\/portada\/via-yopal-labranzagrande-sogamoso-carretera-alterna\/#breadcrumb"},"inLanguage":"es","potentialAction":[{"@type":"ReadAction","target":["https:\/\/marthacifuentes.com\/portada\/via-yopal-labranzagrande-sogamoso-carretera-alterna\/"]}]},{"@type":"ImageObject","inLanguage":"es","@id":"https:\/\/marthacifuentes.com\/portada\/via-yopal-labranzagrande-sogamoso-carretera-alterna\/#primaryimage","url":"https:\/\/marthacifuentes.com\/portada\/wp-content\/uploads\/2018\/10\/VIA-YOPAL-LABRANZAGRANDE.jpg","contentUrl":"https:\/\/marthacifuentes.com\/portada\/wp-content\/uploads\/2018\/10\/VIA-YOPAL-LABRANZAGRANDE.jpg","width":960,"height":540},{"@type":"BreadcrumbList","@id":"https:\/\/marthacifuentes.com\/portada\/via-yopal-labranzagrande-sogamoso-carretera-alterna\/#breadcrumb","itemListElement":[{"@type":"ListItem","position":1,"name":"Portada","item":"https:\/\/marthacifuentes.com\/portada\/"},{"@type":"ListItem","position":2,"name":"V\u00eda Yopal-Labranzagrande-Sogamoso \u00bfcarretera alterna?"}]},{"@type":"WebSite","@id":"https:\/\/marthacifuentes.com\/portada\/#website","url":"https:\/\/marthacifuentes.com\/portada\/","name":"\u25b7 Noticias de Casanare : Martha Cifuentes | Casanare","description":"Noticias &amp; Contenidos","potentialAction":[{"@type":"SearchAction","target":{"@type":"EntryPoint","urlTemplate":"https:\/\/marthacifuentes.com\/portada\/?s={search_term_string}"},"query-input":{"@type":"PropertyValueSpecification","valueRequired":true,"valueName":"search_term_string"}}],"inLanguage":"es"},{"@type":"Person","@id":"https:\/\/marthacifuentes.com\/portada\/#\/schema\/person\/57f53174b991db5f90ff78d58502b714","name":"Martha Cifuentes","image":{"@type":"ImageObject","inLanguage":"es","@id":"https:\/\/marthacifuentes.com\/portada\/#\/schema\/person\/image\/","url":"http:\/\/marthacifuentes.com\/portada\/wp-content\/uploads\/2018\/06\/avatar_user_2_1528838701-96x96.jpg","contentUrl":"http:\/\/marthacifuentes.com\/portada\/wp-content\/uploads\/2018\/06\/avatar_user_2_1528838701-96x96.jpg","caption":"Martha Cifuentes"},"sameAs":["http:\/\/www.marthacifuentes.com"],"url":"https:\/\/marthacifuentes.com\/portada\/author\/martha\/"}]}},"_links":{"self":[{"href":"https:\/\/marthacifuentes.com\/portada\/wp-json\/wp\/v2\/posts\/19251","targetHints":{"allow":["GET"]}}],"collection":[{"href":"https:\/\/marthacifuentes.com\/portada\/wp-json\/wp\/v2\/posts"}],"about":[{"href":"https:\/\/marthacifuentes.com\/portada\/wp-json\/wp\/v2\/types\/post"}],"author":[{"embeddable":true,"href":"https:\/\/marthacifuentes.com\/portada\/wp-json\/wp\/v2\/users\/2"}],"replies":[{"embeddable":true,"href":"https:\/\/marthacifuentes.com\/portada\/wp-json\/wp\/v2\/comments?post=19251"}],"version-history":[{"count":0,"href":"https:\/\/marthacifuentes.com\/portada\/wp-json\/wp\/v2\/posts\/19251\/revisions"}],"wp:featuredmedia":[{"embeddable":true,"href":"https:\/\/marthacifuentes.com\/portada\/wp-json\/wp\/v2\/media\/19252"}],"wp:attachment":[{"href":"https:\/\/marthacifuentes.com\/portada\/wp-json\/wp\/v2\/media?parent=19251"}],"wp:term":[{"taxonomy":"category","embeddable":true,"href":"https:\/\/marthacifuentes.com\/portada\/wp-json\/wp\/v2\/categories?post=19251"},{"taxonomy":"post_tag","embeddable":true,"href":"https:\/\/marthacifuentes.com\/portada\/wp-json\/wp\/v2\/tags?post=19251"}],"curies":[{"name":"wp","href":"https:\/\/api.w.org\/{rel}","templated":true}]}}