{"id":19517,"date":"2018-11-14T09:16:06","date_gmt":"2018-11-14T14:16:06","guid":{"rendered":"http:\/\/marthacifuentes.com\/portada\/?p=19517"},"modified":"2018-11-14T09:16:06","modified_gmt":"2018-11-14T14:16:06","slug":"los-100-primeros-dias-de-duque-un-monumento-a-las-mentiras","status":"publish","type":"post","link":"https:\/\/marthacifuentes.com\/portada\/los-100-primeros-dias-de-duque-un-monumento-a-las-mentiras\/","title":{"rendered":"Los 100 primeros d\u00edas de Duque, un monumento a las mentiras"},"content":{"rendered":"<p><strong>Por Yecid Beltr\u00e1n S\u00e1enz*<\/strong><\/p>\n<p>&nbsp;<\/p>\n<p><img loading=\"lazy\" decoding=\"async\" class=\" wp-image-18944 aligncenter\" src=\"http:\/\/marthacifuentes.com\/portada\/wp-content\/uploads\/2018\/09\/Yecid-Beltr\u00e1n-Saenz.jpg\" alt=\"\" width=\"154\" height=\"213\" \/><\/p>\n<p style=\"text-align: justify;\">Dicen que la pol\u00edtica es el \u201carte de mentir\u201d y no se equivocan quienes han hecho de esta frase una realidad en nuestro pa\u00eds muy especialmente en estos primeros 100 d\u00edas de Gobierno del \u201cque dijo Uribe\u201d.<\/p>\n<blockquote><p>En solo 100 d\u00edas de mandato ya se ha hecho acreedor al premio de \u201cpresidente m\u00e1s mentiroso\u201d que haya tenido Colombia en toda su historia, muy a pesar de haber hecho en su campa\u00f1a una frase repetitiva en el sentido que lo \u00fanico que no har\u00eda ser\u00eda \u201cenga\u00f1ar al pa\u00eds\u201d.<\/p><\/blockquote>\n<p style=\"text-align: justify;\">Su tan machacada frase #ElQueLaHaceLaPaga result\u00f3 todo un fiasco con el solo anuncio del nombramiento de Alberto Carrasquilla, el mismo de los bonos del agua que tiene desfalcados a 117 municipio pobres del pa\u00eds, como ministro de Hacienda, seguido por el nombramiento del corrupto exprocurador, Alejandro Ordo\u00f1ez, como embajador ante la OEA, y de la Se\u00f1ora Mar\u00eda Victoria Angulo como ministra de Educaci\u00f3n, la misma que contrat\u00f3 como secretaria de Educaci\u00f3n en Bogot\u00e1, a los mismos contratistas que vendieron pechugas de pollo a 40 mil pesos en la costa para el programa PAE; a Sandra G\u00f3mez, en la gerencia de Findeter como premio por las investigaciones que le tiene la Fiscal\u00eda por sus manejos en la Fiduprevisora y sin contar con el fallido nombramiento de Daniel Cabrales como embajador en Panam\u00e1, hasta cuando alguien le record\u00f3 que era el mismo del cartel de la hemofilia en C\u00f3rdoba o el de la se\u00f1ora Claudia Ortiz declarada enemiga de los l\u00edderes sociales, como directora de la ANP.<\/p>\n<p style=\"text-align: justify;\">\u00bfQu\u00e9 pas\u00f3 con sus promesas de campa\u00f1a de no subir m\u00e1s los impuestos ni de presentar reformas tributarias por ser los impuestos altos y asfixiantes? Cinismo total; nos inaugur\u00f3 con el anuncio de una reforma tributaria cuyo principal objetivo ser\u00eda gravar con un IVA del 18% todos los productos de la canasta familiar como si los que ya hay no fueran suficientemente altos y asfixiantes. Pero tambi\u00e9n nos prometi\u00f3 en campa\u00f1a que iba a decretar seis d\u00edas al a\u00f1o sin IVA. Saltar\u00e1n los ub\u00e9rrimos defensores del presidente Duque a manifestar y gritar por las redes sociales que hasta ahora lleva cien d\u00edas de gobierno y que debemos esperar a que transcurra el a\u00f1o para poder opinar si cumple o no cumple esa mentira piadosa.<\/p>\n<p style=\"text-align: justify;\">Ni hablar de la \u201ccero mermeladas\u201d cuando en la reforma pol\u00edtica, avanza con cauteloso silencio en el Congreso la propuesta de revivir los auxilios parlamentarios o cupos indicativos, reviviendo tal vez su exitosa pol\u00edtica del \u201cbarril de los puercos\u201d que tan buenos dividendos le produjo cuando era dizque asesor del ex ministro de Hacienda, Juan Manuel santos en tiempos de la presidencia de Andr\u00e9s Pastrana. Una cosa eran sus fogosos discursos como senador criticando la mermelada de Santos y otra cosa como presidente cuando apela al mismo sistema que antes controvert\u00eda. Como dec\u00eda mi abuela: \u201cAh\u00ed va la misma burra pero con diferente enjalma\u201d.<\/p>\n<p style=\"text-align: justify;\">Y en cuanto a la pol\u00edtica de defensa del medio ambiente muy pronto se le olvid\u00f3 al presidente Duque su defensa, si nos atenemos al discurso de la ministra de Minas que, en su primera salida, sin ambages y sin tapujos, anunci\u00f3 que se la jugaba por el \u201cfracking\u201d, esa misma actividad que el presidente Duque en su campa\u00f1a tambi\u00e9n dijo que se la jugaba, pero para no implementarla.<\/p>\n<p style=\"text-align: justify;\">Y tan buen defensor del medio ambiente nos result\u00f3, que muy r\u00e1pido olvido sus promesas de paulatinamente cambiar el parque automotor hacia el sistema el\u00e9ctrico inclusive poniendo como fecha l\u00edmite para hacerlo el a\u00f1o 2030. \u00bfCumplir\u00e1 esta promesa? Muy dif\u00edcil cuando en la mal llamada reforma de financiamiento, propone subir el IVA del 5% al 18% a los automotores de servicio particular que utilicen esta tecnolog\u00eda.<\/p>\n<p style=\"text-align: justify;\">Similar situaci\u00f3n le espera a la educaci\u00f3n y a la cultura cuando se propone subir el IVA a todos los materiales de educaci\u00f3n y cultura al 18% porque seg\u00fan nuestro presidente, \u201cno hay peor hambre que el hambre de conocimiento\u201d. Curiosa manera de combatir el hambre de conocimiento encareciendo el acceso a la educaci\u00f3n y a la cultura.<\/p>\n<p style=\"text-align: justify;\">Ilusion\u00f3 a los guerreristas seguidores del uribismo puro prometiendo que los acuerdos de PAZ los har\u00edan trizas, desmontando la JEP o reform\u00e1ndola a sus intereses y acabar la entrega del Estado que le hizo Santos a la farc. Sin embargo, en su reciente gira por Francia, ante la comunidad europea afirmo que Colombia est\u00e1 respetando y respetara los acuerdos firmados. \u00bfA qui\u00e9n le estar\u00e1 mintiendo el presidente? \u00bfA los colombianos que votaron por \u00e9l? \u00bfO a la comunidad internacional?<\/p>\n<p style=\"text-align: justify;\">Y que no se nos quede en el olvido la m\u00e1s grande mentira sobre su apoyo a la consulta anticorrupci\u00f3n sobre la cual brindo su total e irrestricto apoyo, radicando incluso por iniciativa del gobierno algunos proyectos para dar cumplimiento a la fallida consulta votada por 11 millones de colombianos. Como se dice popularmente \u201csolo til\u00edn til\u00edn y nada de paletas\u201d porque uno a uno se han ido hundiendo con el benepl\u00e1cito del propio presidente. Al gobierno en estas instancias no le conviene ninguna reforma anticorrupci\u00f3n porque \u201csin corrupci\u00f3n no hay para\u00edso\u201d y eso lo saben de memoria todos los estamentos pol\u00edticos de este pa\u00eds.<\/p>\n<p style=\"text-align: justify;\">Sigamos viendo la \u201cpaja en el ojo ajeno\u201d (Venezuela) y resist\u00e1monos a ver la \u201cviga que cargamos en nuestros propios ojos\u201d.<\/p>\n<p style=\"text-align: justify;\"><strong>Yecid Beltr\u00e1n S\u00e1enz<\/strong> \u2013 Abogado De La Facultad de Derecho, Ciencias Pol\u00edticas y Sociales de la U.N.<\/p>\n<p>&nbsp;<\/p>\n","protected":false},"excerpt":{"rendered":"<p>Por Yecid Beltr\u00e1n S\u00e1enz* &nbsp; Dicen que la pol\u00edtica es el \u201carte de mentir\u201d y no se equivocan quienes han hecho de esta frase una realidad en nuestro pa\u00eds muy especialmente en estos primeros 100 d\u00edas de Gobierno del \u201cque dijo Uribe\u201d. En solo 100 d\u00edas de mandato ya se ha hecho acreedor al premio &hellip;<\/p>\n","protected":false},"author":2,"featured_media":19518,"comment_status":"open","ping_status":"open","sticky":false,"template":"","format":"standard","meta":{"om_disable_all_campaigns":false,"_exactmetrics_skip_tracking":false,"_exactmetrics_sitenote_active":false,"_exactmetrics_sitenote_note":"","_exactmetrics_sitenote_category":0,"_monsterinsights_skip_tracking":false,"_monsterinsights_sitenote_active":false,"_monsterinsights_sitenote_note":"","_monsterinsights_sitenote_category":0,"_uf_show_specific_survey":0,"_uf_disable_surveys":false,"_joinchat":[],"footnotes":""},"categories":[147,150,145],"tags":[1640,1182,195,1642,156,1641,1052],"class_list":["post-19517","post","type-post","status-publish","format-standard","has-post-thumbnail","hentry","category-actualidad","category-opinion","category-reportajes","tag-100-dias-del-ivan-duque","tag-anticorrupcion","tag-centro-democratico","tag-duque-engano-a-los-electores","tag-ivan-duque","tag-ley-de-financiamiento","tag-reforma-tributaria"],"yoast_head":"<!-- This site is optimized with the Yoast SEO plugin v26.1 - https:\/\/yoast.com\/wordpress\/plugins\/seo\/ -->\n<title>Los 100 primeros d\u00edas de Duque, un monumento a las mentiras - \u25b7 Noticias de Casanare : Martha Cifuentes | Casanare<\/title>\n<meta name=\"robots\" content=\"index, follow, max-snippet:-1, max-image-preview:large, max-video-preview:-1\" \/>\n<link rel=\"canonical\" href=\"https:\/\/marthacifuentes.com\/portada\/los-100-primeros-dias-de-duque-un-monumento-a-las-mentiras\/\" \/>\n<meta property=\"og:locale\" content=\"es_ES\" \/>\n<meta property=\"og:type\" content=\"article\" \/>\n<meta property=\"og:title\" content=\"Los 100 primeros d\u00edas de Duque, un monumento a las mentiras - \u25b7 Noticias de Casanare : Martha Cifuentes | Casanare\" \/>\n<meta property=\"og:description\" content=\"Por Yecid Beltr\u00e1n S\u00e1enz* &nbsp; Dicen que la pol\u00edtica es el \u201carte de mentir\u201d y no se equivocan quienes han hecho de esta frase una realidad en nuestro pa\u00eds muy especialmente en estos primeros 100 d\u00edas de Gobierno del \u201cque dijo Uribe\u201d. En solo 100 d\u00edas de mandato ya se ha hecho acreedor al premio &hellip;\" \/>\n<meta property=\"og:url\" content=\"https:\/\/marthacifuentes.com\/portada\/los-100-primeros-dias-de-duque-un-monumento-a-las-mentiras\/\" \/>\n<meta property=\"og:site_name\" content=\"\u25b7 Noticias de Casanare : Martha Cifuentes | Casanare\" \/>\n<meta property=\"article:published_time\" content=\"2018-11-14T14:16:06+00:00\" \/>\n<meta property=\"og:image\" content=\"https:\/\/marthacifuentes.com\/portada\/wp-content\/uploads\/2018\/11\/ivan-duque.jpeg\" \/>\n\t<meta property=\"og:image:width\" content=\"950\" \/>\n\t<meta property=\"og:image:height\" content=\"475\" \/>\n\t<meta property=\"og:image:type\" content=\"image\/jpeg\" \/>\n<meta name=\"author\" content=\"Martha Cifuentes\" \/>\n<meta name=\"twitter:card\" content=\"summary_large_image\" \/>\n<meta name=\"twitter:label1\" content=\"Escrito por\" \/>\n\t<meta name=\"twitter:data1\" content=\"Martha Cifuentes\" \/>\n\t<meta name=\"twitter:label2\" content=\"Tiempo de lectura\" \/>\n\t<meta name=\"twitter:data2\" content=\"5 minutos\" \/>\n<script type=\"application\/ld+json\" class=\"yoast-schema-graph\">{\"@context\":\"https:\/\/schema.org\",\"@graph\":[{\"@type\":\"WebPage\",\"@id\":\"https:\/\/marthacifuentes.com\/portada\/los-100-primeros-dias-de-duque-un-monumento-a-las-mentiras\/\",\"url\":\"https:\/\/marthacifuentes.com\/portada\/los-100-primeros-dias-de-duque-un-monumento-a-las-mentiras\/\",\"name\":\"Los 100 primeros d\u00edas de Duque, un monumento a las mentiras - \u25b7 Noticias de Casanare : Martha Cifuentes | Casanare\",\"isPartOf\":{\"@id\":\"https:\/\/marthacifuentes.com\/portada\/#website\"},\"primaryImageOfPage\":{\"@id\":\"https:\/\/marthacifuentes.com\/portada\/los-100-primeros-dias-de-duque-un-monumento-a-las-mentiras\/#primaryimage\"},\"image\":{\"@id\":\"https:\/\/marthacifuentes.com\/portada\/los-100-primeros-dias-de-duque-un-monumento-a-las-mentiras\/#primaryimage\"},\"thumbnailUrl\":\"https:\/\/marthacifuentes.com\/portada\/wp-content\/uploads\/2018\/11\/ivan-duque.jpeg\",\"datePublished\":\"2018-11-14T14:16:06+00:00\",\"author\":{\"@id\":\"https:\/\/marthacifuentes.com\/portada\/#\/schema\/person\/57f53174b991db5f90ff78d58502b714\"},\"breadcrumb\":{\"@id\":\"https:\/\/marthacifuentes.com\/portada\/los-100-primeros-dias-de-duque-un-monumento-a-las-mentiras\/#breadcrumb\"},\"inLanguage\":\"es\",\"potentialAction\":[{\"@type\":\"ReadAction\",\"target\":[\"https:\/\/marthacifuentes.com\/portada\/los-100-primeros-dias-de-duque-un-monumento-a-las-mentiras\/\"]}]},{\"@type\":\"ImageObject\",\"inLanguage\":\"es\",\"@id\":\"https:\/\/marthacifuentes.com\/portada\/los-100-primeros-dias-de-duque-un-monumento-a-las-mentiras\/#primaryimage\",\"url\":\"https:\/\/marthacifuentes.com\/portada\/wp-content\/uploads\/2018\/11\/ivan-duque.jpeg\",\"contentUrl\":\"https:\/\/marthacifuentes.com\/portada\/wp-content\/uploads\/2018\/11\/ivan-duque.jpeg\",\"width\":950,\"height\":475},{\"@type\":\"BreadcrumbList\",\"@id\":\"https:\/\/marthacifuentes.com\/portada\/los-100-primeros-dias-de-duque-un-monumento-a-las-mentiras\/#breadcrumb\",\"itemListElement\":[{\"@type\":\"ListItem\",\"position\":1,\"name\":\"Portada\",\"item\":\"https:\/\/marthacifuentes.com\/portada\/\"},{\"@type\":\"ListItem\",\"position\":2,\"name\":\"Los 100 primeros d\u00edas de Duque, un monumento a las mentiras\"}]},{\"@type\":\"WebSite\",\"@id\":\"https:\/\/marthacifuentes.com\/portada\/#website\",\"url\":\"https:\/\/marthacifuentes.com\/portada\/\",\"name\":\"\u25b7 Noticias de Casanare : Martha Cifuentes | Casanare\",\"description\":\"Noticias &amp; Contenidos\",\"potentialAction\":[{\"@type\":\"SearchAction\",\"target\":{\"@type\":\"EntryPoint\",\"urlTemplate\":\"https:\/\/marthacifuentes.com\/portada\/?s={search_term_string}\"},\"query-input\":{\"@type\":\"PropertyValueSpecification\",\"valueRequired\":true,\"valueName\":\"search_term_string\"}}],\"inLanguage\":\"es\"},{\"@type\":\"Person\",\"@id\":\"https:\/\/marthacifuentes.com\/portada\/#\/schema\/person\/57f53174b991db5f90ff78d58502b714\",\"name\":\"Martha Cifuentes\",\"image\":{\"@type\":\"ImageObject\",\"inLanguage\":\"es\",\"@id\":\"https:\/\/marthacifuentes.com\/portada\/#\/schema\/person\/image\/\",\"url\":\"http:\/\/marthacifuentes.com\/portada\/wp-content\/uploads\/2018\/06\/avatar_user_2_1528838701-96x96.jpg\",\"contentUrl\":\"http:\/\/marthacifuentes.com\/portada\/wp-content\/uploads\/2018\/06\/avatar_user_2_1528838701-96x96.jpg\",\"caption\":\"Martha Cifuentes\"},\"sameAs\":[\"http:\/\/www.marthacifuentes.com\"],\"url\":\"https:\/\/marthacifuentes.com\/portada\/author\/martha\/\"}]}<\/script>\n<!-- \/ Yoast SEO plugin. -->","yoast_head_json":{"title":"Los 100 primeros d\u00edas de Duque, un monumento a las mentiras - \u25b7 Noticias de Casanare : Martha Cifuentes | Casanare","robots":{"index":"index","follow":"follow","max-snippet":"max-snippet:-1","max-image-preview":"max-image-preview:large","max-video-preview":"max-video-preview:-1"},"canonical":"https:\/\/marthacifuentes.com\/portada\/los-100-primeros-dias-de-duque-un-monumento-a-las-mentiras\/","og_locale":"es_ES","og_type":"article","og_title":"Los 100 primeros d\u00edas de Duque, un monumento a las mentiras - \u25b7 Noticias de Casanare : Martha Cifuentes | Casanare","og_description":"Por Yecid Beltr\u00e1n S\u00e1enz* &nbsp; Dicen que la pol\u00edtica es el \u201carte de mentir\u201d y no se equivocan quienes han hecho de esta frase una realidad en nuestro pa\u00eds muy especialmente en estos primeros 100 d\u00edas de Gobierno del \u201cque dijo Uribe\u201d. En solo 100 d\u00edas de mandato ya se ha hecho acreedor al premio &hellip;","og_url":"https:\/\/marthacifuentes.com\/portada\/los-100-primeros-dias-de-duque-un-monumento-a-las-mentiras\/","og_site_name":"\u25b7 Noticias de Casanare : Martha Cifuentes | Casanare","article_published_time":"2018-11-14T14:16:06+00:00","og_image":[{"width":950,"height":475,"url":"https:\/\/marthacifuentes.com\/portada\/wp-content\/uploads\/2018\/11\/ivan-duque.jpeg","type":"image\/jpeg"}],"author":"Martha Cifuentes","twitter_card":"summary_large_image","twitter_misc":{"Escrito por":"Martha Cifuentes","Tiempo de lectura":"5 minutos"},"schema":{"@context":"https:\/\/schema.org","@graph":[{"@type":"WebPage","@id":"https:\/\/marthacifuentes.com\/portada\/los-100-primeros-dias-de-duque-un-monumento-a-las-mentiras\/","url":"https:\/\/marthacifuentes.com\/portada\/los-100-primeros-dias-de-duque-un-monumento-a-las-mentiras\/","name":"Los 100 primeros d\u00edas de Duque, un monumento a las mentiras - \u25b7 Noticias de Casanare : Martha Cifuentes | Casanare","isPartOf":{"@id":"https:\/\/marthacifuentes.com\/portada\/#website"},"primaryImageOfPage":{"@id":"https:\/\/marthacifuentes.com\/portada\/los-100-primeros-dias-de-duque-un-monumento-a-las-mentiras\/#primaryimage"},"image":{"@id":"https:\/\/marthacifuentes.com\/portada\/los-100-primeros-dias-de-duque-un-monumento-a-las-mentiras\/#primaryimage"},"thumbnailUrl":"https:\/\/marthacifuentes.com\/portada\/wp-content\/uploads\/2018\/11\/ivan-duque.jpeg","datePublished":"2018-11-14T14:16:06+00:00","author":{"@id":"https:\/\/marthacifuentes.com\/portada\/#\/schema\/person\/57f53174b991db5f90ff78d58502b714"},"breadcrumb":{"@id":"https:\/\/marthacifuentes.com\/portada\/los-100-primeros-dias-de-duque-un-monumento-a-las-mentiras\/#breadcrumb"},"inLanguage":"es","potentialAction":[{"@type":"ReadAction","target":["https:\/\/marthacifuentes.com\/portada\/los-100-primeros-dias-de-duque-un-monumento-a-las-mentiras\/"]}]},{"@type":"ImageObject","inLanguage":"es","@id":"https:\/\/marthacifuentes.com\/portada\/los-100-primeros-dias-de-duque-un-monumento-a-las-mentiras\/#primaryimage","url":"https:\/\/marthacifuentes.com\/portada\/wp-content\/uploads\/2018\/11\/ivan-duque.jpeg","contentUrl":"https:\/\/marthacifuentes.com\/portada\/wp-content\/uploads\/2018\/11\/ivan-duque.jpeg","width":950,"height":475},{"@type":"BreadcrumbList","@id":"https:\/\/marthacifuentes.com\/portada\/los-100-primeros-dias-de-duque-un-monumento-a-las-mentiras\/#breadcrumb","itemListElement":[{"@type":"ListItem","position":1,"name":"Portada","item":"https:\/\/marthacifuentes.com\/portada\/"},{"@type":"ListItem","position":2,"name":"Los 100 primeros d\u00edas de Duque, un monumento a las mentiras"}]},{"@type":"WebSite","@id":"https:\/\/marthacifuentes.com\/portada\/#website","url":"https:\/\/marthacifuentes.com\/portada\/","name":"\u25b7 Noticias de Casanare : Martha Cifuentes | Casanare","description":"Noticias &amp; Contenidos","potentialAction":[{"@type":"SearchAction","target":{"@type":"EntryPoint","urlTemplate":"https:\/\/marthacifuentes.com\/portada\/?s={search_term_string}"},"query-input":{"@type":"PropertyValueSpecification","valueRequired":true,"valueName":"search_term_string"}}],"inLanguage":"es"},{"@type":"Person","@id":"https:\/\/marthacifuentes.com\/portada\/#\/schema\/person\/57f53174b991db5f90ff78d58502b714","name":"Martha Cifuentes","image":{"@type":"ImageObject","inLanguage":"es","@id":"https:\/\/marthacifuentes.com\/portada\/#\/schema\/person\/image\/","url":"http:\/\/marthacifuentes.com\/portada\/wp-content\/uploads\/2018\/06\/avatar_user_2_1528838701-96x96.jpg","contentUrl":"http:\/\/marthacifuentes.com\/portada\/wp-content\/uploads\/2018\/06\/avatar_user_2_1528838701-96x96.jpg","caption":"Martha Cifuentes"},"sameAs":["http:\/\/www.marthacifuentes.com"],"url":"https:\/\/marthacifuentes.com\/portada\/author\/martha\/"}]}},"_links":{"self":[{"href":"https:\/\/marthacifuentes.com\/portada\/wp-json\/wp\/v2\/posts\/19517","targetHints":{"allow":["GET"]}}],"collection":[{"href":"https:\/\/marthacifuentes.com\/portada\/wp-json\/wp\/v2\/posts"}],"about":[{"href":"https:\/\/marthacifuentes.com\/portada\/wp-json\/wp\/v2\/types\/post"}],"author":[{"embeddable":true,"href":"https:\/\/marthacifuentes.com\/portada\/wp-json\/wp\/v2\/users\/2"}],"replies":[{"embeddable":true,"href":"https:\/\/marthacifuentes.com\/portada\/wp-json\/wp\/v2\/comments?post=19517"}],"version-history":[{"count":0,"href":"https:\/\/marthacifuentes.com\/portada\/wp-json\/wp\/v2\/posts\/19517\/revisions"}],"wp:featuredmedia":[{"embeddable":true,"href":"https:\/\/marthacifuentes.com\/portada\/wp-json\/wp\/v2\/media\/19518"}],"wp:attachment":[{"href":"https:\/\/marthacifuentes.com\/portada\/wp-json\/wp\/v2\/media?parent=19517"}],"wp:term":[{"taxonomy":"category","embeddable":true,"href":"https:\/\/marthacifuentes.com\/portada\/wp-json\/wp\/v2\/categories?post=19517"},{"taxonomy":"post_tag","embeddable":true,"href":"https:\/\/marthacifuentes.com\/portada\/wp-json\/wp\/v2\/tags?post=19517"}],"curies":[{"name":"wp","href":"https:\/\/api.w.org\/{rel}","templated":true}]}}