{"id":19617,"date":"2018-12-07T08:07:45","date_gmt":"2018-12-07T13:07:45","guid":{"rendered":"http:\/\/marthacifuentes.com\/portada\/?p=19617"},"modified":"2018-12-07T08:10:52","modified_gmt":"2018-12-07T13:10:52","slug":"celemin-se-salvo-de-fallo-fiscal-por-planta-modular-de-yopal","status":"publish","type":"post","link":"https:\/\/marthacifuentes.com\/portada\/celemin-se-salvo-de-fallo-fiscal-por-planta-modular-de-yopal\/","title":{"rendered":"Celem\u00edn se salv\u00f3 de fallo fiscal por planta modular de Yopal"},"content":{"rendered":"<p style=\"text-align: justify;\"><strong>La Contralor\u00eda General de la Rep\u00fablica emiti\u00f3 fallo sin responsabilidad fiscal en proceso fiscal que ven\u00eda surtiendo contra el exalcalde de Yopal Willman Celemin, el exgerente de la Eaaay, Edwin Miranda, los contratistas de la planta modular de Yopal, interventores y aseguradoras.<\/strong><\/p>\n<p style=\"text-align: justify;\">Aunque el fallo fue emitido el pasado 5 de diciembre bajo el auto No. 1607 se desconocen los pormenores del mismo. Sin embargo se ha conocido un oficio que indica el sentido de la providencia de primera instancia en el cual se expresa que para el organismo de control y vigilancia fiscal no hay responsabilidad fiscal de los participantes en la contrataci\u00f3n y obras de la planta modular de Yopal.<\/p>\n<p style=\"text-align: justify;\">Al parecer, seg\u00fan fuentes an\u00f3nimas, esto tendr\u00eda que ver con que la planta potabilizadora que se hab\u00eda contratado bajo un convenio de la Alcald\u00eda de Yopal con la Empresa de Acueducto, Alcantarillado y Aseo de Yopal, finalmente s\u00ed funcion\u00f3, gracias a la conciliaci\u00f3n que realiz\u00f3 la empresa y la subcontatista Uni\u00f3n Temporal Planta Modular Yopal 2013, la cual fue avalada por el Tribunal Administrativo de Casanare.<\/p>\n<p style=\"text-align: justify;\">Esto implic\u00f3 que no habr\u00eda detrimento patrimonial para el municipio por ende no hay responsabilidad fiscal de los procesados: Willman Celem\u00edn, exalcalde de Yopal; Edwin Miranda, exgerente de la Eaaay; Constantino Tam\u00ed Jaimes, exagente interventor nombrado por la Superservicios; los gerentes de las empresas de la Uni\u00f3n Temporal Planta Modular Yopal 2013: Gustavo Noratto, R\/L de Hdiroservicios Ltda., y Enrique Velandia, R\/L de B&amp;C Biosciences SAS; Carlos Andrade, interventor de la obra; Ludwig Stunkel Garc\u00eda, gerente del Acueducto Metropolitano de Bucaramanga; y las aseguradoras Liberty Seguros S.A. y La Previsora.<\/p>\n<p style=\"text-align: justify;\">Fuentes reputadas expresaron que un fallo sin responsabilidad fiscal significa que s\u00ed hubo un da\u00f1o patrimonial pero que fue superado, uno, por la conciliaci\u00f3n hecha que permiti\u00f3 culminar la obra sin m\u00e1s costos y dos, por la vigilancia ejercida desde la Contralor\u00eda sobre la obra para verificar su cumplimiento y as\u00ed evitar un mayor da\u00f1o a la ciudad.<\/p>\n<p><img loading=\"lazy\" decoding=\"async\" class=\"size-large wp-image-19619 aligncenter\" src=\"http:\/\/marthacifuentes.com\/portada\/wp-content\/uploads\/2018\/12\/FALLO-CONTRALORIA-CELEMIN-1.jpg\" alt=\"\" width=\"588\" height=\"888\" srcset=\"https:\/\/marthacifuentes.com\/portada\/wp-content\/uploads\/2018\/12\/FALLO-CONTRALORIA-CELEMIN-1.jpg 588w, https:\/\/marthacifuentes.com\/portada\/wp-content\/uploads\/2018\/12\/FALLO-CONTRALORIA-CELEMIN-1-199x300.jpg 199w\" sizes=\"auto, (max-width: 588px) 100vw, 588px\" \/> <img loading=\"lazy\" decoding=\"async\" class=\"size-large wp-image-19620 aligncenter\" src=\"http:\/\/marthacifuentes.com\/portada\/wp-content\/uploads\/2018\/12\/FALLO-CONTRALORIA-CELEMIN-2.jpg\" alt=\"\" width=\"579\" height=\"822\" srcset=\"https:\/\/marthacifuentes.com\/portada\/wp-content\/uploads\/2018\/12\/FALLO-CONTRALORIA-CELEMIN-2.jpg 579w, https:\/\/marthacifuentes.com\/portada\/wp-content\/uploads\/2018\/12\/FALLO-CONTRALORIA-CELEMIN-2-211x300.jpg 211w\" sizes=\"auto, (max-width: 579px) 100vw, 579px\" \/> <img loading=\"lazy\" decoding=\"async\" class=\"size-large wp-image-19621 aligncenter\" src=\"http:\/\/marthacifuentes.com\/portada\/wp-content\/uploads\/2018\/12\/FALLO-CONTRALORIA-CELEMIN-3.jpg\" alt=\"\" width=\"612\" height=\"834\" srcset=\"https:\/\/marthacifuentes.com\/portada\/wp-content\/uploads\/2018\/12\/FALLO-CONTRALORIA-CELEMIN-3.jpg 612w, https:\/\/marthacifuentes.com\/portada\/wp-content\/uploads\/2018\/12\/FALLO-CONTRALORIA-CELEMIN-3-220x300.jpg 220w\" sizes=\"auto, (max-width: 612px) 100vw, 612px\" \/><\/p>\n<p>&nbsp;<\/p>\n<p>&nbsp;<\/p>\n","protected":false},"excerpt":{"rendered":"<p>La Contralor\u00eda General de la Rep\u00fablica emiti\u00f3 fallo sin responsabilidad fiscal en proceso fiscal que ven\u00eda surtiendo contra el exalcalde de Yopal Willman Celemin, el exgerente de la Eaaay, Edwin Miranda, los contratistas de la planta modular de Yopal, interventores y aseguradoras. Aunque el fallo fue emitido el pasado 5 de diciembre bajo el auto &hellip;<\/p>\n","protected":false},"author":2,"featured_media":19623,"comment_status":"open","ping_status":"open","sticky":false,"template":"","format":"standard","meta":{"om_disable_all_campaigns":false,"_exactmetrics_skip_tracking":false,"_exactmetrics_sitenote_active":false,"_exactmetrics_sitenote_note":"","_exactmetrics_sitenote_category":0,"_monsterinsights_skip_tracking":false,"_monsterinsights_sitenote_active":false,"_monsterinsights_sitenote_note":"","_monsterinsights_sitenote_category":0,"_uf_show_specific_survey":0,"_uf_disable_surveys":false,"_joinchat":[],"footnotes":""},"categories":[147,145],"tags":[252,1373,1099,586,1689,1374,1098,1461,1376],"class_list":["post-19617","post","type-post","status-publish","format-standard","has-post-thumbnail","hentry","category-actualidad","category-reportajes","tag-alcaldia-de-yopal","tag-casanare-noticias","tag-contraloria-general-de-la-republica","tag-eaaay","tag-edwin-miranda","tag-noticias-de-yopal","tag-planta-modular-de-yopal","tag-willman-celemin","tag-yopal-noticias"],"yoast_head":"<!-- This site is optimized with the Yoast SEO plugin v26.1 - https:\/\/yoast.com\/wordpress\/plugins\/seo\/ -->\n<title>Celem\u00edn se salv\u00f3 de fallo fiscal por planta modular de Yopal - \u25b7 Noticias de Casanare : Martha Cifuentes | Casanare<\/title>\n<meta name=\"robots\" content=\"index, follow, max-snippet:-1, max-image-preview:large, max-video-preview:-1\" \/>\n<link rel=\"canonical\" href=\"https:\/\/marthacifuentes.com\/portada\/celemin-se-salvo-de-fallo-fiscal-por-planta-modular-de-yopal\/\" \/>\n<meta property=\"og:locale\" content=\"es_ES\" \/>\n<meta property=\"og:type\" content=\"article\" \/>\n<meta property=\"og:title\" content=\"Celem\u00edn se salv\u00f3 de fallo fiscal por planta modular de Yopal - \u25b7 Noticias de Casanare : Martha Cifuentes | Casanare\" \/>\n<meta property=\"og:description\" content=\"La Contralor\u00eda General de la Rep\u00fablica emiti\u00f3 fallo sin responsabilidad fiscal en proceso fiscal que ven\u00eda surtiendo contra el exalcalde de Yopal Willman Celemin, el exgerente de la Eaaay, Edwin Miranda, los contratistas de la planta modular de Yopal, interventores y aseguradoras. Aunque el fallo fue emitido el pasado 5 de diciembre bajo el auto &hellip;\" \/>\n<meta property=\"og:url\" content=\"https:\/\/marthacifuentes.com\/portada\/celemin-se-salvo-de-fallo-fiscal-por-planta-modular-de-yopal\/\" \/>\n<meta property=\"og:site_name\" content=\"\u25b7 Noticias de Casanare : Martha Cifuentes | Casanare\" \/>\n<meta property=\"article:published_time\" content=\"2018-12-07T13:07:45+00:00\" \/>\n<meta property=\"article:modified_time\" content=\"2018-12-07T13:10:52+00:00\" \/>\n<meta property=\"og:image\" content=\"https:\/\/marthacifuentes.com\/portada\/wp-content\/uploads\/2018\/12\/celemin-miranda-salcedo-etc-1-1024x561.jpg\" \/>\n\t<meta property=\"og:image:width\" content=\"1024\" \/>\n\t<meta property=\"og:image:height\" content=\"561\" \/>\n\t<meta property=\"og:image:type\" content=\"image\/jpeg\" \/>\n<meta name=\"author\" content=\"Martha Cifuentes\" \/>\n<meta name=\"twitter:card\" content=\"summary_large_image\" \/>\n<meta name=\"twitter:label1\" content=\"Escrito por\" \/>\n\t<meta name=\"twitter:data1\" content=\"Martha Cifuentes\" \/>\n\t<meta name=\"twitter:label2\" content=\"Tiempo de lectura\" \/>\n\t<meta name=\"twitter:data2\" content=\"2 minutos\" \/>\n<script type=\"application\/ld+json\" class=\"yoast-schema-graph\">{\"@context\":\"https:\/\/schema.org\",\"@graph\":[{\"@type\":\"WebPage\",\"@id\":\"https:\/\/marthacifuentes.com\/portada\/celemin-se-salvo-de-fallo-fiscal-por-planta-modular-de-yopal\/\",\"url\":\"https:\/\/marthacifuentes.com\/portada\/celemin-se-salvo-de-fallo-fiscal-por-planta-modular-de-yopal\/\",\"name\":\"Celem\u00edn se salv\u00f3 de fallo fiscal por planta modular de Yopal - \u25b7 Noticias de Casanare : Martha Cifuentes | Casanare\",\"isPartOf\":{\"@id\":\"https:\/\/marthacifuentes.com\/portada\/#website\"},\"primaryImageOfPage\":{\"@id\":\"https:\/\/marthacifuentes.com\/portada\/celemin-se-salvo-de-fallo-fiscal-por-planta-modular-de-yopal\/#primaryimage\"},\"image\":{\"@id\":\"https:\/\/marthacifuentes.com\/portada\/celemin-se-salvo-de-fallo-fiscal-por-planta-modular-de-yopal\/#primaryimage\"},\"thumbnailUrl\":\"https:\/\/marthacifuentes.com\/portada\/wp-content\/uploads\/2018\/12\/celemin-miranda-salcedo-etc-1.jpg\",\"datePublished\":\"2018-12-07T13:07:45+00:00\",\"dateModified\":\"2018-12-07T13:10:52+00:00\",\"author\":{\"@id\":\"https:\/\/marthacifuentes.com\/portada\/#\/schema\/person\/57f53174b991db5f90ff78d58502b714\"},\"breadcrumb\":{\"@id\":\"https:\/\/marthacifuentes.com\/portada\/celemin-se-salvo-de-fallo-fiscal-por-planta-modular-de-yopal\/#breadcrumb\"},\"inLanguage\":\"es\",\"potentialAction\":[{\"@type\":\"ReadAction\",\"target\":[\"https:\/\/marthacifuentes.com\/portada\/celemin-se-salvo-de-fallo-fiscal-por-planta-modular-de-yopal\/\"]}]},{\"@type\":\"ImageObject\",\"inLanguage\":\"es\",\"@id\":\"https:\/\/marthacifuentes.com\/portada\/celemin-se-salvo-de-fallo-fiscal-por-planta-modular-de-yopal\/#primaryimage\",\"url\":\"https:\/\/marthacifuentes.com\/portada\/wp-content\/uploads\/2018\/12\/celemin-miranda-salcedo-etc-1.jpg\",\"contentUrl\":\"https:\/\/marthacifuentes.com\/portada\/wp-content\/uploads\/2018\/12\/celemin-miranda-salcedo-etc-1.jpg\",\"width\":3264,\"height\":1788},{\"@type\":\"BreadcrumbList\",\"@id\":\"https:\/\/marthacifuentes.com\/portada\/celemin-se-salvo-de-fallo-fiscal-por-planta-modular-de-yopal\/#breadcrumb\",\"itemListElement\":[{\"@type\":\"ListItem\",\"position\":1,\"name\":\"Portada\",\"item\":\"https:\/\/marthacifuentes.com\/portada\/\"},{\"@type\":\"ListItem\",\"position\":2,\"name\":\"Celem\u00edn se salv\u00f3 de fallo fiscal por planta modular de Yopal\"}]},{\"@type\":\"WebSite\",\"@id\":\"https:\/\/marthacifuentes.com\/portada\/#website\",\"url\":\"https:\/\/marthacifuentes.com\/portada\/\",\"name\":\"\u25b7 Noticias de Casanare : Martha Cifuentes | Casanare\",\"description\":\"Noticias &amp; Contenidos\",\"potentialAction\":[{\"@type\":\"SearchAction\",\"target\":{\"@type\":\"EntryPoint\",\"urlTemplate\":\"https:\/\/marthacifuentes.com\/portada\/?s={search_term_string}\"},\"query-input\":{\"@type\":\"PropertyValueSpecification\",\"valueRequired\":true,\"valueName\":\"search_term_string\"}}],\"inLanguage\":\"es\"},{\"@type\":\"Person\",\"@id\":\"https:\/\/marthacifuentes.com\/portada\/#\/schema\/person\/57f53174b991db5f90ff78d58502b714\",\"name\":\"Martha Cifuentes\",\"image\":{\"@type\":\"ImageObject\",\"inLanguage\":\"es\",\"@id\":\"https:\/\/marthacifuentes.com\/portada\/#\/schema\/person\/image\/\",\"url\":\"http:\/\/marthacifuentes.com\/portada\/wp-content\/uploads\/2018\/06\/avatar_user_2_1528838701-96x96.jpg\",\"contentUrl\":\"http:\/\/marthacifuentes.com\/portada\/wp-content\/uploads\/2018\/06\/avatar_user_2_1528838701-96x96.jpg\",\"caption\":\"Martha Cifuentes\"},\"sameAs\":[\"http:\/\/www.marthacifuentes.com\"],\"url\":\"https:\/\/marthacifuentes.com\/portada\/author\/martha\/\"}]}<\/script>\n<!-- \/ Yoast SEO plugin. -->","yoast_head_json":{"title":"Celem\u00edn se salv\u00f3 de fallo fiscal por planta modular de Yopal - \u25b7 Noticias de Casanare : Martha Cifuentes | Casanare","robots":{"index":"index","follow":"follow","max-snippet":"max-snippet:-1","max-image-preview":"max-image-preview:large","max-video-preview":"max-video-preview:-1"},"canonical":"https:\/\/marthacifuentes.com\/portada\/celemin-se-salvo-de-fallo-fiscal-por-planta-modular-de-yopal\/","og_locale":"es_ES","og_type":"article","og_title":"Celem\u00edn se salv\u00f3 de fallo fiscal por planta modular de Yopal - \u25b7 Noticias de Casanare : Martha Cifuentes | Casanare","og_description":"La Contralor\u00eda General de la Rep\u00fablica emiti\u00f3 fallo sin responsabilidad fiscal en proceso fiscal que ven\u00eda surtiendo contra el exalcalde de Yopal Willman Celemin, el exgerente de la Eaaay, Edwin Miranda, los contratistas de la planta modular de Yopal, interventores y aseguradoras. Aunque el fallo fue emitido el pasado 5 de diciembre bajo el auto &hellip;","og_url":"https:\/\/marthacifuentes.com\/portada\/celemin-se-salvo-de-fallo-fiscal-por-planta-modular-de-yopal\/","og_site_name":"\u25b7 Noticias de Casanare : Martha Cifuentes | Casanare","article_published_time":"2018-12-07T13:07:45+00:00","article_modified_time":"2018-12-07T13:10:52+00:00","og_image":[{"width":1024,"height":561,"url":"https:\/\/marthacifuentes.com\/portada\/wp-content\/uploads\/2018\/12\/celemin-miranda-salcedo-etc-1-1024x561.jpg","type":"image\/jpeg"}],"author":"Martha Cifuentes","twitter_card":"summary_large_image","twitter_misc":{"Escrito por":"Martha Cifuentes","Tiempo de lectura":"2 minutos"},"schema":{"@context":"https:\/\/schema.org","@graph":[{"@type":"WebPage","@id":"https:\/\/marthacifuentes.com\/portada\/celemin-se-salvo-de-fallo-fiscal-por-planta-modular-de-yopal\/","url":"https:\/\/marthacifuentes.com\/portada\/celemin-se-salvo-de-fallo-fiscal-por-planta-modular-de-yopal\/","name":"Celem\u00edn se salv\u00f3 de fallo fiscal por planta modular de Yopal - \u25b7 Noticias de Casanare : Martha Cifuentes | Casanare","isPartOf":{"@id":"https:\/\/marthacifuentes.com\/portada\/#website"},"primaryImageOfPage":{"@id":"https:\/\/marthacifuentes.com\/portada\/celemin-se-salvo-de-fallo-fiscal-por-planta-modular-de-yopal\/#primaryimage"},"image":{"@id":"https:\/\/marthacifuentes.com\/portada\/celemin-se-salvo-de-fallo-fiscal-por-planta-modular-de-yopal\/#primaryimage"},"thumbnailUrl":"https:\/\/marthacifuentes.com\/portada\/wp-content\/uploads\/2018\/12\/celemin-miranda-salcedo-etc-1.jpg","datePublished":"2018-12-07T13:07:45+00:00","dateModified":"2018-12-07T13:10:52+00:00","author":{"@id":"https:\/\/marthacifuentes.com\/portada\/#\/schema\/person\/57f53174b991db5f90ff78d58502b714"},"breadcrumb":{"@id":"https:\/\/marthacifuentes.com\/portada\/celemin-se-salvo-de-fallo-fiscal-por-planta-modular-de-yopal\/#breadcrumb"},"inLanguage":"es","potentialAction":[{"@type":"ReadAction","target":["https:\/\/marthacifuentes.com\/portada\/celemin-se-salvo-de-fallo-fiscal-por-planta-modular-de-yopal\/"]}]},{"@type":"ImageObject","inLanguage":"es","@id":"https:\/\/marthacifuentes.com\/portada\/celemin-se-salvo-de-fallo-fiscal-por-planta-modular-de-yopal\/#primaryimage","url":"https:\/\/marthacifuentes.com\/portada\/wp-content\/uploads\/2018\/12\/celemin-miranda-salcedo-etc-1.jpg","contentUrl":"https:\/\/marthacifuentes.com\/portada\/wp-content\/uploads\/2018\/12\/celemin-miranda-salcedo-etc-1.jpg","width":3264,"height":1788},{"@type":"BreadcrumbList","@id":"https:\/\/marthacifuentes.com\/portada\/celemin-se-salvo-de-fallo-fiscal-por-planta-modular-de-yopal\/#breadcrumb","itemListElement":[{"@type":"ListItem","position":1,"name":"Portada","item":"https:\/\/marthacifuentes.com\/portada\/"},{"@type":"ListItem","position":2,"name":"Celem\u00edn se salv\u00f3 de fallo fiscal por planta modular de Yopal"}]},{"@type":"WebSite","@id":"https:\/\/marthacifuentes.com\/portada\/#website","url":"https:\/\/marthacifuentes.com\/portada\/","name":"\u25b7 Noticias de Casanare : Martha Cifuentes | Casanare","description":"Noticias &amp; Contenidos","potentialAction":[{"@type":"SearchAction","target":{"@type":"EntryPoint","urlTemplate":"https:\/\/marthacifuentes.com\/portada\/?s={search_term_string}"},"query-input":{"@type":"PropertyValueSpecification","valueRequired":true,"valueName":"search_term_string"}}],"inLanguage":"es"},{"@type":"Person","@id":"https:\/\/marthacifuentes.com\/portada\/#\/schema\/person\/57f53174b991db5f90ff78d58502b714","name":"Martha Cifuentes","image":{"@type":"ImageObject","inLanguage":"es","@id":"https:\/\/marthacifuentes.com\/portada\/#\/schema\/person\/image\/","url":"http:\/\/marthacifuentes.com\/portada\/wp-content\/uploads\/2018\/06\/avatar_user_2_1528838701-96x96.jpg","contentUrl":"http:\/\/marthacifuentes.com\/portada\/wp-content\/uploads\/2018\/06\/avatar_user_2_1528838701-96x96.jpg","caption":"Martha Cifuentes"},"sameAs":["http:\/\/www.marthacifuentes.com"],"url":"https:\/\/marthacifuentes.com\/portada\/author\/martha\/"}]}},"_links":{"self":[{"href":"https:\/\/marthacifuentes.com\/portada\/wp-json\/wp\/v2\/posts\/19617","targetHints":{"allow":["GET"]}}],"collection":[{"href":"https:\/\/marthacifuentes.com\/portada\/wp-json\/wp\/v2\/posts"}],"about":[{"href":"https:\/\/marthacifuentes.com\/portada\/wp-json\/wp\/v2\/types\/post"}],"author":[{"embeddable":true,"href":"https:\/\/marthacifuentes.com\/portada\/wp-json\/wp\/v2\/users\/2"}],"replies":[{"embeddable":true,"href":"https:\/\/marthacifuentes.com\/portada\/wp-json\/wp\/v2\/comments?post=19617"}],"version-history":[{"count":0,"href":"https:\/\/marthacifuentes.com\/portada\/wp-json\/wp\/v2\/posts\/19617\/revisions"}],"wp:featuredmedia":[{"embeddable":true,"href":"https:\/\/marthacifuentes.com\/portada\/wp-json\/wp\/v2\/media\/19623"}],"wp:attachment":[{"href":"https:\/\/marthacifuentes.com\/portada\/wp-json\/wp\/v2\/media?parent=19617"}],"wp:term":[{"taxonomy":"category","embeddable":true,"href":"https:\/\/marthacifuentes.com\/portada\/wp-json\/wp\/v2\/categories?post=19617"},{"taxonomy":"post_tag","embeddable":true,"href":"https:\/\/marthacifuentes.com\/portada\/wp-json\/wp\/v2\/tags?post=19617"}],"curies":[{"name":"wp","href":"https:\/\/api.w.org\/{rel}","templated":true}]}}