{"id":19708,"date":"2018-12-18T08:18:32","date_gmt":"2018-12-18T13:18:32","guid":{"rendered":"http:\/\/marthacifuentes.com\/portada\/?p=19708"},"modified":"2018-12-18T08:18:32","modified_gmt":"2018-12-18T13:18:32","slug":"dos-policias-heridos-en-via-pore-paz-de-ariporo","status":"publish","type":"post","link":"https:\/\/marthacifuentes.com\/portada\/dos-policias-heridos-en-via-pore-paz-de-ariporo\/","title":{"rendered":"Dos polic\u00edas heridos en v\u00eda Pore-Paz de Ariporo"},"content":{"rendered":"<p style=\"text-align: justify;\"><strong>Dos patrulleros de la polic\u00eda heridos deja un ataque con explosivos en la v\u00eda Pore \u2013 Paz de Ariporo, en hechos ocurridos en la tarde de ayer. Aunque se encuentran fuera de peligro presentan heridas y fracturas en un brazo y una pierna, respectivamente. <\/strong><\/p>\n<p style=\"text-align: justify;\">El hecho se present\u00f3 horas antes de que el presidente Iv\u00e1n Duque, la vicepresidenta, Martha Luc\u00eda Ram\u00edrez y una gran comitiva arribe al municipio de Pore, donde se har\u00e1 el acto de apertura oficial de la conmemoraci\u00f3n del Bicentenario de la libertad de Colombia de Espa\u00f1a.<\/p>\n<p style=\"text-align: justify;\">Los afectados fueron el intendente Fredy Tibaduiza G\u00f3mez y el patrullero Robinson Ariza Jim\u00e9nez. Uno de ellos fue afectado en el antebrazo izquierdo y presentaba m\u00faltiples esquirlas. Fue atendido por el servicio de ortopedia. El otro polic\u00eda tiene fractura abierta de su tibia y peron\u00e9 en su pierna izquierda.<\/p>\n<p style=\"text-align: justify;\">De acuerdo con el comandante de la polic\u00eda en Casanare, Jos\u00e9 Luis Ram\u00edrez, los uniformados, miembros de la Seccional de Tr\u00e1nsito y Transporte de la Unidad \u00a0de Intervenci\u00f3n y Reacci\u00f3n Inmediata, UNIR, fueron atacados con explosivos cuando se desplazaban en su motocicleta.<\/p>\n<p style=\"text-align: justify;\">Al lugar se traslad\u00f3 personal antiexplosivos para determinar la cantidad y material usado en el atentado contra los polic\u00edas. Se desconocen los responsables de este hecho.<\/p>\n<p>&nbsp;<\/p>\n<p>&nbsp;<\/p>\n<p>&nbsp;<\/p>\n","protected":false},"excerpt":{"rendered":"<p>Dos patrulleros de la polic\u00eda heridos deja un ataque con explosivos en la v\u00eda Pore \u2013 Paz de Ariporo, en hechos ocurridos en la tarde de ayer. Aunque se encuentran fuera de peligro presentan heridas y fracturas en un brazo y una pierna, respectivamente. El hecho se present\u00f3 horas antes de que el presidente Iv\u00e1n &hellip;<\/p>\n","protected":false},"author":2,"featured_media":19709,"comment_status":"open","ping_status":"open","sticky":false,"template":"","format":"standard","meta":{"om_disable_all_campaigns":false,"_exactmetrics_skip_tracking":false,"_exactmetrics_sitenote_active":false,"_exactmetrics_sitenote_note":"","_exactmetrics_sitenote_category":0,"_monsterinsights_skip_tracking":false,"_monsterinsights_sitenote_active":false,"_monsterinsights_sitenote_note":"","_monsterinsights_sitenote_category":0,"_uf_show_specific_survey":0,"_uf_disable_surveys":false,"_joinchat":[],"footnotes":""},"categories":[147],"tags":[1762,1760,1373,1372,1754,1374,1761,1759,1763],"class_list":["post-19708","post","type-post","status-publish","format-standard","has-post-thumbnail","hentry","category-actualidad","tag-ataque-a-policias-en-via-pore-paz-de-ariporo","tag-atentado-policias-pore","tag-casanare-noticias","tag-noticias-de-casanare","tag-noticias-de-pore","tag-noticias-de-yopal","tag-policia-casanare","tag-policias-heridos-pore","tag-pore-noticias"],"yoast_head":"<!-- This site is optimized with the Yoast SEO plugin v26.1 - https:\/\/yoast.com\/wordpress\/plugins\/seo\/ -->\n<title>Dos polic\u00edas heridos en v\u00eda Pore-Paz de Ariporo - \u25b7 Noticias de Casanare : Martha Cifuentes | Casanare<\/title>\n<meta name=\"robots\" content=\"index, follow, max-snippet:-1, max-image-preview:large, max-video-preview:-1\" \/>\n<link rel=\"canonical\" href=\"https:\/\/marthacifuentes.com\/portada\/dos-policias-heridos-en-via-pore-paz-de-ariporo\/\" \/>\n<meta property=\"og:locale\" content=\"es_ES\" \/>\n<meta property=\"og:type\" content=\"article\" \/>\n<meta property=\"og:title\" content=\"Dos polic\u00edas heridos en v\u00eda Pore-Paz de Ariporo - \u25b7 Noticias de Casanare : Martha Cifuentes | Casanare\" \/>\n<meta property=\"og:description\" content=\"Dos patrulleros de la polic\u00eda heridos deja un ataque con explosivos en la v\u00eda Pore \u2013 Paz de Ariporo, en hechos ocurridos en la tarde de ayer. Aunque se encuentran fuera de peligro presentan heridas y fracturas en un brazo y una pierna, respectivamente. El hecho se present\u00f3 horas antes de que el presidente Iv\u00e1n &hellip;\" \/>\n<meta property=\"og:url\" content=\"https:\/\/marthacifuentes.com\/portada\/dos-policias-heridos-en-via-pore-paz-de-ariporo\/\" \/>\n<meta property=\"og:site_name\" content=\"\u25b7 Noticias de Casanare : Martha Cifuentes | Casanare\" \/>\n<meta property=\"article:published_time\" content=\"2018-12-18T13:18:32+00:00\" \/>\n<meta property=\"og:image\" content=\"https:\/\/marthacifuentes.com\/portada\/wp-content\/uploads\/2018\/12\/atentado-polic\u00edas-pore.jpg\" \/>\n\t<meta property=\"og:image:width\" content=\"720\" \/>\n\t<meta property=\"og:image:height\" content=\"540\" \/>\n\t<meta property=\"og:image:type\" content=\"image\/jpeg\" \/>\n<meta name=\"author\" content=\"Martha Cifuentes\" \/>\n<meta name=\"twitter:card\" content=\"summary_large_image\" \/>\n<meta name=\"twitter:label1\" content=\"Escrito por\" \/>\n\t<meta name=\"twitter:data1\" content=\"Martha Cifuentes\" \/>\n\t<meta name=\"twitter:label2\" content=\"Tiempo de lectura\" \/>\n\t<meta name=\"twitter:data2\" content=\"1 minuto\" \/>\n<script type=\"application\/ld+json\" class=\"yoast-schema-graph\">{\"@context\":\"https:\/\/schema.org\",\"@graph\":[{\"@type\":\"WebPage\",\"@id\":\"https:\/\/marthacifuentes.com\/portada\/dos-policias-heridos-en-via-pore-paz-de-ariporo\/\",\"url\":\"https:\/\/marthacifuentes.com\/portada\/dos-policias-heridos-en-via-pore-paz-de-ariporo\/\",\"name\":\"Dos polic\u00edas heridos en v\u00eda Pore-Paz de Ariporo - \u25b7 Noticias de Casanare : Martha Cifuentes | Casanare\",\"isPartOf\":{\"@id\":\"https:\/\/marthacifuentes.com\/portada\/#website\"},\"primaryImageOfPage\":{\"@id\":\"https:\/\/marthacifuentes.com\/portada\/dos-policias-heridos-en-via-pore-paz-de-ariporo\/#primaryimage\"},\"image\":{\"@id\":\"https:\/\/marthacifuentes.com\/portada\/dos-policias-heridos-en-via-pore-paz-de-ariporo\/#primaryimage\"},\"thumbnailUrl\":\"https:\/\/marthacifuentes.com\/portada\/wp-content\/uploads\/2018\/12\/atentado-polic\u00edas-pore.jpg\",\"datePublished\":\"2018-12-18T13:18:32+00:00\",\"author\":{\"@id\":\"https:\/\/marthacifuentes.com\/portada\/#\/schema\/person\/57f53174b991db5f90ff78d58502b714\"},\"breadcrumb\":{\"@id\":\"https:\/\/marthacifuentes.com\/portada\/dos-policias-heridos-en-via-pore-paz-de-ariporo\/#breadcrumb\"},\"inLanguage\":\"es\",\"potentialAction\":[{\"@type\":\"ReadAction\",\"target\":[\"https:\/\/marthacifuentes.com\/portada\/dos-policias-heridos-en-via-pore-paz-de-ariporo\/\"]}]},{\"@type\":\"ImageObject\",\"inLanguage\":\"es\",\"@id\":\"https:\/\/marthacifuentes.com\/portada\/dos-policias-heridos-en-via-pore-paz-de-ariporo\/#primaryimage\",\"url\":\"https:\/\/marthacifuentes.com\/portada\/wp-content\/uploads\/2018\/12\/atentado-polic\u00edas-pore.jpg\",\"contentUrl\":\"https:\/\/marthacifuentes.com\/portada\/wp-content\/uploads\/2018\/12\/atentado-polic\u00edas-pore.jpg\",\"width\":720,\"height\":540},{\"@type\":\"BreadcrumbList\",\"@id\":\"https:\/\/marthacifuentes.com\/portada\/dos-policias-heridos-en-via-pore-paz-de-ariporo\/#breadcrumb\",\"itemListElement\":[{\"@type\":\"ListItem\",\"position\":1,\"name\":\"Portada\",\"item\":\"https:\/\/marthacifuentes.com\/portada\/\"},{\"@type\":\"ListItem\",\"position\":2,\"name\":\"Dos polic\u00edas heridos en v\u00eda Pore-Paz de Ariporo\"}]},{\"@type\":\"WebSite\",\"@id\":\"https:\/\/marthacifuentes.com\/portada\/#website\",\"url\":\"https:\/\/marthacifuentes.com\/portada\/\",\"name\":\"\u25b7 Noticias de Casanare : Martha Cifuentes | Casanare\",\"description\":\"Noticias &amp; Contenidos\",\"potentialAction\":[{\"@type\":\"SearchAction\",\"target\":{\"@type\":\"EntryPoint\",\"urlTemplate\":\"https:\/\/marthacifuentes.com\/portada\/?s={search_term_string}\"},\"query-input\":{\"@type\":\"PropertyValueSpecification\",\"valueRequired\":true,\"valueName\":\"search_term_string\"}}],\"inLanguage\":\"es\"},{\"@type\":\"Person\",\"@id\":\"https:\/\/marthacifuentes.com\/portada\/#\/schema\/person\/57f53174b991db5f90ff78d58502b714\",\"name\":\"Martha Cifuentes\",\"image\":{\"@type\":\"ImageObject\",\"inLanguage\":\"es\",\"@id\":\"https:\/\/marthacifuentes.com\/portada\/#\/schema\/person\/image\/\",\"url\":\"http:\/\/marthacifuentes.com\/portada\/wp-content\/uploads\/2018\/06\/avatar_user_2_1528838701-96x96.jpg\",\"contentUrl\":\"http:\/\/marthacifuentes.com\/portada\/wp-content\/uploads\/2018\/06\/avatar_user_2_1528838701-96x96.jpg\",\"caption\":\"Martha Cifuentes\"},\"sameAs\":[\"http:\/\/www.marthacifuentes.com\"],\"url\":\"https:\/\/marthacifuentes.com\/portada\/author\/martha\/\"}]}<\/script>\n<!-- \/ Yoast SEO plugin. -->","yoast_head_json":{"title":"Dos polic\u00edas heridos en v\u00eda Pore-Paz de Ariporo - \u25b7 Noticias de Casanare : Martha Cifuentes | Casanare","robots":{"index":"index","follow":"follow","max-snippet":"max-snippet:-1","max-image-preview":"max-image-preview:large","max-video-preview":"max-video-preview:-1"},"canonical":"https:\/\/marthacifuentes.com\/portada\/dos-policias-heridos-en-via-pore-paz-de-ariporo\/","og_locale":"es_ES","og_type":"article","og_title":"Dos polic\u00edas heridos en v\u00eda Pore-Paz de Ariporo - \u25b7 Noticias de Casanare : Martha Cifuentes | Casanare","og_description":"Dos patrulleros de la polic\u00eda heridos deja un ataque con explosivos en la v\u00eda Pore \u2013 Paz de Ariporo, en hechos ocurridos en la tarde de ayer. Aunque se encuentran fuera de peligro presentan heridas y fracturas en un brazo y una pierna, respectivamente. El hecho se present\u00f3 horas antes de que el presidente Iv\u00e1n &hellip;","og_url":"https:\/\/marthacifuentes.com\/portada\/dos-policias-heridos-en-via-pore-paz-de-ariporo\/","og_site_name":"\u25b7 Noticias de Casanare : Martha Cifuentes | Casanare","article_published_time":"2018-12-18T13:18:32+00:00","og_image":[{"width":720,"height":540,"url":"https:\/\/marthacifuentes.com\/portada\/wp-content\/uploads\/2018\/12\/atentado-polic\u00edas-pore.jpg","type":"image\/jpeg"}],"author":"Martha Cifuentes","twitter_card":"summary_large_image","twitter_misc":{"Escrito por":"Martha Cifuentes","Tiempo de lectura":"1 minuto"},"schema":{"@context":"https:\/\/schema.org","@graph":[{"@type":"WebPage","@id":"https:\/\/marthacifuentes.com\/portada\/dos-policias-heridos-en-via-pore-paz-de-ariporo\/","url":"https:\/\/marthacifuentes.com\/portada\/dos-policias-heridos-en-via-pore-paz-de-ariporo\/","name":"Dos polic\u00edas heridos en v\u00eda Pore-Paz de Ariporo - \u25b7 Noticias de Casanare : Martha Cifuentes | Casanare","isPartOf":{"@id":"https:\/\/marthacifuentes.com\/portada\/#website"},"primaryImageOfPage":{"@id":"https:\/\/marthacifuentes.com\/portada\/dos-policias-heridos-en-via-pore-paz-de-ariporo\/#primaryimage"},"image":{"@id":"https:\/\/marthacifuentes.com\/portada\/dos-policias-heridos-en-via-pore-paz-de-ariporo\/#primaryimage"},"thumbnailUrl":"https:\/\/marthacifuentes.com\/portada\/wp-content\/uploads\/2018\/12\/atentado-polic\u00edas-pore.jpg","datePublished":"2018-12-18T13:18:32+00:00","author":{"@id":"https:\/\/marthacifuentes.com\/portada\/#\/schema\/person\/57f53174b991db5f90ff78d58502b714"},"breadcrumb":{"@id":"https:\/\/marthacifuentes.com\/portada\/dos-policias-heridos-en-via-pore-paz-de-ariporo\/#breadcrumb"},"inLanguage":"es","potentialAction":[{"@type":"ReadAction","target":["https:\/\/marthacifuentes.com\/portada\/dos-policias-heridos-en-via-pore-paz-de-ariporo\/"]}]},{"@type":"ImageObject","inLanguage":"es","@id":"https:\/\/marthacifuentes.com\/portada\/dos-policias-heridos-en-via-pore-paz-de-ariporo\/#primaryimage","url":"https:\/\/marthacifuentes.com\/portada\/wp-content\/uploads\/2018\/12\/atentado-polic\u00edas-pore.jpg","contentUrl":"https:\/\/marthacifuentes.com\/portada\/wp-content\/uploads\/2018\/12\/atentado-polic\u00edas-pore.jpg","width":720,"height":540},{"@type":"BreadcrumbList","@id":"https:\/\/marthacifuentes.com\/portada\/dos-policias-heridos-en-via-pore-paz-de-ariporo\/#breadcrumb","itemListElement":[{"@type":"ListItem","position":1,"name":"Portada","item":"https:\/\/marthacifuentes.com\/portada\/"},{"@type":"ListItem","position":2,"name":"Dos polic\u00edas heridos en v\u00eda Pore-Paz de Ariporo"}]},{"@type":"WebSite","@id":"https:\/\/marthacifuentes.com\/portada\/#website","url":"https:\/\/marthacifuentes.com\/portada\/","name":"\u25b7 Noticias de Casanare : Martha Cifuentes | Casanare","description":"Noticias &amp; Contenidos","potentialAction":[{"@type":"SearchAction","target":{"@type":"EntryPoint","urlTemplate":"https:\/\/marthacifuentes.com\/portada\/?s={search_term_string}"},"query-input":{"@type":"PropertyValueSpecification","valueRequired":true,"valueName":"search_term_string"}}],"inLanguage":"es"},{"@type":"Person","@id":"https:\/\/marthacifuentes.com\/portada\/#\/schema\/person\/57f53174b991db5f90ff78d58502b714","name":"Martha Cifuentes","image":{"@type":"ImageObject","inLanguage":"es","@id":"https:\/\/marthacifuentes.com\/portada\/#\/schema\/person\/image\/","url":"http:\/\/marthacifuentes.com\/portada\/wp-content\/uploads\/2018\/06\/avatar_user_2_1528838701-96x96.jpg","contentUrl":"http:\/\/marthacifuentes.com\/portada\/wp-content\/uploads\/2018\/06\/avatar_user_2_1528838701-96x96.jpg","caption":"Martha Cifuentes"},"sameAs":["http:\/\/www.marthacifuentes.com"],"url":"https:\/\/marthacifuentes.com\/portada\/author\/martha\/"}]}},"_links":{"self":[{"href":"https:\/\/marthacifuentes.com\/portada\/wp-json\/wp\/v2\/posts\/19708","targetHints":{"allow":["GET"]}}],"collection":[{"href":"https:\/\/marthacifuentes.com\/portada\/wp-json\/wp\/v2\/posts"}],"about":[{"href":"https:\/\/marthacifuentes.com\/portada\/wp-json\/wp\/v2\/types\/post"}],"author":[{"embeddable":true,"href":"https:\/\/marthacifuentes.com\/portada\/wp-json\/wp\/v2\/users\/2"}],"replies":[{"embeddable":true,"href":"https:\/\/marthacifuentes.com\/portada\/wp-json\/wp\/v2\/comments?post=19708"}],"version-history":[{"count":0,"href":"https:\/\/marthacifuentes.com\/portada\/wp-json\/wp\/v2\/posts\/19708\/revisions"}],"wp:featuredmedia":[{"embeddable":true,"href":"https:\/\/marthacifuentes.com\/portada\/wp-json\/wp\/v2\/media\/19709"}],"wp:attachment":[{"href":"https:\/\/marthacifuentes.com\/portada\/wp-json\/wp\/v2\/media?parent=19708"}],"wp:term":[{"taxonomy":"category","embeddable":true,"href":"https:\/\/marthacifuentes.com\/portada\/wp-json\/wp\/v2\/categories?post=19708"},{"taxonomy":"post_tag","embeddable":true,"href":"https:\/\/marthacifuentes.com\/portada\/wp-json\/wp\/v2\/tags?post=19708"}],"curies":[{"name":"wp","href":"https:\/\/api.w.org\/{rel}","templated":true}]}}