{"id":19711,"date":"2018-12-19T06:52:23","date_gmt":"2018-12-19T11:52:23","guid":{"rendered":"http:\/\/marthacifuentes.com\/portada\/?p=19711"},"modified":"2018-12-19T07:17:13","modified_gmt":"2018-12-19T12:17:13","slug":"desplante-a-casanare-desde-la-presidencia-en-conmemoracion-del-bicentenario","status":"publish","type":"post","link":"https:\/\/marthacifuentes.com\/portada\/desplante-a-casanare-desde-la-presidencia-en-conmemoracion-del-bicentenario\/","title":{"rendered":"Desplante a Casanare desde la Presidencia en conmemoraci\u00f3n del Bicentenario"},"content":{"rendered":"<p style=\"text-align: justify;\"><strong>En un inentendible e ins\u00f3lito desplante y arrogancia, la presidencia impidi\u00f3 que el gobernador de Casanare Alirio Barrera hiciera parte de los actos protocolarios en la tarima de la conmemoraci\u00f3n del Bicentenario en Pore, Casanare, al lado del presidente Iv\u00e1n Duque y la vicepresidenta Martha Luc\u00eda Ram\u00edrez.<\/strong><\/p>\n<blockquote>\n<p style=\"text-align: justify;\">De acuerdo con versiones del twitter del peri\u00f3dico El Nuevo Oriente, el mandatario casanare\u00f1o al tratar de acceder a la tarima para estar al lado del presidente, fue informado por el personal de protocolo de la presidencia que deb\u00eda ubicarse con los dem\u00e1s gobernadores. Esto gener\u00f3 la indisposici\u00f3n de \u00e9l y sus hom\u00f3logos que lo catalogaron como un desplante del gobierno central.<\/p>\n<\/blockquote>\n<blockquote class=\"twitter-tweet\" data-width=\"500\" data-dnt=\"true\">\n<p lang=\"es\" dir=\"ltr\">Ante desplante con <a href=\"https:\/\/twitter.com\/GobCasanare?ref_src=twsrc%5Etfw\">@GobCasanare<\/a> a quien protocolo <a href=\"https:\/\/twitter.com\/infopresidencia?ref_src=twsrc%5Etfw\">@infopresidencia<\/a> impidi\u00f3 acceso a tarima evento en <a href=\"https:\/\/twitter.com\/PORECAS?ref_src=twsrc%5Etfw\">@PORECAS<\/a> el propio <a href=\"https:\/\/twitter.com\/IvanDuque?ref_src=twsrc%5Etfw\">@IvanDuque<\/a> y <a href=\"https:\/\/twitter.com\/ViceColombia?ref_src=twsrc%5Etfw\">@ViceColombia<\/a> le ofrecen disculpas y le piden regresar a recinto. Desplante BICENTENARIO. <a href=\"https:\/\/t.co\/dR99lT8DlY\">pic.twitter.com\/dR99lT8DlY<\/a><\/p>\n<p>&mdash; El Nuevo Oriente (@El_NuevoOriente) <a href=\"https:\/\/twitter.com\/El_NuevoOriente\/status\/1075166953768189953?ref_src=twsrc%5Etfw\">December 18, 2018<\/a><\/p><\/blockquote>\n<p><script async src=\"https:\/\/platform.twitter.com\/widgets.js\" charset=\"utf-8\"><\/script><\/p>\n<p style=\"text-align: justify;\">De acuerdo con semana.com el hecho de que no se permitiera al gobernador compartir la presentaci\u00f3n en tarima con el presidente no hubiera pasado a mayores sino es porque miembros de la log\u00edstica retiraron del lugar asignado \u201ca las malas y a empujones\u201d a su esposa Marisela Duarte. En ese momento Alirio Barrera, \u00fanico gobernador del Centro Democr\u00e1tico en el pa\u00eds, se par\u00f3 de su silla muy molesto y se fue a sentar entre el p\u00fablico.<\/p>\n<p style=\"text-align: justify;\">Narra semana.com que cuando el presidente se percat\u00f3 de la ausencia del gobernador mand\u00f3 a llamarlo. Inicialmente sus subordinados lo llamaron a trav\u00e9s de los micr\u00f3fonos del escenario pero el mandatario llanero no acudi\u00f3. Luego se envi\u00f3 a cinco emisarios, incluida la ministra de Cultura, Carmen V\u00e1squez, que tampoco lograron el objetivo. Finalmente le toc\u00f3 al propio Iv\u00e1n Duque y Martha Luc\u00eda Ram\u00edrez, bajar y buscar al enojado anfitri\u00f3n para ofrecerle disculpas por el desplante, en una conversaci\u00f3n que se prolong\u00f3 cerca de una hora.<\/p>\n<p><a href=\"https:\/\/www.semana.com\/confidenciales-semanacom\/articulo\/gobernador-del-casanare-muy-molesto-por-desplante-de-la-presidencia-con-su-esposa\/595469\">https:\/\/www.semana.com\/confidenciales-semanacom\/articulo\/gobernador-del-casanare-muy-molesto-por-desplante-de-la-presidencia-con-su-esposa\/595469<\/a><\/p>\n<p>Aunque el mandatario casanare\u00f1o expres\u00f3 que \u00e9l no quer\u00eda protagonismo s\u00ed que se reconozca el enorme papel que tuvieron los casanare\u00f1os en la gesta libertadora y que su regi\u00f3n sea beneficiada con inversi\u00f3n y desarrollo.<\/p>\n<p style=\"text-align: justify;\">El hecho tuvo connotaci\u00f3n nacional en los medios de comunicaci\u00f3n y en redes sociales, donde informaron y repudiaron el incidente, que opac\u00f3 el inicio de celebraciones del Bicentenario del logro de la libertad de Colombia frente al yugo espa\u00f1ol.<\/p>\n<p style=\"text-align: justify;\">El gobernador de Arauca, Ricardo Alvarado expres\u00f3 que quisieron ver al gobernador en la tarima porque representaba la llaneridad, el arraigo y la identidad cultural de la regi\u00f3n pero esto no fue posible por los yerros del protocolo de la presidencia. Disculp\u00f3 al presidente del cual dijo no deb\u00eda estar enterado del manejo dado al tema.<\/p>\n<p style=\"text-align: justify;\">En su cuenta de twitter el gobernador de Cauca, Oscar Campo, expres\u00f3 que los del protocolo poco saben de protocolo y felicit\u00f3 al gobernador por su hospitalidad y el esmero con que organiz\u00f3 el acto de inicio de conmemoraci\u00f3n del Bicentenario en Pore.<\/p>\n<blockquote class=\"twitter-tweet\" data-width=\"500\" data-dnt=\"true\">\n<p lang=\"es\" dir=\"ltr\">Felicito al gobernador de <a href=\"https:\/\/twitter.com\/hashtag\/Casanare?src=hash&amp;ref_src=twsrc%5Etfw\">#Casanare<\/a> por su hospitalidad, por el esmero y amor con que organiz\u00f3 el acto que da inicio a la conmemoraci\u00f3n del <a href=\"https:\/\/twitter.com\/hashtag\/Bicentenario?src=hash&amp;ref_src=twsrc%5Etfw\">#Bicentenario<\/a> desde <a href=\"https:\/\/twitter.com\/hashtag\/Pore?src=hash&amp;ref_src=twsrc%5Etfw\">#Pore<\/a>. Que poco saben de protocolo los de protocolo! mi solidaridad <a href=\"https:\/\/twitter.com\/hashtag\/AlirioBarrera?src=hash&amp;ref_src=twsrc%5Etfw\">#AlirioBarrera<\/a> <a href=\"https:\/\/twitter.com\/GobCasanare?ref_src=twsrc%5Etfw\">@GobCasanare<\/a> <a href=\"https:\/\/t.co\/sAIcLnUDku\">pic.twitter.com\/sAIcLnUDku<\/a><\/p>\n<p>&mdash; Oscar Campo (@1oscarcampo) <a href=\"https:\/\/twitter.com\/1oscarcampo\/status\/1075164855789871105?ref_src=twsrc%5Etfw\">December 18, 2018<\/a><\/p><\/blockquote>\n<p><script async src=\"https:\/\/platform.twitter.com\/widgets.js\" charset=\"utf-8\"><\/script><\/p>\n<p style=\"text-align: justify;\">\n<p style=\"text-align: justify;\">Por su parte el representante a la C\u00e1mara por Casanare, C\u00e9sar Ortiz, expres\u00f3 que es una falta de respeto de la presidencia de Iv\u00e1n Duque haya tenido el desplante de no invitar a la mesa principal al gobernador. Rese\u00f1\u00f3 que \u201c\u00bfDejamos por fuera al due\u00f1o de la casa? \u00a1Falta de organizaci\u00f3n y protocolo!\u201d<\/p>\n<blockquote class=\"twitter-tweet\" data-width=\"500\" data-dnt=\"true\">\n<p lang=\"es\" dir=\"ltr\">Es una falta de respeto que durante la celebraci\u00f3n del bicentenario en <a href=\"https:\/\/twitter.com\/hashtag\/Pore?src=hash&amp;ref_src=twsrc%5Etfw\">#Pore<\/a> Casanare, presidencia de <a href=\"https:\/\/twitter.com\/IvanDuque?ref_src=twsrc%5Etfw\">@IvanDuque<\/a>  haya tenido el desplante de no invitar a la mesa principal a nuestro nuestro Gobernador. \u00bfDejamos por fuera al due\u00f1o de la casa? \u00a1Falta de organizaci\u00f3n y protocolo!<\/p>\n<p>&mdash; C\u00e9sar Ort\u00edz Zorro (@CesarOrtiZorro) <a href=\"https:\/\/twitter.com\/CesarOrtiZorro\/status\/1075225103246483456?ref_src=twsrc%5Etfw\">December 19, 2018<\/a><\/p><\/blockquote>\n<p><script async src=\"https:\/\/platform.twitter.com\/widgets.js\" charset=\"utf-8\"><\/script><\/p>\n<p>&nbsp;<\/p>\n<p style=\"text-align: justify;\">\n<p style=\"text-align: justify;\">En la emisora W Radio destac\u00f3 el desplante al gobernador de Casanare as\u00ed:<\/p>\n<blockquote class=\"twitter-tweet\" data-width=\"500\" data-dnt=\"true\">\n<p lang=\"es\" dir=\"ltr\">El desplante al gobernador del Casanare en el primer evento del Bicentenario  <a href=\"https:\/\/t.co\/HwYZ1S04ob\">https:\/\/t.co\/HwYZ1S04ob<\/a> <a href=\"https:\/\/t.co\/U655eskrDL\">pic.twitter.com\/U655eskrDL<\/a><\/p>\n<p>&mdash; W Radio Colombia (@WRadioColombia) <a href=\"https:\/\/twitter.com\/WRadioColombia\/status\/1075184679316320256?ref_src=twsrc%5Etfw\">December 19, 2018<\/a><\/p><\/blockquote>\n<p><script async src=\"https:\/\/platform.twitter.com\/widgets.js\" charset=\"utf-8\"><\/script><\/p>\n<p style=\"text-align: justify;\">\n<p style=\"text-align: justify;\">El desplante al gobernador del Casanare en el primer evento del Bicentenario \u00a0\u00a0<\/p>\n<p style=\"text-align: justify;\">En el twitter de RCN Radio, Boyac\u00e1 se destac\u00f3 ampliamente el tema rese\u00f1\u00f3 que el @GobCasanare dijo tambi\u00e9n que espera que la apertura de los actos de conmemoraci\u00f3n de los 200 a\u00f1os de la verdadera independencia, que se gest\u00f3 en #Pore #Casanare, permitan generar desarrollo y reconocimiento para el departamento.<\/p>\n<p style=\"text-align: justify;\">\n<blockquote class=\"twitter-tweet\" data-width=\"500\" data-dnt=\"true\">\n<p lang=\"es\" dir=\"ltr\"><a href=\"https:\/\/twitter.com\/hashtag\/RCNRadio?src=hash&amp;ref_src=twsrc%5Etfw\">#RCNRadio<\/a> El <a href=\"https:\/\/twitter.com\/GobCasanare?ref_src=twsrc%5Etfw\">@GobCasanare<\/a> dijo tambi\u00e9n que espera que la apertura de los actos de conmemoraci\u00f3n de los 200 a\u00f1os de la verdadera independencia, que se gest\u00f3 en <a href=\"https:\/\/twitter.com\/hashtag\/Pore?src=hash&amp;ref_src=twsrc%5Etfw\">#Pore<\/a> <a href=\"https:\/\/twitter.com\/hashtag\/Casanare?src=hash&amp;ref_src=twsrc%5Etfw\">#Casanare<\/a>, permitan generar desarrollo y reconocimiento para el departamento.<\/p>\n<p>&mdash; RCN Radio Boyac\u00e1 (@BoyacaRCNRadio) <a href=\"https:\/\/twitter.com\/BoyacaRCNRadio\/status\/1075349624939077633?ref_src=twsrc%5Etfw\">December 19, 2018<\/a><\/p><\/blockquote>\n<p><script async src=\"https:\/\/platform.twitter.com\/widgets.js\" charset=\"utf-8\"><\/script><\/p>\n<p style=\"text-align: justify;\">En el twitter del programa Punto de vista. RM. se destac\u00f3 la situaci\u00f3n as\u00ed:<\/p>\n<blockquote class=\"twitter-tweet\" data-width=\"500\" data-dnt=\"true\">\n<p lang=\"es\" dir=\"ltr\"><a href=\"https:\/\/twitter.com\/hashtag\/CasanareBicentenario?src=hash&amp;ref_src=twsrc%5Etfw\">#CasanareBicentenario<\/a> <a href=\"https:\/\/twitter.com\/infopresidencia?ref_src=twsrc%5Etfw\">@infopresidencia<\/a> En ests im\u00e1gen de los actos protocolarios de la conmemoraci\u00f3n del <a href=\"https:\/\/twitter.com\/hashtag\/Bicentenario?src=hash&amp;ref_src=twsrc%5Etfw\">#Bicentenario<\/a> en <a href=\"https:\/\/twitter.com\/hashtag\/Pore?src=hash&amp;ref_src=twsrc%5Etfw\">#Pore<\/a> falt\u00f3 el anfitri\u00f3n <a href=\"https:\/\/twitter.com\/GobCasanare?ref_src=twsrc%5Etfw\">@GobCasanare<\/a> y el Alcalde  Omar Cuevas.  Un verdadero desplante. Fall\u00f3 el protocolo de <a href=\"https:\/\/twitter.com\/infopresidencia?ref_src=twsrc%5Etfw\">@infopresidencia<\/a> <a href=\"https:\/\/t.co\/e4u8bnaw9m\">pic.twitter.com\/e4u8bnaw9m<\/a><\/p>\n<p>&mdash; Punto de vista. RM. (@puntodevistarcn) <a href=\"https:\/\/twitter.com\/puntodevistarcn\/status\/1075261141918629888?ref_src=twsrc%5Etfw\">December 19, 2018<\/a><\/p><\/blockquote>\n<p><script async src=\"https:\/\/platform.twitter.com\/widgets.js\" charset=\"utf-8\"><\/script><\/p>\n<p style=\"text-align: justify;\">\n<p style=\"text-align: justify;\">#CasanareBicentenario @infopresidencia En esta im\u00e1gen de los actos protocolarios de la conmemoraci\u00f3n del #Bicentenario en #Pore falt\u00f3 el anfitri\u00f3n @GobCasanare y el Alcalde\u00a0 Omar Cuevas.\u00a0 Un verdadero desplante. Fall\u00f3 el protocolo de @infopresidencia.<\/p>\n<p>&nbsp;<\/p>\n<p>&nbsp;<\/p>\n","protected":false},"excerpt":{"rendered":"<p>En un inentendible e ins\u00f3lito desplante y arrogancia, la presidencia impidi\u00f3 que el gobernador de Casanare Alirio Barrera hiciera parte de los actos protocolarios en la tarima de la conmemoraci\u00f3n del Bicentenario en Pore, Casanare, al lado del presidente Iv\u00e1n Duque y la vicepresidenta Martha Luc\u00eda Ram\u00edrez. De acuerdo con versiones del twitter del peri\u00f3dico &hellip;<\/p>\n","protected":false},"author":2,"featured_media":19712,"comment_status":"open","ping_status":"open","sticky":false,"template":"","format":"standard","meta":{"om_disable_all_campaigns":false,"_exactmetrics_skip_tracking":false,"_exactmetrics_sitenote_active":false,"_exactmetrics_sitenote_note":"","_exactmetrics_sitenote_category":0,"_monsterinsights_skip_tracking":false,"_monsterinsights_sitenote_active":false,"_monsterinsights_sitenote_note":"","_monsterinsights_sitenote_category":0,"_uf_show_specific_survey":0,"_uf_disable_surveys":false,"_joinchat":[],"footnotes":""},"categories":[147,145],"tags":[1524,154,1373,195,1766,1764,1765,156,1372,503],"class_list":["post-19711","post","type-post","status-publish","format-standard","has-post-thumbnail","hentry","category-actualidad","category-reportajes","tag-bicentenario","tag-casanare","tag-casanare-noticias","tag-centro-democratico","tag-conmemoracion-bicentenario","tag-desplante-a-casanare","tag-desplante-a-gobernador-alirio-barrera","tag-ivan-duque","tag-noticias-de-casanare","tag-pore"],"yoast_head":"<!-- This site is optimized with the Yoast SEO plugin v26.1 - https:\/\/yoast.com\/wordpress\/plugins\/seo\/ -->\n<title>Desplante a Casanare desde la Presidencia en conmemoraci\u00f3n del Bicentenario - \u25b7 Noticias de Casanare : Martha Cifuentes | Casanare<\/title>\n<meta name=\"robots\" content=\"index, follow, max-snippet:-1, max-image-preview:large, max-video-preview:-1\" \/>\n<link rel=\"canonical\" href=\"https:\/\/marthacifuentes.com\/portada\/desplante-a-casanare-desde-la-presidencia-en-conmemoracion-del-bicentenario\/\" \/>\n<meta property=\"og:locale\" content=\"es_ES\" \/>\n<meta property=\"og:type\" content=\"article\" \/>\n<meta property=\"og:title\" content=\"Desplante a Casanare desde la Presidencia en conmemoraci\u00f3n del Bicentenario - \u25b7 Noticias de Casanare : Martha Cifuentes | Casanare\" \/>\n<meta property=\"og:description\" content=\"En un inentendible e ins\u00f3lito desplante y arrogancia, la presidencia impidi\u00f3 que el gobernador de Casanare Alirio Barrera hiciera parte de los actos protocolarios en la tarima de la conmemoraci\u00f3n del Bicentenario en Pore, Casanare, al lado del presidente Iv\u00e1n Duque y la vicepresidenta Martha Luc\u00eda Ram\u00edrez. De acuerdo con versiones del twitter del peri\u00f3dico &hellip;\" \/>\n<meta property=\"og:url\" content=\"https:\/\/marthacifuentes.com\/portada\/desplante-a-casanare-desde-la-presidencia-en-conmemoracion-del-bicentenario\/\" \/>\n<meta property=\"og:site_name\" content=\"\u25b7 Noticias de Casanare : Martha Cifuentes | Casanare\" \/>\n<meta property=\"article:published_time\" content=\"2018-12-19T11:52:23+00:00\" \/>\n<meta property=\"article:modified_time\" content=\"2018-12-19T12:17:13+00:00\" \/>\n<meta property=\"og:image\" content=\"https:\/\/marthacifuentes.com\/portada\/wp-content\/uploads\/2018\/12\/dsplante-al-gobernador-de-casanare.jpg\" \/>\n\t<meta property=\"og:image:width\" content=\"600\" \/>\n\t<meta property=\"og:image:height\" content=\"314\" \/>\n\t<meta property=\"og:image:type\" content=\"image\/jpeg\" \/>\n<meta name=\"author\" content=\"Martha Cifuentes\" \/>\n<meta name=\"twitter:card\" content=\"summary_large_image\" \/>\n<meta name=\"twitter:label1\" content=\"Escrito por\" \/>\n\t<meta name=\"twitter:data1\" content=\"Martha Cifuentes\" \/>\n\t<meta name=\"twitter:label2\" content=\"Tiempo de lectura\" \/>\n\t<meta name=\"twitter:data2\" content=\"4 minutos\" \/>\n<script type=\"application\/ld+json\" class=\"yoast-schema-graph\">{\"@context\":\"https:\/\/schema.org\",\"@graph\":[{\"@type\":\"WebPage\",\"@id\":\"https:\/\/marthacifuentes.com\/portada\/desplante-a-casanare-desde-la-presidencia-en-conmemoracion-del-bicentenario\/\",\"url\":\"https:\/\/marthacifuentes.com\/portada\/desplante-a-casanare-desde-la-presidencia-en-conmemoracion-del-bicentenario\/\",\"name\":\"Desplante a Casanare desde la Presidencia en conmemoraci\u00f3n del Bicentenario - \u25b7 Noticias de Casanare : Martha Cifuentes | Casanare\",\"isPartOf\":{\"@id\":\"https:\/\/marthacifuentes.com\/portada\/#website\"},\"primaryImageOfPage\":{\"@id\":\"https:\/\/marthacifuentes.com\/portada\/desplante-a-casanare-desde-la-presidencia-en-conmemoracion-del-bicentenario\/#primaryimage\"},\"image\":{\"@id\":\"https:\/\/marthacifuentes.com\/portada\/desplante-a-casanare-desde-la-presidencia-en-conmemoracion-del-bicentenario\/#primaryimage\"},\"thumbnailUrl\":\"https:\/\/marthacifuentes.com\/portada\/wp-content\/uploads\/2018\/12\/dsplante-al-gobernador-de-casanare.jpg\",\"datePublished\":\"2018-12-19T11:52:23+00:00\",\"dateModified\":\"2018-12-19T12:17:13+00:00\",\"author\":{\"@id\":\"https:\/\/marthacifuentes.com\/portada\/#\/schema\/person\/57f53174b991db5f90ff78d58502b714\"},\"breadcrumb\":{\"@id\":\"https:\/\/marthacifuentes.com\/portada\/desplante-a-casanare-desde-la-presidencia-en-conmemoracion-del-bicentenario\/#breadcrumb\"},\"inLanguage\":\"es\",\"potentialAction\":[{\"@type\":\"ReadAction\",\"target\":[\"https:\/\/marthacifuentes.com\/portada\/desplante-a-casanare-desde-la-presidencia-en-conmemoracion-del-bicentenario\/\"]}]},{\"@type\":\"ImageObject\",\"inLanguage\":\"es\",\"@id\":\"https:\/\/marthacifuentes.com\/portada\/desplante-a-casanare-desde-la-presidencia-en-conmemoracion-del-bicentenario\/#primaryimage\",\"url\":\"https:\/\/marthacifuentes.com\/portada\/wp-content\/uploads\/2018\/12\/dsplante-al-gobernador-de-casanare.jpg\",\"contentUrl\":\"https:\/\/marthacifuentes.com\/portada\/wp-content\/uploads\/2018\/12\/dsplante-al-gobernador-de-casanare.jpg\",\"width\":600,\"height\":314},{\"@type\":\"BreadcrumbList\",\"@id\":\"https:\/\/marthacifuentes.com\/portada\/desplante-a-casanare-desde-la-presidencia-en-conmemoracion-del-bicentenario\/#breadcrumb\",\"itemListElement\":[{\"@type\":\"ListItem\",\"position\":1,\"name\":\"Portada\",\"item\":\"https:\/\/marthacifuentes.com\/portada\/\"},{\"@type\":\"ListItem\",\"position\":2,\"name\":\"Desplante a Casanare desde la Presidencia en conmemoraci\u00f3n del Bicentenario\"}]},{\"@type\":\"WebSite\",\"@id\":\"https:\/\/marthacifuentes.com\/portada\/#website\",\"url\":\"https:\/\/marthacifuentes.com\/portada\/\",\"name\":\"\u25b7 Noticias de Casanare : Martha Cifuentes | Casanare\",\"description\":\"Noticias &amp; Contenidos\",\"potentialAction\":[{\"@type\":\"SearchAction\",\"target\":{\"@type\":\"EntryPoint\",\"urlTemplate\":\"https:\/\/marthacifuentes.com\/portada\/?s={search_term_string}\"},\"query-input\":{\"@type\":\"PropertyValueSpecification\",\"valueRequired\":true,\"valueName\":\"search_term_string\"}}],\"inLanguage\":\"es\"},{\"@type\":\"Person\",\"@id\":\"https:\/\/marthacifuentes.com\/portada\/#\/schema\/person\/57f53174b991db5f90ff78d58502b714\",\"name\":\"Martha Cifuentes\",\"image\":{\"@type\":\"ImageObject\",\"inLanguage\":\"es\",\"@id\":\"https:\/\/marthacifuentes.com\/portada\/#\/schema\/person\/image\/\",\"url\":\"http:\/\/marthacifuentes.com\/portada\/wp-content\/uploads\/2018\/06\/avatar_user_2_1528838701-96x96.jpg\",\"contentUrl\":\"http:\/\/marthacifuentes.com\/portada\/wp-content\/uploads\/2018\/06\/avatar_user_2_1528838701-96x96.jpg\",\"caption\":\"Martha Cifuentes\"},\"sameAs\":[\"http:\/\/www.marthacifuentes.com\"],\"url\":\"https:\/\/marthacifuentes.com\/portada\/author\/martha\/\"}]}<\/script>\n<!-- \/ Yoast SEO plugin. -->","yoast_head_json":{"title":"Desplante a Casanare desde la Presidencia en conmemoraci\u00f3n del Bicentenario - \u25b7 Noticias de Casanare : Martha Cifuentes | Casanare","robots":{"index":"index","follow":"follow","max-snippet":"max-snippet:-1","max-image-preview":"max-image-preview:large","max-video-preview":"max-video-preview:-1"},"canonical":"https:\/\/marthacifuentes.com\/portada\/desplante-a-casanare-desde-la-presidencia-en-conmemoracion-del-bicentenario\/","og_locale":"es_ES","og_type":"article","og_title":"Desplante a Casanare desde la Presidencia en conmemoraci\u00f3n del Bicentenario - \u25b7 Noticias de Casanare : Martha Cifuentes | Casanare","og_description":"En un inentendible e ins\u00f3lito desplante y arrogancia, la presidencia impidi\u00f3 que el gobernador de Casanare Alirio Barrera hiciera parte de los actos protocolarios en la tarima de la conmemoraci\u00f3n del Bicentenario en Pore, Casanare, al lado del presidente Iv\u00e1n Duque y la vicepresidenta Martha Luc\u00eda Ram\u00edrez. De acuerdo con versiones del twitter del peri\u00f3dico &hellip;","og_url":"https:\/\/marthacifuentes.com\/portada\/desplante-a-casanare-desde-la-presidencia-en-conmemoracion-del-bicentenario\/","og_site_name":"\u25b7 Noticias de Casanare : Martha Cifuentes | Casanare","article_published_time":"2018-12-19T11:52:23+00:00","article_modified_time":"2018-12-19T12:17:13+00:00","og_image":[{"width":600,"height":314,"url":"https:\/\/marthacifuentes.com\/portada\/wp-content\/uploads\/2018\/12\/dsplante-al-gobernador-de-casanare.jpg","type":"image\/jpeg"}],"author":"Martha Cifuentes","twitter_card":"summary_large_image","twitter_misc":{"Escrito por":"Martha Cifuentes","Tiempo de lectura":"4 minutos"},"schema":{"@context":"https:\/\/schema.org","@graph":[{"@type":"WebPage","@id":"https:\/\/marthacifuentes.com\/portada\/desplante-a-casanare-desde-la-presidencia-en-conmemoracion-del-bicentenario\/","url":"https:\/\/marthacifuentes.com\/portada\/desplante-a-casanare-desde-la-presidencia-en-conmemoracion-del-bicentenario\/","name":"Desplante a Casanare desde la Presidencia en conmemoraci\u00f3n del Bicentenario - \u25b7 Noticias de Casanare : Martha Cifuentes | Casanare","isPartOf":{"@id":"https:\/\/marthacifuentes.com\/portada\/#website"},"primaryImageOfPage":{"@id":"https:\/\/marthacifuentes.com\/portada\/desplante-a-casanare-desde-la-presidencia-en-conmemoracion-del-bicentenario\/#primaryimage"},"image":{"@id":"https:\/\/marthacifuentes.com\/portada\/desplante-a-casanare-desde-la-presidencia-en-conmemoracion-del-bicentenario\/#primaryimage"},"thumbnailUrl":"https:\/\/marthacifuentes.com\/portada\/wp-content\/uploads\/2018\/12\/dsplante-al-gobernador-de-casanare.jpg","datePublished":"2018-12-19T11:52:23+00:00","dateModified":"2018-12-19T12:17:13+00:00","author":{"@id":"https:\/\/marthacifuentes.com\/portada\/#\/schema\/person\/57f53174b991db5f90ff78d58502b714"},"breadcrumb":{"@id":"https:\/\/marthacifuentes.com\/portada\/desplante-a-casanare-desde-la-presidencia-en-conmemoracion-del-bicentenario\/#breadcrumb"},"inLanguage":"es","potentialAction":[{"@type":"ReadAction","target":["https:\/\/marthacifuentes.com\/portada\/desplante-a-casanare-desde-la-presidencia-en-conmemoracion-del-bicentenario\/"]}]},{"@type":"ImageObject","inLanguage":"es","@id":"https:\/\/marthacifuentes.com\/portada\/desplante-a-casanare-desde-la-presidencia-en-conmemoracion-del-bicentenario\/#primaryimage","url":"https:\/\/marthacifuentes.com\/portada\/wp-content\/uploads\/2018\/12\/dsplante-al-gobernador-de-casanare.jpg","contentUrl":"https:\/\/marthacifuentes.com\/portada\/wp-content\/uploads\/2018\/12\/dsplante-al-gobernador-de-casanare.jpg","width":600,"height":314},{"@type":"BreadcrumbList","@id":"https:\/\/marthacifuentes.com\/portada\/desplante-a-casanare-desde-la-presidencia-en-conmemoracion-del-bicentenario\/#breadcrumb","itemListElement":[{"@type":"ListItem","position":1,"name":"Portada","item":"https:\/\/marthacifuentes.com\/portada\/"},{"@type":"ListItem","position":2,"name":"Desplante a Casanare desde la Presidencia en conmemoraci\u00f3n del Bicentenario"}]},{"@type":"WebSite","@id":"https:\/\/marthacifuentes.com\/portada\/#website","url":"https:\/\/marthacifuentes.com\/portada\/","name":"\u25b7 Noticias de Casanare : Martha Cifuentes | Casanare","description":"Noticias &amp; Contenidos","potentialAction":[{"@type":"SearchAction","target":{"@type":"EntryPoint","urlTemplate":"https:\/\/marthacifuentes.com\/portada\/?s={search_term_string}"},"query-input":{"@type":"PropertyValueSpecification","valueRequired":true,"valueName":"search_term_string"}}],"inLanguage":"es"},{"@type":"Person","@id":"https:\/\/marthacifuentes.com\/portada\/#\/schema\/person\/57f53174b991db5f90ff78d58502b714","name":"Martha Cifuentes","image":{"@type":"ImageObject","inLanguage":"es","@id":"https:\/\/marthacifuentes.com\/portada\/#\/schema\/person\/image\/","url":"http:\/\/marthacifuentes.com\/portada\/wp-content\/uploads\/2018\/06\/avatar_user_2_1528838701-96x96.jpg","contentUrl":"http:\/\/marthacifuentes.com\/portada\/wp-content\/uploads\/2018\/06\/avatar_user_2_1528838701-96x96.jpg","caption":"Martha Cifuentes"},"sameAs":["http:\/\/www.marthacifuentes.com"],"url":"https:\/\/marthacifuentes.com\/portada\/author\/martha\/"}]}},"_links":{"self":[{"href":"https:\/\/marthacifuentes.com\/portada\/wp-json\/wp\/v2\/posts\/19711","targetHints":{"allow":["GET"]}}],"collection":[{"href":"https:\/\/marthacifuentes.com\/portada\/wp-json\/wp\/v2\/posts"}],"about":[{"href":"https:\/\/marthacifuentes.com\/portada\/wp-json\/wp\/v2\/types\/post"}],"author":[{"embeddable":true,"href":"https:\/\/marthacifuentes.com\/portada\/wp-json\/wp\/v2\/users\/2"}],"replies":[{"embeddable":true,"href":"https:\/\/marthacifuentes.com\/portada\/wp-json\/wp\/v2\/comments?post=19711"}],"version-history":[{"count":0,"href":"https:\/\/marthacifuentes.com\/portada\/wp-json\/wp\/v2\/posts\/19711\/revisions"}],"wp:featuredmedia":[{"embeddable":true,"href":"https:\/\/marthacifuentes.com\/portada\/wp-json\/wp\/v2\/media\/19712"}],"wp:attachment":[{"href":"https:\/\/marthacifuentes.com\/portada\/wp-json\/wp\/v2\/media?parent=19711"}],"wp:term":[{"taxonomy":"category","embeddable":true,"href":"https:\/\/marthacifuentes.com\/portada\/wp-json\/wp\/v2\/categories?post=19711"},{"taxonomy":"post_tag","embeddable":true,"href":"https:\/\/marthacifuentes.com\/portada\/wp-json\/wp\/v2\/tags?post=19711"}],"curies":[{"name":"wp","href":"https:\/\/api.w.org\/{rel}","templated":true}]}}