{"id":20162,"date":"2019-02-21T14:40:16","date_gmt":"2019-02-21T19:40:16","guid":{"rendered":"http:\/\/marthacifuentes.com\/portada\/?p=20162"},"modified":"2019-02-21T14:40:16","modified_gmt":"2019-02-21T19:40:16","slug":"sec-gobierno-de-yopal-sorprendido-con-medida-cautelar-sobre-parque-la-estancia","status":"publish","type":"post","link":"https:\/\/marthacifuentes.com\/portada\/sec-gobierno-de-yopal-sorprendido-con-medida-cautelar-sobre-parque-la-estancia\/","title":{"rendered":"Sec. Gobierno de Yopal sorprendido con medida cautelar sobre parque La Estancia"},"content":{"rendered":"<p style=\"text-align: justify;\"><strong>Actividades operacionales para disuadir y neutralizar comportamientos delincuenciales, prostituci\u00f3n, invasi\u00f3n del espacio p\u00fablico, consumo y ventas de drogas en el parque La Estancia en Yopal, se han venido realizando desde octubre del a\u00f1o pasado. Por ello no se entiende que Juzgado ordene, cautelarmente, realizarlas, afirma el secretario de gobierno de Yopal, Eliver Moreno.<\/strong><\/p>\n<p style=\"text-align: justify;\">El funcionario se vio nuevamente sorprendido por la medida cautelar parcial aprobada a la Personer\u00eda de Yopal que interpuso una acci\u00f3n popular para devolverle la tranquilidad y seguridad a este espacio de descanso y de recreaci\u00f3n c\u00e9ntrico de Yopal, afectada por diversas situaciones, incluido el haberse convertido en un sitio de afluencia de migrantes venezolanos.<\/p>\n<p style=\"text-align: justify;\">Eliver Moreno dijo que desde octubre de 2018 se han venido realizando operativos policiales, con personal de la oficina de Migraci\u00f3n Colombia, para mejorar la convivencia del lugar. Incluso en algunos de ellos se ha debido tomar la decisi\u00f3n de deportar a ciudadanos venezolanos por violar normas colombianas.<\/p>\n<p style=\"text-align: justify;\">Se reconoce que La Estancia se ha convertido en uno de los sitios donde llegan muchos venezolanos por la crisis humanitaria que afronta ese pa\u00eds, y se ha convertido en un espacio de trabajos informales, actividades irregulares, prostituci\u00f3n y por ello se han hecho diversos operativos para persuadir y neutralizar las acciones an\u00f3malas.<\/p>\n<p style=\"text-align: justify;\">La orden del Juzgado Segundo Administrativo comprende la realizaci\u00f3n de un operativo dentro de los cinco d\u00edas siguientes a la notificaci\u00f3n de la medida cautelar y operativos cada 15 d\u00edas, en pro de devolverle la tranquilidad al sector.<\/p>\n<p>https:\/\/www.facebook.com\/MarthaCifuentesNoticiasyContenidos\/videos\/304983043537033\/?t=1<\/p>\n<p>&nbsp;<\/p>\n","protected":false},"excerpt":{"rendered":"<p>Actividades operacionales para disuadir y neutralizar comportamientos delincuenciales, prostituci\u00f3n, invasi\u00f3n del espacio p\u00fablico, consumo y ventas de drogas en el parque La Estancia en Yopal, se han venido realizando desde octubre del a\u00f1o pasado. Por ello no se entiende que Juzgado ordene, cautelarmente, realizarlas, afirma el secretario de gobierno de Yopal, Eliver Moreno. El funcionario &hellip;<\/p>\n","protected":false},"author":2,"featured_media":20163,"comment_status":"open","ping_status":"open","sticky":false,"template":"","format":"standard","meta":{"om_disable_all_campaigns":false,"_exactmetrics_skip_tracking":false,"_exactmetrics_sitenote_active":false,"_exactmetrics_sitenote_note":"","_exactmetrics_sitenote_category":0,"_monsterinsights_skip_tracking":false,"_monsterinsights_sitenote_active":false,"_monsterinsights_sitenote_note":"","_monsterinsights_sitenote_category":0,"_uf_show_specific_survey":0,"_uf_disable_surveys":false,"_joinchat":[],"footnotes":""},"categories":[147,146,145],"tags":[1543,2016,2001,1018,2018,1374,2002,1998,1016,1376],"class_list":["post-20162","post","type-post","status-publish","format-standard","has-post-thumbnail","hentry","category-actualidad","category-noticias","category-reportajes","tag-delincuencia-en-yopal","tag-eliver-moreno","tag-medidas-cautelares-parque-la-estancia","tag-migracion","tag-noticias-alcaldia-de-yopal","tag-noticias-de-yopal","tag-operativos-en-parque-la-estancia","tag-parque-la-estancia","tag-venezolanos","tag-yopal-noticias"],"yoast_head":"<!-- This site is optimized with the Yoast SEO plugin v26.1 - https:\/\/yoast.com\/wordpress\/plugins\/seo\/ -->\n<title>Sec. Gobierno de Yopal sorprendido con medida cautelar sobre parque La Estancia - \u25b7 Noticias de Casanare : Martha Cifuentes | Casanare<\/title>\n<meta name=\"robots\" content=\"index, follow, max-snippet:-1, max-image-preview:large, max-video-preview:-1\" \/>\n<link rel=\"canonical\" href=\"https:\/\/marthacifuentes.com\/portada\/sec-gobierno-de-yopal-sorprendido-con-medida-cautelar-sobre-parque-la-estancia\/\" \/>\n<meta property=\"og:locale\" content=\"es_ES\" \/>\n<meta property=\"og:type\" content=\"article\" \/>\n<meta property=\"og:title\" content=\"Sec. Gobierno de Yopal sorprendido con medida cautelar sobre parque La Estancia - \u25b7 Noticias de Casanare : Martha Cifuentes | Casanare\" \/>\n<meta property=\"og:description\" content=\"Actividades operacionales para disuadir y neutralizar comportamientos delincuenciales, prostituci\u00f3n, invasi\u00f3n del espacio p\u00fablico, consumo y ventas de drogas en el parque La Estancia en Yopal, se han venido realizando desde octubre del a\u00f1o pasado. Por ello no se entiende que Juzgado ordene, cautelarmente, realizarlas, afirma el secretario de gobierno de Yopal, Eliver Moreno. El funcionario &hellip;\" \/>\n<meta property=\"og:url\" content=\"https:\/\/marthacifuentes.com\/portada\/sec-gobierno-de-yopal-sorprendido-con-medida-cautelar-sobre-parque-la-estancia\/\" \/>\n<meta property=\"og:site_name\" content=\"\u25b7 Noticias de Casanare : Martha Cifuentes | Casanare\" \/>\n<meta property=\"article:published_time\" content=\"2019-02-21T19:40:16+00:00\" \/>\n<meta property=\"og:image\" content=\"https:\/\/marthacifuentes.com\/portada\/wp-content\/uploads\/2019\/02\/operativo-parque-la-estancia.jpg\" \/>\n\t<meta property=\"og:image:width\" content=\"1213\" \/>\n\t<meta property=\"og:image:height\" content=\"804\" \/>\n\t<meta property=\"og:image:type\" content=\"image\/jpeg\" \/>\n<meta name=\"author\" content=\"Martha Cifuentes\" \/>\n<meta name=\"twitter:card\" content=\"summary_large_image\" \/>\n<meta name=\"twitter:label1\" content=\"Escrito por\" \/>\n\t<meta name=\"twitter:data1\" content=\"Martha Cifuentes\" \/>\n\t<meta name=\"twitter:label2\" content=\"Tiempo de lectura\" \/>\n\t<meta name=\"twitter:data2\" content=\"1 minuto\" \/>\n<script type=\"application\/ld+json\" class=\"yoast-schema-graph\">{\"@context\":\"https:\/\/schema.org\",\"@graph\":[{\"@type\":\"WebPage\",\"@id\":\"https:\/\/marthacifuentes.com\/portada\/sec-gobierno-de-yopal-sorprendido-con-medida-cautelar-sobre-parque-la-estancia\/\",\"url\":\"https:\/\/marthacifuentes.com\/portada\/sec-gobierno-de-yopal-sorprendido-con-medida-cautelar-sobre-parque-la-estancia\/\",\"name\":\"Sec. Gobierno de Yopal sorprendido con medida cautelar sobre parque La Estancia - \u25b7 Noticias de Casanare : Martha Cifuentes | Casanare\",\"isPartOf\":{\"@id\":\"https:\/\/marthacifuentes.com\/portada\/#website\"},\"primaryImageOfPage\":{\"@id\":\"https:\/\/marthacifuentes.com\/portada\/sec-gobierno-de-yopal-sorprendido-con-medida-cautelar-sobre-parque-la-estancia\/#primaryimage\"},\"image\":{\"@id\":\"https:\/\/marthacifuentes.com\/portada\/sec-gobierno-de-yopal-sorprendido-con-medida-cautelar-sobre-parque-la-estancia\/#primaryimage\"},\"thumbnailUrl\":\"https:\/\/marthacifuentes.com\/portada\/wp-content\/uploads\/2019\/02\/operativo-parque-la-estancia.jpg\",\"datePublished\":\"2019-02-21T19:40:16+00:00\",\"author\":{\"@id\":\"https:\/\/marthacifuentes.com\/portada\/#\/schema\/person\/57f53174b991db5f90ff78d58502b714\"},\"breadcrumb\":{\"@id\":\"https:\/\/marthacifuentes.com\/portada\/sec-gobierno-de-yopal-sorprendido-con-medida-cautelar-sobre-parque-la-estancia\/#breadcrumb\"},\"inLanguage\":\"es\",\"potentialAction\":[{\"@type\":\"ReadAction\",\"target\":[\"https:\/\/marthacifuentes.com\/portada\/sec-gobierno-de-yopal-sorprendido-con-medida-cautelar-sobre-parque-la-estancia\/\"]}]},{\"@type\":\"ImageObject\",\"inLanguage\":\"es\",\"@id\":\"https:\/\/marthacifuentes.com\/portada\/sec-gobierno-de-yopal-sorprendido-con-medida-cautelar-sobre-parque-la-estancia\/#primaryimage\",\"url\":\"https:\/\/marthacifuentes.com\/portada\/wp-content\/uploads\/2019\/02\/operativo-parque-la-estancia.jpg\",\"contentUrl\":\"https:\/\/marthacifuentes.com\/portada\/wp-content\/uploads\/2019\/02\/operativo-parque-la-estancia.jpg\",\"width\":1213,\"height\":804},{\"@type\":\"BreadcrumbList\",\"@id\":\"https:\/\/marthacifuentes.com\/portada\/sec-gobierno-de-yopal-sorprendido-con-medida-cautelar-sobre-parque-la-estancia\/#breadcrumb\",\"itemListElement\":[{\"@type\":\"ListItem\",\"position\":1,\"name\":\"Portada\",\"item\":\"https:\/\/marthacifuentes.com\/portada\/\"},{\"@type\":\"ListItem\",\"position\":2,\"name\":\"Sec. Gobierno de Yopal sorprendido con medida cautelar sobre parque La Estancia\"}]},{\"@type\":\"WebSite\",\"@id\":\"https:\/\/marthacifuentes.com\/portada\/#website\",\"url\":\"https:\/\/marthacifuentes.com\/portada\/\",\"name\":\"\u25b7 Noticias de Casanare : Martha Cifuentes | Casanare\",\"description\":\"Noticias &amp; Contenidos\",\"potentialAction\":[{\"@type\":\"SearchAction\",\"target\":{\"@type\":\"EntryPoint\",\"urlTemplate\":\"https:\/\/marthacifuentes.com\/portada\/?s={search_term_string}\"},\"query-input\":{\"@type\":\"PropertyValueSpecification\",\"valueRequired\":true,\"valueName\":\"search_term_string\"}}],\"inLanguage\":\"es\"},{\"@type\":\"Person\",\"@id\":\"https:\/\/marthacifuentes.com\/portada\/#\/schema\/person\/57f53174b991db5f90ff78d58502b714\",\"name\":\"Martha Cifuentes\",\"image\":{\"@type\":\"ImageObject\",\"inLanguage\":\"es\",\"@id\":\"https:\/\/marthacifuentes.com\/portada\/#\/schema\/person\/image\/\",\"url\":\"http:\/\/marthacifuentes.com\/portada\/wp-content\/uploads\/2018\/06\/avatar_user_2_1528838701-96x96.jpg\",\"contentUrl\":\"http:\/\/marthacifuentes.com\/portada\/wp-content\/uploads\/2018\/06\/avatar_user_2_1528838701-96x96.jpg\",\"caption\":\"Martha Cifuentes\"},\"sameAs\":[\"http:\/\/www.marthacifuentes.com\"],\"url\":\"https:\/\/marthacifuentes.com\/portada\/author\/martha\/\"}]}<\/script>\n<!-- \/ Yoast SEO plugin. -->","yoast_head_json":{"title":"Sec. Gobierno de Yopal sorprendido con medida cautelar sobre parque La Estancia - \u25b7 Noticias de Casanare : Martha Cifuentes | Casanare","robots":{"index":"index","follow":"follow","max-snippet":"max-snippet:-1","max-image-preview":"max-image-preview:large","max-video-preview":"max-video-preview:-1"},"canonical":"https:\/\/marthacifuentes.com\/portada\/sec-gobierno-de-yopal-sorprendido-con-medida-cautelar-sobre-parque-la-estancia\/","og_locale":"es_ES","og_type":"article","og_title":"Sec. Gobierno de Yopal sorprendido con medida cautelar sobre parque La Estancia - \u25b7 Noticias de Casanare : Martha Cifuentes | Casanare","og_description":"Actividades operacionales para disuadir y neutralizar comportamientos delincuenciales, prostituci\u00f3n, invasi\u00f3n del espacio p\u00fablico, consumo y ventas de drogas en el parque La Estancia en Yopal, se han venido realizando desde octubre del a\u00f1o pasado. Por ello no se entiende que Juzgado ordene, cautelarmente, realizarlas, afirma el secretario de gobierno de Yopal, Eliver Moreno. El funcionario &hellip;","og_url":"https:\/\/marthacifuentes.com\/portada\/sec-gobierno-de-yopal-sorprendido-con-medida-cautelar-sobre-parque-la-estancia\/","og_site_name":"\u25b7 Noticias de Casanare : Martha Cifuentes | Casanare","article_published_time":"2019-02-21T19:40:16+00:00","og_image":[{"width":1213,"height":804,"url":"https:\/\/marthacifuentes.com\/portada\/wp-content\/uploads\/2019\/02\/operativo-parque-la-estancia.jpg","type":"image\/jpeg"}],"author":"Martha Cifuentes","twitter_card":"summary_large_image","twitter_misc":{"Escrito por":"Martha Cifuentes","Tiempo de lectura":"1 minuto"},"schema":{"@context":"https:\/\/schema.org","@graph":[{"@type":"WebPage","@id":"https:\/\/marthacifuentes.com\/portada\/sec-gobierno-de-yopal-sorprendido-con-medida-cautelar-sobre-parque-la-estancia\/","url":"https:\/\/marthacifuentes.com\/portada\/sec-gobierno-de-yopal-sorprendido-con-medida-cautelar-sobre-parque-la-estancia\/","name":"Sec. Gobierno de Yopal sorprendido con medida cautelar sobre parque La Estancia - \u25b7 Noticias de Casanare : Martha Cifuentes | Casanare","isPartOf":{"@id":"https:\/\/marthacifuentes.com\/portada\/#website"},"primaryImageOfPage":{"@id":"https:\/\/marthacifuentes.com\/portada\/sec-gobierno-de-yopal-sorprendido-con-medida-cautelar-sobre-parque-la-estancia\/#primaryimage"},"image":{"@id":"https:\/\/marthacifuentes.com\/portada\/sec-gobierno-de-yopal-sorprendido-con-medida-cautelar-sobre-parque-la-estancia\/#primaryimage"},"thumbnailUrl":"https:\/\/marthacifuentes.com\/portada\/wp-content\/uploads\/2019\/02\/operativo-parque-la-estancia.jpg","datePublished":"2019-02-21T19:40:16+00:00","author":{"@id":"https:\/\/marthacifuentes.com\/portada\/#\/schema\/person\/57f53174b991db5f90ff78d58502b714"},"breadcrumb":{"@id":"https:\/\/marthacifuentes.com\/portada\/sec-gobierno-de-yopal-sorprendido-con-medida-cautelar-sobre-parque-la-estancia\/#breadcrumb"},"inLanguage":"es","potentialAction":[{"@type":"ReadAction","target":["https:\/\/marthacifuentes.com\/portada\/sec-gobierno-de-yopal-sorprendido-con-medida-cautelar-sobre-parque-la-estancia\/"]}]},{"@type":"ImageObject","inLanguage":"es","@id":"https:\/\/marthacifuentes.com\/portada\/sec-gobierno-de-yopal-sorprendido-con-medida-cautelar-sobre-parque-la-estancia\/#primaryimage","url":"https:\/\/marthacifuentes.com\/portada\/wp-content\/uploads\/2019\/02\/operativo-parque-la-estancia.jpg","contentUrl":"https:\/\/marthacifuentes.com\/portada\/wp-content\/uploads\/2019\/02\/operativo-parque-la-estancia.jpg","width":1213,"height":804},{"@type":"BreadcrumbList","@id":"https:\/\/marthacifuentes.com\/portada\/sec-gobierno-de-yopal-sorprendido-con-medida-cautelar-sobre-parque-la-estancia\/#breadcrumb","itemListElement":[{"@type":"ListItem","position":1,"name":"Portada","item":"https:\/\/marthacifuentes.com\/portada\/"},{"@type":"ListItem","position":2,"name":"Sec. Gobierno de Yopal sorprendido con medida cautelar sobre parque La Estancia"}]},{"@type":"WebSite","@id":"https:\/\/marthacifuentes.com\/portada\/#website","url":"https:\/\/marthacifuentes.com\/portada\/","name":"\u25b7 Noticias de Casanare : Martha Cifuentes | Casanare","description":"Noticias &amp; Contenidos","potentialAction":[{"@type":"SearchAction","target":{"@type":"EntryPoint","urlTemplate":"https:\/\/marthacifuentes.com\/portada\/?s={search_term_string}"},"query-input":{"@type":"PropertyValueSpecification","valueRequired":true,"valueName":"search_term_string"}}],"inLanguage":"es"},{"@type":"Person","@id":"https:\/\/marthacifuentes.com\/portada\/#\/schema\/person\/57f53174b991db5f90ff78d58502b714","name":"Martha Cifuentes","image":{"@type":"ImageObject","inLanguage":"es","@id":"https:\/\/marthacifuentes.com\/portada\/#\/schema\/person\/image\/","url":"http:\/\/marthacifuentes.com\/portada\/wp-content\/uploads\/2018\/06\/avatar_user_2_1528838701-96x96.jpg","contentUrl":"http:\/\/marthacifuentes.com\/portada\/wp-content\/uploads\/2018\/06\/avatar_user_2_1528838701-96x96.jpg","caption":"Martha Cifuentes"},"sameAs":["http:\/\/www.marthacifuentes.com"],"url":"https:\/\/marthacifuentes.com\/portada\/author\/martha\/"}]}},"_links":{"self":[{"href":"https:\/\/marthacifuentes.com\/portada\/wp-json\/wp\/v2\/posts\/20162","targetHints":{"allow":["GET"]}}],"collection":[{"href":"https:\/\/marthacifuentes.com\/portada\/wp-json\/wp\/v2\/posts"}],"about":[{"href":"https:\/\/marthacifuentes.com\/portada\/wp-json\/wp\/v2\/types\/post"}],"author":[{"embeddable":true,"href":"https:\/\/marthacifuentes.com\/portada\/wp-json\/wp\/v2\/users\/2"}],"replies":[{"embeddable":true,"href":"https:\/\/marthacifuentes.com\/portada\/wp-json\/wp\/v2\/comments?post=20162"}],"version-history":[{"count":0,"href":"https:\/\/marthacifuentes.com\/portada\/wp-json\/wp\/v2\/posts\/20162\/revisions"}],"wp:featuredmedia":[{"embeddable":true,"href":"https:\/\/marthacifuentes.com\/portada\/wp-json\/wp\/v2\/media\/20163"}],"wp:attachment":[{"href":"https:\/\/marthacifuentes.com\/portada\/wp-json\/wp\/v2\/media?parent=20162"}],"wp:term":[{"taxonomy":"category","embeddable":true,"href":"https:\/\/marthacifuentes.com\/portada\/wp-json\/wp\/v2\/categories?post=20162"},{"taxonomy":"post_tag","embeddable":true,"href":"https:\/\/marthacifuentes.com\/portada\/wp-json\/wp\/v2\/tags?post=20162"}],"curies":[{"name":"wp","href":"https:\/\/api.w.org\/{rel}","templated":true}]}}