{"id":20346,"date":"2019-03-15T10:28:10","date_gmt":"2019-03-15T15:28:10","guid":{"rendered":"https:\/\/marthacifuentes.com\/portada\/?p=20346"},"modified":"2019-03-15T10:28:10","modified_gmt":"2019-03-15T15:28:10","slug":"asesinado-lider-comunitario-de-casanare-y-arauca","status":"publish","type":"post","link":"https:\/\/marthacifuentes.com\/portada\/asesinado-lider-comunitario-de-casanare-y-arauca\/","title":{"rendered":"Asesinado l\u00edder comunitario de Casanare y Arauca"},"content":{"rendered":"<p style=\"text-align: justify;\"><strong>Asesinado Alfonso Correa Sandoval, l\u00edder campesino, ambientalista y presidente de la Junta de Acci\u00f3n Comunal de la vereda La Cabuya en Tame, Arauca, en hechos ocurridos el mi\u00e9rcoles 13 de marzo en S\u00e1cama, Casanare. <\/strong><\/p>\n<blockquote>\n<p style=\"text-align: justify;\">De acuerdo con la Asociaci\u00f3n Campesina de Arauca, el asesinato se produjo en la vereda La Casirva, municipio de S\u00e1cama, en l\u00edmites con el departamento de Arauca. Se expresa que el hombre dej\u00f3 su moto hasta donde llega la carretera para tomar camino a su finca; a 100 metros de camino lo estaban esperando 3 hombres armados que le dispararon en m\u00e1s de 20 ocasiones, caus\u00e1ndole la muerte de manera instant\u00e1nea.<\/p>\n<\/blockquote>\n<p style=\"text-align: justify;\">La v\u00edctima era integrante de la Asociaci\u00f3n Campesina y Ambiental Manantiales Asocam de la parte alta de Tame (Arauca), de los municipios de S\u00e1cama y La Salina (Casanare) y Chita (Boyac\u00e1), filial de la Asociaci\u00f3n Campesina de Arauca ACA, y quien fuera v\u00edctima de desplazamiento forzado producto de la masacre de la vereda La Cabuya perpetrada por miembros de la fuerza p\u00fablica y los paramilitares el 18, 19 y 20 de noviembre de 1998.<\/p>\n<p style=\"text-align: justify;\">\n<p style=\"text-align: justify;\"><strong>Contexto<\/strong><\/p>\n<p style=\"text-align: justify;\">De acuerdo con el portal www.rutasdelconflicto.com, la masacre de La Cabuya fue causada por el grupo de paramilitares conocido como \u2018masetos\u2019 que se tomaron la vereda La Cabuya en el municipio de Tame. Asesinaron a cinco personas con la colaboraci\u00f3n de miembros del ej\u00e9rcito nacional.<\/p>\n<p style=\"text-align: justify;\">En el informe se expres\u00f3 que \u201cEntre las v\u00edctimas se encontraban Alicia Ram\u00edrez M\u00e9ndez, una mujer con siete meses de embarazo que adem\u00e1s fue violada y decapitada, y el presidente de la Junta de Acci\u00f3n Comunal de La Cabuya, Rito Antonio D\u00edaz Duarte. Estos pobladores fueron tachados por los \u2018paras\u2019 de ser supuestos colaboradores de la guerrilla. Luego de esta masacre se desplazaron 34 familias de la vereda\u201d.<\/p>\n<p style=\"text-align: justify;\">Y la p\u00e1gina agreg\u00f3 que \u201cDentro de los victimarios se encontraban algunos militares que estuvieron 15 d\u00edas en este poblado y que dos horas antes de la matanza se unieron a los paramilitares. Por estos hechos hay seis condenas contra ex miembros del Ej\u00e9rcito, entre ellas la del teniente coronel Orlando Pulido que fue sentenciado a pagar 30 a\u00f1os de prisi\u00f3n, la del teniente Sandro Quintero Carre\u00f1o condenado a 38 a\u00f1os de c\u00e1rcel y la del suboficial Pedro Jos\u00e9 Barrera Cipagauta a 15 a\u00f1os. Para ese entonces, Quintero y Cipagauta eran militares del Batall\u00f3n de Contraguerrilla No. 25 H\u00e9roes de Paya, el cual estaba encargado de cuidar la zona cuando los hechos trascurrieron.\u201d<\/p>\n<p>&nbsp;<\/p>\n<p>&nbsp;<\/p>\n","protected":false},"excerpt":{"rendered":"<p>Asesinado Alfonso Correa Sandoval, l\u00edder campesino, ambientalista y presidente de la Junta de Acci\u00f3n Comunal de la vereda La Cabuya en Tame, Arauca, en hechos ocurridos el mi\u00e9rcoles 13 de marzo en S\u00e1cama, Casanare. De acuerdo con la Asociaci\u00f3n Campesina de Arauca, el asesinato se produjo en la vereda La Casirva, municipio de S\u00e1cama, en &hellip;<\/p>\n","protected":false},"author":2,"featured_media":20347,"comment_status":"open","ping_status":"open","sticky":false,"template":"","format":"standard","meta":{"om_disable_all_campaigns":false,"_exactmetrics_skip_tracking":false,"_exactmetrics_sitenote_active":false,"_exactmetrics_sitenote_note":"","_exactmetrics_sitenote_category":0,"_monsterinsights_skip_tracking":false,"_monsterinsights_sitenote_active":false,"_monsterinsights_sitenote_note":"","_monsterinsights_sitenote_category":0,"_uf_show_specific_survey":0,"_uf_disable_surveys":false,"_joinchat":[],"footnotes":""},"categories":[147,148,145],"tags":[2157,497,2156,2161,530,154,1373,2160,2159,2162,2158,1372],"class_list":["post-20346","post","type-post","status-publish","format-standard","has-post-thumbnail","hentry","category-actualidad","category-entrevistas","category-reportajes","tag-alfonso-correa-sandoval","tag-arauca","tag-asesinado-lider-comunitario-tame","tag-asociacion-campesina","tag-boyaca","tag-casanare","tag-casanare-noticias","tag-la-cabuya-tame","tag-lider-comunal-de-sacama-asesinado","tag-masacre-de-la-cabuya","tag-noticias-de-arauca","tag-noticias-de-casanare"],"yoast_head":"<!-- This site is optimized with the Yoast SEO plugin v26.1 - https:\/\/yoast.com\/wordpress\/plugins\/seo\/ -->\n<title>Asesinado l\u00edder comunitario de Casanare y Arauca - \u25b7 Noticias de Casanare : Martha Cifuentes | Casanare<\/title>\n<meta name=\"robots\" content=\"index, follow, max-snippet:-1, max-image-preview:large, max-video-preview:-1\" \/>\n<link rel=\"canonical\" href=\"https:\/\/marthacifuentes.com\/portada\/asesinado-lider-comunitario-de-casanare-y-arauca\/\" \/>\n<meta property=\"og:locale\" content=\"es_ES\" \/>\n<meta property=\"og:type\" content=\"article\" \/>\n<meta property=\"og:title\" content=\"Asesinado l\u00edder comunitario de Casanare y Arauca - \u25b7 Noticias de Casanare : Martha Cifuentes | Casanare\" \/>\n<meta property=\"og:description\" content=\"Asesinado Alfonso Correa Sandoval, l\u00edder campesino, ambientalista y presidente de la Junta de Acci\u00f3n Comunal de la vereda La Cabuya en Tame, Arauca, en hechos ocurridos el mi\u00e9rcoles 13 de marzo en S\u00e1cama, Casanare. De acuerdo con la Asociaci\u00f3n Campesina de Arauca, el asesinato se produjo en la vereda La Casirva, municipio de S\u00e1cama, en &hellip;\" \/>\n<meta property=\"og:url\" content=\"https:\/\/marthacifuentes.com\/portada\/asesinado-lider-comunitario-de-casanare-y-arauca\/\" \/>\n<meta property=\"og:site_name\" content=\"\u25b7 Noticias de Casanare : Martha Cifuentes | Casanare\" \/>\n<meta property=\"article:published_time\" content=\"2019-03-15T15:28:10+00:00\" \/>\n<meta property=\"og:image\" content=\"https:\/\/marthacifuentes.com\/portada\/wp-content\/uploads\/2019\/03\/asesinado-lider-comunitario-de-sacama.jpg\" \/>\n\t<meta property=\"og:image:width\" content=\"950\" \/>\n\t<meta property=\"og:image:height\" content=\"475\" \/>\n\t<meta property=\"og:image:type\" content=\"image\/jpeg\" \/>\n<meta name=\"author\" content=\"Martha Cifuentes\" \/>\n<meta name=\"twitter:card\" content=\"summary_large_image\" \/>\n<meta name=\"twitter:label1\" content=\"Escrito por\" \/>\n\t<meta name=\"twitter:data1\" content=\"Martha Cifuentes\" \/>\n\t<meta name=\"twitter:label2\" content=\"Tiempo de lectura\" \/>\n\t<meta name=\"twitter:data2\" content=\"2 minutos\" \/>\n<script type=\"application\/ld+json\" class=\"yoast-schema-graph\">{\"@context\":\"https:\/\/schema.org\",\"@graph\":[{\"@type\":\"WebPage\",\"@id\":\"https:\/\/marthacifuentes.com\/portada\/asesinado-lider-comunitario-de-casanare-y-arauca\/\",\"url\":\"https:\/\/marthacifuentes.com\/portada\/asesinado-lider-comunitario-de-casanare-y-arauca\/\",\"name\":\"Asesinado l\u00edder comunitario de Casanare y Arauca - \u25b7 Noticias de Casanare : Martha Cifuentes | Casanare\",\"isPartOf\":{\"@id\":\"https:\/\/marthacifuentes.com\/portada\/#website\"},\"primaryImageOfPage\":{\"@id\":\"https:\/\/marthacifuentes.com\/portada\/asesinado-lider-comunitario-de-casanare-y-arauca\/#primaryimage\"},\"image\":{\"@id\":\"https:\/\/marthacifuentes.com\/portada\/asesinado-lider-comunitario-de-casanare-y-arauca\/#primaryimage\"},\"thumbnailUrl\":\"https:\/\/marthacifuentes.com\/portada\/wp-content\/uploads\/2019\/03\/asesinado-lider-comunitario-de-sacama.jpg\",\"datePublished\":\"2019-03-15T15:28:10+00:00\",\"author\":{\"@id\":\"https:\/\/marthacifuentes.com\/portada\/#\/schema\/person\/57f53174b991db5f90ff78d58502b714\"},\"breadcrumb\":{\"@id\":\"https:\/\/marthacifuentes.com\/portada\/asesinado-lider-comunitario-de-casanare-y-arauca\/#breadcrumb\"},\"inLanguage\":\"es\",\"potentialAction\":[{\"@type\":\"ReadAction\",\"target\":[\"https:\/\/marthacifuentes.com\/portada\/asesinado-lider-comunitario-de-casanare-y-arauca\/\"]}]},{\"@type\":\"ImageObject\",\"inLanguage\":\"es\",\"@id\":\"https:\/\/marthacifuentes.com\/portada\/asesinado-lider-comunitario-de-casanare-y-arauca\/#primaryimage\",\"url\":\"https:\/\/marthacifuentes.com\/portada\/wp-content\/uploads\/2019\/03\/asesinado-lider-comunitario-de-sacama.jpg\",\"contentUrl\":\"https:\/\/marthacifuentes.com\/portada\/wp-content\/uploads\/2019\/03\/asesinado-lider-comunitario-de-sacama.jpg\",\"width\":950,\"height\":475},{\"@type\":\"BreadcrumbList\",\"@id\":\"https:\/\/marthacifuentes.com\/portada\/asesinado-lider-comunitario-de-casanare-y-arauca\/#breadcrumb\",\"itemListElement\":[{\"@type\":\"ListItem\",\"position\":1,\"name\":\"Portada\",\"item\":\"https:\/\/marthacifuentes.com\/portada\/\"},{\"@type\":\"ListItem\",\"position\":2,\"name\":\"Asesinado l\u00edder comunitario de Casanare y Arauca\"}]},{\"@type\":\"WebSite\",\"@id\":\"https:\/\/marthacifuentes.com\/portada\/#website\",\"url\":\"https:\/\/marthacifuentes.com\/portada\/\",\"name\":\"\u25b7 Noticias de Casanare : Martha Cifuentes | Casanare\",\"description\":\"Noticias &amp; Contenidos\",\"potentialAction\":[{\"@type\":\"SearchAction\",\"target\":{\"@type\":\"EntryPoint\",\"urlTemplate\":\"https:\/\/marthacifuentes.com\/portada\/?s={search_term_string}\"},\"query-input\":{\"@type\":\"PropertyValueSpecification\",\"valueRequired\":true,\"valueName\":\"search_term_string\"}}],\"inLanguage\":\"es\"},{\"@type\":\"Person\",\"@id\":\"https:\/\/marthacifuentes.com\/portada\/#\/schema\/person\/57f53174b991db5f90ff78d58502b714\",\"name\":\"Martha Cifuentes\",\"image\":{\"@type\":\"ImageObject\",\"inLanguage\":\"es\",\"@id\":\"https:\/\/marthacifuentes.com\/portada\/#\/schema\/person\/image\/\",\"url\":\"http:\/\/marthacifuentes.com\/portada\/wp-content\/uploads\/2018\/06\/avatar_user_2_1528838701-96x96.jpg\",\"contentUrl\":\"http:\/\/marthacifuentes.com\/portada\/wp-content\/uploads\/2018\/06\/avatar_user_2_1528838701-96x96.jpg\",\"caption\":\"Martha Cifuentes\"},\"sameAs\":[\"http:\/\/www.marthacifuentes.com\"],\"url\":\"https:\/\/marthacifuentes.com\/portada\/author\/martha\/\"}]}<\/script>\n<!-- \/ Yoast SEO plugin. -->","yoast_head_json":{"title":"Asesinado l\u00edder comunitario de Casanare y Arauca - \u25b7 Noticias de Casanare : Martha Cifuentes | Casanare","robots":{"index":"index","follow":"follow","max-snippet":"max-snippet:-1","max-image-preview":"max-image-preview:large","max-video-preview":"max-video-preview:-1"},"canonical":"https:\/\/marthacifuentes.com\/portada\/asesinado-lider-comunitario-de-casanare-y-arauca\/","og_locale":"es_ES","og_type":"article","og_title":"Asesinado l\u00edder comunitario de Casanare y Arauca - \u25b7 Noticias de Casanare : Martha Cifuentes | Casanare","og_description":"Asesinado Alfonso Correa Sandoval, l\u00edder campesino, ambientalista y presidente de la Junta de Acci\u00f3n Comunal de la vereda La Cabuya en Tame, Arauca, en hechos ocurridos el mi\u00e9rcoles 13 de marzo en S\u00e1cama, Casanare. De acuerdo con la Asociaci\u00f3n Campesina de Arauca, el asesinato se produjo en la vereda La Casirva, municipio de S\u00e1cama, en &hellip;","og_url":"https:\/\/marthacifuentes.com\/portada\/asesinado-lider-comunitario-de-casanare-y-arauca\/","og_site_name":"\u25b7 Noticias de Casanare : Martha Cifuentes | Casanare","article_published_time":"2019-03-15T15:28:10+00:00","og_image":[{"width":950,"height":475,"url":"https:\/\/marthacifuentes.com\/portada\/wp-content\/uploads\/2019\/03\/asesinado-lider-comunitario-de-sacama.jpg","type":"image\/jpeg"}],"author":"Martha Cifuentes","twitter_card":"summary_large_image","twitter_misc":{"Escrito por":"Martha Cifuentes","Tiempo de lectura":"2 minutos"},"schema":{"@context":"https:\/\/schema.org","@graph":[{"@type":"WebPage","@id":"https:\/\/marthacifuentes.com\/portada\/asesinado-lider-comunitario-de-casanare-y-arauca\/","url":"https:\/\/marthacifuentes.com\/portada\/asesinado-lider-comunitario-de-casanare-y-arauca\/","name":"Asesinado l\u00edder comunitario de Casanare y Arauca - \u25b7 Noticias de Casanare : Martha Cifuentes | Casanare","isPartOf":{"@id":"https:\/\/marthacifuentes.com\/portada\/#website"},"primaryImageOfPage":{"@id":"https:\/\/marthacifuentes.com\/portada\/asesinado-lider-comunitario-de-casanare-y-arauca\/#primaryimage"},"image":{"@id":"https:\/\/marthacifuentes.com\/portada\/asesinado-lider-comunitario-de-casanare-y-arauca\/#primaryimage"},"thumbnailUrl":"https:\/\/marthacifuentes.com\/portada\/wp-content\/uploads\/2019\/03\/asesinado-lider-comunitario-de-sacama.jpg","datePublished":"2019-03-15T15:28:10+00:00","author":{"@id":"https:\/\/marthacifuentes.com\/portada\/#\/schema\/person\/57f53174b991db5f90ff78d58502b714"},"breadcrumb":{"@id":"https:\/\/marthacifuentes.com\/portada\/asesinado-lider-comunitario-de-casanare-y-arauca\/#breadcrumb"},"inLanguage":"es","potentialAction":[{"@type":"ReadAction","target":["https:\/\/marthacifuentes.com\/portada\/asesinado-lider-comunitario-de-casanare-y-arauca\/"]}]},{"@type":"ImageObject","inLanguage":"es","@id":"https:\/\/marthacifuentes.com\/portada\/asesinado-lider-comunitario-de-casanare-y-arauca\/#primaryimage","url":"https:\/\/marthacifuentes.com\/portada\/wp-content\/uploads\/2019\/03\/asesinado-lider-comunitario-de-sacama.jpg","contentUrl":"https:\/\/marthacifuentes.com\/portada\/wp-content\/uploads\/2019\/03\/asesinado-lider-comunitario-de-sacama.jpg","width":950,"height":475},{"@type":"BreadcrumbList","@id":"https:\/\/marthacifuentes.com\/portada\/asesinado-lider-comunitario-de-casanare-y-arauca\/#breadcrumb","itemListElement":[{"@type":"ListItem","position":1,"name":"Portada","item":"https:\/\/marthacifuentes.com\/portada\/"},{"@type":"ListItem","position":2,"name":"Asesinado l\u00edder comunitario de Casanare y Arauca"}]},{"@type":"WebSite","@id":"https:\/\/marthacifuentes.com\/portada\/#website","url":"https:\/\/marthacifuentes.com\/portada\/","name":"\u25b7 Noticias de Casanare : Martha Cifuentes | Casanare","description":"Noticias &amp; Contenidos","potentialAction":[{"@type":"SearchAction","target":{"@type":"EntryPoint","urlTemplate":"https:\/\/marthacifuentes.com\/portada\/?s={search_term_string}"},"query-input":{"@type":"PropertyValueSpecification","valueRequired":true,"valueName":"search_term_string"}}],"inLanguage":"es"},{"@type":"Person","@id":"https:\/\/marthacifuentes.com\/portada\/#\/schema\/person\/57f53174b991db5f90ff78d58502b714","name":"Martha Cifuentes","image":{"@type":"ImageObject","inLanguage":"es","@id":"https:\/\/marthacifuentes.com\/portada\/#\/schema\/person\/image\/","url":"http:\/\/marthacifuentes.com\/portada\/wp-content\/uploads\/2018\/06\/avatar_user_2_1528838701-96x96.jpg","contentUrl":"http:\/\/marthacifuentes.com\/portada\/wp-content\/uploads\/2018\/06\/avatar_user_2_1528838701-96x96.jpg","caption":"Martha Cifuentes"},"sameAs":["http:\/\/www.marthacifuentes.com"],"url":"https:\/\/marthacifuentes.com\/portada\/author\/martha\/"}]}},"_links":{"self":[{"href":"https:\/\/marthacifuentes.com\/portada\/wp-json\/wp\/v2\/posts\/20346","targetHints":{"allow":["GET"]}}],"collection":[{"href":"https:\/\/marthacifuentes.com\/portada\/wp-json\/wp\/v2\/posts"}],"about":[{"href":"https:\/\/marthacifuentes.com\/portada\/wp-json\/wp\/v2\/types\/post"}],"author":[{"embeddable":true,"href":"https:\/\/marthacifuentes.com\/portada\/wp-json\/wp\/v2\/users\/2"}],"replies":[{"embeddable":true,"href":"https:\/\/marthacifuentes.com\/portada\/wp-json\/wp\/v2\/comments?post=20346"}],"version-history":[{"count":0,"href":"https:\/\/marthacifuentes.com\/portada\/wp-json\/wp\/v2\/posts\/20346\/revisions"}],"wp:featuredmedia":[{"embeddable":true,"href":"https:\/\/marthacifuentes.com\/portada\/wp-json\/wp\/v2\/media\/20347"}],"wp:attachment":[{"href":"https:\/\/marthacifuentes.com\/portada\/wp-json\/wp\/v2\/media?parent=20346"}],"wp:term":[{"taxonomy":"category","embeddable":true,"href":"https:\/\/marthacifuentes.com\/portada\/wp-json\/wp\/v2\/categories?post=20346"},{"taxonomy":"post_tag","embeddable":true,"href":"https:\/\/marthacifuentes.com\/portada\/wp-json\/wp\/v2\/tags?post=20346"}],"curies":[{"name":"wp","href":"https:\/\/api.w.org\/{rel}","templated":true}]}}