{"id":20374,"date":"2019-03-19T07:25:20","date_gmt":"2019-03-19T12:25:20","guid":{"rendered":"https:\/\/marthacifuentes.com\/portada\/?p=20374"},"modified":"2019-03-19T07:25:20","modified_gmt":"2019-03-19T12:25:20","slug":"transporte-escolar-requiere-mayor-supervision-diputada-sonia-bernal","status":"publish","type":"post","link":"https:\/\/marthacifuentes.com\/portada\/transporte-escolar-requiere-mayor-supervision-diputada-sonia-bernal\/","title":{"rendered":"Transporte escolar requiere mayor supervisi\u00f3n: Diputada Sonia Bernal"},"content":{"rendered":"<p style=\"text-align: justify;\"><strong>La problem\u00e1tica de los transportadores de rutas escolares del departamento, el no pago de servicios a los conductores, azafatas y due\u00f1os de buses, fue analizada en una mesa de trabajo adelantada por la Asamblea Departamental. No se garantiza transporte seguro a los ni\u00f1os.<\/strong><\/p>\n<p style=\"text-align: justify;\">En la misma estuvieron la Secretar\u00eda de Educaci\u00f3n\u00a0 de Casanare, los transportadores de ruta escolar en las instituciones \u00a0educativas oficiales y la interventor\u00eda.<\/p>\n<blockquote>\n<p style=\"text-align: justify;\">La Diputada Sonia Bernal, expres\u00f3 que la situaci\u00f3n no es nueva ya que los esfuerzos del Departamento en garantizar el acceso a la educaci\u00f3n de los ni\u00f1os, se ve reducido por la falta de una mayor vigilancia por parte \u00a0de la interventor\u00eda\u00a0\u00a0en la ejecuci\u00f3n de los contratos.<\/p>\n<\/blockquote>\n<p><img loading=\"lazy\" decoding=\"async\" class=\"wp-image-20376 alignleft\" src=\"https:\/\/marthacifuentes.com\/portada\/wp-content\/uploads\/2019\/03\/sonia-bernal.jpg\" alt=\"\" width=\"315\" height=\"331\" \/><\/p>\n<p style=\"text-align: justify;\">\u201cExigimos a la Secretar\u00eda de Educaci\u00f3n mayor supervisi\u00f3n al contrato de transporte escolar de los estudiantes, que hoy sin ninguna responsabilidad faltan al pago de salarios de conductores y azafatas. Y lo peor no garantizan un transporte seguro que cuide la vida de los ni\u00f1os y ni\u00f1as\u201d afirm\u00f3 Sonia Bernal.<\/p>\n<p style=\"text-align: justify;\">La gran mayor\u00eda de los buses que est\u00e1n prestando el servicio de transporte escolar en Casanare, no est\u00e1n contratados; situaci\u00f3n \u00a0que ponen en evidente peligro la integridad de los ni\u00f1os, ni\u00f1as y j\u00f3venes \u00a0estudiantes.<\/p>\n<p style=\"text-align: justify;\">El contrato que asciende a \u00a0los $24 mil millones y que est\u00e1 en su etapa de terminaci\u00f3n, est\u00e1 siendo ejecutado por \u00a0una Uni\u00f3n Temporal, integrada por seis empresas \u00a0reconocidas en la regi\u00f3n; \u00a0como Coflonorte, Comulllanos, Cootrallanero, Coromoto, JR y Galaxia; sin embargo,\u00a0no responden al m\u00fasculo financiero y a la responsabilidad que exige el servicio, asegur\u00f3 la dirigente casanare\u00f1a.<\/p>\n<p style=\"text-align: justify;\">Finalmente, la Diputada se mostr\u00f3 preocupada por la integridad de los estudiantes y pidi\u00f3 a las empresas hacer lo propio para dar soluci\u00f3n al pago de salarios a los\u00a0 trabajadores y prestadores de servicio, que dependen econ\u00f3micamente de esta actividad para llevar el sustento a las familias.<\/p>\n<p>&nbsp;<\/p>\n<p>&nbsp;<\/p>\n<p>&nbsp;<\/p>\n","protected":false},"excerpt":{"rendered":"<p>La problem\u00e1tica de los transportadores de rutas escolares del departamento, el no pago de servicios a los conductores, azafatas y due\u00f1os de buses, fue analizada en una mesa de trabajo adelantada por la Asamblea Departamental. No se garantiza transporte seguro a los ni\u00f1os. En la misma estuvieron la Secretar\u00eda de Educaci\u00f3n\u00a0 de Casanare, los transportadores &hellip;<\/p>\n","protected":false},"author":2,"featured_media":20375,"comment_status":"open","ping_status":"open","sticky":false,"template":"","format":"standard","meta":{"om_disable_all_campaigns":false,"_exactmetrics_skip_tracking":false,"_exactmetrics_sitenote_active":false,"_exactmetrics_sitenote_note":"","_exactmetrics_sitenote_category":0,"_monsterinsights_skip_tracking":false,"_monsterinsights_sitenote_active":false,"_monsterinsights_sitenote_note":"","_monsterinsights_sitenote_category":0,"_uf_show_specific_survey":0,"_uf_disable_surveys":false,"_joinchat":[],"footnotes":""},"categories":[147,146,145],"tags":[193,154,1373,2197,187,1372,2198,682,2196,2195],"class_list":["post-20374","post","type-post","status-publish","format-standard","has-post-thumbnail","hentry","category-actualidad","category-noticias","category-reportajes","tag-alirio-barrera","tag-casanare","tag-casanare-noticias","tag-diputada-sonia-bernal","tag-gobernacion-de-casanare","tag-noticias-de-casanare","tag-rutas-escolares-casanare","tag-secretaria-de-educacion","tag-sonia-bernal","tag-transporte-escolar-casanare"],"yoast_head":"<!-- This site is optimized with the Yoast SEO plugin v26.1 - https:\/\/yoast.com\/wordpress\/plugins\/seo\/ -->\n<title>Transporte escolar requiere mayor supervisi\u00f3n: Diputada Sonia Bernal - \u25b7 Noticias de Casanare : Martha Cifuentes | Casanare<\/title>\n<meta name=\"robots\" content=\"index, follow, max-snippet:-1, max-image-preview:large, max-video-preview:-1\" \/>\n<link rel=\"canonical\" href=\"https:\/\/marthacifuentes.com\/portada\/transporte-escolar-requiere-mayor-supervision-diputada-sonia-bernal\/\" \/>\n<meta property=\"og:locale\" content=\"es_ES\" \/>\n<meta property=\"og:type\" content=\"article\" \/>\n<meta property=\"og:title\" content=\"Transporte escolar requiere mayor supervisi\u00f3n: Diputada Sonia Bernal - \u25b7 Noticias de Casanare : Martha Cifuentes | Casanare\" \/>\n<meta property=\"og:description\" content=\"La problem\u00e1tica de los transportadores de rutas escolares del departamento, el no pago de servicios a los conductores, azafatas y due\u00f1os de buses, fue analizada en una mesa de trabajo adelantada por la Asamblea Departamental. No se garantiza transporte seguro a los ni\u00f1os. En la misma estuvieron la Secretar\u00eda de Educaci\u00f3n\u00a0 de Casanare, los transportadores &hellip;\" \/>\n<meta property=\"og:url\" content=\"https:\/\/marthacifuentes.com\/portada\/transporte-escolar-requiere-mayor-supervision-diputada-sonia-bernal\/\" \/>\n<meta property=\"og:site_name\" content=\"\u25b7 Noticias de Casanare : Martha Cifuentes | Casanare\" \/>\n<meta property=\"article:published_time\" content=\"2019-03-19T12:25:20+00:00\" \/>\n<meta property=\"og:image\" content=\"https:\/\/marthacifuentes.com\/portada\/wp-content\/uploads\/2019\/03\/transporte-escolar-4.jpeg\" \/>\n\t<meta property=\"og:image:width\" content=\"1134\" \/>\n\t<meta property=\"og:image:height\" content=\"617\" \/>\n\t<meta property=\"og:image:type\" content=\"image\/jpeg\" \/>\n<meta name=\"author\" content=\"Martha Cifuentes\" \/>\n<meta name=\"twitter:card\" content=\"summary_large_image\" \/>\n<meta name=\"twitter:label1\" content=\"Escrito por\" \/>\n\t<meta name=\"twitter:data1\" content=\"Martha Cifuentes\" \/>\n\t<meta name=\"twitter:label2\" content=\"Tiempo de lectura\" \/>\n\t<meta name=\"twitter:data2\" content=\"2 minutos\" \/>\n<script type=\"application\/ld+json\" class=\"yoast-schema-graph\">{\"@context\":\"https:\/\/schema.org\",\"@graph\":[{\"@type\":\"WebPage\",\"@id\":\"https:\/\/marthacifuentes.com\/portada\/transporte-escolar-requiere-mayor-supervision-diputada-sonia-bernal\/\",\"url\":\"https:\/\/marthacifuentes.com\/portada\/transporte-escolar-requiere-mayor-supervision-diputada-sonia-bernal\/\",\"name\":\"Transporte escolar requiere mayor supervisi\u00f3n: Diputada Sonia Bernal - \u25b7 Noticias de Casanare : Martha Cifuentes | Casanare\",\"isPartOf\":{\"@id\":\"https:\/\/marthacifuentes.com\/portada\/#website\"},\"primaryImageOfPage\":{\"@id\":\"https:\/\/marthacifuentes.com\/portada\/transporte-escolar-requiere-mayor-supervision-diputada-sonia-bernal\/#primaryimage\"},\"image\":{\"@id\":\"https:\/\/marthacifuentes.com\/portada\/transporte-escolar-requiere-mayor-supervision-diputada-sonia-bernal\/#primaryimage\"},\"thumbnailUrl\":\"https:\/\/marthacifuentes.com\/portada\/wp-content\/uploads\/2019\/03\/transporte-escolar-4.jpeg\",\"datePublished\":\"2019-03-19T12:25:20+00:00\",\"author\":{\"@id\":\"https:\/\/marthacifuentes.com\/portada\/#\/schema\/person\/57f53174b991db5f90ff78d58502b714\"},\"breadcrumb\":{\"@id\":\"https:\/\/marthacifuentes.com\/portada\/transporte-escolar-requiere-mayor-supervision-diputada-sonia-bernal\/#breadcrumb\"},\"inLanguage\":\"es\",\"potentialAction\":[{\"@type\":\"ReadAction\",\"target\":[\"https:\/\/marthacifuentes.com\/portada\/transporte-escolar-requiere-mayor-supervision-diputada-sonia-bernal\/\"]}]},{\"@type\":\"ImageObject\",\"inLanguage\":\"es\",\"@id\":\"https:\/\/marthacifuentes.com\/portada\/transporte-escolar-requiere-mayor-supervision-diputada-sonia-bernal\/#primaryimage\",\"url\":\"https:\/\/marthacifuentes.com\/portada\/wp-content\/uploads\/2019\/03\/transporte-escolar-4.jpeg\",\"contentUrl\":\"https:\/\/marthacifuentes.com\/portada\/wp-content\/uploads\/2019\/03\/transporte-escolar-4.jpeg\",\"width\":1134,\"height\":617},{\"@type\":\"BreadcrumbList\",\"@id\":\"https:\/\/marthacifuentes.com\/portada\/transporte-escolar-requiere-mayor-supervision-diputada-sonia-bernal\/#breadcrumb\",\"itemListElement\":[{\"@type\":\"ListItem\",\"position\":1,\"name\":\"Portada\",\"item\":\"https:\/\/marthacifuentes.com\/portada\/\"},{\"@type\":\"ListItem\",\"position\":2,\"name\":\"Transporte escolar requiere mayor supervisi\u00f3n: Diputada Sonia Bernal\"}]},{\"@type\":\"WebSite\",\"@id\":\"https:\/\/marthacifuentes.com\/portada\/#website\",\"url\":\"https:\/\/marthacifuentes.com\/portada\/\",\"name\":\"\u25b7 Noticias de Casanare : Martha Cifuentes | Casanare\",\"description\":\"Noticias &amp; Contenidos\",\"potentialAction\":[{\"@type\":\"SearchAction\",\"target\":{\"@type\":\"EntryPoint\",\"urlTemplate\":\"https:\/\/marthacifuentes.com\/portada\/?s={search_term_string}\"},\"query-input\":{\"@type\":\"PropertyValueSpecification\",\"valueRequired\":true,\"valueName\":\"search_term_string\"}}],\"inLanguage\":\"es\"},{\"@type\":\"Person\",\"@id\":\"https:\/\/marthacifuentes.com\/portada\/#\/schema\/person\/57f53174b991db5f90ff78d58502b714\",\"name\":\"Martha Cifuentes\",\"image\":{\"@type\":\"ImageObject\",\"inLanguage\":\"es\",\"@id\":\"https:\/\/marthacifuentes.com\/portada\/#\/schema\/person\/image\/\",\"url\":\"http:\/\/marthacifuentes.com\/portada\/wp-content\/uploads\/2018\/06\/avatar_user_2_1528838701-96x96.jpg\",\"contentUrl\":\"http:\/\/marthacifuentes.com\/portada\/wp-content\/uploads\/2018\/06\/avatar_user_2_1528838701-96x96.jpg\",\"caption\":\"Martha Cifuentes\"},\"sameAs\":[\"http:\/\/www.marthacifuentes.com\"],\"url\":\"https:\/\/marthacifuentes.com\/portada\/author\/martha\/\"}]}<\/script>\n<!-- \/ Yoast SEO plugin. -->","yoast_head_json":{"title":"Transporte escolar requiere mayor supervisi\u00f3n: Diputada Sonia Bernal - \u25b7 Noticias de Casanare : Martha Cifuentes | Casanare","robots":{"index":"index","follow":"follow","max-snippet":"max-snippet:-1","max-image-preview":"max-image-preview:large","max-video-preview":"max-video-preview:-1"},"canonical":"https:\/\/marthacifuentes.com\/portada\/transporte-escolar-requiere-mayor-supervision-diputada-sonia-bernal\/","og_locale":"es_ES","og_type":"article","og_title":"Transporte escolar requiere mayor supervisi\u00f3n: Diputada Sonia Bernal - \u25b7 Noticias de Casanare : Martha Cifuentes | Casanare","og_description":"La problem\u00e1tica de los transportadores de rutas escolares del departamento, el no pago de servicios a los conductores, azafatas y due\u00f1os de buses, fue analizada en una mesa de trabajo adelantada por la Asamblea Departamental. No se garantiza transporte seguro a los ni\u00f1os. En la misma estuvieron la Secretar\u00eda de Educaci\u00f3n\u00a0 de Casanare, los transportadores &hellip;","og_url":"https:\/\/marthacifuentes.com\/portada\/transporte-escolar-requiere-mayor-supervision-diputada-sonia-bernal\/","og_site_name":"\u25b7 Noticias de Casanare : Martha Cifuentes | Casanare","article_published_time":"2019-03-19T12:25:20+00:00","og_image":[{"width":1134,"height":617,"url":"https:\/\/marthacifuentes.com\/portada\/wp-content\/uploads\/2019\/03\/transporte-escolar-4.jpeg","type":"image\/jpeg"}],"author":"Martha Cifuentes","twitter_card":"summary_large_image","twitter_misc":{"Escrito por":"Martha Cifuentes","Tiempo de lectura":"2 minutos"},"schema":{"@context":"https:\/\/schema.org","@graph":[{"@type":"WebPage","@id":"https:\/\/marthacifuentes.com\/portada\/transporte-escolar-requiere-mayor-supervision-diputada-sonia-bernal\/","url":"https:\/\/marthacifuentes.com\/portada\/transporte-escolar-requiere-mayor-supervision-diputada-sonia-bernal\/","name":"Transporte escolar requiere mayor supervisi\u00f3n: Diputada Sonia Bernal - \u25b7 Noticias de Casanare : Martha Cifuentes | Casanare","isPartOf":{"@id":"https:\/\/marthacifuentes.com\/portada\/#website"},"primaryImageOfPage":{"@id":"https:\/\/marthacifuentes.com\/portada\/transporte-escolar-requiere-mayor-supervision-diputada-sonia-bernal\/#primaryimage"},"image":{"@id":"https:\/\/marthacifuentes.com\/portada\/transporte-escolar-requiere-mayor-supervision-diputada-sonia-bernal\/#primaryimage"},"thumbnailUrl":"https:\/\/marthacifuentes.com\/portada\/wp-content\/uploads\/2019\/03\/transporte-escolar-4.jpeg","datePublished":"2019-03-19T12:25:20+00:00","author":{"@id":"https:\/\/marthacifuentes.com\/portada\/#\/schema\/person\/57f53174b991db5f90ff78d58502b714"},"breadcrumb":{"@id":"https:\/\/marthacifuentes.com\/portada\/transporte-escolar-requiere-mayor-supervision-diputada-sonia-bernal\/#breadcrumb"},"inLanguage":"es","potentialAction":[{"@type":"ReadAction","target":["https:\/\/marthacifuentes.com\/portada\/transporte-escolar-requiere-mayor-supervision-diputada-sonia-bernal\/"]}]},{"@type":"ImageObject","inLanguage":"es","@id":"https:\/\/marthacifuentes.com\/portada\/transporte-escolar-requiere-mayor-supervision-diputada-sonia-bernal\/#primaryimage","url":"https:\/\/marthacifuentes.com\/portada\/wp-content\/uploads\/2019\/03\/transporte-escolar-4.jpeg","contentUrl":"https:\/\/marthacifuentes.com\/portada\/wp-content\/uploads\/2019\/03\/transporte-escolar-4.jpeg","width":1134,"height":617},{"@type":"BreadcrumbList","@id":"https:\/\/marthacifuentes.com\/portada\/transporte-escolar-requiere-mayor-supervision-diputada-sonia-bernal\/#breadcrumb","itemListElement":[{"@type":"ListItem","position":1,"name":"Portada","item":"https:\/\/marthacifuentes.com\/portada\/"},{"@type":"ListItem","position":2,"name":"Transporte escolar requiere mayor supervisi\u00f3n: Diputada Sonia Bernal"}]},{"@type":"WebSite","@id":"https:\/\/marthacifuentes.com\/portada\/#website","url":"https:\/\/marthacifuentes.com\/portada\/","name":"\u25b7 Noticias de Casanare : Martha Cifuentes | Casanare","description":"Noticias &amp; Contenidos","potentialAction":[{"@type":"SearchAction","target":{"@type":"EntryPoint","urlTemplate":"https:\/\/marthacifuentes.com\/portada\/?s={search_term_string}"},"query-input":{"@type":"PropertyValueSpecification","valueRequired":true,"valueName":"search_term_string"}}],"inLanguage":"es"},{"@type":"Person","@id":"https:\/\/marthacifuentes.com\/portada\/#\/schema\/person\/57f53174b991db5f90ff78d58502b714","name":"Martha Cifuentes","image":{"@type":"ImageObject","inLanguage":"es","@id":"https:\/\/marthacifuentes.com\/portada\/#\/schema\/person\/image\/","url":"http:\/\/marthacifuentes.com\/portada\/wp-content\/uploads\/2018\/06\/avatar_user_2_1528838701-96x96.jpg","contentUrl":"http:\/\/marthacifuentes.com\/portada\/wp-content\/uploads\/2018\/06\/avatar_user_2_1528838701-96x96.jpg","caption":"Martha Cifuentes"},"sameAs":["http:\/\/www.marthacifuentes.com"],"url":"https:\/\/marthacifuentes.com\/portada\/author\/martha\/"}]}},"_links":{"self":[{"href":"https:\/\/marthacifuentes.com\/portada\/wp-json\/wp\/v2\/posts\/20374","targetHints":{"allow":["GET"]}}],"collection":[{"href":"https:\/\/marthacifuentes.com\/portada\/wp-json\/wp\/v2\/posts"}],"about":[{"href":"https:\/\/marthacifuentes.com\/portada\/wp-json\/wp\/v2\/types\/post"}],"author":[{"embeddable":true,"href":"https:\/\/marthacifuentes.com\/portada\/wp-json\/wp\/v2\/users\/2"}],"replies":[{"embeddable":true,"href":"https:\/\/marthacifuentes.com\/portada\/wp-json\/wp\/v2\/comments?post=20374"}],"version-history":[{"count":0,"href":"https:\/\/marthacifuentes.com\/portada\/wp-json\/wp\/v2\/posts\/20374\/revisions"}],"wp:featuredmedia":[{"embeddable":true,"href":"https:\/\/marthacifuentes.com\/portada\/wp-json\/wp\/v2\/media\/20375"}],"wp:attachment":[{"href":"https:\/\/marthacifuentes.com\/portada\/wp-json\/wp\/v2\/media?parent=20374"}],"wp:term":[{"taxonomy":"category","embeddable":true,"href":"https:\/\/marthacifuentes.com\/portada\/wp-json\/wp\/v2\/categories?post=20374"},{"taxonomy":"post_tag","embeddable":true,"href":"https:\/\/marthacifuentes.com\/portada\/wp-json\/wp\/v2\/tags?post=20374"}],"curies":[{"name":"wp","href":"https:\/\/api.w.org\/{rel}","templated":true}]}}