{"id":20502,"date":"2019-04-01T01:01:28","date_gmt":"2019-04-01T06:01:28","guid":{"rendered":"https:\/\/marthacifuentes.com\/portada\/?p=20502"},"modified":"2019-04-01T01:02:09","modified_gmt":"2019-04-01T06:02:09","slug":"alfonso-y-gabrielina-demuestran-que-nunca-es-tarde-para-amar","status":"publish","type":"post","link":"https:\/\/marthacifuentes.com\/portada\/alfonso-y-gabrielina-demuestran-que-nunca-es-tarde-para-amar\/","title":{"rendered":"Alfonso y Gabrielina demuestran que nunca es tarde para amar \u00a0\u00a0"},"content":{"rendered":"<p style=\"text-align: justify;\"><strong>El matrimonio de Alfonso Ni\u00f1o y Gabriela Samudio fue el acontecimiento del pueblo en Nunch\u00eda, Casanare. Todo porque a pesar de su avanzada edad quisieron cumplir su sue\u00f1o de compartir su amor hasta la muerte, al mejor estilo de la novela Los Tiempos del C\u00f3lera de Gabriel Garc\u00eda M\u00e1rquez.<\/strong><\/p>\n<p style=\"text-align: justify;\"><strong>Con informaci\u00f3n de la Alcald\u00eda de Nunch\u00eda<\/strong><\/p>\n<blockquote>\n<p style=\"text-align: justify;\">Alfonso y Gabrielina se conocieron hace aproximadamente 4 a\u00f1os en el Centro de Bienestar y Protecci\u00f3n \u201cMis a\u00f1os Dorados\u201d, en este lugar se enamoraron y tomaron la decisi\u00f3n de contraer matrimonio y a pesar de los impedimentos que se presentaron, ellos nunca dejaron de insistir a cada sacerdote que llegaba al municipio, para que los ayudara con los tr\u00e1mites necesarios para su boda.<\/p>\n<\/blockquote>\n<p style=\"text-align: justify;\">Frente a este amor oto\u00f1al la Parroquia\u00a0Sagrada Familia de Nunch\u00eda, en cabeza del p\u00e1rroco Germ\u00e1n Tapias, con el apoyo de la Administraci\u00f3n Municipal, su familia y todas aquellas personas que se unieron a esta causa con sus aportes, lograron que el sue\u00f1o de amor de estos enamorados se hiciera realidad la semana pasada.<\/p>\n<p style=\"text-align: justify;\">Este fue uno de los eventos m\u00e1s esperados por los nunchianos, al cual asisti\u00f3 gran parte de la poblaci\u00f3n para compartir la felicidad de esta pareja, con quienes queda demostrado que nunca es tarde para amar.<\/p>\n<p style=\"text-align: justify;\">Hoy en d\u00eda gracias a la uni\u00f3n de varios nunchianos este matrimonio se ha hecho realidad y ante los ojos de todos, Gabrielina y Alfonso son los esposos m\u00e1s felices, quienes salen a pasear por las calles de Nunch\u00eda tomados de la mano y en cada lugar que visitan no dejan de demostrar el amor que siente el uno por el otro, ese tipo de amor que cada vez es m\u00e1s escaso de hallar en los tiempos que vivimos.<\/p>\n<p>&nbsp;<\/p>\n<p>&nbsp;<\/p>\n","protected":false},"excerpt":{"rendered":"<p>El matrimonio de Alfonso Ni\u00f1o y Gabriela Samudio fue el acontecimiento del pueblo en Nunch\u00eda, Casanare. Todo porque a pesar de su avanzada edad quisieron cumplir su sue\u00f1o de compartir su amor hasta la muerte, al mejor estilo de la novela Los Tiempos del C\u00f3lera de Gabriel Garc\u00eda M\u00e1rquez. Con informaci\u00f3n de la Alcald\u00eda de &hellip;<\/p>\n","protected":false},"author":2,"featured_media":20503,"comment_status":"open","ping_status":"open","sticky":false,"template":"","format":"standard","meta":{"om_disable_all_campaigns":false,"_exactmetrics_skip_tracking":false,"_exactmetrics_sitenote_active":false,"_exactmetrics_sitenote_note":"","_exactmetrics_sitenote_category":0,"_monsterinsights_skip_tracking":false,"_monsterinsights_sitenote_active":false,"_monsterinsights_sitenote_note":"","_monsterinsights_sitenote_category":0,"_uf_show_specific_survey":0,"_uf_disable_surveys":false,"_joinchat":[],"footnotes":""},"categories":[147,146,151],"tags":[2286,154,2287,2288,2285,1372],"class_list":["post-20502","post","type-post","status-publish","format-standard","has-post-thumbnail","hentry","category-actualidad","category-noticias","category-vivir-bien","tag-alfonso-y-gabrielina","tag-casanare","tag-el-amor-en-los-tiempos-del-colera","tag-el-matrimonio-del-ano-en-nunchia","tag-matrimonio-de-ancianos-en-nunchia","tag-noticias-de-casanare"],"yoast_head":"<!-- This site is optimized with the Yoast SEO plugin v26.1 - https:\/\/yoast.com\/wordpress\/plugins\/seo\/ -->\n<title>Alfonso y Gabrielina demuestran que nunca es tarde para amar \u00a0\u00a0 - \u25b7 Noticias de Casanare : Martha Cifuentes | Casanare<\/title>\n<meta name=\"robots\" content=\"index, follow, max-snippet:-1, max-image-preview:large, max-video-preview:-1\" \/>\n<link rel=\"canonical\" href=\"https:\/\/marthacifuentes.com\/portada\/alfonso-y-gabrielina-demuestran-que-nunca-es-tarde-para-amar\/\" \/>\n<meta property=\"og:locale\" content=\"es_ES\" \/>\n<meta property=\"og:type\" content=\"article\" \/>\n<meta property=\"og:title\" content=\"Alfonso y Gabrielina demuestran que nunca es tarde para amar \u00a0\u00a0 - \u25b7 Noticias de Casanare : Martha Cifuentes | Casanare\" \/>\n<meta property=\"og:description\" content=\"El matrimonio de Alfonso Ni\u00f1o y Gabriela Samudio fue el acontecimiento del pueblo en Nunch\u00eda, Casanare. Todo porque a pesar de su avanzada edad quisieron cumplir su sue\u00f1o de compartir su amor hasta la muerte, al mejor estilo de la novela Los Tiempos del C\u00f3lera de Gabriel Garc\u00eda M\u00e1rquez. Con informaci\u00f3n de la Alcald\u00eda de &hellip;\" \/>\n<meta property=\"og:url\" content=\"https:\/\/marthacifuentes.com\/portada\/alfonso-y-gabrielina-demuestran-que-nunca-es-tarde-para-amar\/\" \/>\n<meta property=\"og:site_name\" content=\"\u25b7 Noticias de Casanare : Martha Cifuentes | Casanare\" \/>\n<meta property=\"article:published_time\" content=\"2019-04-01T06:01:28+00:00\" \/>\n<meta property=\"article:modified_time\" content=\"2019-04-01T06:02:09+00:00\" \/>\n<meta property=\"og:image\" content=\"https:\/\/marthacifuentes.com\/portada\/wp-content\/uploads\/2019\/04\/la-boda-del-a\u00f1o-en-Nunch\u00eda-Casanare.jpg\" \/>\n\t<meta property=\"og:image:width\" content=\"1280\" \/>\n\t<meta property=\"og:image:height\" content=\"853\" \/>\n\t<meta property=\"og:image:type\" content=\"image\/jpeg\" \/>\n<meta name=\"author\" content=\"Martha Cifuentes\" \/>\n<meta name=\"twitter:card\" content=\"summary_large_image\" \/>\n<meta name=\"twitter:label1\" content=\"Escrito por\" \/>\n\t<meta name=\"twitter:data1\" content=\"Martha Cifuentes\" \/>\n\t<meta name=\"twitter:label2\" content=\"Tiempo de lectura\" \/>\n\t<meta name=\"twitter:data2\" content=\"2 minutos\" \/>\n<script type=\"application\/ld+json\" class=\"yoast-schema-graph\">{\"@context\":\"https:\/\/schema.org\",\"@graph\":[{\"@type\":\"WebPage\",\"@id\":\"https:\/\/marthacifuentes.com\/portada\/alfonso-y-gabrielina-demuestran-que-nunca-es-tarde-para-amar\/\",\"url\":\"https:\/\/marthacifuentes.com\/portada\/alfonso-y-gabrielina-demuestran-que-nunca-es-tarde-para-amar\/\",\"name\":\"Alfonso y Gabrielina demuestran que nunca es tarde para amar \u00a0\u00a0 - \u25b7 Noticias de Casanare : Martha Cifuentes | Casanare\",\"isPartOf\":{\"@id\":\"https:\/\/marthacifuentes.com\/portada\/#website\"},\"primaryImageOfPage\":{\"@id\":\"https:\/\/marthacifuentes.com\/portada\/alfonso-y-gabrielina-demuestran-que-nunca-es-tarde-para-amar\/#primaryimage\"},\"image\":{\"@id\":\"https:\/\/marthacifuentes.com\/portada\/alfonso-y-gabrielina-demuestran-que-nunca-es-tarde-para-amar\/#primaryimage\"},\"thumbnailUrl\":\"https:\/\/marthacifuentes.com\/portada\/wp-content\/uploads\/2019\/04\/la-boda-del-a\u00f1o-en-Nunch\u00eda-Casanare.jpg\",\"datePublished\":\"2019-04-01T06:01:28+00:00\",\"dateModified\":\"2019-04-01T06:02:09+00:00\",\"author\":{\"@id\":\"https:\/\/marthacifuentes.com\/portada\/#\/schema\/person\/57f53174b991db5f90ff78d58502b714\"},\"breadcrumb\":{\"@id\":\"https:\/\/marthacifuentes.com\/portada\/alfonso-y-gabrielina-demuestran-que-nunca-es-tarde-para-amar\/#breadcrumb\"},\"inLanguage\":\"es\",\"potentialAction\":[{\"@type\":\"ReadAction\",\"target\":[\"https:\/\/marthacifuentes.com\/portada\/alfonso-y-gabrielina-demuestran-que-nunca-es-tarde-para-amar\/\"]}]},{\"@type\":\"ImageObject\",\"inLanguage\":\"es\",\"@id\":\"https:\/\/marthacifuentes.com\/portada\/alfonso-y-gabrielina-demuestran-que-nunca-es-tarde-para-amar\/#primaryimage\",\"url\":\"https:\/\/marthacifuentes.com\/portada\/wp-content\/uploads\/2019\/04\/la-boda-del-a\u00f1o-en-Nunch\u00eda-Casanare.jpg\",\"contentUrl\":\"https:\/\/marthacifuentes.com\/portada\/wp-content\/uploads\/2019\/04\/la-boda-del-a\u00f1o-en-Nunch\u00eda-Casanare.jpg\",\"width\":1280,\"height\":853},{\"@type\":\"BreadcrumbList\",\"@id\":\"https:\/\/marthacifuentes.com\/portada\/alfonso-y-gabrielina-demuestran-que-nunca-es-tarde-para-amar\/#breadcrumb\",\"itemListElement\":[{\"@type\":\"ListItem\",\"position\":1,\"name\":\"Portada\",\"item\":\"https:\/\/marthacifuentes.com\/portada\/\"},{\"@type\":\"ListItem\",\"position\":2,\"name\":\"Alfonso y Gabrielina demuestran que nunca es tarde para amar \u00a0\u00a0\"}]},{\"@type\":\"WebSite\",\"@id\":\"https:\/\/marthacifuentes.com\/portada\/#website\",\"url\":\"https:\/\/marthacifuentes.com\/portada\/\",\"name\":\"\u25b7 Noticias de Casanare : Martha Cifuentes | Casanare\",\"description\":\"Noticias &amp; Contenidos\",\"potentialAction\":[{\"@type\":\"SearchAction\",\"target\":{\"@type\":\"EntryPoint\",\"urlTemplate\":\"https:\/\/marthacifuentes.com\/portada\/?s={search_term_string}\"},\"query-input\":{\"@type\":\"PropertyValueSpecification\",\"valueRequired\":true,\"valueName\":\"search_term_string\"}}],\"inLanguage\":\"es\"},{\"@type\":\"Person\",\"@id\":\"https:\/\/marthacifuentes.com\/portada\/#\/schema\/person\/57f53174b991db5f90ff78d58502b714\",\"name\":\"Martha Cifuentes\",\"image\":{\"@type\":\"ImageObject\",\"inLanguage\":\"es\",\"@id\":\"https:\/\/marthacifuentes.com\/portada\/#\/schema\/person\/image\/\",\"url\":\"http:\/\/marthacifuentes.com\/portada\/wp-content\/uploads\/2018\/06\/avatar_user_2_1528838701-96x96.jpg\",\"contentUrl\":\"http:\/\/marthacifuentes.com\/portada\/wp-content\/uploads\/2018\/06\/avatar_user_2_1528838701-96x96.jpg\",\"caption\":\"Martha Cifuentes\"},\"sameAs\":[\"http:\/\/www.marthacifuentes.com\"],\"url\":\"https:\/\/marthacifuentes.com\/portada\/author\/martha\/\"}]}<\/script>\n<!-- \/ Yoast SEO plugin. -->","yoast_head_json":{"title":"Alfonso y Gabrielina demuestran que nunca es tarde para amar \u00a0\u00a0 - \u25b7 Noticias de Casanare : Martha Cifuentes | Casanare","robots":{"index":"index","follow":"follow","max-snippet":"max-snippet:-1","max-image-preview":"max-image-preview:large","max-video-preview":"max-video-preview:-1"},"canonical":"https:\/\/marthacifuentes.com\/portada\/alfonso-y-gabrielina-demuestran-que-nunca-es-tarde-para-amar\/","og_locale":"es_ES","og_type":"article","og_title":"Alfonso y Gabrielina demuestran que nunca es tarde para amar \u00a0\u00a0 - \u25b7 Noticias de Casanare : Martha Cifuentes | Casanare","og_description":"El matrimonio de Alfonso Ni\u00f1o y Gabriela Samudio fue el acontecimiento del pueblo en Nunch\u00eda, Casanare. Todo porque a pesar de su avanzada edad quisieron cumplir su sue\u00f1o de compartir su amor hasta la muerte, al mejor estilo de la novela Los Tiempos del C\u00f3lera de Gabriel Garc\u00eda M\u00e1rquez. Con informaci\u00f3n de la Alcald\u00eda de &hellip;","og_url":"https:\/\/marthacifuentes.com\/portada\/alfonso-y-gabrielina-demuestran-que-nunca-es-tarde-para-amar\/","og_site_name":"\u25b7 Noticias de Casanare : Martha Cifuentes | Casanare","article_published_time":"2019-04-01T06:01:28+00:00","article_modified_time":"2019-04-01T06:02:09+00:00","og_image":[{"width":1280,"height":853,"url":"https:\/\/marthacifuentes.com\/portada\/wp-content\/uploads\/2019\/04\/la-boda-del-a\u00f1o-en-Nunch\u00eda-Casanare.jpg","type":"image\/jpeg"}],"author":"Martha Cifuentes","twitter_card":"summary_large_image","twitter_misc":{"Escrito por":"Martha Cifuentes","Tiempo de lectura":"2 minutos"},"schema":{"@context":"https:\/\/schema.org","@graph":[{"@type":"WebPage","@id":"https:\/\/marthacifuentes.com\/portada\/alfonso-y-gabrielina-demuestran-que-nunca-es-tarde-para-amar\/","url":"https:\/\/marthacifuentes.com\/portada\/alfonso-y-gabrielina-demuestran-que-nunca-es-tarde-para-amar\/","name":"Alfonso y Gabrielina demuestran que nunca es tarde para amar \u00a0\u00a0 - \u25b7 Noticias de Casanare : Martha Cifuentes | Casanare","isPartOf":{"@id":"https:\/\/marthacifuentes.com\/portada\/#website"},"primaryImageOfPage":{"@id":"https:\/\/marthacifuentes.com\/portada\/alfonso-y-gabrielina-demuestran-que-nunca-es-tarde-para-amar\/#primaryimage"},"image":{"@id":"https:\/\/marthacifuentes.com\/portada\/alfonso-y-gabrielina-demuestran-que-nunca-es-tarde-para-amar\/#primaryimage"},"thumbnailUrl":"https:\/\/marthacifuentes.com\/portada\/wp-content\/uploads\/2019\/04\/la-boda-del-a\u00f1o-en-Nunch\u00eda-Casanare.jpg","datePublished":"2019-04-01T06:01:28+00:00","dateModified":"2019-04-01T06:02:09+00:00","author":{"@id":"https:\/\/marthacifuentes.com\/portada\/#\/schema\/person\/57f53174b991db5f90ff78d58502b714"},"breadcrumb":{"@id":"https:\/\/marthacifuentes.com\/portada\/alfonso-y-gabrielina-demuestran-que-nunca-es-tarde-para-amar\/#breadcrumb"},"inLanguage":"es","potentialAction":[{"@type":"ReadAction","target":["https:\/\/marthacifuentes.com\/portada\/alfonso-y-gabrielina-demuestran-que-nunca-es-tarde-para-amar\/"]}]},{"@type":"ImageObject","inLanguage":"es","@id":"https:\/\/marthacifuentes.com\/portada\/alfonso-y-gabrielina-demuestran-que-nunca-es-tarde-para-amar\/#primaryimage","url":"https:\/\/marthacifuentes.com\/portada\/wp-content\/uploads\/2019\/04\/la-boda-del-a\u00f1o-en-Nunch\u00eda-Casanare.jpg","contentUrl":"https:\/\/marthacifuentes.com\/portada\/wp-content\/uploads\/2019\/04\/la-boda-del-a\u00f1o-en-Nunch\u00eda-Casanare.jpg","width":1280,"height":853},{"@type":"BreadcrumbList","@id":"https:\/\/marthacifuentes.com\/portada\/alfonso-y-gabrielina-demuestran-que-nunca-es-tarde-para-amar\/#breadcrumb","itemListElement":[{"@type":"ListItem","position":1,"name":"Portada","item":"https:\/\/marthacifuentes.com\/portada\/"},{"@type":"ListItem","position":2,"name":"Alfonso y Gabrielina demuestran que nunca es tarde para amar \u00a0\u00a0"}]},{"@type":"WebSite","@id":"https:\/\/marthacifuentes.com\/portada\/#website","url":"https:\/\/marthacifuentes.com\/portada\/","name":"\u25b7 Noticias de Casanare : Martha Cifuentes | Casanare","description":"Noticias &amp; Contenidos","potentialAction":[{"@type":"SearchAction","target":{"@type":"EntryPoint","urlTemplate":"https:\/\/marthacifuentes.com\/portada\/?s={search_term_string}"},"query-input":{"@type":"PropertyValueSpecification","valueRequired":true,"valueName":"search_term_string"}}],"inLanguage":"es"},{"@type":"Person","@id":"https:\/\/marthacifuentes.com\/portada\/#\/schema\/person\/57f53174b991db5f90ff78d58502b714","name":"Martha Cifuentes","image":{"@type":"ImageObject","inLanguage":"es","@id":"https:\/\/marthacifuentes.com\/portada\/#\/schema\/person\/image\/","url":"http:\/\/marthacifuentes.com\/portada\/wp-content\/uploads\/2018\/06\/avatar_user_2_1528838701-96x96.jpg","contentUrl":"http:\/\/marthacifuentes.com\/portada\/wp-content\/uploads\/2018\/06\/avatar_user_2_1528838701-96x96.jpg","caption":"Martha Cifuentes"},"sameAs":["http:\/\/www.marthacifuentes.com"],"url":"https:\/\/marthacifuentes.com\/portada\/author\/martha\/"}]}},"_links":{"self":[{"href":"https:\/\/marthacifuentes.com\/portada\/wp-json\/wp\/v2\/posts\/20502","targetHints":{"allow":["GET"]}}],"collection":[{"href":"https:\/\/marthacifuentes.com\/portada\/wp-json\/wp\/v2\/posts"}],"about":[{"href":"https:\/\/marthacifuentes.com\/portada\/wp-json\/wp\/v2\/types\/post"}],"author":[{"embeddable":true,"href":"https:\/\/marthacifuentes.com\/portada\/wp-json\/wp\/v2\/users\/2"}],"replies":[{"embeddable":true,"href":"https:\/\/marthacifuentes.com\/portada\/wp-json\/wp\/v2\/comments?post=20502"}],"version-history":[{"count":0,"href":"https:\/\/marthacifuentes.com\/portada\/wp-json\/wp\/v2\/posts\/20502\/revisions"}],"wp:featuredmedia":[{"embeddable":true,"href":"https:\/\/marthacifuentes.com\/portada\/wp-json\/wp\/v2\/media\/20503"}],"wp:attachment":[{"href":"https:\/\/marthacifuentes.com\/portada\/wp-json\/wp\/v2\/media?parent=20502"}],"wp:term":[{"taxonomy":"category","embeddable":true,"href":"https:\/\/marthacifuentes.com\/portada\/wp-json\/wp\/v2\/categories?post=20502"},{"taxonomy":"post_tag","embeddable":true,"href":"https:\/\/marthacifuentes.com\/portada\/wp-json\/wp\/v2\/tags?post=20502"}],"curies":[{"name":"wp","href":"https:\/\/api.w.org\/{rel}","templated":true}]}}