{"id":20505,"date":"2019-04-01T09:24:06","date_gmt":"2019-04-01T14:24:06","guid":{"rendered":"https:\/\/marthacifuentes.com\/portada\/?p=20505"},"modified":"2019-04-01T09:24:06","modified_gmt":"2019-04-01T14:24:06","slug":"80-de-canales-de-agua-en-yopal-son-ilegales-corporinoquia","status":"publish","type":"post","link":"https:\/\/marthacifuentes.com\/portada\/80-de-canales-de-agua-en-yopal-son-ilegales-corporinoquia\/","title":{"rendered":"80% de canales de agua en Yopal son ilegales: Corporinoquia"},"content":{"rendered":"<p style=\"text-align: justify;\"><strong>La comunidad del corregimiento Punto Nuevo en Yopal anhela que el pr\u00f3ximo verano no se repita la reducci\u00f3n del caudal o secamiento de sus ca\u00f1os que ha venido sucediendo en los \u00faltimos 10 a\u00f1os, por cuenta de los trinchos en los canales de agua que crearon arroceros y palmeros, entre otros agricultores. Piden soluciones y endurecer las penas contra los infractores ambientales.<\/strong><\/p>\n<p style=\"text-align: justify;\">As\u00ed lo reiteraron en una reuni\u00f3n llevada a cabo ayer en la vereda Barbillal, donde estuvieron funcionarios de Corporinoquia, liderados por la directora Martha Plazas, escuchando el lamento de los habitantes de las veredas San Jos\u00e9 de Ca\u00f1o Seco, Palomas Aguaverde, Punto Nuevo, Barbillal, Primero de Mayo, San Pascual y el Amparo, qui\u00e9nes exigieron soluciones efectivas m\u00e1s all\u00e1 de las sanciones econ\u00f3micas que se terminaron convirtiendo en una burla de los finqueros que captan ilegalmente el agua.<\/p>\n<p style=\"text-align: justify;\">La reuni\u00f3n se logr\u00f3 luego de que varios de los habitantes de estos sectores realizaran un plant\u00f3n en la Corporinoquia la semana pasada, donde reiteraron sus denuncias.<\/p>\n<blockquote>\n<p style=\"text-align: justify;\">El representante ambiental y vocero de la comunidad\u00a0Luis \u00c1ngel Luna, expres\u00f3 que ya se complet\u00f3 una d\u00e9cada de afectaciones c\u00edclicas a los ca\u00f1os El Tiestal, Aguaverde, Nocuito y Caim\u00e1n, entre otros. Por ello se hace necesario endurecer las acciones judiciales contra los usurpadores del agua. Dijo que no vali\u00f3 desmontar los trinchos porque nuevamente se reconstru\u00edan al igual que no se conocen los resultados de las denuncias de varios de los implicados en el delito ambiental.<\/p>\n<\/blockquote>\n<p>https:\/\/www.facebook.com\/MarthaCifuentesNoticiasyContenidos\/videos\/264203187865998\/<\/p>\n<p>&nbsp;<\/p>\n<p style=\"text-align: justify;\">Igualmente Arnulfo Canelo, habitante de la vereda San Jos\u00e9 de Ca\u00f1o Seco, describi\u00f3 como en el ca\u00f1o del mismo nombre se produjo una mortandad de peces, cuando este disminuy\u00f3 dr\u00e1sticamente su caudal.<\/p>\n<p style=\"text-align: justify;\">Explica que cuando se evidenci\u00f3 la situaci\u00f3n y se hizo p\u00fablica, de la noche a la ma\u00f1ana volvi\u00f3 el agua. No se pudo dar con los responsables pero est\u00e1 seguro que trincharon el ca\u00f1o.<\/p>\n<p>https:\/\/www.facebook.com\/MarthaCifuentesNoticiasyContenidos\/videos\/1544984482301513\/<\/p>\n<p>&nbsp;<\/p>\n<p style=\"text-align: justify;\">Por su parte el due\u00f1o del fundo donde se realiz\u00f3 la reuni\u00f3n, Alfonso Chaparro, en un sentido discurso, con tremendo vozarr\u00f3n, dijo que all\u00ed \u201cse \u00a0ama la vida, el llano, se tiene sentido de pertenencia, se protege el medio ambiente, los animales, los bosques, las praderas y el agua\u201d.<\/p>\n<p>https:\/\/www.facebook.com\/MarthaCifuentesNoticiasyContenidos\/videos\/348047939387043\/<\/p>\n<p>&nbsp;<\/p>\n<p style=\"text-align: justify;\">Martha Plazas por su parte dijo que en la actualidad Corporinoquia tiene identificados los usuarios de cada canal, las deudas de tasa por uso de agua, cu\u00e1les est\u00e1n sancionados, cu\u00e1les son reincidentes, qu\u00e9 acciones se han tomado y cu\u00e1les se esperan adelantar gracias a la reciente firma del pacto \u201cCasanare Por una Ambiente Legal\u201d suscrito con la Fiscal\u00eda con el fin de imponer sanciones de peso contra los reincidentes.<\/p>\n<p>https:\/\/www.facebook.com\/MarthaCifuentesNoticiasyContenidos\/videos\/527692821087748\/<\/p>\n<p style=\"text-align: justify;\">Tambi\u00e9n expres\u00f3 que las competencias de la Corporaci\u00f3n permiten llegar hasta los procesos sancionatorios, pero m\u00e1s all\u00e1 no se puede hacer, y por ello se firm\u00f3 el pacto con la Fiscal\u00eda con lo que se espera poder judicializar a los reincidentes y que haya m\u00e1s respeto hac\u00eda la norma y al uso del agua.<\/p>\n<p style=\"text-align: justify;\">La directora de Corporinoquia tambi\u00e9n dijo que los arroceros, palmeros y ganaderos son los que m\u00e1s afectan con inadecuadas pr\u00e1cticas al recurso agua y por ende a los dem\u00e1s miembros del sector agropecuario y campesino. Explic\u00f3 que hay aproximadamente 16 o 17 canales creados, de los cuales 80% est\u00e1n sin legalizar y otros est\u00e1n en proceso.<\/p>\n<p style=\"text-align: justify;\">Para explicar con mayor profundidad lo que ha venido haciendo la Corporinoquia y las acciones a implementar se program\u00f3 una nueva reuni\u00f3n para el pr\u00f3ximo domingo 7 de abril en el mismo sitio. Y se va a convocar al alcalde de Yopal, gobernador de Casanare, procurador ambiental y el coordinador de Fiscal\u00edas para aclarar las competencias de cada entidad en la soluci\u00f3n de la problem\u00e1tica.<\/p>\n<div style=\"width: 1920px;\" class=\"wp-video\"><!--[if lt IE 9]><script>document.createElement('video');<\/script><![endif]-->\n<video class=\"wp-video-shortcode\" id=\"video-20505-1\" width=\"1920\" height=\"1080\" preload=\"metadata\" controls=\"controls\"><source type=\"video\/mp4\" src=\"https:\/\/marthacifuentes.com\/portada\/wp-content\/uploads\/2019\/04\/20190331_085111.mp4?_=1\" \/><a href=\"https:\/\/marthacifuentes.com\/portada\/wp-content\/uploads\/2019\/04\/20190331_085111.mp4\">https:\/\/marthacifuentes.com\/portada\/wp-content\/uploads\/2019\/04\/20190331_085111.mp4<\/a><\/video><\/div>\n<p><img loading=\"lazy\" decoding=\"async\" class=\"alignnone size-large wp-image-20507\" src=\"https:\/\/marthacifuentes.com\/portada\/wp-content\/uploads\/2019\/04\/20190331_092214-1024x576.jpg\" alt=\"\" width=\"1024\" height=\"576\" srcset=\"https:\/\/marthacifuentes.com\/portada\/wp-content\/uploads\/2019\/04\/20190331_092214-1024x576.jpg 1024w, https:\/\/marthacifuentes.com\/portada\/wp-content\/uploads\/2019\/04\/20190331_092214-300x169.jpg 300w, https:\/\/marthacifuentes.com\/portada\/wp-content\/uploads\/2019\/04\/20190331_092214-768x432.jpg 768w\" sizes=\"auto, (max-width: 1024px) 100vw, 1024px\" \/><\/p>\n<p><img loading=\"lazy\" decoding=\"async\" class=\"alignnone size-large wp-image-20508\" src=\"https:\/\/marthacifuentes.com\/portada\/wp-content\/uploads\/2019\/04\/20190331_092250-1024x576.jpg\" alt=\"\" width=\"1024\" height=\"576\" srcset=\"https:\/\/marthacifuentes.com\/portada\/wp-content\/uploads\/2019\/04\/20190331_092250-1024x576.jpg 1024w, https:\/\/marthacifuentes.com\/portada\/wp-content\/uploads\/2019\/04\/20190331_092250-300x169.jpg 300w, https:\/\/marthacifuentes.com\/portada\/wp-content\/uploads\/2019\/04\/20190331_092250-768x432.jpg 768w\" sizes=\"auto, (max-width: 1024px) 100vw, 1024px\" \/><\/p>\n<p><img loading=\"lazy\" decoding=\"async\" class=\"alignnone size-large wp-image-20509\" src=\"https:\/\/marthacifuentes.com\/portada\/wp-content\/uploads\/2019\/04\/20190331_093530-1024x576.jpg\" alt=\"\" width=\"1024\" height=\"576\" srcset=\"https:\/\/marthacifuentes.com\/portada\/wp-content\/uploads\/2019\/04\/20190331_093530-1024x576.jpg 1024w, https:\/\/marthacifuentes.com\/portada\/wp-content\/uploads\/2019\/04\/20190331_093530-300x169.jpg 300w, https:\/\/marthacifuentes.com\/portada\/wp-content\/uploads\/2019\/04\/20190331_093530-768x432.jpg 768w\" sizes=\"auto, (max-width: 1024px) 100vw, 1024px\" \/><\/p>\n<p><img loading=\"lazy\" decoding=\"async\" class=\"alignnone size-large wp-image-20510\" src=\"https:\/\/marthacifuentes.com\/portada\/wp-content\/uploads\/2019\/04\/20190331_094054-1024x576.jpg\" alt=\"\" width=\"1024\" height=\"576\" srcset=\"https:\/\/marthacifuentes.com\/portada\/wp-content\/uploads\/2019\/04\/20190331_094054-1024x576.jpg 1024w, https:\/\/marthacifuentes.com\/portada\/wp-content\/uploads\/2019\/04\/20190331_094054-300x169.jpg 300w, https:\/\/marthacifuentes.com\/portada\/wp-content\/uploads\/2019\/04\/20190331_094054-768x432.jpg 768w\" sizes=\"auto, (max-width: 1024px) 100vw, 1024px\" \/><\/p>\n<p><img loading=\"lazy\" decoding=\"async\" class=\"alignnone size-large wp-image-20511\" src=\"https:\/\/marthacifuentes.com\/portada\/wp-content\/uploads\/2019\/04\/20190331_095602-1024x576.jpg\" alt=\"\" width=\"1024\" height=\"576\" srcset=\"https:\/\/marthacifuentes.com\/portada\/wp-content\/uploads\/2019\/04\/20190331_095602-1024x576.jpg 1024w, https:\/\/marthacifuentes.com\/portada\/wp-content\/uploads\/2019\/04\/20190331_095602-300x169.jpg 300w, https:\/\/marthacifuentes.com\/portada\/wp-content\/uploads\/2019\/04\/20190331_095602-768x432.jpg 768w\" sizes=\"auto, (max-width: 1024px) 100vw, 1024px\" \/><\/p>\n<p><img loading=\"lazy\" decoding=\"async\" class=\"alignnone size-large wp-image-20512\" src=\"https:\/\/marthacifuentes.com\/portada\/wp-content\/uploads\/2019\/04\/20190331_102512-1024x576.jpg\" alt=\"\" width=\"1024\" height=\"576\" srcset=\"https:\/\/marthacifuentes.com\/portada\/wp-content\/uploads\/2019\/04\/20190331_102512-1024x576.jpg 1024w, https:\/\/marthacifuentes.com\/portada\/wp-content\/uploads\/2019\/04\/20190331_102512-300x169.jpg 300w, https:\/\/marthacifuentes.com\/portada\/wp-content\/uploads\/2019\/04\/20190331_102512-768x432.jpg 768w\" sizes=\"auto, (max-width: 1024px) 100vw, 1024px\" \/><\/p>\n<p><img loading=\"lazy\" decoding=\"async\" class=\"alignnone size-large wp-image-20513\" src=\"https:\/\/marthacifuentes.com\/portada\/wp-content\/uploads\/2019\/04\/20190331_120353-1024x576.jpg\" alt=\"\" width=\"1024\" height=\"576\" srcset=\"https:\/\/marthacifuentes.com\/portada\/wp-content\/uploads\/2019\/04\/20190331_120353-1024x576.jpg 1024w, https:\/\/marthacifuentes.com\/portada\/wp-content\/uploads\/2019\/04\/20190331_120353-300x169.jpg 300w, https:\/\/marthacifuentes.com\/portada\/wp-content\/uploads\/2019\/04\/20190331_120353-768x432.jpg 768w\" sizes=\"auto, (max-width: 1024px) 100vw, 1024px\" \/><\/p>\n<p><img loading=\"lazy\" decoding=\"async\" class=\"alignnone size-large wp-image-20514\" src=\"https:\/\/marthacifuentes.com\/portada\/wp-content\/uploads\/2019\/04\/20190331_123602-1024x576.jpg\" alt=\"\" width=\"1024\" height=\"576\" srcset=\"https:\/\/marthacifuentes.com\/portada\/wp-content\/uploads\/2019\/04\/20190331_123602-1024x576.jpg 1024w, https:\/\/marthacifuentes.com\/portada\/wp-content\/uploads\/2019\/04\/20190331_123602-300x169.jpg 300w, https:\/\/marthacifuentes.com\/portada\/wp-content\/uploads\/2019\/04\/20190331_123602-768x432.jpg 768w\" sizes=\"auto, (max-width: 1024px) 100vw, 1024px\" \/><\/p>\n<p>&nbsp;<\/p>\n","protected":false},"excerpt":{"rendered":"<p>La comunidad del corregimiento Punto Nuevo en Yopal anhela que el pr\u00f3ximo verano no se repita la reducci\u00f3n del caudal o secamiento de sus ca\u00f1os que ha venido sucediendo en los \u00faltimos 10 a\u00f1os, por cuenta de los trinchos en los canales de agua que crearon arroceros y palmeros, entre otros agricultores. Piden soluciones y &hellip;<\/p>\n","protected":false},"author":2,"featured_media":20515,"comment_status":"open","ping_status":"open","sticky":false,"template":"","format":"standard","meta":{"om_disable_all_campaigns":false,"_exactmetrics_skip_tracking":false,"_exactmetrics_sitenote_active":false,"_exactmetrics_sitenote_note":"","_exactmetrics_sitenote_category":0,"_monsterinsights_skip_tracking":false,"_monsterinsights_sitenote_active":false,"_monsterinsights_sitenote_note":"","_monsterinsights_sitenote_category":0,"_uf_show_specific_survey":0,"_uf_disable_surveys":false,"_joinchat":[],"footnotes":""},"categories":[147,148,146,145],"tags":[2259,2291,2289,2256,2292,2290,818,2293,1374,2258,2261],"class_list":["post-20505","post","type-post","status-publish","format-standard","has-post-thumbnail","hentry","category-actualidad","category-entrevistas","category-noticias","category-reportajes","tag-barbillal","tag-canal-la-milagrosa","tag-canales-de-agua-ilegales","tag-canos-de-yopal-se-secan","tag-canos-secos","tag-captacion-ilegal-de-agua","tag-corporinoquia","tag-nocuito","tag-noticias-de-yopal","tag-punto-nuevo","tag-san-jose-de-cano-seco"],"yoast_head":"<!-- This site is optimized with the Yoast SEO plugin v26.1 - https:\/\/yoast.com\/wordpress\/plugins\/seo\/ -->\n<title>80% de canales de agua en Yopal son ilegales: Corporinoquia - \u25b7 Noticias de Casanare : Martha Cifuentes | Casanare<\/title>\n<meta name=\"robots\" content=\"index, follow, max-snippet:-1, max-image-preview:large, max-video-preview:-1\" \/>\n<link rel=\"canonical\" href=\"https:\/\/marthacifuentes.com\/portada\/80-de-canales-de-agua-en-yopal-son-ilegales-corporinoquia\/\" \/>\n<meta property=\"og:locale\" content=\"es_ES\" \/>\n<meta property=\"og:type\" content=\"article\" \/>\n<meta property=\"og:title\" content=\"80% de canales de agua en Yopal son ilegales: Corporinoquia - \u25b7 Noticias de Casanare : Martha Cifuentes | Casanare\" \/>\n<meta property=\"og:description\" content=\"La comunidad del corregimiento Punto Nuevo en Yopal anhela que el pr\u00f3ximo verano no se repita la reducci\u00f3n del caudal o secamiento de sus ca\u00f1os que ha venido sucediendo en los \u00faltimos 10 a\u00f1os, por cuenta de los trinchos en los canales de agua que crearon arroceros y palmeros, entre otros agricultores. Piden soluciones y &hellip;\" \/>\n<meta property=\"og:url\" content=\"https:\/\/marthacifuentes.com\/portada\/80-de-canales-de-agua-en-yopal-son-ilegales-corporinoquia\/\" \/>\n<meta property=\"og:site_name\" content=\"\u25b7 Noticias de Casanare : Martha Cifuentes | Casanare\" \/>\n<meta property=\"article:published_time\" content=\"2019-04-01T14:24:06+00:00\" \/>\n<meta property=\"og:image\" content=\"https:\/\/marthacifuentes.com\/portada\/wp-content\/uploads\/2019\/04\/20190331_085104-1024x576.jpg\" \/>\n\t<meta property=\"og:image:width\" content=\"1024\" \/>\n\t<meta property=\"og:image:height\" content=\"576\" \/>\n\t<meta property=\"og:image:type\" content=\"image\/jpeg\" \/>\n<meta name=\"author\" content=\"Martha Cifuentes\" \/>\n<meta name=\"twitter:card\" content=\"summary_large_image\" \/>\n<meta name=\"twitter:label1\" content=\"Escrito por\" \/>\n\t<meta name=\"twitter:data1\" content=\"Martha Cifuentes\" \/>\n\t<meta name=\"twitter:label2\" content=\"Tiempo de lectura\" \/>\n\t<meta name=\"twitter:data2\" content=\"3 minutos\" \/>\n<script type=\"application\/ld+json\" class=\"yoast-schema-graph\">{\"@context\":\"https:\/\/schema.org\",\"@graph\":[{\"@type\":\"WebPage\",\"@id\":\"https:\/\/marthacifuentes.com\/portada\/80-de-canales-de-agua-en-yopal-son-ilegales-corporinoquia\/\",\"url\":\"https:\/\/marthacifuentes.com\/portada\/80-de-canales-de-agua-en-yopal-son-ilegales-corporinoquia\/\",\"name\":\"80% de canales de agua en Yopal son ilegales: Corporinoquia - \u25b7 Noticias de Casanare : Martha Cifuentes | Casanare\",\"isPartOf\":{\"@id\":\"https:\/\/marthacifuentes.com\/portada\/#website\"},\"primaryImageOfPage\":{\"@id\":\"https:\/\/marthacifuentes.com\/portada\/80-de-canales-de-agua-en-yopal-son-ilegales-corporinoquia\/#primaryimage\"},\"image\":{\"@id\":\"https:\/\/marthacifuentes.com\/portada\/80-de-canales-de-agua-en-yopal-son-ilegales-corporinoquia\/#primaryimage\"},\"thumbnailUrl\":\"https:\/\/marthacifuentes.com\/portada\/wp-content\/uploads\/2019\/04\/20190331_085104.jpg\",\"datePublished\":\"2019-04-01T14:24:06+00:00\",\"author\":{\"@id\":\"https:\/\/marthacifuentes.com\/portada\/#\/schema\/person\/57f53174b991db5f90ff78d58502b714\"},\"breadcrumb\":{\"@id\":\"https:\/\/marthacifuentes.com\/portada\/80-de-canales-de-agua-en-yopal-son-ilegales-corporinoquia\/#breadcrumb\"},\"inLanguage\":\"es\",\"potentialAction\":[{\"@type\":\"ReadAction\",\"target\":[\"https:\/\/marthacifuentes.com\/portada\/80-de-canales-de-agua-en-yopal-son-ilegales-corporinoquia\/\"]}]},{\"@type\":\"ImageObject\",\"inLanguage\":\"es\",\"@id\":\"https:\/\/marthacifuentes.com\/portada\/80-de-canales-de-agua-en-yopal-son-ilegales-corporinoquia\/#primaryimage\",\"url\":\"https:\/\/marthacifuentes.com\/portada\/wp-content\/uploads\/2019\/04\/20190331_085104.jpg\",\"contentUrl\":\"https:\/\/marthacifuentes.com\/portada\/wp-content\/uploads\/2019\/04\/20190331_085104.jpg\",\"width\":5312,\"height\":2988},{\"@type\":\"BreadcrumbList\",\"@id\":\"https:\/\/marthacifuentes.com\/portada\/80-de-canales-de-agua-en-yopal-son-ilegales-corporinoquia\/#breadcrumb\",\"itemListElement\":[{\"@type\":\"ListItem\",\"position\":1,\"name\":\"Portada\",\"item\":\"https:\/\/marthacifuentes.com\/portada\/\"},{\"@type\":\"ListItem\",\"position\":2,\"name\":\"80% de canales de agua en Yopal son ilegales: Corporinoquia\"}]},{\"@type\":\"WebSite\",\"@id\":\"https:\/\/marthacifuentes.com\/portada\/#website\",\"url\":\"https:\/\/marthacifuentes.com\/portada\/\",\"name\":\"\u25b7 Noticias de Casanare : Martha Cifuentes | Casanare\",\"description\":\"Noticias &amp; Contenidos\",\"potentialAction\":[{\"@type\":\"SearchAction\",\"target\":{\"@type\":\"EntryPoint\",\"urlTemplate\":\"https:\/\/marthacifuentes.com\/portada\/?s={search_term_string}\"},\"query-input\":{\"@type\":\"PropertyValueSpecification\",\"valueRequired\":true,\"valueName\":\"search_term_string\"}}],\"inLanguage\":\"es\"},{\"@type\":\"Person\",\"@id\":\"https:\/\/marthacifuentes.com\/portada\/#\/schema\/person\/57f53174b991db5f90ff78d58502b714\",\"name\":\"Martha Cifuentes\",\"image\":{\"@type\":\"ImageObject\",\"inLanguage\":\"es\",\"@id\":\"https:\/\/marthacifuentes.com\/portada\/#\/schema\/person\/image\/\",\"url\":\"http:\/\/marthacifuentes.com\/portada\/wp-content\/uploads\/2018\/06\/avatar_user_2_1528838701-96x96.jpg\",\"contentUrl\":\"http:\/\/marthacifuentes.com\/portada\/wp-content\/uploads\/2018\/06\/avatar_user_2_1528838701-96x96.jpg\",\"caption\":\"Martha Cifuentes\"},\"sameAs\":[\"http:\/\/www.marthacifuentes.com\"],\"url\":\"https:\/\/marthacifuentes.com\/portada\/author\/martha\/\"}]}<\/script>\n<!-- \/ Yoast SEO plugin. -->","yoast_head_json":{"title":"80% de canales de agua en Yopal son ilegales: Corporinoquia - \u25b7 Noticias de Casanare : Martha Cifuentes | Casanare","robots":{"index":"index","follow":"follow","max-snippet":"max-snippet:-1","max-image-preview":"max-image-preview:large","max-video-preview":"max-video-preview:-1"},"canonical":"https:\/\/marthacifuentes.com\/portada\/80-de-canales-de-agua-en-yopal-son-ilegales-corporinoquia\/","og_locale":"es_ES","og_type":"article","og_title":"80% de canales de agua en Yopal son ilegales: Corporinoquia - \u25b7 Noticias de Casanare : Martha Cifuentes | Casanare","og_description":"La comunidad del corregimiento Punto Nuevo en Yopal anhela que el pr\u00f3ximo verano no se repita la reducci\u00f3n del caudal o secamiento de sus ca\u00f1os que ha venido sucediendo en los \u00faltimos 10 a\u00f1os, por cuenta de los trinchos en los canales de agua que crearon arroceros y palmeros, entre otros agricultores. Piden soluciones y &hellip;","og_url":"https:\/\/marthacifuentes.com\/portada\/80-de-canales-de-agua-en-yopal-son-ilegales-corporinoquia\/","og_site_name":"\u25b7 Noticias de Casanare : Martha Cifuentes | Casanare","article_published_time":"2019-04-01T14:24:06+00:00","og_image":[{"width":1024,"height":576,"url":"https:\/\/marthacifuentes.com\/portada\/wp-content\/uploads\/2019\/04\/20190331_085104-1024x576.jpg","type":"image\/jpeg"}],"author":"Martha Cifuentes","twitter_card":"summary_large_image","twitter_misc":{"Escrito por":"Martha Cifuentes","Tiempo de lectura":"3 minutos"},"schema":{"@context":"https:\/\/schema.org","@graph":[{"@type":"WebPage","@id":"https:\/\/marthacifuentes.com\/portada\/80-de-canales-de-agua-en-yopal-son-ilegales-corporinoquia\/","url":"https:\/\/marthacifuentes.com\/portada\/80-de-canales-de-agua-en-yopal-son-ilegales-corporinoquia\/","name":"80% de canales de agua en Yopal son ilegales: Corporinoquia - \u25b7 Noticias de Casanare : Martha Cifuentes | Casanare","isPartOf":{"@id":"https:\/\/marthacifuentes.com\/portada\/#website"},"primaryImageOfPage":{"@id":"https:\/\/marthacifuentes.com\/portada\/80-de-canales-de-agua-en-yopal-son-ilegales-corporinoquia\/#primaryimage"},"image":{"@id":"https:\/\/marthacifuentes.com\/portada\/80-de-canales-de-agua-en-yopal-son-ilegales-corporinoquia\/#primaryimage"},"thumbnailUrl":"https:\/\/marthacifuentes.com\/portada\/wp-content\/uploads\/2019\/04\/20190331_085104.jpg","datePublished":"2019-04-01T14:24:06+00:00","author":{"@id":"https:\/\/marthacifuentes.com\/portada\/#\/schema\/person\/57f53174b991db5f90ff78d58502b714"},"breadcrumb":{"@id":"https:\/\/marthacifuentes.com\/portada\/80-de-canales-de-agua-en-yopal-son-ilegales-corporinoquia\/#breadcrumb"},"inLanguage":"es","potentialAction":[{"@type":"ReadAction","target":["https:\/\/marthacifuentes.com\/portada\/80-de-canales-de-agua-en-yopal-son-ilegales-corporinoquia\/"]}]},{"@type":"ImageObject","inLanguage":"es","@id":"https:\/\/marthacifuentes.com\/portada\/80-de-canales-de-agua-en-yopal-son-ilegales-corporinoquia\/#primaryimage","url":"https:\/\/marthacifuentes.com\/portada\/wp-content\/uploads\/2019\/04\/20190331_085104.jpg","contentUrl":"https:\/\/marthacifuentes.com\/portada\/wp-content\/uploads\/2019\/04\/20190331_085104.jpg","width":5312,"height":2988},{"@type":"BreadcrumbList","@id":"https:\/\/marthacifuentes.com\/portada\/80-de-canales-de-agua-en-yopal-son-ilegales-corporinoquia\/#breadcrumb","itemListElement":[{"@type":"ListItem","position":1,"name":"Portada","item":"https:\/\/marthacifuentes.com\/portada\/"},{"@type":"ListItem","position":2,"name":"80% de canales de agua en Yopal son ilegales: Corporinoquia"}]},{"@type":"WebSite","@id":"https:\/\/marthacifuentes.com\/portada\/#website","url":"https:\/\/marthacifuentes.com\/portada\/","name":"\u25b7 Noticias de Casanare : Martha Cifuentes | Casanare","description":"Noticias &amp; Contenidos","potentialAction":[{"@type":"SearchAction","target":{"@type":"EntryPoint","urlTemplate":"https:\/\/marthacifuentes.com\/portada\/?s={search_term_string}"},"query-input":{"@type":"PropertyValueSpecification","valueRequired":true,"valueName":"search_term_string"}}],"inLanguage":"es"},{"@type":"Person","@id":"https:\/\/marthacifuentes.com\/portada\/#\/schema\/person\/57f53174b991db5f90ff78d58502b714","name":"Martha Cifuentes","image":{"@type":"ImageObject","inLanguage":"es","@id":"https:\/\/marthacifuentes.com\/portada\/#\/schema\/person\/image\/","url":"http:\/\/marthacifuentes.com\/portada\/wp-content\/uploads\/2018\/06\/avatar_user_2_1528838701-96x96.jpg","contentUrl":"http:\/\/marthacifuentes.com\/portada\/wp-content\/uploads\/2018\/06\/avatar_user_2_1528838701-96x96.jpg","caption":"Martha Cifuentes"},"sameAs":["http:\/\/www.marthacifuentes.com"],"url":"https:\/\/marthacifuentes.com\/portada\/author\/martha\/"}]}},"_links":{"self":[{"href":"https:\/\/marthacifuentes.com\/portada\/wp-json\/wp\/v2\/posts\/20505","targetHints":{"allow":["GET"]}}],"collection":[{"href":"https:\/\/marthacifuentes.com\/portada\/wp-json\/wp\/v2\/posts"}],"about":[{"href":"https:\/\/marthacifuentes.com\/portada\/wp-json\/wp\/v2\/types\/post"}],"author":[{"embeddable":true,"href":"https:\/\/marthacifuentes.com\/portada\/wp-json\/wp\/v2\/users\/2"}],"replies":[{"embeddable":true,"href":"https:\/\/marthacifuentes.com\/portada\/wp-json\/wp\/v2\/comments?post=20505"}],"version-history":[{"count":0,"href":"https:\/\/marthacifuentes.com\/portada\/wp-json\/wp\/v2\/posts\/20505\/revisions"}],"wp:featuredmedia":[{"embeddable":true,"href":"https:\/\/marthacifuentes.com\/portada\/wp-json\/wp\/v2\/media\/20515"}],"wp:attachment":[{"href":"https:\/\/marthacifuentes.com\/portada\/wp-json\/wp\/v2\/media?parent=20505"}],"wp:term":[{"taxonomy":"category","embeddable":true,"href":"https:\/\/marthacifuentes.com\/portada\/wp-json\/wp\/v2\/categories?post=20505"},{"taxonomy":"post_tag","embeddable":true,"href":"https:\/\/marthacifuentes.com\/portada\/wp-json\/wp\/v2\/tags?post=20505"}],"curies":[{"name":"wp","href":"https:\/\/api.w.org\/{rel}","templated":true}]}}