{"id":20548,"date":"2019-04-03T08:10:39","date_gmt":"2019-04-03T13:10:39","guid":{"rendered":"https:\/\/marthacifuentes.com\/portada\/?p=20548"},"modified":"2019-04-03T08:10:39","modified_gmt":"2019-04-03T13:10:39","slug":"nino-con-paralisis-leve-de-yopal-necesita-una-silla-de-ruedas-para-movilizarse","status":"publish","type":"post","link":"https:\/\/marthacifuentes.com\/portada\/nino-con-paralisis-leve-de-yopal-necesita-una-silla-de-ruedas-para-movilizarse\/","title":{"rendered":"Ni\u00f1o con par\u00e1lisis leve de Yopal necesita una silla de ruedas para movilizarse"},"content":{"rendered":"<p style=\"text-align: justify;\"><span style=\"font-weight: 400;\">Daniel cursa el tercer grado de primaria en la instituci\u00f3n educativa Llano Lindo y para su mamita, Luz Mery Puentes Le\u00f3n y sus profesores, es cada vez m\u00e1s dif\u00edcil cargarlo y as\u00ed evitar que \u00e9l permanezca en el suelo. Incluso ahora su madre comienza a debilitarse y afectarse en su salud por el peso del ni\u00f1o.<\/span><\/p>\n<p style=\"text-align: justify;\"><span style=\"font-weight: 400;\">A pesar de que ella ha solicitado ayuda no ha sido posible la donaci\u00f3n de una silla de ruedas pedi\u00e1trica que har\u00eda m\u00e1s f\u00e1cil su movilizaci\u00f3n en su casa y en su colegio. Por ello se clama y ruega porque la Gobernaci\u00f3n de Casanare, la Alcald\u00eda de Yopal, una ONG o alg\u00fan buen samaritano, la suministre.<\/span><\/p>\n<p><iframe loading=\"lazy\" title=\"Daniel necesita una silla de ruedas #Yopal\" width=\"500\" height=\"281\" src=\"https:\/\/www.youtube.com\/embed\/WcDXbNt3azg?feature=oembed\" frameborder=\"0\" allow=\"accelerometer; autoplay; clipboard-write; encrypted-media; gyroscope; picture-in-picture; web-share\" referrerpolicy=\"strict-origin-when-cross-origin\" allowfullscreen><\/iframe><\/p>\n<p style=\"text-align: justify;\"><span style=\"font-weight: 400;\">Do\u00f1a Luz Mery narra que como consecuencia de haber padecido preeclampsia cuando estaba embarazada, su hijo naci\u00f3 prematuro, a los seis meses de gestaci\u00f3n, con efectos negativos en sus neuronas y el cerebro.<\/span><\/p>\n<p style=\"text-align: justify;\"><span style=\"font-weight: 400;\">Esta enfermedad implica que quienes la sufren no puedan controlar algunos o todos sus m\u00fasculos, que tienden a estirarse y debilitarse y que a menudo son los que sostienen sus brazos, sus piernas o su cabeza.<\/span><\/p>\n<p style=\"text-align: justify;\"><span style=\"font-weight: 400;\">A pesar de todas estas limitaciones Daniel Esteban muestra su alegr\u00eda de vivir, sus deseos de estudiar y ser una persona \u00fatil a la sociedad. Le encanta el f\u00fatbol y a pesar de sus limitaciones lo juega. Sus jugadores favoritos son Falcao, James, Messi y Neymar.<\/span><\/p>\n<p style=\"text-align: justify;\"><span style=\"font-weight: 400;\">Al ver a sus compa\u00f1eros de colegio caminar, jugar y correr, solo sue\u00f1a con caminar alg\u00fan d\u00eda.<\/span><\/p>\n<p style=\"text-align: justify;\"><span style=\"font-weight: 400;\">Con Luz Mery se pueden comunicar al celular 3168109908. Ella est\u00e1 esperando esta llamada de alguien que se conduela para que le ayude a mejorar la vida de su hijo. <\/span><\/p>\n","protected":false},"excerpt":{"rendered":"<p>Daniel Esteban G\u00f3mez Puentes de apenas 10 a\u00f1os, literalmente debe gatear para desplazarse porque no puede caminar debido a una par\u00e1lisis cerebral esp\u00e1stica leve que le aqueja desde que naci\u00f3. Vive en La Bendici\u00f3n en Yopal y requiere una silla de ruedas acorde con su edad para poder mejorar su calidad de vida.<\/p>\n","protected":false},"author":2,"featured_media":20549,"comment_status":"open","ping_status":"open","sticky":false,"template":"","format":"standard","meta":{"om_disable_all_campaigns":false,"_exactmetrics_skip_tracking":false,"_exactmetrics_sitenote_active":false,"_exactmetrics_sitenote_note":"","_exactmetrics_sitenote_category":0,"_monsterinsights_skip_tracking":false,"_monsterinsights_sitenote_active":false,"_monsterinsights_sitenote_note":"","_monsterinsights_sitenote_category":0,"_uf_show_specific_survey":0,"_uf_disable_surveys":false,"_joinchat":[],"footnotes":""},"categories":[147,148,146,145],"tags":[252,2305,1373,2300,2303,187,2301,480,1400,1421,2306,2299,2304,1376],"class_list":["post-20548","post","type-post","status-publish","format-standard","has-post-thumbnail","hentry","category-actualidad","category-entrevistas","category-noticias","category-reportajes","tag-alcaldia-de-yopal","tag-ayuda-humanitaria","tag-casanare-noticias","tag-daniel-esteban-gomez","tag-discapacidad","tag-gobernacion-de-casanare","tag-institucion-educativa-llano-lindo","tag-la-bendicion","tag-noticias-casanare","tag-noticias-yopal","tag-ong","tag-servicio-social","tag-superacion","tag-yopal-noticias"],"yoast_head":"<!-- This site is optimized with the Yoast SEO plugin v26.1 - https:\/\/yoast.com\/wordpress\/plugins\/seo\/ -->\n<title>Ni\u00f1o con par\u00e1lisis leve de Yopal necesita una silla de ruedas para movilizarse - \u25b7 Noticias de Casanare : Martha Cifuentes | Casanare<\/title>\n<meta name=\"robots\" content=\"index, follow, max-snippet:-1, max-image-preview:large, max-video-preview:-1\" \/>\n<link rel=\"canonical\" href=\"https:\/\/marthacifuentes.com\/portada\/nino-con-paralisis-leve-de-yopal-necesita-una-silla-de-ruedas-para-movilizarse\/\" \/>\n<meta property=\"og:locale\" content=\"es_ES\" \/>\n<meta property=\"og:type\" content=\"article\" \/>\n<meta property=\"og:title\" content=\"Ni\u00f1o con par\u00e1lisis leve de Yopal necesita una silla de ruedas para movilizarse - \u25b7 Noticias de Casanare : Martha Cifuentes | Casanare\" \/>\n<meta property=\"og:description\" content=\"Daniel Esteban G\u00f3mez Puentes de apenas 10 a\u00f1os, literalmente debe gatear para desplazarse porque no puede caminar debido a una par\u00e1lisis cerebral esp\u00e1stica leve que le aqueja desde que naci\u00f3. Vive en La Bendici\u00f3n en Yopal y requiere una silla de ruedas acorde con su edad para poder mejorar su calidad de vida.\" \/>\n<meta property=\"og:url\" content=\"https:\/\/marthacifuentes.com\/portada\/nino-con-paralisis-leve-de-yopal-necesita-una-silla-de-ruedas-para-movilizarse\/\" \/>\n<meta property=\"og:site_name\" content=\"\u25b7 Noticias de Casanare : Martha Cifuentes | Casanare\" \/>\n<meta property=\"article:published_time\" content=\"2019-04-03T13:10:39+00:00\" \/>\n<meta property=\"og:image\" content=\"https:\/\/marthacifuentes.com\/portada\/wp-content\/uploads\/2019\/04\/NI\u00d1O-NECESITA-SILLA-DE-RUEDAS-1024x576.jpg\" \/>\n\t<meta property=\"og:image:width\" content=\"1024\" \/>\n\t<meta property=\"og:image:height\" content=\"576\" \/>\n\t<meta property=\"og:image:type\" content=\"image\/jpeg\" \/>\n<meta name=\"author\" content=\"Martha Cifuentes\" \/>\n<meta name=\"twitter:card\" content=\"summary_large_image\" \/>\n<meta name=\"twitter:label1\" content=\"Escrito por\" \/>\n\t<meta name=\"twitter:data1\" content=\"Martha Cifuentes\" \/>\n\t<meta name=\"twitter:label2\" content=\"Tiempo de lectura\" \/>\n\t<meta name=\"twitter:data2\" content=\"2 minutos\" \/>\n<script type=\"application\/ld+json\" class=\"yoast-schema-graph\">{\"@context\":\"https:\/\/schema.org\",\"@graph\":[{\"@type\":\"WebPage\",\"@id\":\"https:\/\/marthacifuentes.com\/portada\/nino-con-paralisis-leve-de-yopal-necesita-una-silla-de-ruedas-para-movilizarse\/\",\"url\":\"https:\/\/marthacifuentes.com\/portada\/nino-con-paralisis-leve-de-yopal-necesita-una-silla-de-ruedas-para-movilizarse\/\",\"name\":\"Ni\u00f1o con par\u00e1lisis leve de Yopal necesita una silla de ruedas para movilizarse - \u25b7 Noticias de Casanare : Martha Cifuentes | Casanare\",\"isPartOf\":{\"@id\":\"https:\/\/marthacifuentes.com\/portada\/#website\"},\"primaryImageOfPage\":{\"@id\":\"https:\/\/marthacifuentes.com\/portada\/nino-con-paralisis-leve-de-yopal-necesita-una-silla-de-ruedas-para-movilizarse\/#primaryimage\"},\"image\":{\"@id\":\"https:\/\/marthacifuentes.com\/portada\/nino-con-paralisis-leve-de-yopal-necesita-una-silla-de-ruedas-para-movilizarse\/#primaryimage\"},\"thumbnailUrl\":\"https:\/\/marthacifuentes.com\/portada\/wp-content\/uploads\/2019\/04\/NI\u00d1O-NECESITA-SILLA-DE-RUEDAS.jpg\",\"datePublished\":\"2019-04-03T13:10:39+00:00\",\"author\":{\"@id\":\"https:\/\/marthacifuentes.com\/portada\/#\/schema\/person\/57f53174b991db5f90ff78d58502b714\"},\"breadcrumb\":{\"@id\":\"https:\/\/marthacifuentes.com\/portada\/nino-con-paralisis-leve-de-yopal-necesita-una-silla-de-ruedas-para-movilizarse\/#breadcrumb\"},\"inLanguage\":\"es\",\"potentialAction\":[{\"@type\":\"ReadAction\",\"target\":[\"https:\/\/marthacifuentes.com\/portada\/nino-con-paralisis-leve-de-yopal-necesita-una-silla-de-ruedas-para-movilizarse\/\"]}]},{\"@type\":\"ImageObject\",\"inLanguage\":\"es\",\"@id\":\"https:\/\/marthacifuentes.com\/portada\/nino-con-paralisis-leve-de-yopal-necesita-una-silla-de-ruedas-para-movilizarse\/#primaryimage\",\"url\":\"https:\/\/marthacifuentes.com\/portada\/wp-content\/uploads\/2019\/04\/NI\u00d1O-NECESITA-SILLA-DE-RUEDAS.jpg\",\"contentUrl\":\"https:\/\/marthacifuentes.com\/portada\/wp-content\/uploads\/2019\/04\/NI\u00d1O-NECESITA-SILLA-DE-RUEDAS.jpg\",\"width\":5312,\"height\":2988},{\"@type\":\"BreadcrumbList\",\"@id\":\"https:\/\/marthacifuentes.com\/portada\/nino-con-paralisis-leve-de-yopal-necesita-una-silla-de-ruedas-para-movilizarse\/#breadcrumb\",\"itemListElement\":[{\"@type\":\"ListItem\",\"position\":1,\"name\":\"Portada\",\"item\":\"https:\/\/marthacifuentes.com\/portada\/\"},{\"@type\":\"ListItem\",\"position\":2,\"name\":\"Ni\u00f1o con par\u00e1lisis leve de Yopal necesita una silla de ruedas para movilizarse\"}]},{\"@type\":\"WebSite\",\"@id\":\"https:\/\/marthacifuentes.com\/portada\/#website\",\"url\":\"https:\/\/marthacifuentes.com\/portada\/\",\"name\":\"\u25b7 Noticias de Casanare : Martha Cifuentes | Casanare\",\"description\":\"Noticias &amp; Contenidos\",\"potentialAction\":[{\"@type\":\"SearchAction\",\"target\":{\"@type\":\"EntryPoint\",\"urlTemplate\":\"https:\/\/marthacifuentes.com\/portada\/?s={search_term_string}\"},\"query-input\":{\"@type\":\"PropertyValueSpecification\",\"valueRequired\":true,\"valueName\":\"search_term_string\"}}],\"inLanguage\":\"es\"},{\"@type\":\"Person\",\"@id\":\"https:\/\/marthacifuentes.com\/portada\/#\/schema\/person\/57f53174b991db5f90ff78d58502b714\",\"name\":\"Martha Cifuentes\",\"image\":{\"@type\":\"ImageObject\",\"inLanguage\":\"es\",\"@id\":\"https:\/\/marthacifuentes.com\/portada\/#\/schema\/person\/image\/\",\"url\":\"http:\/\/marthacifuentes.com\/portada\/wp-content\/uploads\/2018\/06\/avatar_user_2_1528838701-96x96.jpg\",\"contentUrl\":\"http:\/\/marthacifuentes.com\/portada\/wp-content\/uploads\/2018\/06\/avatar_user_2_1528838701-96x96.jpg\",\"caption\":\"Martha Cifuentes\"},\"sameAs\":[\"http:\/\/www.marthacifuentes.com\"],\"url\":\"https:\/\/marthacifuentes.com\/portada\/author\/martha\/\"}]}<\/script>\n<!-- \/ Yoast SEO plugin. -->","yoast_head_json":{"title":"Ni\u00f1o con par\u00e1lisis leve de Yopal necesita una silla de ruedas para movilizarse - \u25b7 Noticias de Casanare : Martha Cifuentes | Casanare","robots":{"index":"index","follow":"follow","max-snippet":"max-snippet:-1","max-image-preview":"max-image-preview:large","max-video-preview":"max-video-preview:-1"},"canonical":"https:\/\/marthacifuentes.com\/portada\/nino-con-paralisis-leve-de-yopal-necesita-una-silla-de-ruedas-para-movilizarse\/","og_locale":"es_ES","og_type":"article","og_title":"Ni\u00f1o con par\u00e1lisis leve de Yopal necesita una silla de ruedas para movilizarse - \u25b7 Noticias de Casanare : Martha Cifuentes | Casanare","og_description":"Daniel Esteban G\u00f3mez Puentes de apenas 10 a\u00f1os, literalmente debe gatear para desplazarse porque no puede caminar debido a una par\u00e1lisis cerebral esp\u00e1stica leve que le aqueja desde que naci\u00f3. Vive en La Bendici\u00f3n en Yopal y requiere una silla de ruedas acorde con su edad para poder mejorar su calidad de vida.","og_url":"https:\/\/marthacifuentes.com\/portada\/nino-con-paralisis-leve-de-yopal-necesita-una-silla-de-ruedas-para-movilizarse\/","og_site_name":"\u25b7 Noticias de Casanare : Martha Cifuentes | Casanare","article_published_time":"2019-04-03T13:10:39+00:00","og_image":[{"width":1024,"height":576,"url":"https:\/\/marthacifuentes.com\/portada\/wp-content\/uploads\/2019\/04\/NI\u00d1O-NECESITA-SILLA-DE-RUEDAS-1024x576.jpg","type":"image\/jpeg"}],"author":"Martha Cifuentes","twitter_card":"summary_large_image","twitter_misc":{"Escrito por":"Martha Cifuentes","Tiempo de lectura":"2 minutos"},"schema":{"@context":"https:\/\/schema.org","@graph":[{"@type":"WebPage","@id":"https:\/\/marthacifuentes.com\/portada\/nino-con-paralisis-leve-de-yopal-necesita-una-silla-de-ruedas-para-movilizarse\/","url":"https:\/\/marthacifuentes.com\/portada\/nino-con-paralisis-leve-de-yopal-necesita-una-silla-de-ruedas-para-movilizarse\/","name":"Ni\u00f1o con par\u00e1lisis leve de Yopal necesita una silla de ruedas para movilizarse - \u25b7 Noticias de Casanare : Martha Cifuentes | Casanare","isPartOf":{"@id":"https:\/\/marthacifuentes.com\/portada\/#website"},"primaryImageOfPage":{"@id":"https:\/\/marthacifuentes.com\/portada\/nino-con-paralisis-leve-de-yopal-necesita-una-silla-de-ruedas-para-movilizarse\/#primaryimage"},"image":{"@id":"https:\/\/marthacifuentes.com\/portada\/nino-con-paralisis-leve-de-yopal-necesita-una-silla-de-ruedas-para-movilizarse\/#primaryimage"},"thumbnailUrl":"https:\/\/marthacifuentes.com\/portada\/wp-content\/uploads\/2019\/04\/NI\u00d1O-NECESITA-SILLA-DE-RUEDAS.jpg","datePublished":"2019-04-03T13:10:39+00:00","author":{"@id":"https:\/\/marthacifuentes.com\/portada\/#\/schema\/person\/57f53174b991db5f90ff78d58502b714"},"breadcrumb":{"@id":"https:\/\/marthacifuentes.com\/portada\/nino-con-paralisis-leve-de-yopal-necesita-una-silla-de-ruedas-para-movilizarse\/#breadcrumb"},"inLanguage":"es","potentialAction":[{"@type":"ReadAction","target":["https:\/\/marthacifuentes.com\/portada\/nino-con-paralisis-leve-de-yopal-necesita-una-silla-de-ruedas-para-movilizarse\/"]}]},{"@type":"ImageObject","inLanguage":"es","@id":"https:\/\/marthacifuentes.com\/portada\/nino-con-paralisis-leve-de-yopal-necesita-una-silla-de-ruedas-para-movilizarse\/#primaryimage","url":"https:\/\/marthacifuentes.com\/portada\/wp-content\/uploads\/2019\/04\/NI\u00d1O-NECESITA-SILLA-DE-RUEDAS.jpg","contentUrl":"https:\/\/marthacifuentes.com\/portada\/wp-content\/uploads\/2019\/04\/NI\u00d1O-NECESITA-SILLA-DE-RUEDAS.jpg","width":5312,"height":2988},{"@type":"BreadcrumbList","@id":"https:\/\/marthacifuentes.com\/portada\/nino-con-paralisis-leve-de-yopal-necesita-una-silla-de-ruedas-para-movilizarse\/#breadcrumb","itemListElement":[{"@type":"ListItem","position":1,"name":"Portada","item":"https:\/\/marthacifuentes.com\/portada\/"},{"@type":"ListItem","position":2,"name":"Ni\u00f1o con par\u00e1lisis leve de Yopal necesita una silla de ruedas para movilizarse"}]},{"@type":"WebSite","@id":"https:\/\/marthacifuentes.com\/portada\/#website","url":"https:\/\/marthacifuentes.com\/portada\/","name":"\u25b7 Noticias de Casanare : Martha Cifuentes | Casanare","description":"Noticias &amp; Contenidos","potentialAction":[{"@type":"SearchAction","target":{"@type":"EntryPoint","urlTemplate":"https:\/\/marthacifuentes.com\/portada\/?s={search_term_string}"},"query-input":{"@type":"PropertyValueSpecification","valueRequired":true,"valueName":"search_term_string"}}],"inLanguage":"es"},{"@type":"Person","@id":"https:\/\/marthacifuentes.com\/portada\/#\/schema\/person\/57f53174b991db5f90ff78d58502b714","name":"Martha Cifuentes","image":{"@type":"ImageObject","inLanguage":"es","@id":"https:\/\/marthacifuentes.com\/portada\/#\/schema\/person\/image\/","url":"http:\/\/marthacifuentes.com\/portada\/wp-content\/uploads\/2018\/06\/avatar_user_2_1528838701-96x96.jpg","contentUrl":"http:\/\/marthacifuentes.com\/portada\/wp-content\/uploads\/2018\/06\/avatar_user_2_1528838701-96x96.jpg","caption":"Martha Cifuentes"},"sameAs":["http:\/\/www.marthacifuentes.com"],"url":"https:\/\/marthacifuentes.com\/portada\/author\/martha\/"}]}},"_links":{"self":[{"href":"https:\/\/marthacifuentes.com\/portada\/wp-json\/wp\/v2\/posts\/20548","targetHints":{"allow":["GET"]}}],"collection":[{"href":"https:\/\/marthacifuentes.com\/portada\/wp-json\/wp\/v2\/posts"}],"about":[{"href":"https:\/\/marthacifuentes.com\/portada\/wp-json\/wp\/v2\/types\/post"}],"author":[{"embeddable":true,"href":"https:\/\/marthacifuentes.com\/portada\/wp-json\/wp\/v2\/users\/2"}],"replies":[{"embeddable":true,"href":"https:\/\/marthacifuentes.com\/portada\/wp-json\/wp\/v2\/comments?post=20548"}],"version-history":[{"count":0,"href":"https:\/\/marthacifuentes.com\/portada\/wp-json\/wp\/v2\/posts\/20548\/revisions"}],"wp:featuredmedia":[{"embeddable":true,"href":"https:\/\/marthacifuentes.com\/portada\/wp-json\/wp\/v2\/media\/20549"}],"wp:attachment":[{"href":"https:\/\/marthacifuentes.com\/portada\/wp-json\/wp\/v2\/media?parent=20548"}],"wp:term":[{"taxonomy":"category","embeddable":true,"href":"https:\/\/marthacifuentes.com\/portada\/wp-json\/wp\/v2\/categories?post=20548"},{"taxonomy":"post_tag","embeddable":true,"href":"https:\/\/marthacifuentes.com\/portada\/wp-json\/wp\/v2\/tags?post=20548"}],"curies":[{"name":"wp","href":"https:\/\/api.w.org\/{rel}","templated":true}]}}