{"id":20650,"date":"2019-04-10T08:00:31","date_gmt":"2019-04-10T13:00:31","guid":{"rendered":"https:\/\/marthacifuentes.com\/portada\/?p=20650"},"modified":"2019-04-10T08:03:18","modified_gmt":"2019-04-10T13:03:18","slug":"este-domingo-de-ramos-cambie-la-palma-de-cera-por-palmas-areca","status":"publish","type":"post","link":"https:\/\/marthacifuentes.com\/portada\/este-domingo-de-ramos-cambie-la-palma-de-cera-por-palmas-areca\/","title":{"rendered":"Este domingo de ramos cambie la Palma de Cera por palmas Areca"},"content":{"rendered":"<p style=\"font-weight: 400; text-align: justify;\">Esta actividad busca que la comunidad de feligreses cambie el h\u00e1bito de bendecir un ramo, por el cual se tuvieron que talar cientos de palmas de cera, y en cambio, se reciba completamente gratis una de las palmas que se estar\u00e1n regalando y que podr\u00e1n ser, adem\u00e1s de bendecidas, sembradas para su cuidado.<\/p>\n<p style=\"font-weight: 400; text-align: justify;\">La palma de cera es s\u00edmbolo nacional desde 1985 pero con el paso de los a\u00f1os su estado de conservaci\u00f3n se visto seriamente afectado por la tala indiscriminada que la mantiene en peligro cr\u00edtico y que afecta directamente a otras especias, debido a que es h\u00e1bitat del loro orejiamarillo que tambi\u00e9n est\u00e1 en riesgo de extinci\u00f3n.<\/p>\n<p style=\"font-weight: 400; text-align: justify;\">Corporinoquia tambi\u00e9n recuerda que se est\u00e1n realizando puestos de control con apoyo de la Polic\u00eda Nacional y La Octava Divisi\u00f3n del Ej\u00e9rcito Nacional para individualizar a las personas que cazan, hacen tenencia y comercializan fauna y flora silvestre, ya que este il\u00edcito es tipificado como un delito ambiental, mediante la ley 1453 de 2011 del C\u00f3digo Penal, articulo 328 del \u201cIl\u00edcito aprovechamiento de los recursos naturales renovables\u201d, que incurrir\u00e1 en penas privativas de la libertad de cuarenta y ocho (48) a ciento ocho (108) meses y multas hasta de treinta y cinco mil (35.000) salarios m\u00ednimos legales mensuales vigentes.<\/p>\n","protected":false},"excerpt":{"rendered":"<p>Para este domingo de ramos, la Corporinoquia entregar\u00e1 palmas areca en los 45 municipios que conforman su jurisdicci\u00f3n. Trata de concientizar de evitar la tala indiscriminada de la Palma de cera a la poblaci\u00f3n por parte de los creyentes cat\u00f3licos.<\/p>\n","protected":false},"author":2,"featured_media":20651,"comment_status":"open","ping_status":"open","sticky":false,"template":"","format":"standard","meta":{"om_disable_all_campaigns":false,"_exactmetrics_skip_tracking":false,"_exactmetrics_sitenote_active":false,"_exactmetrics_sitenote_note":"","_exactmetrics_sitenote_category":0,"_monsterinsights_skip_tracking":false,"_monsterinsights_sitenote_active":false,"_monsterinsights_sitenote_note":"","_monsterinsights_sitenote_category":0,"_uf_show_specific_survey":0,"_uf_disable_surveys":false,"_joinchat":[],"footnotes":""},"categories":[147,146],"tags":[2385,2389,2392,818,2391,2390,1400,1421,2387,2386,730,2388,1376],"class_list":["post-20650","post","type-post","status-publish","format-standard","has-post-thumbnail","hentry","category-actualidad","category-noticias","tag-canare-noticias","tag-catolicos","tag-conciencia-ambiental","tag-corporinoquia","tag-jornada-de-concientizacion","tag-la-octava-division-del-ejercito-nacional","tag-noticias-casanare","tag-noticias-yopal","tag-palma-areca","tag-palma-de-cera","tag-policia-nacional","tag-tala-indiscriminada","tag-yopal-noticias"],"yoast_head":"<!-- This site is optimized with the Yoast SEO plugin v26.1 - https:\/\/yoast.com\/wordpress\/plugins\/seo\/ -->\n<title>Este domingo de ramos cambie la Palma de Cera por palmas Areca - \u25b7 Noticias de Casanare : Martha Cifuentes | Casanare<\/title>\n<meta name=\"robots\" content=\"index, follow, max-snippet:-1, max-image-preview:large, max-video-preview:-1\" \/>\n<link rel=\"canonical\" href=\"https:\/\/marthacifuentes.com\/portada\/este-domingo-de-ramos-cambie-la-palma-de-cera-por-palmas-areca\/\" \/>\n<meta property=\"og:locale\" content=\"es_ES\" \/>\n<meta property=\"og:type\" content=\"article\" \/>\n<meta property=\"og:title\" content=\"Este domingo de ramos cambie la Palma de Cera por palmas Areca - \u25b7 Noticias de Casanare : Martha Cifuentes | Casanare\" \/>\n<meta property=\"og:description\" content=\"Para este domingo de ramos, la Corporinoquia entregar\u00e1 palmas areca en los 45 municipios que conforman su jurisdicci\u00f3n. Trata de concientizar de evitar la tala indiscriminada de la Palma de cera a la poblaci\u00f3n por parte de los creyentes cat\u00f3licos.\" \/>\n<meta property=\"og:url\" content=\"https:\/\/marthacifuentes.com\/portada\/este-domingo-de-ramos-cambie-la-palma-de-cera-por-palmas-areca\/\" \/>\n<meta property=\"og:site_name\" content=\"\u25b7 Noticias de Casanare : Martha Cifuentes | Casanare\" \/>\n<meta property=\"article:published_time\" content=\"2019-04-10T13:00:31+00:00\" \/>\n<meta property=\"article:modified_time\" content=\"2019-04-10T13:03:18+00:00\" \/>\n<meta property=\"og:image\" content=\"https:\/\/marthacifuentes.com\/portada\/wp-content\/uploads\/2019\/04\/Palma-de-areca.jpg\" \/>\n\t<meta property=\"og:image:width\" content=\"835\" \/>\n\t<meta property=\"og:image:height\" content=\"470\" \/>\n\t<meta property=\"og:image:type\" content=\"image\/jpeg\" \/>\n<meta name=\"author\" content=\"Martha Cifuentes\" \/>\n<meta name=\"twitter:card\" content=\"summary_large_image\" \/>\n<meta name=\"twitter:label1\" content=\"Escrito por\" \/>\n\t<meta name=\"twitter:data1\" content=\"Martha Cifuentes\" \/>\n\t<meta name=\"twitter:label2\" content=\"Tiempo de lectura\" \/>\n\t<meta name=\"twitter:data2\" content=\"1 minuto\" \/>\n<script type=\"application\/ld+json\" class=\"yoast-schema-graph\">{\"@context\":\"https:\/\/schema.org\",\"@graph\":[{\"@type\":\"WebPage\",\"@id\":\"https:\/\/marthacifuentes.com\/portada\/este-domingo-de-ramos-cambie-la-palma-de-cera-por-palmas-areca\/\",\"url\":\"https:\/\/marthacifuentes.com\/portada\/este-domingo-de-ramos-cambie-la-palma-de-cera-por-palmas-areca\/\",\"name\":\"Este domingo de ramos cambie la Palma de Cera por palmas Areca - \u25b7 Noticias de Casanare : Martha Cifuentes | Casanare\",\"isPartOf\":{\"@id\":\"https:\/\/marthacifuentes.com\/portada\/#website\"},\"primaryImageOfPage\":{\"@id\":\"https:\/\/marthacifuentes.com\/portada\/este-domingo-de-ramos-cambie-la-palma-de-cera-por-palmas-areca\/#primaryimage\"},\"image\":{\"@id\":\"https:\/\/marthacifuentes.com\/portada\/este-domingo-de-ramos-cambie-la-palma-de-cera-por-palmas-areca\/#primaryimage\"},\"thumbnailUrl\":\"https:\/\/marthacifuentes.com\/portada\/wp-content\/uploads\/2019\/04\/Palma-de-areca.jpg\",\"datePublished\":\"2019-04-10T13:00:31+00:00\",\"dateModified\":\"2019-04-10T13:03:18+00:00\",\"author\":{\"@id\":\"https:\/\/marthacifuentes.com\/portada\/#\/schema\/person\/57f53174b991db5f90ff78d58502b714\"},\"breadcrumb\":{\"@id\":\"https:\/\/marthacifuentes.com\/portada\/este-domingo-de-ramos-cambie-la-palma-de-cera-por-palmas-areca\/#breadcrumb\"},\"inLanguage\":\"es\",\"potentialAction\":[{\"@type\":\"ReadAction\",\"target\":[\"https:\/\/marthacifuentes.com\/portada\/este-domingo-de-ramos-cambie-la-palma-de-cera-por-palmas-areca\/\"]}]},{\"@type\":\"ImageObject\",\"inLanguage\":\"es\",\"@id\":\"https:\/\/marthacifuentes.com\/portada\/este-domingo-de-ramos-cambie-la-palma-de-cera-por-palmas-areca\/#primaryimage\",\"url\":\"https:\/\/marthacifuentes.com\/portada\/wp-content\/uploads\/2019\/04\/Palma-de-areca.jpg\",\"contentUrl\":\"https:\/\/marthacifuentes.com\/portada\/wp-content\/uploads\/2019\/04\/Palma-de-areca.jpg\",\"width\":835,\"height\":470},{\"@type\":\"BreadcrumbList\",\"@id\":\"https:\/\/marthacifuentes.com\/portada\/este-domingo-de-ramos-cambie-la-palma-de-cera-por-palmas-areca\/#breadcrumb\",\"itemListElement\":[{\"@type\":\"ListItem\",\"position\":1,\"name\":\"Portada\",\"item\":\"https:\/\/marthacifuentes.com\/portada\/\"},{\"@type\":\"ListItem\",\"position\":2,\"name\":\"Este domingo de ramos cambie la Palma de Cera por palmas Areca\"}]},{\"@type\":\"WebSite\",\"@id\":\"https:\/\/marthacifuentes.com\/portada\/#website\",\"url\":\"https:\/\/marthacifuentes.com\/portada\/\",\"name\":\"\u25b7 Noticias de Casanare : Martha Cifuentes | Casanare\",\"description\":\"Noticias &amp; Contenidos\",\"potentialAction\":[{\"@type\":\"SearchAction\",\"target\":{\"@type\":\"EntryPoint\",\"urlTemplate\":\"https:\/\/marthacifuentes.com\/portada\/?s={search_term_string}\"},\"query-input\":{\"@type\":\"PropertyValueSpecification\",\"valueRequired\":true,\"valueName\":\"search_term_string\"}}],\"inLanguage\":\"es\"},{\"@type\":\"Person\",\"@id\":\"https:\/\/marthacifuentes.com\/portada\/#\/schema\/person\/57f53174b991db5f90ff78d58502b714\",\"name\":\"Martha Cifuentes\",\"image\":{\"@type\":\"ImageObject\",\"inLanguage\":\"es\",\"@id\":\"https:\/\/marthacifuentes.com\/portada\/#\/schema\/person\/image\/\",\"url\":\"http:\/\/marthacifuentes.com\/portada\/wp-content\/uploads\/2018\/06\/avatar_user_2_1528838701-96x96.jpg\",\"contentUrl\":\"http:\/\/marthacifuentes.com\/portada\/wp-content\/uploads\/2018\/06\/avatar_user_2_1528838701-96x96.jpg\",\"caption\":\"Martha Cifuentes\"},\"sameAs\":[\"http:\/\/www.marthacifuentes.com\"],\"url\":\"https:\/\/marthacifuentes.com\/portada\/author\/martha\/\"}]}<\/script>\n<!-- \/ Yoast SEO plugin. -->","yoast_head_json":{"title":"Este domingo de ramos cambie la Palma de Cera por palmas Areca - \u25b7 Noticias de Casanare : Martha Cifuentes | Casanare","robots":{"index":"index","follow":"follow","max-snippet":"max-snippet:-1","max-image-preview":"max-image-preview:large","max-video-preview":"max-video-preview:-1"},"canonical":"https:\/\/marthacifuentes.com\/portada\/este-domingo-de-ramos-cambie-la-palma-de-cera-por-palmas-areca\/","og_locale":"es_ES","og_type":"article","og_title":"Este domingo de ramos cambie la Palma de Cera por palmas Areca - \u25b7 Noticias de Casanare : Martha Cifuentes | Casanare","og_description":"Para este domingo de ramos, la Corporinoquia entregar\u00e1 palmas areca en los 45 municipios que conforman su jurisdicci\u00f3n. Trata de concientizar de evitar la tala indiscriminada de la Palma de cera a la poblaci\u00f3n por parte de los creyentes cat\u00f3licos.","og_url":"https:\/\/marthacifuentes.com\/portada\/este-domingo-de-ramos-cambie-la-palma-de-cera-por-palmas-areca\/","og_site_name":"\u25b7 Noticias de Casanare : Martha Cifuentes | Casanare","article_published_time":"2019-04-10T13:00:31+00:00","article_modified_time":"2019-04-10T13:03:18+00:00","og_image":[{"width":835,"height":470,"url":"https:\/\/marthacifuentes.com\/portada\/wp-content\/uploads\/2019\/04\/Palma-de-areca.jpg","type":"image\/jpeg"}],"author":"Martha Cifuentes","twitter_card":"summary_large_image","twitter_misc":{"Escrito por":"Martha Cifuentes","Tiempo de lectura":"1 minuto"},"schema":{"@context":"https:\/\/schema.org","@graph":[{"@type":"WebPage","@id":"https:\/\/marthacifuentes.com\/portada\/este-domingo-de-ramos-cambie-la-palma-de-cera-por-palmas-areca\/","url":"https:\/\/marthacifuentes.com\/portada\/este-domingo-de-ramos-cambie-la-palma-de-cera-por-palmas-areca\/","name":"Este domingo de ramos cambie la Palma de Cera por palmas Areca - \u25b7 Noticias de Casanare : Martha Cifuentes | Casanare","isPartOf":{"@id":"https:\/\/marthacifuentes.com\/portada\/#website"},"primaryImageOfPage":{"@id":"https:\/\/marthacifuentes.com\/portada\/este-domingo-de-ramos-cambie-la-palma-de-cera-por-palmas-areca\/#primaryimage"},"image":{"@id":"https:\/\/marthacifuentes.com\/portada\/este-domingo-de-ramos-cambie-la-palma-de-cera-por-palmas-areca\/#primaryimage"},"thumbnailUrl":"https:\/\/marthacifuentes.com\/portada\/wp-content\/uploads\/2019\/04\/Palma-de-areca.jpg","datePublished":"2019-04-10T13:00:31+00:00","dateModified":"2019-04-10T13:03:18+00:00","author":{"@id":"https:\/\/marthacifuentes.com\/portada\/#\/schema\/person\/57f53174b991db5f90ff78d58502b714"},"breadcrumb":{"@id":"https:\/\/marthacifuentes.com\/portada\/este-domingo-de-ramos-cambie-la-palma-de-cera-por-palmas-areca\/#breadcrumb"},"inLanguage":"es","potentialAction":[{"@type":"ReadAction","target":["https:\/\/marthacifuentes.com\/portada\/este-domingo-de-ramos-cambie-la-palma-de-cera-por-palmas-areca\/"]}]},{"@type":"ImageObject","inLanguage":"es","@id":"https:\/\/marthacifuentes.com\/portada\/este-domingo-de-ramos-cambie-la-palma-de-cera-por-palmas-areca\/#primaryimage","url":"https:\/\/marthacifuentes.com\/portada\/wp-content\/uploads\/2019\/04\/Palma-de-areca.jpg","contentUrl":"https:\/\/marthacifuentes.com\/portada\/wp-content\/uploads\/2019\/04\/Palma-de-areca.jpg","width":835,"height":470},{"@type":"BreadcrumbList","@id":"https:\/\/marthacifuentes.com\/portada\/este-domingo-de-ramos-cambie-la-palma-de-cera-por-palmas-areca\/#breadcrumb","itemListElement":[{"@type":"ListItem","position":1,"name":"Portada","item":"https:\/\/marthacifuentes.com\/portada\/"},{"@type":"ListItem","position":2,"name":"Este domingo de ramos cambie la Palma de Cera por palmas Areca"}]},{"@type":"WebSite","@id":"https:\/\/marthacifuentes.com\/portada\/#website","url":"https:\/\/marthacifuentes.com\/portada\/","name":"\u25b7 Noticias de Casanare : Martha Cifuentes | Casanare","description":"Noticias &amp; Contenidos","potentialAction":[{"@type":"SearchAction","target":{"@type":"EntryPoint","urlTemplate":"https:\/\/marthacifuentes.com\/portada\/?s={search_term_string}"},"query-input":{"@type":"PropertyValueSpecification","valueRequired":true,"valueName":"search_term_string"}}],"inLanguage":"es"},{"@type":"Person","@id":"https:\/\/marthacifuentes.com\/portada\/#\/schema\/person\/57f53174b991db5f90ff78d58502b714","name":"Martha Cifuentes","image":{"@type":"ImageObject","inLanguage":"es","@id":"https:\/\/marthacifuentes.com\/portada\/#\/schema\/person\/image\/","url":"http:\/\/marthacifuentes.com\/portada\/wp-content\/uploads\/2018\/06\/avatar_user_2_1528838701-96x96.jpg","contentUrl":"http:\/\/marthacifuentes.com\/portada\/wp-content\/uploads\/2018\/06\/avatar_user_2_1528838701-96x96.jpg","caption":"Martha Cifuentes"},"sameAs":["http:\/\/www.marthacifuentes.com"],"url":"https:\/\/marthacifuentes.com\/portada\/author\/martha\/"}]}},"_links":{"self":[{"href":"https:\/\/marthacifuentes.com\/portada\/wp-json\/wp\/v2\/posts\/20650","targetHints":{"allow":["GET"]}}],"collection":[{"href":"https:\/\/marthacifuentes.com\/portada\/wp-json\/wp\/v2\/posts"}],"about":[{"href":"https:\/\/marthacifuentes.com\/portada\/wp-json\/wp\/v2\/types\/post"}],"author":[{"embeddable":true,"href":"https:\/\/marthacifuentes.com\/portada\/wp-json\/wp\/v2\/users\/2"}],"replies":[{"embeddable":true,"href":"https:\/\/marthacifuentes.com\/portada\/wp-json\/wp\/v2\/comments?post=20650"}],"version-history":[{"count":0,"href":"https:\/\/marthacifuentes.com\/portada\/wp-json\/wp\/v2\/posts\/20650\/revisions"}],"wp:featuredmedia":[{"embeddable":true,"href":"https:\/\/marthacifuentes.com\/portada\/wp-json\/wp\/v2\/media\/20651"}],"wp:attachment":[{"href":"https:\/\/marthacifuentes.com\/portada\/wp-json\/wp\/v2\/media?parent=20650"}],"wp:term":[{"taxonomy":"category","embeddable":true,"href":"https:\/\/marthacifuentes.com\/portada\/wp-json\/wp\/v2\/categories?post=20650"},{"taxonomy":"post_tag","embeddable":true,"href":"https:\/\/marthacifuentes.com\/portada\/wp-json\/wp\/v2\/tags?post=20650"}],"curies":[{"name":"wp","href":"https:\/\/api.w.org\/{rel}","templated":true}]}}