{"id":21129,"date":"2019-06-24T11:55:13","date_gmt":"2019-06-24T16:55:13","guid":{"rendered":"https:\/\/marthacifuentes.com\/portada\/?p=21129"},"modified":"2019-06-24T11:58:58","modified_gmt":"2019-06-24T16:58:58","slug":"veeduria-reclama-por-servicios-publicos-y-legalizacion-de-la-bendicion","status":"publish","type":"post","link":"https:\/\/marthacifuentes.com\/portada\/veeduria-reclama-por-servicios-publicos-y-legalizacion-de-la-bendicion\/","title":{"rendered":"Veedur\u00eda reclama por servicios p\u00fablicos y legalizaci\u00f3n de La Bendici\u00f3n"},"content":{"rendered":"<p style=\"text-align: justify;\"><strong>Una de las veedur\u00edas conformadas por compradores de lotes en el asentamiento humano La Bendici\u00f3n urge agilidad en proceso de legalizaci\u00f3n y el suministro de servicios p\u00fablicos. Considera que la figura de la enajenaci\u00f3n temprana \u00a0no resuelve la titularidad del predio, contrario a la propuesta del gobierno municipal y el Ministerio de Vivienda. <\/strong><\/p>\n<p style=\"text-align: justify;\">C\u00e9sar Guevara, coordinador de la veedur\u00eda, expresa sus reservas sobre esta figura jur\u00eddica porque seg\u00fan sus conocimientos mientras que la Fiscal\u00eda no culmine con el proceso de extinci\u00f3n de dominio y haya un fallo de parte de un juez sobre la titularidad de los terrenos, es decir que quede definido si es un particular o el Estado el due\u00f1o, no se podr\u00e1 avanzar en la legalizaci\u00f3n.<\/p>\n<p style=\"text-align: justify;\">Contrario a esto, el asesor jur\u00eddico de la Oficina Asesora de Planeaci\u00f3n, Luis Fernando Gonz\u00e1lez, explic\u00f3 que la enajenaci\u00f3n temprana, contemplada en el <span style=\"color: #993300;\"><a style=\"color: #993300;\" href=\"https:\/\/leyes.co\/codigo_de_extincion_de_dominio\/93.htm\">art\u00edculo 93 del C\u00f3digo de Extinci\u00f3n de Dominio<\/a>,<\/span> permite a la Sociedad de Activos Especiales, SAE, disponer de un bien con medidas cautelares dentro del proceso de extinci\u00f3n de dominio, venderlo a un precio comercial y el dinero que resulte se deposita en un CDT que queda en espera a quien se le entrega, si es a favor del Estado o el titular del predio, afirma el abogado.<\/p>\n<p style=\"text-align: justify;\">Sobre esto el gran obst\u00e1culo es la no disponibilidad de recursos por parte del municipio, por tanto el gobierno departamental y la Naci\u00f3n deber\u00e1n invertir en ello.<\/p>\n<p>&nbsp;<\/p>\n<h4><span style=\"color: #993300;\">Qu\u00e9 es la enajenaci\u00f3n temprana:<\/span><\/h4>\n<p><iframe loading=\"lazy\" title=\"Qu\u00e9 es la Enajenaci\u00f3n Temprana.\" width=\"500\" height=\"281\" src=\"https:\/\/www.youtube.com\/embed\/jXydVNu9da8?feature=oembed\" frameborder=\"0\" allow=\"accelerometer; autoplay; clipboard-write; encrypted-media; gyroscope; picture-in-picture; web-share\" referrerpolicy=\"strict-origin-when-cross-origin\" allowfullscreen><\/iframe><\/p>\n<p>&nbsp;<\/p>\n<p style=\"text-align: justify;\">El veedor, expres\u00f3 que si hay necesidad de ir a instancias internacionales para solucionar su problem\u00e1tica se har\u00e1 porque los residentes en esta urbanizaci\u00f3n tienen derecho a servicios p\u00fablicos, sus escrituras y licencias de construcci\u00f3n, entre otros.<\/p>\n<p style=\"text-align: justify;\">Recuerda que la veedur\u00eda se conform\u00f3 para vigilar que las entidades que tienen que ver con el caso de La Bendici\u00f3n, cumplan con sus funciones.<\/p>\n<p>&nbsp;<\/p>\n<h4 style=\"text-align: justify;\"><span style=\"color: #ff6600;\"><a style=\"color: #ff6600;\" href=\"https:\/\/marthacifuentes.com\/portada\/2019\/06\/06\/la-bendicion-el-nuevo-epicentro-del-desarrollo-de-yopal\/\">Ver art\u00edculo: <span class=\"post-title\">La Bendici\u00f3n, el nuevo epicentro del desarrollo de Yopal<\/span><\/a><\/span><\/h4>\n<h5 style=\"text-align: justify;\"><\/h5>\n<p style=\"text-align: justify;\"><strong>Veedur\u00eda cuestiona la SAE<\/strong><\/p>\n<p style=\"text-align: justify;\">El veedor cuestiona tambi\u00e9n la negligencia de la SAE en el cuidado y vigilancia de los predios de La Bendici\u00f3n, porque si hubiera cumplido con su responsabilidad no se habr\u00eda generado toda esta problem\u00e1tica de la urbanizaci\u00f3n ilegal. Por ello deber\u00eda ser sancionada multimillonariamente y con esos recursos solucionar en parte los temas de titularizaci\u00f3n y de suministro de servicios p\u00fablicos.<\/p>\n<p style=\"text-align: justify;\">Al respecto la Alcald\u00eda de Yopal adelanta un proceso sancionatorio contra la SAE por infracci\u00f3n urban\u00edstica.<\/p>\n<p style=\"text-align: justify;\">Fustiga incluso que la SAE sea la que este prestando el servicio de agua cuando, seg\u00fan \u00e9l, no est\u00e1 autorizada para proveer servicios p\u00fablicos domiciliarios y agrega que a pesar de que las familias le pagan el servicio de agua y de energ\u00eda, est\u00e1 le adeuda a Enerca m\u00e1s de 500 millones de pesos.<\/p>\n<p style=\"text-align: justify;\">Frente a esto el asesor del despacho de la Alcald\u00eda de Yopal, Miguel \u00c1ngel Garc\u00eda, dijo en una entrevista en la emisora Violeta Stereo, que al ser la SAE, administradora de los terrenos debe responder por los servicios p\u00fablicos.<\/p>\n<p>&nbsp;<\/p>\n<p style=\"text-align: justify;\"><strong>La acci\u00f3n popular<\/strong><\/p>\n<p style=\"text-align: justify;\">La veedur\u00eda preocupada por los problemas en el suministro de los servicios p\u00fablicos de acueducto y alcantarillado en La Bendici\u00f3n, interpuso una acci\u00f3n popular que fue admitida por el Juzgado Primero Administrativo de Yopal en noviembre 30 de 2017. A trav\u00e9s de ella se dispusieron unas medidas cautelares consistentes inicialmente en determinar mediante an\u00e1lisis de laboratorio si el agua, entregada a los aproximadamente 15 mil habitantes de la Ciudadela La Bendici\u00f3n, era potable o no. <span style=\"color: #993300;\">(<a style=\"color: #993300;\" href=\"https:\/\/www.ramajudicial.gov.co\/documents\/2254998\/15423614\/2017-415+ad+mc.PDF\/c705d073-0e44-4ce4-98c5-22022367602b\">Ver acci\u00f3n popular<\/a>).<\/span><\/p>\n<p style=\"text-align: justify;\">Esto en raz\u00f3n al temor de que las aguas residuales emanadas de las viviendas pudieran estar contaminando los pozos profundos de donde se obtiene el agua.<\/p>\n<p style=\"text-align: justify;\">Tambi\u00e9n se orden\u00f3 realizar los estudios necesarios tendientes a lograr que la red de alcantarillado existente se pueda conectar a la red de alcantarillado de Yopal. Si esto es posible adelantar el proceso contractual de construcci\u00f3n de obras.<\/p>\n<p style=\"text-align: justify;\">Adem\u00e1s se deb\u00eda identificar los pozos s\u00e9pticos de La Bendici\u00f3n que se rebosaran y determinar soluciones transitorias.<\/p>\n<p style=\"text-align: justify;\">Frente a estos temas en auto de seguimiento de mayo de 2018 se inform\u00f3 que el agua suministrada s\u00ed era apta para el consumo humano pero persist\u00eda la problem\u00e1tica de la escorrent\u00eda de las aguas residuales.<\/p>\n<p style=\"text-align: justify;\">Recientemente la Oficina Asesora de Planeaci\u00f3n inform\u00f3 en un comunicado que el 30 de mayo se firm\u00f3 un convenio con la Eaaay para que esta opere la planta de acueducto de La Bendici\u00f3n, dentro del programa de Esquemas Diferenciales para la regularizaci\u00f3n gradual de los servicios de acueducto y alcantarillado amparado en el Ministerio de Vivienda.<\/p>\n<p style=\"text-align: justify;\">Con respecto al tema del alcantarillado el Ministerio de Vivienda aportar\u00e1 500 millones de pesos para su dise\u00f1o. Se espera que antes de un mes se realice la contrataci\u00f3n y luego vendr\u00e1 la ejecuci\u00f3n de obras, que podr\u00eda costar entre 5 y 9 mil millones de pesos.<\/p>\n<p>&nbsp;<\/p>\n<p><strong>Audio entrevista C\u00e9sar Guevara<\/strong><\/p>\n<!--[if lt IE 9]><script>document.createElement('audio');<\/script><![endif]-->\n<audio class=\"wp-audio-shortcode\" id=\"audio-21129-1\" preload=\"none\" style=\"width: 100%;\" controls=\"controls\"><source type=\"audio\/mpeg\" src=\"https:\/\/marthacifuentes.com\/portada\/wp-content\/uploads\/2019\/06\/Cesar-La-Bendici\u00f3n.m4a?_=1\" \/><a href=\"https:\/\/marthacifuentes.com\/portada\/wp-content\/uploads\/2019\/06\/Cesar-La-Bendici\u00f3n.m4a\">https:\/\/marthacifuentes.com\/portada\/wp-content\/uploads\/2019\/06\/Cesar-La-Bendici\u00f3n.m4a<\/a><\/audio>\n<p>&nbsp;<\/p>\n<p>&nbsp;<\/p>\n<p>&nbsp;<\/p>\n","protected":false},"excerpt":{"rendered":"<p>Una de las veedur\u00edas conformadas por compradores de lotes en el asentamiento humano La Bendici\u00f3n urge agilidad en proceso de legalizaci\u00f3n y el suministro de servicios p\u00fablicos. Considera que la figura de la enajenaci\u00f3n temprana \u00a0no resuelve la titularidad del predio, contrario a la propuesta del gobierno municipal y el Ministerio de Vivienda. C\u00e9sar Guevara, &hellip;<\/p>\n","protected":false},"author":2,"featured_media":21131,"comment_status":"open","ping_status":"open","sticky":false,"template":"","format":"standard","meta":{"om_disable_all_campaigns":false,"_exactmetrics_skip_tracking":false,"_exactmetrics_sitenote_active":false,"_exactmetrics_sitenote_note":"","_exactmetrics_sitenote_category":0,"_monsterinsights_skip_tracking":false,"_monsterinsights_sitenote_active":false,"_monsterinsights_sitenote_note":"","_monsterinsights_sitenote_category":0,"_uf_show_specific_survey":0,"_uf_disable_surveys":false,"_joinchat":[],"footnotes":""},"categories":[147,146,145],"tags":[2751,2749,480,1421,2747,2750,2748],"class_list":["post-21129","post","type-post","status-publish","format-standard","has-post-thumbnail","hentry","category-actualidad","category-noticias","category-reportajes","tag-cesar-guevara-veedor-la-bendicion-en-yopal","tag-enajenacion-temprana-la-bendicion-en-yopal","tag-la-bendicion","tag-noticias-yopal","tag-servicios-publicos-y-legalizacion-de-la-bendicion","tag-servicios-publicos-y-legalizacion-de-la-bendicion-de-yopal","tag-urbanizacion-ilegal-la-bendicion"],"yoast_head":"<!-- This site is optimized with the Yoast SEO plugin v26.1 - https:\/\/yoast.com\/wordpress\/plugins\/seo\/ -->\n<title>Veedur\u00eda reclama por servicios p\u00fablicos y legalizaci\u00f3n de La Bendici\u00f3n - \u25b7 Noticias de Casanare : Martha Cifuentes | Casanare<\/title>\n<meta name=\"robots\" content=\"index, follow, max-snippet:-1, max-image-preview:large, max-video-preview:-1\" \/>\n<link rel=\"canonical\" href=\"https:\/\/marthacifuentes.com\/portada\/veeduria-reclama-por-servicios-publicos-y-legalizacion-de-la-bendicion\/\" \/>\n<meta property=\"og:locale\" content=\"es_ES\" \/>\n<meta property=\"og:type\" content=\"article\" \/>\n<meta property=\"og:title\" content=\"Veedur\u00eda reclama por servicios p\u00fablicos y legalizaci\u00f3n de La Bendici\u00f3n - \u25b7 Noticias de Casanare : Martha Cifuentes | Casanare\" \/>\n<meta property=\"og:description\" content=\"Una de las veedur\u00edas conformadas por compradores de lotes en el asentamiento humano La Bendici\u00f3n urge agilidad en proceso de legalizaci\u00f3n y el suministro de servicios p\u00fablicos. Considera que la figura de la enajenaci\u00f3n temprana \u00a0no resuelve la titularidad del predio, contrario a la propuesta del gobierno municipal y el Ministerio de Vivienda. C\u00e9sar Guevara, &hellip;\" \/>\n<meta property=\"og:url\" content=\"https:\/\/marthacifuentes.com\/portada\/veeduria-reclama-por-servicios-publicos-y-legalizacion-de-la-bendicion\/\" \/>\n<meta property=\"og:site_name\" content=\"\u25b7 Noticias de Casanare : Martha Cifuentes | Casanare\" \/>\n<meta property=\"article:published_time\" content=\"2019-06-24T16:55:13+00:00\" \/>\n<meta property=\"article:modified_time\" content=\"2019-06-24T16:58:58+00:00\" \/>\n<meta property=\"og:image\" content=\"https:\/\/marthacifuentes.com\/portada\/wp-content\/uploads\/2019\/06\/LA-BENDICION-1.jpg\" \/>\n\t<meta property=\"og:image:width\" content=\"1280\" \/>\n\t<meta property=\"og:image:height\" content=\"720\" \/>\n\t<meta property=\"og:image:type\" content=\"image\/jpeg\" \/>\n<meta name=\"author\" content=\"Martha Cifuentes\" \/>\n<meta name=\"twitter:card\" content=\"summary_large_image\" \/>\n<meta name=\"twitter:label1\" content=\"Escrito por\" \/>\n\t<meta name=\"twitter:data1\" content=\"Martha Cifuentes\" \/>\n\t<meta name=\"twitter:label2\" content=\"Tiempo de lectura\" \/>\n\t<meta name=\"twitter:data2\" content=\"4 minutos\" \/>\n<script type=\"application\/ld+json\" class=\"yoast-schema-graph\">{\"@context\":\"https:\/\/schema.org\",\"@graph\":[{\"@type\":\"WebPage\",\"@id\":\"https:\/\/marthacifuentes.com\/portada\/veeduria-reclama-por-servicios-publicos-y-legalizacion-de-la-bendicion\/\",\"url\":\"https:\/\/marthacifuentes.com\/portada\/veeduria-reclama-por-servicios-publicos-y-legalizacion-de-la-bendicion\/\",\"name\":\"Veedur\u00eda reclama por servicios p\u00fablicos y legalizaci\u00f3n de La Bendici\u00f3n - \u25b7 Noticias de Casanare : Martha Cifuentes | Casanare\",\"isPartOf\":{\"@id\":\"https:\/\/marthacifuentes.com\/portada\/#website\"},\"primaryImageOfPage\":{\"@id\":\"https:\/\/marthacifuentes.com\/portada\/veeduria-reclama-por-servicios-publicos-y-legalizacion-de-la-bendicion\/#primaryimage\"},\"image\":{\"@id\":\"https:\/\/marthacifuentes.com\/portada\/veeduria-reclama-por-servicios-publicos-y-legalizacion-de-la-bendicion\/#primaryimage\"},\"thumbnailUrl\":\"https:\/\/marthacifuentes.com\/portada\/wp-content\/uploads\/2019\/06\/LA-BENDICION-1.jpg\",\"datePublished\":\"2019-06-24T16:55:13+00:00\",\"dateModified\":\"2019-06-24T16:58:58+00:00\",\"author\":{\"@id\":\"https:\/\/marthacifuentes.com\/portada\/#\/schema\/person\/57f53174b991db5f90ff78d58502b714\"},\"breadcrumb\":{\"@id\":\"https:\/\/marthacifuentes.com\/portada\/veeduria-reclama-por-servicios-publicos-y-legalizacion-de-la-bendicion\/#breadcrumb\"},\"inLanguage\":\"es\",\"potentialAction\":[{\"@type\":\"ReadAction\",\"target\":[\"https:\/\/marthacifuentes.com\/portada\/veeduria-reclama-por-servicios-publicos-y-legalizacion-de-la-bendicion\/\"]}]},{\"@type\":\"ImageObject\",\"inLanguage\":\"es\",\"@id\":\"https:\/\/marthacifuentes.com\/portada\/veeduria-reclama-por-servicios-publicos-y-legalizacion-de-la-bendicion\/#primaryimage\",\"url\":\"https:\/\/marthacifuentes.com\/portada\/wp-content\/uploads\/2019\/06\/LA-BENDICION-1.jpg\",\"contentUrl\":\"https:\/\/marthacifuentes.com\/portada\/wp-content\/uploads\/2019\/06\/LA-BENDICION-1.jpg\",\"width\":1280,\"height\":720},{\"@type\":\"BreadcrumbList\",\"@id\":\"https:\/\/marthacifuentes.com\/portada\/veeduria-reclama-por-servicios-publicos-y-legalizacion-de-la-bendicion\/#breadcrumb\",\"itemListElement\":[{\"@type\":\"ListItem\",\"position\":1,\"name\":\"Portada\",\"item\":\"https:\/\/marthacifuentes.com\/portada\/\"},{\"@type\":\"ListItem\",\"position\":2,\"name\":\"Veedur\u00eda reclama por servicios p\u00fablicos y legalizaci\u00f3n de La Bendici\u00f3n\"}]},{\"@type\":\"WebSite\",\"@id\":\"https:\/\/marthacifuentes.com\/portada\/#website\",\"url\":\"https:\/\/marthacifuentes.com\/portada\/\",\"name\":\"\u25b7 Noticias de Casanare : Martha Cifuentes | Casanare\",\"description\":\"Noticias &amp; Contenidos\",\"potentialAction\":[{\"@type\":\"SearchAction\",\"target\":{\"@type\":\"EntryPoint\",\"urlTemplate\":\"https:\/\/marthacifuentes.com\/portada\/?s={search_term_string}\"},\"query-input\":{\"@type\":\"PropertyValueSpecification\",\"valueRequired\":true,\"valueName\":\"search_term_string\"}}],\"inLanguage\":\"es\"},{\"@type\":\"Person\",\"@id\":\"https:\/\/marthacifuentes.com\/portada\/#\/schema\/person\/57f53174b991db5f90ff78d58502b714\",\"name\":\"Martha Cifuentes\",\"image\":{\"@type\":\"ImageObject\",\"inLanguage\":\"es\",\"@id\":\"https:\/\/marthacifuentes.com\/portada\/#\/schema\/person\/image\/\",\"url\":\"http:\/\/marthacifuentes.com\/portada\/wp-content\/uploads\/2018\/06\/avatar_user_2_1528838701-96x96.jpg\",\"contentUrl\":\"http:\/\/marthacifuentes.com\/portada\/wp-content\/uploads\/2018\/06\/avatar_user_2_1528838701-96x96.jpg\",\"caption\":\"Martha Cifuentes\"},\"sameAs\":[\"http:\/\/www.marthacifuentes.com\"],\"url\":\"https:\/\/marthacifuentes.com\/portada\/author\/martha\/\"}]}<\/script>\n<!-- \/ Yoast SEO plugin. -->","yoast_head_json":{"title":"Veedur\u00eda reclama por servicios p\u00fablicos y legalizaci\u00f3n de La Bendici\u00f3n - \u25b7 Noticias de Casanare : Martha Cifuentes | Casanare","robots":{"index":"index","follow":"follow","max-snippet":"max-snippet:-1","max-image-preview":"max-image-preview:large","max-video-preview":"max-video-preview:-1"},"canonical":"https:\/\/marthacifuentes.com\/portada\/veeduria-reclama-por-servicios-publicos-y-legalizacion-de-la-bendicion\/","og_locale":"es_ES","og_type":"article","og_title":"Veedur\u00eda reclama por servicios p\u00fablicos y legalizaci\u00f3n de La Bendici\u00f3n - \u25b7 Noticias de Casanare : Martha Cifuentes | Casanare","og_description":"Una de las veedur\u00edas conformadas por compradores de lotes en el asentamiento humano La Bendici\u00f3n urge agilidad en proceso de legalizaci\u00f3n y el suministro de servicios p\u00fablicos. Considera que la figura de la enajenaci\u00f3n temprana \u00a0no resuelve la titularidad del predio, contrario a la propuesta del gobierno municipal y el Ministerio de Vivienda. C\u00e9sar Guevara, &hellip;","og_url":"https:\/\/marthacifuentes.com\/portada\/veeduria-reclama-por-servicios-publicos-y-legalizacion-de-la-bendicion\/","og_site_name":"\u25b7 Noticias de Casanare : Martha Cifuentes | Casanare","article_published_time":"2019-06-24T16:55:13+00:00","article_modified_time":"2019-06-24T16:58:58+00:00","og_image":[{"width":1280,"height":720,"url":"https:\/\/marthacifuentes.com\/portada\/wp-content\/uploads\/2019\/06\/LA-BENDICION-1.jpg","type":"image\/jpeg"}],"author":"Martha Cifuentes","twitter_card":"summary_large_image","twitter_misc":{"Escrito por":"Martha Cifuentes","Tiempo de lectura":"4 minutos"},"schema":{"@context":"https:\/\/schema.org","@graph":[{"@type":"WebPage","@id":"https:\/\/marthacifuentes.com\/portada\/veeduria-reclama-por-servicios-publicos-y-legalizacion-de-la-bendicion\/","url":"https:\/\/marthacifuentes.com\/portada\/veeduria-reclama-por-servicios-publicos-y-legalizacion-de-la-bendicion\/","name":"Veedur\u00eda reclama por servicios p\u00fablicos y legalizaci\u00f3n de La Bendici\u00f3n - \u25b7 Noticias de Casanare : Martha Cifuentes | Casanare","isPartOf":{"@id":"https:\/\/marthacifuentes.com\/portada\/#website"},"primaryImageOfPage":{"@id":"https:\/\/marthacifuentes.com\/portada\/veeduria-reclama-por-servicios-publicos-y-legalizacion-de-la-bendicion\/#primaryimage"},"image":{"@id":"https:\/\/marthacifuentes.com\/portada\/veeduria-reclama-por-servicios-publicos-y-legalizacion-de-la-bendicion\/#primaryimage"},"thumbnailUrl":"https:\/\/marthacifuentes.com\/portada\/wp-content\/uploads\/2019\/06\/LA-BENDICION-1.jpg","datePublished":"2019-06-24T16:55:13+00:00","dateModified":"2019-06-24T16:58:58+00:00","author":{"@id":"https:\/\/marthacifuentes.com\/portada\/#\/schema\/person\/57f53174b991db5f90ff78d58502b714"},"breadcrumb":{"@id":"https:\/\/marthacifuentes.com\/portada\/veeduria-reclama-por-servicios-publicos-y-legalizacion-de-la-bendicion\/#breadcrumb"},"inLanguage":"es","potentialAction":[{"@type":"ReadAction","target":["https:\/\/marthacifuentes.com\/portada\/veeduria-reclama-por-servicios-publicos-y-legalizacion-de-la-bendicion\/"]}]},{"@type":"ImageObject","inLanguage":"es","@id":"https:\/\/marthacifuentes.com\/portada\/veeduria-reclama-por-servicios-publicos-y-legalizacion-de-la-bendicion\/#primaryimage","url":"https:\/\/marthacifuentes.com\/portada\/wp-content\/uploads\/2019\/06\/LA-BENDICION-1.jpg","contentUrl":"https:\/\/marthacifuentes.com\/portada\/wp-content\/uploads\/2019\/06\/LA-BENDICION-1.jpg","width":1280,"height":720},{"@type":"BreadcrumbList","@id":"https:\/\/marthacifuentes.com\/portada\/veeduria-reclama-por-servicios-publicos-y-legalizacion-de-la-bendicion\/#breadcrumb","itemListElement":[{"@type":"ListItem","position":1,"name":"Portada","item":"https:\/\/marthacifuentes.com\/portada\/"},{"@type":"ListItem","position":2,"name":"Veedur\u00eda reclama por servicios p\u00fablicos y legalizaci\u00f3n de La Bendici\u00f3n"}]},{"@type":"WebSite","@id":"https:\/\/marthacifuentes.com\/portada\/#website","url":"https:\/\/marthacifuentes.com\/portada\/","name":"\u25b7 Noticias de Casanare : Martha Cifuentes | Casanare","description":"Noticias &amp; Contenidos","potentialAction":[{"@type":"SearchAction","target":{"@type":"EntryPoint","urlTemplate":"https:\/\/marthacifuentes.com\/portada\/?s={search_term_string}"},"query-input":{"@type":"PropertyValueSpecification","valueRequired":true,"valueName":"search_term_string"}}],"inLanguage":"es"},{"@type":"Person","@id":"https:\/\/marthacifuentes.com\/portada\/#\/schema\/person\/57f53174b991db5f90ff78d58502b714","name":"Martha Cifuentes","image":{"@type":"ImageObject","inLanguage":"es","@id":"https:\/\/marthacifuentes.com\/portada\/#\/schema\/person\/image\/","url":"http:\/\/marthacifuentes.com\/portada\/wp-content\/uploads\/2018\/06\/avatar_user_2_1528838701-96x96.jpg","contentUrl":"http:\/\/marthacifuentes.com\/portada\/wp-content\/uploads\/2018\/06\/avatar_user_2_1528838701-96x96.jpg","caption":"Martha Cifuentes"},"sameAs":["http:\/\/www.marthacifuentes.com"],"url":"https:\/\/marthacifuentes.com\/portada\/author\/martha\/"}]}},"_links":{"self":[{"href":"https:\/\/marthacifuentes.com\/portada\/wp-json\/wp\/v2\/posts\/21129","targetHints":{"allow":["GET"]}}],"collection":[{"href":"https:\/\/marthacifuentes.com\/portada\/wp-json\/wp\/v2\/posts"}],"about":[{"href":"https:\/\/marthacifuentes.com\/portada\/wp-json\/wp\/v2\/types\/post"}],"author":[{"embeddable":true,"href":"https:\/\/marthacifuentes.com\/portada\/wp-json\/wp\/v2\/users\/2"}],"replies":[{"embeddable":true,"href":"https:\/\/marthacifuentes.com\/portada\/wp-json\/wp\/v2\/comments?post=21129"}],"version-history":[{"count":0,"href":"https:\/\/marthacifuentes.com\/portada\/wp-json\/wp\/v2\/posts\/21129\/revisions"}],"wp:featuredmedia":[{"embeddable":true,"href":"https:\/\/marthacifuentes.com\/portada\/wp-json\/wp\/v2\/media\/21131"}],"wp:attachment":[{"href":"https:\/\/marthacifuentes.com\/portada\/wp-json\/wp\/v2\/media?parent=21129"}],"wp:term":[{"taxonomy":"category","embeddable":true,"href":"https:\/\/marthacifuentes.com\/portada\/wp-json\/wp\/v2\/categories?post=21129"},{"taxonomy":"post_tag","embeddable":true,"href":"https:\/\/marthacifuentes.com\/portada\/wp-json\/wp\/v2\/tags?post=21129"}],"curies":[{"name":"wp","href":"https:\/\/api.w.org\/{rel}","templated":true}]}}