{"id":21156,"date":"2019-06-27T11:18:38","date_gmt":"2019-06-27T16:18:38","guid":{"rendered":"https:\/\/marthacifuentes.com\/portada\/?p=21156"},"modified":"2019-06-27T11:18:38","modified_gmt":"2019-06-27T16:18:38","slug":"desalojados-colombianos-y-venezolanos-de-parque-la-iguana-en-yopal","status":"publish","type":"post","link":"https:\/\/marthacifuentes.com\/portada\/desalojados-colombianos-y-venezolanos-de-parque-la-iguana-en-yopal\/","title":{"rendered":"Desalojados colombianos y venezolanos de parque La Iguana en Yopal"},"content":{"rendered":"<p style=\"text-align: justify;\"><strong>Ante el inminente riesgo que representa para las familias alojadas en cambuches, en el espacio p\u00fablico de El Pajonal del parque La Iguana en cercan\u00edas del r\u00edo Cravo Sur la polic\u00eda nacional en coordinaci\u00f3n con la Secretar\u00eda de Gobierno, desalojaron el sitio. Hab\u00eda colombianos y venezolanos compartiendo el sitio. <\/strong><\/p>\n<p style=\"text-align: justify;\">En el operativo, que tuvo el acompa\u00f1amiento de la Personer\u00eda de Yopal y Migraci\u00f3n Colombia, se logr\u00f3 la incautaci\u00f3n de varias dosis de alucin\u00f3genos y de armas blancas, as\u00ed como la captura de una persona por este hecho, que fue dejada a disposici\u00f3n de la autoridad competente.<\/p>\n<p style=\"text-align: justify;\">El secretario de Gobierno, Eliver Moreno Pacheco, manifest\u00f3 que \u201cYa se ha hecho el requerimiento y el llamado a no ocupar esta zona, pero ellos insisten en no acatar las \u00f3rdenes y sugerencias que se hicieron en su momento. El procedimiento se realiza dando cumplimiento a la acci\u00f3n popular 2018-234. La Administraci\u00f3n Municipal viene trabajando en una mesa paralela con otras entidades para buscar soluciones al fen\u00f3meno migratorio, en aras de brindar ayudas a esta poblaci\u00f3n.\u201d<\/p>\n<p style=\"text-align: justify;\">Record\u00f3 el titular de la cartera de Gobierno que el a\u00f1o anterior se llevaron a cabo cinco intervenciones con el mismo prop\u00f3sito: \u201cesto ya se convirti\u00f3 en una actividad regular, sistem\u00e1tica, precisamente porque siempre los consumidores o expendedores y poblaci\u00f3n migrante han utilizado este sector como refugio, incluso para actividades por fuera de la legalidad\u201d.<\/p>\n<p style=\"text-align: justify;\">Las autoridades realizaron el ingreso al parque La Iguana desde la carrera 29 hacia el sector del Estadero del R\u00edo, para adelantar actividades de registro y verificaci\u00f3n en las viviendas construidas en el sector, donde se ubican colombianos y venezolanos.<\/p>\n<p style=\"text-align: justify;\">Las actividades de registro y control se seguir\u00e1n realizando de manera continua en varios sectores del municipio, para contrarrestar hechos delictivos, que alteren el orden p\u00fablico y tranquilidad de los yopale\u00f1os.<\/p>\n<p>&nbsp;<\/p>\n<p>&nbsp;<\/p>\n<p>&nbsp;<\/p>\n<p>&nbsp;<\/p>\n","protected":false},"excerpt":{"rendered":"<p>Ante el inminente riesgo que representa para las familias alojadas en cambuches, en el espacio p\u00fablico de El Pajonal del parque La Iguana en cercan\u00edas del r\u00edo Cravo Sur la polic\u00eda nacional en coordinaci\u00f3n con la Secretar\u00eda de Gobierno, desalojaron el sitio. Hab\u00eda colombianos y venezolanos compartiendo el sitio. En el operativo, que tuvo el &hellip;<\/p>\n","protected":false},"author":2,"featured_media":21157,"comment_status":"open","ping_status":"open","sticky":false,"template":"","format":"standard","meta":{"om_disable_all_campaigns":false,"_exactmetrics_skip_tracking":false,"_exactmetrics_sitenote_active":false,"_exactmetrics_sitenote_note":"","_exactmetrics_sitenote_category":0,"_monsterinsights_skip_tracking":false,"_monsterinsights_sitenote_active":false,"_monsterinsights_sitenote_note":"","_monsterinsights_sitenote_category":0,"_uf_show_specific_survey":0,"_uf_disable_surveys":false,"_joinchat":[],"footnotes":""},"categories":[147,146,145],"tags":[2783,2781,1372,1374,2780,2782],"class_list":["post-21156","post","type-post","status-publish","format-standard","has-post-thumbnail","hentry","category-actualidad","category-noticias","category-reportajes","tag-alcaldia-de-yopal-y-policia-desalojan-parque-la-iguana-de-yopal","tag-el-pajonal-parque-la-iguana-de-yopal-desalojado","tag-noticias-de-casanare","tag-noticias-de-yopal","tag-parque-la-iguana-en-yopal-desalojado","tag-rio-cravo-sur-riesgoso-para-familias-alojadas-en-sus-orillas"],"yoast_head":"<!-- This site is optimized with the Yoast SEO plugin v26.1 - https:\/\/yoast.com\/wordpress\/plugins\/seo\/ -->\n<title>Desalojados colombianos y venezolanos de parque La Iguana en Yopal - \u25b7 Noticias de Casanare : Martha Cifuentes | Casanare<\/title>\n<meta name=\"robots\" content=\"index, follow, max-snippet:-1, max-image-preview:large, max-video-preview:-1\" \/>\n<link rel=\"canonical\" href=\"https:\/\/marthacifuentes.com\/portada\/desalojados-colombianos-y-venezolanos-de-parque-la-iguana-en-yopal\/\" \/>\n<meta property=\"og:locale\" content=\"es_ES\" \/>\n<meta property=\"og:type\" content=\"article\" \/>\n<meta property=\"og:title\" content=\"Desalojados colombianos y venezolanos de parque La Iguana en Yopal - \u25b7 Noticias de Casanare : Martha Cifuentes | Casanare\" \/>\n<meta property=\"og:description\" content=\"Ante el inminente riesgo que representa para las familias alojadas en cambuches, en el espacio p\u00fablico de El Pajonal del parque La Iguana en cercan\u00edas del r\u00edo Cravo Sur la polic\u00eda nacional en coordinaci\u00f3n con la Secretar\u00eda de Gobierno, desalojaron el sitio. Hab\u00eda colombianos y venezolanos compartiendo el sitio. En el operativo, que tuvo el &hellip;\" \/>\n<meta property=\"og:url\" content=\"https:\/\/marthacifuentes.com\/portada\/desalojados-colombianos-y-venezolanos-de-parque-la-iguana-en-yopal\/\" \/>\n<meta property=\"og:site_name\" content=\"\u25b7 Noticias de Casanare : Martha Cifuentes | Casanare\" \/>\n<meta property=\"article:published_time\" content=\"2019-06-27T16:18:38+00:00\" \/>\n<meta property=\"og:image\" content=\"https:\/\/marthacifuentes.com\/portada\/wp-content\/uploads\/2019\/06\/OPERATIVO-LA-IGUANA-2.jpg\" \/>\n\t<meta property=\"og:image:width\" content=\"1280\" \/>\n\t<meta property=\"og:image:height\" content=\"855\" \/>\n\t<meta property=\"og:image:type\" content=\"image\/jpeg\" \/>\n<meta name=\"author\" content=\"Martha Cifuentes\" \/>\n<meta name=\"twitter:card\" content=\"summary_large_image\" \/>\n<meta name=\"twitter:label1\" content=\"Escrito por\" \/>\n\t<meta name=\"twitter:data1\" content=\"Martha Cifuentes\" \/>\n\t<meta name=\"twitter:label2\" content=\"Tiempo de lectura\" \/>\n\t<meta name=\"twitter:data2\" content=\"2 minutos\" \/>\n<script type=\"application\/ld+json\" class=\"yoast-schema-graph\">{\"@context\":\"https:\/\/schema.org\",\"@graph\":[{\"@type\":\"WebPage\",\"@id\":\"https:\/\/marthacifuentes.com\/portada\/desalojados-colombianos-y-venezolanos-de-parque-la-iguana-en-yopal\/\",\"url\":\"https:\/\/marthacifuentes.com\/portada\/desalojados-colombianos-y-venezolanos-de-parque-la-iguana-en-yopal\/\",\"name\":\"Desalojados colombianos y venezolanos de parque La Iguana en Yopal - \u25b7 Noticias de Casanare : Martha Cifuentes | Casanare\",\"isPartOf\":{\"@id\":\"https:\/\/marthacifuentes.com\/portada\/#website\"},\"primaryImageOfPage\":{\"@id\":\"https:\/\/marthacifuentes.com\/portada\/desalojados-colombianos-y-venezolanos-de-parque-la-iguana-en-yopal\/#primaryimage\"},\"image\":{\"@id\":\"https:\/\/marthacifuentes.com\/portada\/desalojados-colombianos-y-venezolanos-de-parque-la-iguana-en-yopal\/#primaryimage\"},\"thumbnailUrl\":\"https:\/\/marthacifuentes.com\/portada\/wp-content\/uploads\/2019\/06\/OPERATIVO-LA-IGUANA-2.jpg\",\"datePublished\":\"2019-06-27T16:18:38+00:00\",\"author\":{\"@id\":\"https:\/\/marthacifuentes.com\/portada\/#\/schema\/person\/57f53174b991db5f90ff78d58502b714\"},\"breadcrumb\":{\"@id\":\"https:\/\/marthacifuentes.com\/portada\/desalojados-colombianos-y-venezolanos-de-parque-la-iguana-en-yopal\/#breadcrumb\"},\"inLanguage\":\"es\",\"potentialAction\":[{\"@type\":\"ReadAction\",\"target\":[\"https:\/\/marthacifuentes.com\/portada\/desalojados-colombianos-y-venezolanos-de-parque-la-iguana-en-yopal\/\"]}]},{\"@type\":\"ImageObject\",\"inLanguage\":\"es\",\"@id\":\"https:\/\/marthacifuentes.com\/portada\/desalojados-colombianos-y-venezolanos-de-parque-la-iguana-en-yopal\/#primaryimage\",\"url\":\"https:\/\/marthacifuentes.com\/portada\/wp-content\/uploads\/2019\/06\/OPERATIVO-LA-IGUANA-2.jpg\",\"contentUrl\":\"https:\/\/marthacifuentes.com\/portada\/wp-content\/uploads\/2019\/06\/OPERATIVO-LA-IGUANA-2.jpg\",\"width\":1280,\"height\":855},{\"@type\":\"BreadcrumbList\",\"@id\":\"https:\/\/marthacifuentes.com\/portada\/desalojados-colombianos-y-venezolanos-de-parque-la-iguana-en-yopal\/#breadcrumb\",\"itemListElement\":[{\"@type\":\"ListItem\",\"position\":1,\"name\":\"Portada\",\"item\":\"https:\/\/marthacifuentes.com\/portada\/\"},{\"@type\":\"ListItem\",\"position\":2,\"name\":\"Desalojados colombianos y venezolanos de parque La Iguana en Yopal\"}]},{\"@type\":\"WebSite\",\"@id\":\"https:\/\/marthacifuentes.com\/portada\/#website\",\"url\":\"https:\/\/marthacifuentes.com\/portada\/\",\"name\":\"\u25b7 Noticias de Casanare : Martha Cifuentes | Casanare\",\"description\":\"Noticias &amp; Contenidos\",\"potentialAction\":[{\"@type\":\"SearchAction\",\"target\":{\"@type\":\"EntryPoint\",\"urlTemplate\":\"https:\/\/marthacifuentes.com\/portada\/?s={search_term_string}\"},\"query-input\":{\"@type\":\"PropertyValueSpecification\",\"valueRequired\":true,\"valueName\":\"search_term_string\"}}],\"inLanguage\":\"es\"},{\"@type\":\"Person\",\"@id\":\"https:\/\/marthacifuentes.com\/portada\/#\/schema\/person\/57f53174b991db5f90ff78d58502b714\",\"name\":\"Martha Cifuentes\",\"image\":{\"@type\":\"ImageObject\",\"inLanguage\":\"es\",\"@id\":\"https:\/\/marthacifuentes.com\/portada\/#\/schema\/person\/image\/\",\"url\":\"http:\/\/marthacifuentes.com\/portada\/wp-content\/uploads\/2018\/06\/avatar_user_2_1528838701-96x96.jpg\",\"contentUrl\":\"http:\/\/marthacifuentes.com\/portada\/wp-content\/uploads\/2018\/06\/avatar_user_2_1528838701-96x96.jpg\",\"caption\":\"Martha Cifuentes\"},\"sameAs\":[\"http:\/\/www.marthacifuentes.com\"],\"url\":\"https:\/\/marthacifuentes.com\/portada\/author\/martha\/\"}]}<\/script>\n<!-- \/ Yoast SEO plugin. -->","yoast_head_json":{"title":"Desalojados colombianos y venezolanos de parque La Iguana en Yopal - \u25b7 Noticias de Casanare : Martha Cifuentes | Casanare","robots":{"index":"index","follow":"follow","max-snippet":"max-snippet:-1","max-image-preview":"max-image-preview:large","max-video-preview":"max-video-preview:-1"},"canonical":"https:\/\/marthacifuentes.com\/portada\/desalojados-colombianos-y-venezolanos-de-parque-la-iguana-en-yopal\/","og_locale":"es_ES","og_type":"article","og_title":"Desalojados colombianos y venezolanos de parque La Iguana en Yopal - \u25b7 Noticias de Casanare : Martha Cifuentes | Casanare","og_description":"Ante el inminente riesgo que representa para las familias alojadas en cambuches, en el espacio p\u00fablico de El Pajonal del parque La Iguana en cercan\u00edas del r\u00edo Cravo Sur la polic\u00eda nacional en coordinaci\u00f3n con la Secretar\u00eda de Gobierno, desalojaron el sitio. Hab\u00eda colombianos y venezolanos compartiendo el sitio. En el operativo, que tuvo el &hellip;","og_url":"https:\/\/marthacifuentes.com\/portada\/desalojados-colombianos-y-venezolanos-de-parque-la-iguana-en-yopal\/","og_site_name":"\u25b7 Noticias de Casanare : Martha Cifuentes | Casanare","article_published_time":"2019-06-27T16:18:38+00:00","og_image":[{"width":1280,"height":855,"url":"https:\/\/marthacifuentes.com\/portada\/wp-content\/uploads\/2019\/06\/OPERATIVO-LA-IGUANA-2.jpg","type":"image\/jpeg"}],"author":"Martha Cifuentes","twitter_card":"summary_large_image","twitter_misc":{"Escrito por":"Martha Cifuentes","Tiempo de lectura":"2 minutos"},"schema":{"@context":"https:\/\/schema.org","@graph":[{"@type":"WebPage","@id":"https:\/\/marthacifuentes.com\/portada\/desalojados-colombianos-y-venezolanos-de-parque-la-iguana-en-yopal\/","url":"https:\/\/marthacifuentes.com\/portada\/desalojados-colombianos-y-venezolanos-de-parque-la-iguana-en-yopal\/","name":"Desalojados colombianos y venezolanos de parque La Iguana en Yopal - \u25b7 Noticias de Casanare : Martha Cifuentes | Casanare","isPartOf":{"@id":"https:\/\/marthacifuentes.com\/portada\/#website"},"primaryImageOfPage":{"@id":"https:\/\/marthacifuentes.com\/portada\/desalojados-colombianos-y-venezolanos-de-parque-la-iguana-en-yopal\/#primaryimage"},"image":{"@id":"https:\/\/marthacifuentes.com\/portada\/desalojados-colombianos-y-venezolanos-de-parque-la-iguana-en-yopal\/#primaryimage"},"thumbnailUrl":"https:\/\/marthacifuentes.com\/portada\/wp-content\/uploads\/2019\/06\/OPERATIVO-LA-IGUANA-2.jpg","datePublished":"2019-06-27T16:18:38+00:00","author":{"@id":"https:\/\/marthacifuentes.com\/portada\/#\/schema\/person\/57f53174b991db5f90ff78d58502b714"},"breadcrumb":{"@id":"https:\/\/marthacifuentes.com\/portada\/desalojados-colombianos-y-venezolanos-de-parque-la-iguana-en-yopal\/#breadcrumb"},"inLanguage":"es","potentialAction":[{"@type":"ReadAction","target":["https:\/\/marthacifuentes.com\/portada\/desalojados-colombianos-y-venezolanos-de-parque-la-iguana-en-yopal\/"]}]},{"@type":"ImageObject","inLanguage":"es","@id":"https:\/\/marthacifuentes.com\/portada\/desalojados-colombianos-y-venezolanos-de-parque-la-iguana-en-yopal\/#primaryimage","url":"https:\/\/marthacifuentes.com\/portada\/wp-content\/uploads\/2019\/06\/OPERATIVO-LA-IGUANA-2.jpg","contentUrl":"https:\/\/marthacifuentes.com\/portada\/wp-content\/uploads\/2019\/06\/OPERATIVO-LA-IGUANA-2.jpg","width":1280,"height":855},{"@type":"BreadcrumbList","@id":"https:\/\/marthacifuentes.com\/portada\/desalojados-colombianos-y-venezolanos-de-parque-la-iguana-en-yopal\/#breadcrumb","itemListElement":[{"@type":"ListItem","position":1,"name":"Portada","item":"https:\/\/marthacifuentes.com\/portada\/"},{"@type":"ListItem","position":2,"name":"Desalojados colombianos y venezolanos de parque La Iguana en Yopal"}]},{"@type":"WebSite","@id":"https:\/\/marthacifuentes.com\/portada\/#website","url":"https:\/\/marthacifuentes.com\/portada\/","name":"\u25b7 Noticias de Casanare : Martha Cifuentes | Casanare","description":"Noticias &amp; Contenidos","potentialAction":[{"@type":"SearchAction","target":{"@type":"EntryPoint","urlTemplate":"https:\/\/marthacifuentes.com\/portada\/?s={search_term_string}"},"query-input":{"@type":"PropertyValueSpecification","valueRequired":true,"valueName":"search_term_string"}}],"inLanguage":"es"},{"@type":"Person","@id":"https:\/\/marthacifuentes.com\/portada\/#\/schema\/person\/57f53174b991db5f90ff78d58502b714","name":"Martha Cifuentes","image":{"@type":"ImageObject","inLanguage":"es","@id":"https:\/\/marthacifuentes.com\/portada\/#\/schema\/person\/image\/","url":"http:\/\/marthacifuentes.com\/portada\/wp-content\/uploads\/2018\/06\/avatar_user_2_1528838701-96x96.jpg","contentUrl":"http:\/\/marthacifuentes.com\/portada\/wp-content\/uploads\/2018\/06\/avatar_user_2_1528838701-96x96.jpg","caption":"Martha Cifuentes"},"sameAs":["http:\/\/www.marthacifuentes.com"],"url":"https:\/\/marthacifuentes.com\/portada\/author\/martha\/"}]}},"_links":{"self":[{"href":"https:\/\/marthacifuentes.com\/portada\/wp-json\/wp\/v2\/posts\/21156","targetHints":{"allow":["GET"]}}],"collection":[{"href":"https:\/\/marthacifuentes.com\/portada\/wp-json\/wp\/v2\/posts"}],"about":[{"href":"https:\/\/marthacifuentes.com\/portada\/wp-json\/wp\/v2\/types\/post"}],"author":[{"embeddable":true,"href":"https:\/\/marthacifuentes.com\/portada\/wp-json\/wp\/v2\/users\/2"}],"replies":[{"embeddable":true,"href":"https:\/\/marthacifuentes.com\/portada\/wp-json\/wp\/v2\/comments?post=21156"}],"version-history":[{"count":0,"href":"https:\/\/marthacifuentes.com\/portada\/wp-json\/wp\/v2\/posts\/21156\/revisions"}],"wp:featuredmedia":[{"embeddable":true,"href":"https:\/\/marthacifuentes.com\/portada\/wp-json\/wp\/v2\/media\/21157"}],"wp:attachment":[{"href":"https:\/\/marthacifuentes.com\/portada\/wp-json\/wp\/v2\/media?parent=21156"}],"wp:term":[{"taxonomy":"category","embeddable":true,"href":"https:\/\/marthacifuentes.com\/portada\/wp-json\/wp\/v2\/categories?post=21156"},{"taxonomy":"post_tag","embeddable":true,"href":"https:\/\/marthacifuentes.com\/portada\/wp-json\/wp\/v2\/tags?post=21156"}],"curies":[{"name":"wp","href":"https:\/\/api.w.org\/{rel}","templated":true}]}}