{"id":21276,"date":"2019-07-17T07:48:19","date_gmt":"2019-07-17T12:48:19","guid":{"rendered":"https:\/\/marthacifuentes.com\/portada\/?p=21276"},"modified":"2019-07-17T07:48:19","modified_gmt":"2019-07-17T12:48:19","slug":"tiempo-para-la-cultura-musica-y-libros-en-yopal","status":"publish","type":"post","link":"https:\/\/marthacifuentes.com\/portada\/tiempo-para-la-cultura-musica-y-libros-en-yopal\/","title":{"rendered":"Tiempo para la cultura, m\u00fasica y libros en Yopal"},"content":{"rendered":"<p style=\"text-align: justify;\">La Direcci\u00f3n de Cultura Municipal de Yopal y Casa Museo Ocho de Julio, dentro de su programaci\u00f3n para esta semana, realiza \u00abMi\u00e9rcoles de Cine\u00bb. En esta oportunidad se proyectar\u00e1 el documental \u00abAlamar Skate\u00bb, del realizador yopale\u00f1o Joseph Bot\u00eda, a las 6:00 de la tarde.<\/p>\n<p style=\"text-align: justify;\">Para ma\u00f1ana jueves 18 de julio, a las 6:30 de la tarde, se realizar\u00e1 el conversatorio \u00abIntroducci\u00f3n al Mundo de las Abejas\u00bb; dirigido por Mildred Luc\u00eda Sossa Carrillo, especialista en Apicultura.<\/p>\n<p style=\"text-align: justify;\">El viernes 19 de julio, se desarrollar\u00e1n dos actividades, la primera es \u00abViernes Cultural Prefiero Yopal\u00bb, que se realizar\u00e1 en el Centro Comercial Morichal plaza a partir de las 3:00 de la tarde con diversas actividades como exposici\u00f3n de artes pl\u00e1sticas \u00abRetrospectiva Asociaci\u00f3n Plenilunio\u00bb, Maleta Viajera \u201cLa Magia de los Libros\u201d, danzas, presentaci\u00f3n del grupo ensamble de cuerdas frotadas y grupo de m\u00fasica llanera El Primer Paso Para Avanzar.<\/p>\n<p style=\"text-align: justify;\">Adem\u00e1s con artistas invitados: Pedro Palencia, Lisbeth Cede\u00f1o, Mauricio Rosales y Miguel Nicol\u00e1s Cruz.<\/p>\n<p style=\"text-align: justify;\">La segunda actividad es el \u00abRecital de M\u00fasica Electr\u00f3nica\u00bb, a cargo del especialista en el tema Carlos Talo Hurtado; quien compartir\u00e1 su experiencia musical, historia y actualidad de este g\u00e9nero musical, esta actividad est\u00e1 programada para iniciar a las 6:30 de la tarde.<\/p>\n<p style=\"text-align: justify;\">La programaci\u00f3n de la semana se cierra el s\u00e1bado 20 de Julio, a las 4:00 de la tarde, en Casa Museo, con la inauguraci\u00f3n y apertura de la exposici\u00f3n \u00abIlustraciones del Bicentenario\u00bb, donde las familias podr\u00e1n conocer un poco m\u00e1s sobre la historia de Casanare y Colombia.\u00a0Esta exposici\u00f3n, es una muestra de ilustraciones realizadas por artistas entre los a\u00f1os 1810 a 1819.<\/p>\n<p>&nbsp;<\/p>\n<p>&nbsp;<\/p>\n<p>&nbsp;<\/p>\n","protected":false},"excerpt":{"rendered":"<p>La Direcci\u00f3n de Cultura Municipal de Yopal y Casa Museo Ocho de Julio, dentro de su programaci\u00f3n para esta semana, realiza \u00abMi\u00e9rcoles de Cine\u00bb. En esta oportunidad se proyectar\u00e1 el documental \u00abAlamar Skate\u00bb, del realizador yopale\u00f1o Joseph Bot\u00eda, a las 6:00 de la tarde. Para ma\u00f1ana jueves 18 de julio, a las 6:30 de la &hellip;<\/p>\n","protected":false},"author":2,"featured_media":21277,"comment_status":"open","ping_status":"open","sticky":false,"template":"","format":"standard","meta":{"om_disable_all_campaigns":false,"_exactmetrics_skip_tracking":false,"_exactmetrics_sitenote_active":false,"_exactmetrics_sitenote_note":"","_exactmetrics_sitenote_category":0,"_monsterinsights_skip_tracking":false,"_monsterinsights_sitenote_active":false,"_monsterinsights_sitenote_note":"","_monsterinsights_sitenote_category":0,"_uf_show_specific_survey":0,"_uf_disable_surveys":false,"_joinchat":[],"footnotes":""},"categories":[147,146,145],"tags":[2898,2900,2899,2896,1374,2897],"class_list":["post-21276","post","type-post","status-publish","format-standard","has-post-thumbnail","hentry","category-actualidad","category-noticias","category-reportajes","tag-actividades-culturales-y-musicales-en-yopal","tag-casa-20-de-julio-en-yopal","tag-cine-en-yopal","tag-cultura-en-yopal","tag-noticias-de-yopal","tag-semana-cultural-en-yopal"],"yoast_head":"<!-- This site is optimized with the Yoast SEO plugin v26.1 - https:\/\/yoast.com\/wordpress\/plugins\/seo\/ -->\n<title>Tiempo para la cultura, m\u00fasica y libros en Yopal - \u25b7 Noticias de Casanare : Martha Cifuentes | Casanare<\/title>\n<meta name=\"robots\" content=\"index, follow, max-snippet:-1, max-image-preview:large, max-video-preview:-1\" \/>\n<link rel=\"canonical\" href=\"https:\/\/marthacifuentes.com\/portada\/tiempo-para-la-cultura-musica-y-libros-en-yopal\/\" \/>\n<meta property=\"og:locale\" content=\"es_ES\" \/>\n<meta property=\"og:type\" content=\"article\" \/>\n<meta property=\"og:title\" content=\"Tiempo para la cultura, m\u00fasica y libros en Yopal - \u25b7 Noticias de Casanare : Martha Cifuentes | Casanare\" \/>\n<meta property=\"og:description\" content=\"La Direcci\u00f3n de Cultura Municipal de Yopal y Casa Museo Ocho de Julio, dentro de su programaci\u00f3n para esta semana, realiza \u00abMi\u00e9rcoles de Cine\u00bb. En esta oportunidad se proyectar\u00e1 el documental \u00abAlamar Skate\u00bb, del realizador yopale\u00f1o Joseph Bot\u00eda, a las 6:00 de la tarde. Para ma\u00f1ana jueves 18 de julio, a las 6:30 de la &hellip;\" \/>\n<meta property=\"og:url\" content=\"https:\/\/marthacifuentes.com\/portada\/tiempo-para-la-cultura-musica-y-libros-en-yopal\/\" \/>\n<meta property=\"og:site_name\" content=\"\u25b7 Noticias de Casanare : Martha Cifuentes | Casanare\" \/>\n<meta property=\"article:published_time\" content=\"2019-07-17T12:48:19+00:00\" \/>\n<meta property=\"og:image\" content=\"https:\/\/marthacifuentes.com\/portada\/wp-content\/uploads\/2019\/07\/cultura-yopal.jpg\" \/>\n\t<meta property=\"og:image:width\" content=\"1080\" \/>\n\t<meta property=\"og:image:height\" content=\"607\" \/>\n\t<meta property=\"og:image:type\" content=\"image\/jpeg\" \/>\n<meta name=\"author\" content=\"Martha Cifuentes\" \/>\n<meta name=\"twitter:card\" content=\"summary_large_image\" \/>\n<meta name=\"twitter:label1\" content=\"Escrito por\" \/>\n\t<meta name=\"twitter:data1\" content=\"Martha Cifuentes\" \/>\n\t<meta name=\"twitter:label2\" content=\"Tiempo de lectura\" \/>\n\t<meta name=\"twitter:data2\" content=\"1 minuto\" \/>\n<script type=\"application\/ld+json\" class=\"yoast-schema-graph\">{\"@context\":\"https:\/\/schema.org\",\"@graph\":[{\"@type\":\"WebPage\",\"@id\":\"https:\/\/marthacifuentes.com\/portada\/tiempo-para-la-cultura-musica-y-libros-en-yopal\/\",\"url\":\"https:\/\/marthacifuentes.com\/portada\/tiempo-para-la-cultura-musica-y-libros-en-yopal\/\",\"name\":\"Tiempo para la cultura, m\u00fasica y libros en Yopal - \u25b7 Noticias de Casanare : Martha Cifuentes | Casanare\",\"isPartOf\":{\"@id\":\"https:\/\/marthacifuentes.com\/portada\/#website\"},\"primaryImageOfPage\":{\"@id\":\"https:\/\/marthacifuentes.com\/portada\/tiempo-para-la-cultura-musica-y-libros-en-yopal\/#primaryimage\"},\"image\":{\"@id\":\"https:\/\/marthacifuentes.com\/portada\/tiempo-para-la-cultura-musica-y-libros-en-yopal\/#primaryimage\"},\"thumbnailUrl\":\"https:\/\/marthacifuentes.com\/portada\/wp-content\/uploads\/2019\/07\/cultura-yopal.jpg\",\"datePublished\":\"2019-07-17T12:48:19+00:00\",\"author\":{\"@id\":\"https:\/\/marthacifuentes.com\/portada\/#\/schema\/person\/57f53174b991db5f90ff78d58502b714\"},\"breadcrumb\":{\"@id\":\"https:\/\/marthacifuentes.com\/portada\/tiempo-para-la-cultura-musica-y-libros-en-yopal\/#breadcrumb\"},\"inLanguage\":\"es\",\"potentialAction\":[{\"@type\":\"ReadAction\",\"target\":[\"https:\/\/marthacifuentes.com\/portada\/tiempo-para-la-cultura-musica-y-libros-en-yopal\/\"]}]},{\"@type\":\"ImageObject\",\"inLanguage\":\"es\",\"@id\":\"https:\/\/marthacifuentes.com\/portada\/tiempo-para-la-cultura-musica-y-libros-en-yopal\/#primaryimage\",\"url\":\"https:\/\/marthacifuentes.com\/portada\/wp-content\/uploads\/2019\/07\/cultura-yopal.jpg\",\"contentUrl\":\"https:\/\/marthacifuentes.com\/portada\/wp-content\/uploads\/2019\/07\/cultura-yopal.jpg\",\"width\":1080,\"height\":607},{\"@type\":\"BreadcrumbList\",\"@id\":\"https:\/\/marthacifuentes.com\/portada\/tiempo-para-la-cultura-musica-y-libros-en-yopal\/#breadcrumb\",\"itemListElement\":[{\"@type\":\"ListItem\",\"position\":1,\"name\":\"Portada\",\"item\":\"https:\/\/marthacifuentes.com\/portada\/\"},{\"@type\":\"ListItem\",\"position\":2,\"name\":\"Tiempo para la cultura, m\u00fasica y libros en Yopal\"}]},{\"@type\":\"WebSite\",\"@id\":\"https:\/\/marthacifuentes.com\/portada\/#website\",\"url\":\"https:\/\/marthacifuentes.com\/portada\/\",\"name\":\"\u25b7 Noticias de Casanare : Martha Cifuentes | Casanare\",\"description\":\"Noticias &amp; Contenidos\",\"potentialAction\":[{\"@type\":\"SearchAction\",\"target\":{\"@type\":\"EntryPoint\",\"urlTemplate\":\"https:\/\/marthacifuentes.com\/portada\/?s={search_term_string}\"},\"query-input\":{\"@type\":\"PropertyValueSpecification\",\"valueRequired\":true,\"valueName\":\"search_term_string\"}}],\"inLanguage\":\"es\"},{\"@type\":\"Person\",\"@id\":\"https:\/\/marthacifuentes.com\/portada\/#\/schema\/person\/57f53174b991db5f90ff78d58502b714\",\"name\":\"Martha Cifuentes\",\"image\":{\"@type\":\"ImageObject\",\"inLanguage\":\"es\",\"@id\":\"https:\/\/marthacifuentes.com\/portada\/#\/schema\/person\/image\/\",\"url\":\"http:\/\/marthacifuentes.com\/portada\/wp-content\/uploads\/2018\/06\/avatar_user_2_1528838701-96x96.jpg\",\"contentUrl\":\"http:\/\/marthacifuentes.com\/portada\/wp-content\/uploads\/2018\/06\/avatar_user_2_1528838701-96x96.jpg\",\"caption\":\"Martha Cifuentes\"},\"sameAs\":[\"http:\/\/www.marthacifuentes.com\"],\"url\":\"https:\/\/marthacifuentes.com\/portada\/author\/martha\/\"}]}<\/script>\n<!-- \/ Yoast SEO plugin. -->","yoast_head_json":{"title":"Tiempo para la cultura, m\u00fasica y libros en Yopal - \u25b7 Noticias de Casanare : Martha Cifuentes | Casanare","robots":{"index":"index","follow":"follow","max-snippet":"max-snippet:-1","max-image-preview":"max-image-preview:large","max-video-preview":"max-video-preview:-1"},"canonical":"https:\/\/marthacifuentes.com\/portada\/tiempo-para-la-cultura-musica-y-libros-en-yopal\/","og_locale":"es_ES","og_type":"article","og_title":"Tiempo para la cultura, m\u00fasica y libros en Yopal - \u25b7 Noticias de Casanare : Martha Cifuentes | Casanare","og_description":"La Direcci\u00f3n de Cultura Municipal de Yopal y Casa Museo Ocho de Julio, dentro de su programaci\u00f3n para esta semana, realiza \u00abMi\u00e9rcoles de Cine\u00bb. En esta oportunidad se proyectar\u00e1 el documental \u00abAlamar Skate\u00bb, del realizador yopale\u00f1o Joseph Bot\u00eda, a las 6:00 de la tarde. Para ma\u00f1ana jueves 18 de julio, a las 6:30 de la &hellip;","og_url":"https:\/\/marthacifuentes.com\/portada\/tiempo-para-la-cultura-musica-y-libros-en-yopal\/","og_site_name":"\u25b7 Noticias de Casanare : Martha Cifuentes | Casanare","article_published_time":"2019-07-17T12:48:19+00:00","og_image":[{"width":1080,"height":607,"url":"https:\/\/marthacifuentes.com\/portada\/wp-content\/uploads\/2019\/07\/cultura-yopal.jpg","type":"image\/jpeg"}],"author":"Martha Cifuentes","twitter_card":"summary_large_image","twitter_misc":{"Escrito por":"Martha Cifuentes","Tiempo de lectura":"1 minuto"},"schema":{"@context":"https:\/\/schema.org","@graph":[{"@type":"WebPage","@id":"https:\/\/marthacifuentes.com\/portada\/tiempo-para-la-cultura-musica-y-libros-en-yopal\/","url":"https:\/\/marthacifuentes.com\/portada\/tiempo-para-la-cultura-musica-y-libros-en-yopal\/","name":"Tiempo para la cultura, m\u00fasica y libros en Yopal - \u25b7 Noticias de Casanare : Martha Cifuentes | Casanare","isPartOf":{"@id":"https:\/\/marthacifuentes.com\/portada\/#website"},"primaryImageOfPage":{"@id":"https:\/\/marthacifuentes.com\/portada\/tiempo-para-la-cultura-musica-y-libros-en-yopal\/#primaryimage"},"image":{"@id":"https:\/\/marthacifuentes.com\/portada\/tiempo-para-la-cultura-musica-y-libros-en-yopal\/#primaryimage"},"thumbnailUrl":"https:\/\/marthacifuentes.com\/portada\/wp-content\/uploads\/2019\/07\/cultura-yopal.jpg","datePublished":"2019-07-17T12:48:19+00:00","author":{"@id":"https:\/\/marthacifuentes.com\/portada\/#\/schema\/person\/57f53174b991db5f90ff78d58502b714"},"breadcrumb":{"@id":"https:\/\/marthacifuentes.com\/portada\/tiempo-para-la-cultura-musica-y-libros-en-yopal\/#breadcrumb"},"inLanguage":"es","potentialAction":[{"@type":"ReadAction","target":["https:\/\/marthacifuentes.com\/portada\/tiempo-para-la-cultura-musica-y-libros-en-yopal\/"]}]},{"@type":"ImageObject","inLanguage":"es","@id":"https:\/\/marthacifuentes.com\/portada\/tiempo-para-la-cultura-musica-y-libros-en-yopal\/#primaryimage","url":"https:\/\/marthacifuentes.com\/portada\/wp-content\/uploads\/2019\/07\/cultura-yopal.jpg","contentUrl":"https:\/\/marthacifuentes.com\/portada\/wp-content\/uploads\/2019\/07\/cultura-yopal.jpg","width":1080,"height":607},{"@type":"BreadcrumbList","@id":"https:\/\/marthacifuentes.com\/portada\/tiempo-para-la-cultura-musica-y-libros-en-yopal\/#breadcrumb","itemListElement":[{"@type":"ListItem","position":1,"name":"Portada","item":"https:\/\/marthacifuentes.com\/portada\/"},{"@type":"ListItem","position":2,"name":"Tiempo para la cultura, m\u00fasica y libros en Yopal"}]},{"@type":"WebSite","@id":"https:\/\/marthacifuentes.com\/portada\/#website","url":"https:\/\/marthacifuentes.com\/portada\/","name":"\u25b7 Noticias de Casanare : Martha Cifuentes | Casanare","description":"Noticias &amp; Contenidos","potentialAction":[{"@type":"SearchAction","target":{"@type":"EntryPoint","urlTemplate":"https:\/\/marthacifuentes.com\/portada\/?s={search_term_string}"},"query-input":{"@type":"PropertyValueSpecification","valueRequired":true,"valueName":"search_term_string"}}],"inLanguage":"es"},{"@type":"Person","@id":"https:\/\/marthacifuentes.com\/portada\/#\/schema\/person\/57f53174b991db5f90ff78d58502b714","name":"Martha Cifuentes","image":{"@type":"ImageObject","inLanguage":"es","@id":"https:\/\/marthacifuentes.com\/portada\/#\/schema\/person\/image\/","url":"http:\/\/marthacifuentes.com\/portada\/wp-content\/uploads\/2018\/06\/avatar_user_2_1528838701-96x96.jpg","contentUrl":"http:\/\/marthacifuentes.com\/portada\/wp-content\/uploads\/2018\/06\/avatar_user_2_1528838701-96x96.jpg","caption":"Martha Cifuentes"},"sameAs":["http:\/\/www.marthacifuentes.com"],"url":"https:\/\/marthacifuentes.com\/portada\/author\/martha\/"}]}},"_links":{"self":[{"href":"https:\/\/marthacifuentes.com\/portada\/wp-json\/wp\/v2\/posts\/21276","targetHints":{"allow":["GET"]}}],"collection":[{"href":"https:\/\/marthacifuentes.com\/portada\/wp-json\/wp\/v2\/posts"}],"about":[{"href":"https:\/\/marthacifuentes.com\/portada\/wp-json\/wp\/v2\/types\/post"}],"author":[{"embeddable":true,"href":"https:\/\/marthacifuentes.com\/portada\/wp-json\/wp\/v2\/users\/2"}],"replies":[{"embeddable":true,"href":"https:\/\/marthacifuentes.com\/portada\/wp-json\/wp\/v2\/comments?post=21276"}],"version-history":[{"count":0,"href":"https:\/\/marthacifuentes.com\/portada\/wp-json\/wp\/v2\/posts\/21276\/revisions"}],"wp:featuredmedia":[{"embeddable":true,"href":"https:\/\/marthacifuentes.com\/portada\/wp-json\/wp\/v2\/media\/21277"}],"wp:attachment":[{"href":"https:\/\/marthacifuentes.com\/portada\/wp-json\/wp\/v2\/media?parent=21276"}],"wp:term":[{"taxonomy":"category","embeddable":true,"href":"https:\/\/marthacifuentes.com\/portada\/wp-json\/wp\/v2\/categories?post=21276"},{"taxonomy":"post_tag","embeddable":true,"href":"https:\/\/marthacifuentes.com\/portada\/wp-json\/wp\/v2\/tags?post=21276"}],"curies":[{"name":"wp","href":"https:\/\/api.w.org\/{rel}","templated":true}]}}