{"id":21288,"date":"2019-07-17T08:29:37","date_gmt":"2019-07-17T13:29:37","guid":{"rendered":"https:\/\/marthacifuentes.com\/portada\/?p=21288"},"modified":"2019-07-17T08:30:08","modified_gmt":"2019-07-17T13:30:08","slug":"hasta-el-5-de-agosto-pagos-en-yopal-del-programa-familias-en-accion","status":"publish","type":"post","link":"https:\/\/marthacifuentes.com\/portada\/hasta-el-5-de-agosto-pagos-en-yopal-del-programa-familias-en-accion\/","title":{"rendered":"Hasta el 5 de agosto pagos en Yopal del programa Familias en Acci\u00f3n"},"content":{"rendered":"<p style=\"text-align: justify;\"><strong>Largas filas se ven estos d\u00edas en algunos cajeros bancarios para reclamar los pagos de familias en acci\u00f3n en Yopal. Desde el lunes 16 de julio hasta el pr\u00f3ximo 5 de agosto las madres y padres titulares de este programa de incentivos en nutrici\u00f3n y educaci\u00f3n pueden retirarlos.<\/strong><\/p>\n<p style=\"text-align: justify;\">El incentivo se puede reclamar en los siguientes puntos de pago: cajeros Banco Agrario, Almacenes \u00c9xito y Multipagos Unicentro Yopal (segundo piso, enseguida de Bancolombia).<\/p>\n<p style=\"text-align: justify;\">Para retirar por ventanilla se debe presentar documento de identidad original del titular.<\/p>\n<p style=\"text-align: justify;\">Adem\u00e1s el enlace municipal, Andrea Guti\u00e9rrez Fonseca, indic\u00f3 que de ahora en adelante se seguir\u00e1n pagando los incentivos tanto de nutrici\u00f3n como de educaci\u00f3n, con un incremento en el valor, de acuerdo a la\u00a0 tabla actualizada a nivel nacional y la categor\u00eda del municipio. Esto se puede consultar en la p\u00e1gina de Facebook de M\u00e1s Familias Yopal y en la web de la Alcald\u00eda Municipal.<\/p>\n","protected":false},"excerpt":{"rendered":"<p>Largas filas se ven estos d\u00edas en algunos cajeros bancarios para reclamar los pagos de familias en acci\u00f3n en Yopal. Desde el lunes 16 de julio hasta el pr\u00f3ximo 5 de agosto las madres y padres titulares de este programa de incentivos en nutrici\u00f3n y educaci\u00f3n pueden retirarlos. El incentivo se puede reclamar en los &hellip;<\/p>\n","protected":false},"author":2,"featured_media":21289,"comment_status":"open","ping_status":"open","sticky":false,"template":"","format":"standard","meta":{"om_disable_all_campaigns":false,"_exactmetrics_skip_tracking":false,"_exactmetrics_sitenote_active":false,"_exactmetrics_sitenote_note":"","_exactmetrics_sitenote_category":0,"_monsterinsights_skip_tracking":false,"_monsterinsights_sitenote_active":false,"_monsterinsights_sitenote_note":"","_monsterinsights_sitenote_category":0,"_uf_show_specific_survey":0,"_uf_disable_surveys":false,"_joinchat":[],"footnotes":""},"categories":[147,146],"tags":[252,2911,2912],"class_list":["post-21288","post","type-post","status-publish","format-standard","has-post-thumbnail","hentry","category-actualidad","category-noticias","tag-alcaldia-de-yopal","tag-familias-en-accion-yopal","tag-pagos-de-familias-en-accion-en-yopal"],"yoast_head":"<!-- This site is optimized with the Yoast SEO plugin v26.1 - https:\/\/yoast.com\/wordpress\/plugins\/seo\/ -->\n<title>Hasta el 5 de agosto pagos en Yopal del programa Familias en Acci\u00f3n - \u25b7 Noticias de Casanare : Martha Cifuentes | Casanare<\/title>\n<meta name=\"robots\" content=\"index, follow, max-snippet:-1, max-image-preview:large, max-video-preview:-1\" \/>\n<link rel=\"canonical\" href=\"https:\/\/marthacifuentes.com\/portada\/hasta-el-5-de-agosto-pagos-en-yopal-del-programa-familias-en-accion\/\" \/>\n<meta property=\"og:locale\" content=\"es_ES\" \/>\n<meta property=\"og:type\" content=\"article\" \/>\n<meta property=\"og:title\" content=\"Hasta el 5 de agosto pagos en Yopal del programa Familias en Acci\u00f3n - \u25b7 Noticias de Casanare : Martha Cifuentes | Casanare\" \/>\n<meta property=\"og:description\" content=\"Largas filas se ven estos d\u00edas en algunos cajeros bancarios para reclamar los pagos de familias en acci\u00f3n en Yopal. Desde el lunes 16 de julio hasta el pr\u00f3ximo 5 de agosto las madres y padres titulares de este programa de incentivos en nutrici\u00f3n y educaci\u00f3n pueden retirarlos. El incentivo se puede reclamar en los &hellip;\" \/>\n<meta property=\"og:url\" content=\"https:\/\/marthacifuentes.com\/portada\/hasta-el-5-de-agosto-pagos-en-yopal-del-programa-familias-en-accion\/\" \/>\n<meta property=\"og:site_name\" content=\"\u25b7 Noticias de Casanare : Martha Cifuentes | Casanare\" \/>\n<meta property=\"article:published_time\" content=\"2019-07-17T13:29:37+00:00\" \/>\n<meta property=\"article:modified_time\" content=\"2019-07-17T13:30:08+00:00\" \/>\n<meta property=\"og:image\" content=\"https:\/\/marthacifuentes.com\/portada\/wp-content\/uploads\/2019\/07\/familias-en-accion-yopal.jpg\" \/>\n\t<meta property=\"og:image:width\" content=\"1024\" \/>\n\t<meta property=\"og:image:height\" content=\"768\" \/>\n\t<meta property=\"og:image:type\" content=\"image\/jpeg\" \/>\n<meta name=\"author\" content=\"Martha Cifuentes\" \/>\n<meta name=\"twitter:card\" content=\"summary_large_image\" \/>\n<meta name=\"twitter:label1\" content=\"Escrito por\" \/>\n\t<meta name=\"twitter:data1\" content=\"Martha Cifuentes\" \/>\n\t<meta name=\"twitter:label2\" content=\"Tiempo de lectura\" \/>\n\t<meta name=\"twitter:data2\" content=\"1 minuto\" \/>\n<script type=\"application\/ld+json\" class=\"yoast-schema-graph\">{\"@context\":\"https:\/\/schema.org\",\"@graph\":[{\"@type\":\"WebPage\",\"@id\":\"https:\/\/marthacifuentes.com\/portada\/hasta-el-5-de-agosto-pagos-en-yopal-del-programa-familias-en-accion\/\",\"url\":\"https:\/\/marthacifuentes.com\/portada\/hasta-el-5-de-agosto-pagos-en-yopal-del-programa-familias-en-accion\/\",\"name\":\"Hasta el 5 de agosto pagos en Yopal del programa Familias en Acci\u00f3n - \u25b7 Noticias de Casanare : Martha Cifuentes | Casanare\",\"isPartOf\":{\"@id\":\"https:\/\/marthacifuentes.com\/portada\/#website\"},\"primaryImageOfPage\":{\"@id\":\"https:\/\/marthacifuentes.com\/portada\/hasta-el-5-de-agosto-pagos-en-yopal-del-programa-familias-en-accion\/#primaryimage\"},\"image\":{\"@id\":\"https:\/\/marthacifuentes.com\/portada\/hasta-el-5-de-agosto-pagos-en-yopal-del-programa-familias-en-accion\/#primaryimage\"},\"thumbnailUrl\":\"https:\/\/marthacifuentes.com\/portada\/wp-content\/uploads\/2019\/07\/familias-en-accion-yopal.jpg\",\"datePublished\":\"2019-07-17T13:29:37+00:00\",\"dateModified\":\"2019-07-17T13:30:08+00:00\",\"author\":{\"@id\":\"https:\/\/marthacifuentes.com\/portada\/#\/schema\/person\/57f53174b991db5f90ff78d58502b714\"},\"breadcrumb\":{\"@id\":\"https:\/\/marthacifuentes.com\/portada\/hasta-el-5-de-agosto-pagos-en-yopal-del-programa-familias-en-accion\/#breadcrumb\"},\"inLanguage\":\"es\",\"potentialAction\":[{\"@type\":\"ReadAction\",\"target\":[\"https:\/\/marthacifuentes.com\/portada\/hasta-el-5-de-agosto-pagos-en-yopal-del-programa-familias-en-accion\/\"]}]},{\"@type\":\"ImageObject\",\"inLanguage\":\"es\",\"@id\":\"https:\/\/marthacifuentes.com\/portada\/hasta-el-5-de-agosto-pagos-en-yopal-del-programa-familias-en-accion\/#primaryimage\",\"url\":\"https:\/\/marthacifuentes.com\/portada\/wp-content\/uploads\/2019\/07\/familias-en-accion-yopal.jpg\",\"contentUrl\":\"https:\/\/marthacifuentes.com\/portada\/wp-content\/uploads\/2019\/07\/familias-en-accion-yopal.jpg\",\"width\":1024,\"height\":768},{\"@type\":\"BreadcrumbList\",\"@id\":\"https:\/\/marthacifuentes.com\/portada\/hasta-el-5-de-agosto-pagos-en-yopal-del-programa-familias-en-accion\/#breadcrumb\",\"itemListElement\":[{\"@type\":\"ListItem\",\"position\":1,\"name\":\"Portada\",\"item\":\"https:\/\/marthacifuentes.com\/portada\/\"},{\"@type\":\"ListItem\",\"position\":2,\"name\":\"Hasta el 5 de agosto pagos en Yopal del programa Familias en Acci\u00f3n\"}]},{\"@type\":\"WebSite\",\"@id\":\"https:\/\/marthacifuentes.com\/portada\/#website\",\"url\":\"https:\/\/marthacifuentes.com\/portada\/\",\"name\":\"\u25b7 Noticias de Casanare : Martha Cifuentes | Casanare\",\"description\":\"Noticias &amp; Contenidos\",\"potentialAction\":[{\"@type\":\"SearchAction\",\"target\":{\"@type\":\"EntryPoint\",\"urlTemplate\":\"https:\/\/marthacifuentes.com\/portada\/?s={search_term_string}\"},\"query-input\":{\"@type\":\"PropertyValueSpecification\",\"valueRequired\":true,\"valueName\":\"search_term_string\"}}],\"inLanguage\":\"es\"},{\"@type\":\"Person\",\"@id\":\"https:\/\/marthacifuentes.com\/portada\/#\/schema\/person\/57f53174b991db5f90ff78d58502b714\",\"name\":\"Martha Cifuentes\",\"image\":{\"@type\":\"ImageObject\",\"inLanguage\":\"es\",\"@id\":\"https:\/\/marthacifuentes.com\/portada\/#\/schema\/person\/image\/\",\"url\":\"http:\/\/marthacifuentes.com\/portada\/wp-content\/uploads\/2018\/06\/avatar_user_2_1528838701-96x96.jpg\",\"contentUrl\":\"http:\/\/marthacifuentes.com\/portada\/wp-content\/uploads\/2018\/06\/avatar_user_2_1528838701-96x96.jpg\",\"caption\":\"Martha Cifuentes\"},\"sameAs\":[\"http:\/\/www.marthacifuentes.com\"],\"url\":\"https:\/\/marthacifuentes.com\/portada\/author\/martha\/\"}]}<\/script>\n<!-- \/ Yoast SEO plugin. -->","yoast_head_json":{"title":"Hasta el 5 de agosto pagos en Yopal del programa Familias en Acci\u00f3n - \u25b7 Noticias de Casanare : Martha Cifuentes | Casanare","robots":{"index":"index","follow":"follow","max-snippet":"max-snippet:-1","max-image-preview":"max-image-preview:large","max-video-preview":"max-video-preview:-1"},"canonical":"https:\/\/marthacifuentes.com\/portada\/hasta-el-5-de-agosto-pagos-en-yopal-del-programa-familias-en-accion\/","og_locale":"es_ES","og_type":"article","og_title":"Hasta el 5 de agosto pagos en Yopal del programa Familias en Acci\u00f3n - \u25b7 Noticias de Casanare : Martha Cifuentes | Casanare","og_description":"Largas filas se ven estos d\u00edas en algunos cajeros bancarios para reclamar los pagos de familias en acci\u00f3n en Yopal. Desde el lunes 16 de julio hasta el pr\u00f3ximo 5 de agosto las madres y padres titulares de este programa de incentivos en nutrici\u00f3n y educaci\u00f3n pueden retirarlos. El incentivo se puede reclamar en los &hellip;","og_url":"https:\/\/marthacifuentes.com\/portada\/hasta-el-5-de-agosto-pagos-en-yopal-del-programa-familias-en-accion\/","og_site_name":"\u25b7 Noticias de Casanare : Martha Cifuentes | Casanare","article_published_time":"2019-07-17T13:29:37+00:00","article_modified_time":"2019-07-17T13:30:08+00:00","og_image":[{"width":1024,"height":768,"url":"https:\/\/marthacifuentes.com\/portada\/wp-content\/uploads\/2019\/07\/familias-en-accion-yopal.jpg","type":"image\/jpeg"}],"author":"Martha Cifuentes","twitter_card":"summary_large_image","twitter_misc":{"Escrito por":"Martha Cifuentes","Tiempo de lectura":"1 minuto"},"schema":{"@context":"https:\/\/schema.org","@graph":[{"@type":"WebPage","@id":"https:\/\/marthacifuentes.com\/portada\/hasta-el-5-de-agosto-pagos-en-yopal-del-programa-familias-en-accion\/","url":"https:\/\/marthacifuentes.com\/portada\/hasta-el-5-de-agosto-pagos-en-yopal-del-programa-familias-en-accion\/","name":"Hasta el 5 de agosto pagos en Yopal del programa Familias en Acci\u00f3n - \u25b7 Noticias de Casanare : Martha Cifuentes | Casanare","isPartOf":{"@id":"https:\/\/marthacifuentes.com\/portada\/#website"},"primaryImageOfPage":{"@id":"https:\/\/marthacifuentes.com\/portada\/hasta-el-5-de-agosto-pagos-en-yopal-del-programa-familias-en-accion\/#primaryimage"},"image":{"@id":"https:\/\/marthacifuentes.com\/portada\/hasta-el-5-de-agosto-pagos-en-yopal-del-programa-familias-en-accion\/#primaryimage"},"thumbnailUrl":"https:\/\/marthacifuentes.com\/portada\/wp-content\/uploads\/2019\/07\/familias-en-accion-yopal.jpg","datePublished":"2019-07-17T13:29:37+00:00","dateModified":"2019-07-17T13:30:08+00:00","author":{"@id":"https:\/\/marthacifuentes.com\/portada\/#\/schema\/person\/57f53174b991db5f90ff78d58502b714"},"breadcrumb":{"@id":"https:\/\/marthacifuentes.com\/portada\/hasta-el-5-de-agosto-pagos-en-yopal-del-programa-familias-en-accion\/#breadcrumb"},"inLanguage":"es","potentialAction":[{"@type":"ReadAction","target":["https:\/\/marthacifuentes.com\/portada\/hasta-el-5-de-agosto-pagos-en-yopal-del-programa-familias-en-accion\/"]}]},{"@type":"ImageObject","inLanguage":"es","@id":"https:\/\/marthacifuentes.com\/portada\/hasta-el-5-de-agosto-pagos-en-yopal-del-programa-familias-en-accion\/#primaryimage","url":"https:\/\/marthacifuentes.com\/portada\/wp-content\/uploads\/2019\/07\/familias-en-accion-yopal.jpg","contentUrl":"https:\/\/marthacifuentes.com\/portada\/wp-content\/uploads\/2019\/07\/familias-en-accion-yopal.jpg","width":1024,"height":768},{"@type":"BreadcrumbList","@id":"https:\/\/marthacifuentes.com\/portada\/hasta-el-5-de-agosto-pagos-en-yopal-del-programa-familias-en-accion\/#breadcrumb","itemListElement":[{"@type":"ListItem","position":1,"name":"Portada","item":"https:\/\/marthacifuentes.com\/portada\/"},{"@type":"ListItem","position":2,"name":"Hasta el 5 de agosto pagos en Yopal del programa Familias en Acci\u00f3n"}]},{"@type":"WebSite","@id":"https:\/\/marthacifuentes.com\/portada\/#website","url":"https:\/\/marthacifuentes.com\/portada\/","name":"\u25b7 Noticias de Casanare : Martha Cifuentes | Casanare","description":"Noticias &amp; Contenidos","potentialAction":[{"@type":"SearchAction","target":{"@type":"EntryPoint","urlTemplate":"https:\/\/marthacifuentes.com\/portada\/?s={search_term_string}"},"query-input":{"@type":"PropertyValueSpecification","valueRequired":true,"valueName":"search_term_string"}}],"inLanguage":"es"},{"@type":"Person","@id":"https:\/\/marthacifuentes.com\/portada\/#\/schema\/person\/57f53174b991db5f90ff78d58502b714","name":"Martha Cifuentes","image":{"@type":"ImageObject","inLanguage":"es","@id":"https:\/\/marthacifuentes.com\/portada\/#\/schema\/person\/image\/","url":"http:\/\/marthacifuentes.com\/portada\/wp-content\/uploads\/2018\/06\/avatar_user_2_1528838701-96x96.jpg","contentUrl":"http:\/\/marthacifuentes.com\/portada\/wp-content\/uploads\/2018\/06\/avatar_user_2_1528838701-96x96.jpg","caption":"Martha Cifuentes"},"sameAs":["http:\/\/www.marthacifuentes.com"],"url":"https:\/\/marthacifuentes.com\/portada\/author\/martha\/"}]}},"_links":{"self":[{"href":"https:\/\/marthacifuentes.com\/portada\/wp-json\/wp\/v2\/posts\/21288","targetHints":{"allow":["GET"]}}],"collection":[{"href":"https:\/\/marthacifuentes.com\/portada\/wp-json\/wp\/v2\/posts"}],"about":[{"href":"https:\/\/marthacifuentes.com\/portada\/wp-json\/wp\/v2\/types\/post"}],"author":[{"embeddable":true,"href":"https:\/\/marthacifuentes.com\/portada\/wp-json\/wp\/v2\/users\/2"}],"replies":[{"embeddable":true,"href":"https:\/\/marthacifuentes.com\/portada\/wp-json\/wp\/v2\/comments?post=21288"}],"version-history":[{"count":0,"href":"https:\/\/marthacifuentes.com\/portada\/wp-json\/wp\/v2\/posts\/21288\/revisions"}],"wp:featuredmedia":[{"embeddable":true,"href":"https:\/\/marthacifuentes.com\/portada\/wp-json\/wp\/v2\/media\/21289"}],"wp:attachment":[{"href":"https:\/\/marthacifuentes.com\/portada\/wp-json\/wp\/v2\/media?parent=21288"}],"wp:term":[{"taxonomy":"category","embeddable":true,"href":"https:\/\/marthacifuentes.com\/portada\/wp-json\/wp\/v2\/categories?post=21288"},{"taxonomy":"post_tag","embeddable":true,"href":"https:\/\/marthacifuentes.com\/portada\/wp-json\/wp\/v2\/tags?post=21288"}],"curies":[{"name":"wp","href":"https:\/\/api.w.org\/{rel}","templated":true}]}}