{"id":21336,"date":"2019-07-19T07:25:48","date_gmt":"2019-07-19T12:25:48","guid":{"rendered":"https:\/\/marthacifuentes.com\/portada\/?p=21336"},"modified":"2019-07-19T07:25:48","modified_gmt":"2019-07-19T12:25:48","slug":"por-firmas-y-coavalado-por-dos-partidos-marco-tulio-ruiz-afianza-campana-a-la-gobernacion-de-casanare","status":"publish","type":"post","link":"https:\/\/marthacifuentes.com\/portada\/por-firmas-y-coavalado-por-dos-partidos-marco-tulio-ruiz-afianza-campana-a-la-gobernacion-de-casanare\/","title":{"rendered":"Por firmas y coavalado por dos partidos Marco Tulio Ru\u00edz afianza campa\u00f1a a la Gobernaci\u00f3n de Casanare"},"content":{"rendered":"<p class=\"x_gmail-m979176798811511162gmail-msonospacing\" style=\"text-align: justify;\"><b>En el mismo d\u00eda al precandidato a la Gobernaci\u00f3n de Casanare Marco Tulio Ru\u00edz la Registradur\u00eda le certific\u00f3 que contaba con el n\u00famero m\u00ednimo exigido para materializar su candidatura y los partidos Liberal y Cambio Radical le dieron su aval para ser candidato oficial por esos partidos. <\/b><\/p>\n<p class=\"x_MsoNormal\" style=\"text-align: justify;\">Por el lado de la Registradur\u00eda se inform\u00f3 que le fueron avalados 75.571 apoyos de los m\u00e1s de 140 mil presentados, lo cual le permite realizar su inscripci\u00f3n por el grupo significativo de ciudadanos \u201cJuntos por Casanare\u201d.<\/p>\n<p class=\"x_MsoNormal\" style=\"text-align: justify;\">Ayer mismo tambi\u00e9n, el expresidente C\u00e9sar Gaviria Trujillo le expidi\u00f3 el aval para ser candidato por el Partido Liberal y el Partido Cambio Radical a trav\u00e9s de la delegada especial para el otorgamiento de avales en Casanare, Sandra Arabella Vel\u00e1squez Salcedo, le entreg\u00f3 el aval para su candidatura.<\/p>\n<p class=\"x_MsoNormal\" style=\"text-align: justify;\">Conocida la noticia, Yecid Beltr\u00e1n, codirector municipal de Yopal del partido Liberal, cuestion\u00f3 que no se hubiera consultado el otorgamiento del aval con ninguno de los directorios municipales. Frente a esto el presidente del directorio departamental Yonency Cuevas Amaya expres\u00f3 que hab\u00eda sido una decisi\u00f3n mayoritaria del 90% de los codirectores del departamento y del expresidente Gaviria, jefe del Partido Liberal.<\/p>\n<p class=\"x_MsoNormal\" style=\"text-align: justify;\">Llama la atenci\u00f3n es que el precandidato hubiera buscado el apoyo de firmas cuando ten\u00eda la posibilidad real de ser avalado por los dos partidos.<\/p>\n<p class=\"x_MsoNormal\" style=\"text-align: justify;\">Lo que hasta ahora se desconoce es si el candidato tambi\u00e9n promover\u00e1 la campa\u00f1a de Fernanda Salcedo a la Alcald\u00eda de Yopal, considerando que los dos son avalados por el partido Liberal.<\/p>\n<p class=\"x_MsoNormal\" style=\"text-align: justify;\">Es de recordar que mutuamente se han criticado y cuestionado en temas pol\u00edticos y administrativos.<\/p>\n","protected":false},"excerpt":{"rendered":"<p>En el mismo d\u00eda al precandidato a la Gobernaci\u00f3n de Casanare Marco Tulio Ru\u00edz la Registradur\u00eda le certific\u00f3 que contaba con el n\u00famero m\u00ednimo exigido para materializar su candidatura y los partidos Liberal y Cambio Radical le dieron su aval para ser candidato oficial por esos partidos. Por el lado de la Registradur\u00eda se inform\u00f3 &hellip;<\/p>\n","protected":false},"author":2,"featured_media":21337,"comment_status":"open","ping_status":"open","sticky":false,"template":"","format":"standard","meta":{"om_disable_all_campaigns":false,"_exactmetrics_skip_tracking":false,"_exactmetrics_sitenote_active":false,"_exactmetrics_sitenote_note":"","_exactmetrics_sitenote_category":0,"_monsterinsights_skip_tracking":false,"_monsterinsights_sitenote_active":false,"_monsterinsights_sitenote_note":"","_monsterinsights_sitenote_category":0,"_uf_show_specific_survey":0,"_uf_disable_surveys":false,"_joinchat":[],"footnotes":""},"categories":[147,146,145],"tags":[1373,187,2941,1028,1400,1421,2991,790,1376],"class_list":["post-21336","post","type-post","status-publish","format-standard","has-post-thumbnail","hentry","category-actualidad","category-noticias","category-reportajes","tag-casanare-noticias","tag-gobernacion-de-casanare","tag-juntos-por-casanare","tag-marco-tulio-ruiz","tag-noticias-casanare","tag-noticias-yopal","tag-partido-cambio-radical","tag-partido-liberal","tag-yopal-noticias"],"yoast_head":"<!-- This site is optimized with the Yoast SEO plugin v26.1 - https:\/\/yoast.com\/wordpress\/plugins\/seo\/ -->\n<title>Por firmas y coavalado por dos partidos Marco Tulio Ru\u00edz afianza campa\u00f1a a la Gobernaci\u00f3n de Casanare - \u25b7 Noticias de Casanare : Martha Cifuentes | Casanare<\/title>\n<meta name=\"robots\" content=\"index, follow, max-snippet:-1, max-image-preview:large, max-video-preview:-1\" \/>\n<link rel=\"canonical\" href=\"https:\/\/marthacifuentes.com\/portada\/por-firmas-y-coavalado-por-dos-partidos-marco-tulio-ruiz-afianza-campana-a-la-gobernacion-de-casanare\/\" \/>\n<meta property=\"og:locale\" content=\"es_ES\" \/>\n<meta property=\"og:type\" content=\"article\" \/>\n<meta property=\"og:title\" content=\"Por firmas y coavalado por dos partidos Marco Tulio Ru\u00edz afianza campa\u00f1a a la Gobernaci\u00f3n de Casanare - \u25b7 Noticias de Casanare : Martha Cifuentes | Casanare\" \/>\n<meta property=\"og:description\" content=\"En el mismo d\u00eda al precandidato a la Gobernaci\u00f3n de Casanare Marco Tulio Ru\u00edz la Registradur\u00eda le certific\u00f3 que contaba con el n\u00famero m\u00ednimo exigido para materializar su candidatura y los partidos Liberal y Cambio Radical le dieron su aval para ser candidato oficial por esos partidos. Por el lado de la Registradur\u00eda se inform\u00f3 &hellip;\" \/>\n<meta property=\"og:url\" content=\"https:\/\/marthacifuentes.com\/portada\/por-firmas-y-coavalado-por-dos-partidos-marco-tulio-ruiz-afianza-campana-a-la-gobernacion-de-casanare\/\" \/>\n<meta property=\"og:site_name\" content=\"\u25b7 Noticias de Casanare : Martha Cifuentes | Casanare\" \/>\n<meta property=\"article:published_time\" content=\"2019-07-19T12:25:48+00:00\" \/>\n<meta property=\"og:image\" content=\"https:\/\/marthacifuentes.com\/portada\/wp-content\/uploads\/2019\/07\/marco-tulio-con-gavirira-coaval-2.jpg\" \/>\n\t<meta property=\"og:image:width\" content=\"1134\" \/>\n\t<meta property=\"og:image:height\" content=\"718\" \/>\n\t<meta property=\"og:image:type\" content=\"image\/jpeg\" \/>\n<meta name=\"author\" content=\"Martha Cifuentes\" \/>\n<meta name=\"twitter:card\" content=\"summary_large_image\" \/>\n<meta name=\"twitter:label1\" content=\"Escrito por\" \/>\n\t<meta name=\"twitter:data1\" content=\"Martha Cifuentes\" \/>\n\t<meta name=\"twitter:label2\" content=\"Tiempo de lectura\" \/>\n\t<meta name=\"twitter:data2\" content=\"1 minuto\" \/>\n<script type=\"application\/ld+json\" class=\"yoast-schema-graph\">{\"@context\":\"https:\/\/schema.org\",\"@graph\":[{\"@type\":\"WebPage\",\"@id\":\"https:\/\/marthacifuentes.com\/portada\/por-firmas-y-coavalado-por-dos-partidos-marco-tulio-ruiz-afianza-campana-a-la-gobernacion-de-casanare\/\",\"url\":\"https:\/\/marthacifuentes.com\/portada\/por-firmas-y-coavalado-por-dos-partidos-marco-tulio-ruiz-afianza-campana-a-la-gobernacion-de-casanare\/\",\"name\":\"Por firmas y coavalado por dos partidos Marco Tulio Ru\u00edz afianza campa\u00f1a a la Gobernaci\u00f3n de Casanare - \u25b7 Noticias de Casanare : Martha Cifuentes | Casanare\",\"isPartOf\":{\"@id\":\"https:\/\/marthacifuentes.com\/portada\/#website\"},\"primaryImageOfPage\":{\"@id\":\"https:\/\/marthacifuentes.com\/portada\/por-firmas-y-coavalado-por-dos-partidos-marco-tulio-ruiz-afianza-campana-a-la-gobernacion-de-casanare\/#primaryimage\"},\"image\":{\"@id\":\"https:\/\/marthacifuentes.com\/portada\/por-firmas-y-coavalado-por-dos-partidos-marco-tulio-ruiz-afianza-campana-a-la-gobernacion-de-casanare\/#primaryimage\"},\"thumbnailUrl\":\"https:\/\/marthacifuentes.com\/portada\/wp-content\/uploads\/2019\/07\/marco-tulio-con-gavirira-coaval-2.jpg\",\"datePublished\":\"2019-07-19T12:25:48+00:00\",\"author\":{\"@id\":\"https:\/\/marthacifuentes.com\/portada\/#\/schema\/person\/57f53174b991db5f90ff78d58502b714\"},\"breadcrumb\":{\"@id\":\"https:\/\/marthacifuentes.com\/portada\/por-firmas-y-coavalado-por-dos-partidos-marco-tulio-ruiz-afianza-campana-a-la-gobernacion-de-casanare\/#breadcrumb\"},\"inLanguage\":\"es\",\"potentialAction\":[{\"@type\":\"ReadAction\",\"target\":[\"https:\/\/marthacifuentes.com\/portada\/por-firmas-y-coavalado-por-dos-partidos-marco-tulio-ruiz-afianza-campana-a-la-gobernacion-de-casanare\/\"]}]},{\"@type\":\"ImageObject\",\"inLanguage\":\"es\",\"@id\":\"https:\/\/marthacifuentes.com\/portada\/por-firmas-y-coavalado-por-dos-partidos-marco-tulio-ruiz-afianza-campana-a-la-gobernacion-de-casanare\/#primaryimage\",\"url\":\"https:\/\/marthacifuentes.com\/portada\/wp-content\/uploads\/2019\/07\/marco-tulio-con-gavirira-coaval-2.jpg\",\"contentUrl\":\"https:\/\/marthacifuentes.com\/portada\/wp-content\/uploads\/2019\/07\/marco-tulio-con-gavirira-coaval-2.jpg\",\"width\":1134,\"height\":718},{\"@type\":\"BreadcrumbList\",\"@id\":\"https:\/\/marthacifuentes.com\/portada\/por-firmas-y-coavalado-por-dos-partidos-marco-tulio-ruiz-afianza-campana-a-la-gobernacion-de-casanare\/#breadcrumb\",\"itemListElement\":[{\"@type\":\"ListItem\",\"position\":1,\"name\":\"Portada\",\"item\":\"https:\/\/marthacifuentes.com\/portada\/\"},{\"@type\":\"ListItem\",\"position\":2,\"name\":\"Por firmas y coavalado por dos partidos Marco Tulio Ru\u00edz afianza campa\u00f1a a la Gobernaci\u00f3n de Casanare\"}]},{\"@type\":\"WebSite\",\"@id\":\"https:\/\/marthacifuentes.com\/portada\/#website\",\"url\":\"https:\/\/marthacifuentes.com\/portada\/\",\"name\":\"\u25b7 Noticias de Casanare : Martha Cifuentes | Casanare\",\"description\":\"Noticias &amp; Contenidos\",\"potentialAction\":[{\"@type\":\"SearchAction\",\"target\":{\"@type\":\"EntryPoint\",\"urlTemplate\":\"https:\/\/marthacifuentes.com\/portada\/?s={search_term_string}\"},\"query-input\":{\"@type\":\"PropertyValueSpecification\",\"valueRequired\":true,\"valueName\":\"search_term_string\"}}],\"inLanguage\":\"es\"},{\"@type\":\"Person\",\"@id\":\"https:\/\/marthacifuentes.com\/portada\/#\/schema\/person\/57f53174b991db5f90ff78d58502b714\",\"name\":\"Martha Cifuentes\",\"image\":{\"@type\":\"ImageObject\",\"inLanguage\":\"es\",\"@id\":\"https:\/\/marthacifuentes.com\/portada\/#\/schema\/person\/image\/\",\"url\":\"http:\/\/marthacifuentes.com\/portada\/wp-content\/uploads\/2018\/06\/avatar_user_2_1528838701-96x96.jpg\",\"contentUrl\":\"http:\/\/marthacifuentes.com\/portada\/wp-content\/uploads\/2018\/06\/avatar_user_2_1528838701-96x96.jpg\",\"caption\":\"Martha Cifuentes\"},\"sameAs\":[\"http:\/\/www.marthacifuentes.com\"],\"url\":\"https:\/\/marthacifuentes.com\/portada\/author\/martha\/\"}]}<\/script>\n<!-- \/ Yoast SEO plugin. -->","yoast_head_json":{"title":"Por firmas y coavalado por dos partidos Marco Tulio Ru\u00edz afianza campa\u00f1a a la Gobernaci\u00f3n de Casanare - \u25b7 Noticias de Casanare : Martha Cifuentes | Casanare","robots":{"index":"index","follow":"follow","max-snippet":"max-snippet:-1","max-image-preview":"max-image-preview:large","max-video-preview":"max-video-preview:-1"},"canonical":"https:\/\/marthacifuentes.com\/portada\/por-firmas-y-coavalado-por-dos-partidos-marco-tulio-ruiz-afianza-campana-a-la-gobernacion-de-casanare\/","og_locale":"es_ES","og_type":"article","og_title":"Por firmas y coavalado por dos partidos Marco Tulio Ru\u00edz afianza campa\u00f1a a la Gobernaci\u00f3n de Casanare - \u25b7 Noticias de Casanare : Martha Cifuentes | Casanare","og_description":"En el mismo d\u00eda al precandidato a la Gobernaci\u00f3n de Casanare Marco Tulio Ru\u00edz la Registradur\u00eda le certific\u00f3 que contaba con el n\u00famero m\u00ednimo exigido para materializar su candidatura y los partidos Liberal y Cambio Radical le dieron su aval para ser candidato oficial por esos partidos. Por el lado de la Registradur\u00eda se inform\u00f3 &hellip;","og_url":"https:\/\/marthacifuentes.com\/portada\/por-firmas-y-coavalado-por-dos-partidos-marco-tulio-ruiz-afianza-campana-a-la-gobernacion-de-casanare\/","og_site_name":"\u25b7 Noticias de Casanare : Martha Cifuentes | Casanare","article_published_time":"2019-07-19T12:25:48+00:00","og_image":[{"width":1134,"height":718,"url":"https:\/\/marthacifuentes.com\/portada\/wp-content\/uploads\/2019\/07\/marco-tulio-con-gavirira-coaval-2.jpg","type":"image\/jpeg"}],"author":"Martha Cifuentes","twitter_card":"summary_large_image","twitter_misc":{"Escrito por":"Martha Cifuentes","Tiempo de lectura":"1 minuto"},"schema":{"@context":"https:\/\/schema.org","@graph":[{"@type":"WebPage","@id":"https:\/\/marthacifuentes.com\/portada\/por-firmas-y-coavalado-por-dos-partidos-marco-tulio-ruiz-afianza-campana-a-la-gobernacion-de-casanare\/","url":"https:\/\/marthacifuentes.com\/portada\/por-firmas-y-coavalado-por-dos-partidos-marco-tulio-ruiz-afianza-campana-a-la-gobernacion-de-casanare\/","name":"Por firmas y coavalado por dos partidos Marco Tulio Ru\u00edz afianza campa\u00f1a a la Gobernaci\u00f3n de Casanare - \u25b7 Noticias de Casanare : Martha Cifuentes | Casanare","isPartOf":{"@id":"https:\/\/marthacifuentes.com\/portada\/#website"},"primaryImageOfPage":{"@id":"https:\/\/marthacifuentes.com\/portada\/por-firmas-y-coavalado-por-dos-partidos-marco-tulio-ruiz-afianza-campana-a-la-gobernacion-de-casanare\/#primaryimage"},"image":{"@id":"https:\/\/marthacifuentes.com\/portada\/por-firmas-y-coavalado-por-dos-partidos-marco-tulio-ruiz-afianza-campana-a-la-gobernacion-de-casanare\/#primaryimage"},"thumbnailUrl":"https:\/\/marthacifuentes.com\/portada\/wp-content\/uploads\/2019\/07\/marco-tulio-con-gavirira-coaval-2.jpg","datePublished":"2019-07-19T12:25:48+00:00","author":{"@id":"https:\/\/marthacifuentes.com\/portada\/#\/schema\/person\/57f53174b991db5f90ff78d58502b714"},"breadcrumb":{"@id":"https:\/\/marthacifuentes.com\/portada\/por-firmas-y-coavalado-por-dos-partidos-marco-tulio-ruiz-afianza-campana-a-la-gobernacion-de-casanare\/#breadcrumb"},"inLanguage":"es","potentialAction":[{"@type":"ReadAction","target":["https:\/\/marthacifuentes.com\/portada\/por-firmas-y-coavalado-por-dos-partidos-marco-tulio-ruiz-afianza-campana-a-la-gobernacion-de-casanare\/"]}]},{"@type":"ImageObject","inLanguage":"es","@id":"https:\/\/marthacifuentes.com\/portada\/por-firmas-y-coavalado-por-dos-partidos-marco-tulio-ruiz-afianza-campana-a-la-gobernacion-de-casanare\/#primaryimage","url":"https:\/\/marthacifuentes.com\/portada\/wp-content\/uploads\/2019\/07\/marco-tulio-con-gavirira-coaval-2.jpg","contentUrl":"https:\/\/marthacifuentes.com\/portada\/wp-content\/uploads\/2019\/07\/marco-tulio-con-gavirira-coaval-2.jpg","width":1134,"height":718},{"@type":"BreadcrumbList","@id":"https:\/\/marthacifuentes.com\/portada\/por-firmas-y-coavalado-por-dos-partidos-marco-tulio-ruiz-afianza-campana-a-la-gobernacion-de-casanare\/#breadcrumb","itemListElement":[{"@type":"ListItem","position":1,"name":"Portada","item":"https:\/\/marthacifuentes.com\/portada\/"},{"@type":"ListItem","position":2,"name":"Por firmas y coavalado por dos partidos Marco Tulio Ru\u00edz afianza campa\u00f1a a la Gobernaci\u00f3n de Casanare"}]},{"@type":"WebSite","@id":"https:\/\/marthacifuentes.com\/portada\/#website","url":"https:\/\/marthacifuentes.com\/portada\/","name":"\u25b7 Noticias de Casanare : Martha Cifuentes | Casanare","description":"Noticias &amp; Contenidos","potentialAction":[{"@type":"SearchAction","target":{"@type":"EntryPoint","urlTemplate":"https:\/\/marthacifuentes.com\/portada\/?s={search_term_string}"},"query-input":{"@type":"PropertyValueSpecification","valueRequired":true,"valueName":"search_term_string"}}],"inLanguage":"es"},{"@type":"Person","@id":"https:\/\/marthacifuentes.com\/portada\/#\/schema\/person\/57f53174b991db5f90ff78d58502b714","name":"Martha Cifuentes","image":{"@type":"ImageObject","inLanguage":"es","@id":"https:\/\/marthacifuentes.com\/portada\/#\/schema\/person\/image\/","url":"http:\/\/marthacifuentes.com\/portada\/wp-content\/uploads\/2018\/06\/avatar_user_2_1528838701-96x96.jpg","contentUrl":"http:\/\/marthacifuentes.com\/portada\/wp-content\/uploads\/2018\/06\/avatar_user_2_1528838701-96x96.jpg","caption":"Martha Cifuentes"},"sameAs":["http:\/\/www.marthacifuentes.com"],"url":"https:\/\/marthacifuentes.com\/portada\/author\/martha\/"}]}},"_links":{"self":[{"href":"https:\/\/marthacifuentes.com\/portada\/wp-json\/wp\/v2\/posts\/21336","targetHints":{"allow":["GET"]}}],"collection":[{"href":"https:\/\/marthacifuentes.com\/portada\/wp-json\/wp\/v2\/posts"}],"about":[{"href":"https:\/\/marthacifuentes.com\/portada\/wp-json\/wp\/v2\/types\/post"}],"author":[{"embeddable":true,"href":"https:\/\/marthacifuentes.com\/portada\/wp-json\/wp\/v2\/users\/2"}],"replies":[{"embeddable":true,"href":"https:\/\/marthacifuentes.com\/portada\/wp-json\/wp\/v2\/comments?post=21336"}],"version-history":[{"count":0,"href":"https:\/\/marthacifuentes.com\/portada\/wp-json\/wp\/v2\/posts\/21336\/revisions"}],"wp:featuredmedia":[{"embeddable":true,"href":"https:\/\/marthacifuentes.com\/portada\/wp-json\/wp\/v2\/media\/21337"}],"wp:attachment":[{"href":"https:\/\/marthacifuentes.com\/portada\/wp-json\/wp\/v2\/media?parent=21336"}],"wp:term":[{"taxonomy":"category","embeddable":true,"href":"https:\/\/marthacifuentes.com\/portada\/wp-json\/wp\/v2\/categories?post=21336"},{"taxonomy":"post_tag","embeddable":true,"href":"https:\/\/marthacifuentes.com\/portada\/wp-json\/wp\/v2\/tags?post=21336"}],"curies":[{"name":"wp","href":"https:\/\/api.w.org\/{rel}","templated":true}]}}