{"id":21354,"date":"2019-07-19T12:13:33","date_gmt":"2019-07-19T17:13:33","guid":{"rendered":"https:\/\/marthacifuentes.com\/portada\/?p=21354"},"modified":"2019-07-19T12:13:33","modified_gmt":"2019-07-19T17:13:33","slug":"muertes-por-accidentes-viales-en-casanare-sigue-desbordadas","status":"publish","type":"post","link":"https:\/\/marthacifuentes.com\/portada\/muertes-por-accidentes-viales-en-casanare-sigue-desbordadas\/","title":{"rendered":"Muertes por accidentes viales en Casanare sigue desbordadas"},"content":{"rendered":"<p class=\"MsoNormal\" style=\"margin-bottom: 6.0pt; text-align: justify; line-height: normal; background: white;\"><b style=\"mso-bidi-font-weight: normal;\"><span style=\"font-family: 'Arial','sans-serif'; mso-fareast-font-family: 'Times New Roman'; color: #222222; mso-fareast-language: ES-CO;\">62 personas perdieron la vida en accidentes viales en Casanare durante 2019, dos m\u00e1s que en el primer semestre de 2018. Esta es una de las causas de mayor mortalidad en el departamento y en aras de contener la siniestralidad se conform\u00f3 el Consejo Territorial de Seguridad Vial de Casanare.<\/span><\/b><\/p>\n<p class=\"MsoNormal\" style=\"margin-bottom: 6.0pt; text-align: justify; line-height: normal; background: white;\"><span style=\"font-family: 'Arial','sans-serif'; mso-fareast-font-family: 'Times New Roman'; color: #222222; mso-fareast-language: ES-CO;\">Igualmente se inform\u00f3 durante este a\u00f1o 240 usuarios viales resultaron lesionados (29 menos que en 2018). La noticia positiva sobre esta problem\u00e1tica en Casanare, es que 6 municipios no tuvieron ni un s\u00f3lo fallecido por siniestros viales en el primer semestre.<\/span><\/p>\n<p class=\"MsoNormal\" style=\"margin-bottom: 6.0pt; text-align: justify; line-height: normal; background: white;\"><span style=\"font-family: 'Arial','sans-serif'; mso-fareast-font-family: 'Times New Roman'; color: #222222; mso-fareast-language: ES-CO;\">Los Consejos Territoriales se constituyen para articular los entes departamentales y municipales con las autoridades nacionales y de polic\u00eda, para plantear estrategias que permitan reducir los \u00edndices de morbi\u2013mortalidad que afectan los centros urbanos y la red vial nacional. Por ello el Gobernador (e) Milton Herber \u00c1lvarez Alfonso firm\u00f3 el decreto 0132 del 16 de julio de 2019 que formaliza la creaci\u00f3n del Consejo. <\/span><\/p>\n<p class=\"MsoNormal\" style=\"margin-bottom: 6.0pt; text-align: justify; line-height: normal; background: white;\"><span style=\"font-family: 'Arial','sans-serif'; mso-fareast-font-family: 'Times New Roman'; color: #222222; mso-fareast-language: ES-CO;\">Al respecto, el director de la Agencia Nacional de Seguridad Vial, Luis Lota manifest\u00f3 que \u201cEs fundamental que las estrategias para la reducci\u00f3n de la siniestralidad se construyan desde lo local, teniendo en cuenta que 53% de los fallecimientos del primer semestre del a\u00f1o tuvieron lugar en escenarios urbanos, por eso valoramos la creaci\u00f3n del Consejo Territorial de Casanare, un hecho concreto que responde a la estrategia de regionalizaci\u00f3n de la seguridad vial en Colombia\u201d.<\/span><\/p>\n<p><img loading=\"lazy\" decoding=\"async\" class=\"wp-image-21355 aligncenter\" src=\"https:\/\/marthacifuentes.com\/portada\/wp-content\/uploads\/2019\/07\/WhatsApp-Image-2019-07-19-at-10.39.51-AM-1024x682.jpeg\" alt=\"\" width=\"553\" height=\"368\" srcset=\"https:\/\/marthacifuentes.com\/portada\/wp-content\/uploads\/2019\/07\/WhatsApp-Image-2019-07-19-at-10.39.51-AM-1024x682.jpeg 1024w, https:\/\/marthacifuentes.com\/portada\/wp-content\/uploads\/2019\/07\/WhatsApp-Image-2019-07-19-at-10.39.51-AM-300x200.jpeg 300w, https:\/\/marthacifuentes.com\/portada\/wp-content\/uploads\/2019\/07\/WhatsApp-Image-2019-07-19-at-10.39.51-AM-768x512.jpeg 768w, https:\/\/marthacifuentes.com\/portada\/wp-content\/uploads\/2019\/07\/WhatsApp-Image-2019-07-19-at-10.39.51-AM.jpeg 1280w\" sizes=\"auto, (max-width: 553px) 100vw, 553px\" \/><\/p>\n<p class=\"MsoNormal\" style=\"margin-bottom: 6.0pt; text-align: justify; line-height: normal; background: white;\"><span style=\"font-family: 'Arial','sans-serif'; mso-fareast-font-family: 'Times New Roman'; color: #222222; mso-fareast-language: ES-CO;\">\u201cEs fundamental que se haga un trabajo integral de pedagog\u00eda y control con los motociclistas, debemos seguir sensibilizando a este actor vial que representa el 80.6% de los fallecidos en el departamento, nuestra tarea m\u00e1s urgente es contener el fen\u00f3meno de siniestralidad que afecta a este actor vulnerable\u201d afirm\u00f3 el director de la Agencia Nacional de Seguridad Vial. <\/span><\/p>\n<p class=\"MsoNormal\" style=\"margin-bottom: 6.0pt; text-align: justify; line-height: normal; background: white;\"><span style=\"font-family: 'Arial','sans-serif'; mso-fareast-font-family: 'Times New Roman'; color: #222222; mso-fareast-language: ES-CO;\">Para 2018, <\/span><span style=\"font-family: 'Arial','sans-serif';\">Casanare con 111 muertos y 636 heridos, encabez\u00f3 los departamentos con mayor tasa de muertes por cada 100 mil habitantes en accidentes de transportes y las tasa de lesiones no fatales por cada 100 mil habitantes. Los motociclistas lideran los porcentajes de mayor accidentalidad, ya sea en relaci\u00f3n a peatones, choques con carros y veh\u00edculos de carga, seg\u00fan informe Forensis 2018 del Instituto Nacional de Medicina Legal.<\/span><\/p>\n<p>&nbsp;<\/p>\n<p class=\"MsoNormal\" style=\"margin-bottom: 6.0pt; text-align: justify; line-height: normal; background: white;\"><span style=\"font-family: 'Arial','sans-serif';\"><span style=\"mso-spacerun: yes;\">\u00a0 <\/span><\/span><\/p>\n","protected":false},"excerpt":{"rendered":"<p>62 personas perdieron la vida en accidentes viales en Casanare durante 2019, dos m\u00e1s que en el primer semestre de 2018. Esta es una de las causas de mayor mortalidad en el departamento y en aras de contener la siniestralidad se conform\u00f3 el Consejo Territorial de Seguridad Vial de Casanare. Igualmente se inform\u00f3 durante este &hellip;<\/p>\n","protected":false},"author":2,"featured_media":17986,"comment_status":"open","ping_status":"open","sticky":false,"template":"","format":"standard","meta":{"om_disable_all_campaigns":false,"_exactmetrics_skip_tracking":false,"_exactmetrics_sitenote_active":false,"_exactmetrics_sitenote_note":"","_exactmetrics_sitenote_category":0,"_monsterinsights_skip_tracking":false,"_monsterinsights_sitenote_active":false,"_monsterinsights_sitenote_note":"","_monsterinsights_sitenote_category":0,"_uf_show_specific_survey":0,"_uf_disable_surveys":false,"_joinchat":[],"footnotes":""},"categories":[147,146,145],"tags":[283,289,2995,2996,187,2994,1372,1374],"class_list":["post-21354","post","type-post","status-publish","format-standard","has-post-thumbnail","hentry","category-actualidad","category-noticias","category-reportajes","tag-accidentalidad-vial","tag-agencia-nacional-de-seguridad-vial","tag-casanare-mayores-tasas-de-accidentalidad-vial-en-el-pais","tag-consejo-territorial-de-seguridad-vial-de-casanare","tag-gobernacion-de-casanare","tag-muertes-por-accidentes-de-transito-en-casanare","tag-noticias-de-casanare","tag-noticias-de-yopal"],"yoast_head":"<!-- This site is optimized with the Yoast SEO plugin v26.1 - https:\/\/yoast.com\/wordpress\/plugins\/seo\/ -->\n<title>Muertes por accidentes viales en Casanare sigue desbordadas - \u25b7 Noticias de Casanare : Martha Cifuentes | Casanare<\/title>\n<meta name=\"robots\" content=\"index, follow, max-snippet:-1, max-image-preview:large, max-video-preview:-1\" \/>\n<link rel=\"canonical\" href=\"https:\/\/marthacifuentes.com\/portada\/muertes-por-accidentes-viales-en-casanare-sigue-desbordadas\/\" \/>\n<meta property=\"og:locale\" content=\"es_ES\" \/>\n<meta property=\"og:type\" content=\"article\" \/>\n<meta property=\"og:title\" content=\"Muertes por accidentes viales en Casanare sigue desbordadas - \u25b7 Noticias de Casanare : Martha Cifuentes | Casanare\" \/>\n<meta property=\"og:description\" content=\"62 personas perdieron la vida en accidentes viales en Casanare durante 2019, dos m\u00e1s que en el primer semestre de 2018. Esta es una de las causas de mayor mortalidad en el departamento y en aras de contener la siniestralidad se conform\u00f3 el Consejo Territorial de Seguridad Vial de Casanare. Igualmente se inform\u00f3 durante este &hellip;\" \/>\n<meta property=\"og:url\" content=\"https:\/\/marthacifuentes.com\/portada\/muertes-por-accidentes-viales-en-casanare-sigue-desbordadas\/\" \/>\n<meta property=\"og:site_name\" content=\"\u25b7 Noticias de Casanare : Martha Cifuentes | Casanare\" \/>\n<meta property=\"article:published_time\" content=\"2019-07-19T17:13:33+00:00\" \/>\n<meta property=\"og:image\" content=\"https:\/\/marthacifuentes.com\/portada\/wp-content\/uploads\/2018\/07\/Accidente-via-Monterrey-Yopal.jpeg\" \/>\n\t<meta property=\"og:image:width\" content=\"1280\" \/>\n\t<meta property=\"og:image:height\" content=\"720\" \/>\n\t<meta property=\"og:image:type\" content=\"image\/jpeg\" \/>\n<meta name=\"author\" content=\"Martha Cifuentes\" \/>\n<meta name=\"twitter:card\" content=\"summary_large_image\" \/>\n<meta name=\"twitter:label1\" content=\"Escrito por\" \/>\n\t<meta name=\"twitter:data1\" content=\"Martha Cifuentes\" \/>\n\t<meta name=\"twitter:label2\" content=\"Tiempo de lectura\" \/>\n\t<meta name=\"twitter:data2\" content=\"2 minutos\" \/>\n<script type=\"application\/ld+json\" class=\"yoast-schema-graph\">{\"@context\":\"https:\/\/schema.org\",\"@graph\":[{\"@type\":\"WebPage\",\"@id\":\"https:\/\/marthacifuentes.com\/portada\/muertes-por-accidentes-viales-en-casanare-sigue-desbordadas\/\",\"url\":\"https:\/\/marthacifuentes.com\/portada\/muertes-por-accidentes-viales-en-casanare-sigue-desbordadas\/\",\"name\":\"Muertes por accidentes viales en Casanare sigue desbordadas - \u25b7 Noticias de Casanare : Martha Cifuentes | Casanare\",\"isPartOf\":{\"@id\":\"https:\/\/marthacifuentes.com\/portada\/#website\"},\"primaryImageOfPage\":{\"@id\":\"https:\/\/marthacifuentes.com\/portada\/muertes-por-accidentes-viales-en-casanare-sigue-desbordadas\/#primaryimage\"},\"image\":{\"@id\":\"https:\/\/marthacifuentes.com\/portada\/muertes-por-accidentes-viales-en-casanare-sigue-desbordadas\/#primaryimage\"},\"thumbnailUrl\":\"https:\/\/marthacifuentes.com\/portada\/wp-content\/uploads\/2018\/07\/Accidente-via-Monterrey-Yopal.jpeg\",\"datePublished\":\"2019-07-19T17:13:33+00:00\",\"author\":{\"@id\":\"https:\/\/marthacifuentes.com\/portada\/#\/schema\/person\/57f53174b991db5f90ff78d58502b714\"},\"breadcrumb\":{\"@id\":\"https:\/\/marthacifuentes.com\/portada\/muertes-por-accidentes-viales-en-casanare-sigue-desbordadas\/#breadcrumb\"},\"inLanguage\":\"es\",\"potentialAction\":[{\"@type\":\"ReadAction\",\"target\":[\"https:\/\/marthacifuentes.com\/portada\/muertes-por-accidentes-viales-en-casanare-sigue-desbordadas\/\"]}]},{\"@type\":\"ImageObject\",\"inLanguage\":\"es\",\"@id\":\"https:\/\/marthacifuentes.com\/portada\/muertes-por-accidentes-viales-en-casanare-sigue-desbordadas\/#primaryimage\",\"url\":\"https:\/\/marthacifuentes.com\/portada\/wp-content\/uploads\/2018\/07\/Accidente-via-Monterrey-Yopal.jpeg\",\"contentUrl\":\"https:\/\/marthacifuentes.com\/portada\/wp-content\/uploads\/2018\/07\/Accidente-via-Monterrey-Yopal.jpeg\",\"width\":1280,\"height\":720},{\"@type\":\"BreadcrumbList\",\"@id\":\"https:\/\/marthacifuentes.com\/portada\/muertes-por-accidentes-viales-en-casanare-sigue-desbordadas\/#breadcrumb\",\"itemListElement\":[{\"@type\":\"ListItem\",\"position\":1,\"name\":\"Portada\",\"item\":\"https:\/\/marthacifuentes.com\/portada\/\"},{\"@type\":\"ListItem\",\"position\":2,\"name\":\"Muertes por accidentes viales en Casanare sigue desbordadas\"}]},{\"@type\":\"WebSite\",\"@id\":\"https:\/\/marthacifuentes.com\/portada\/#website\",\"url\":\"https:\/\/marthacifuentes.com\/portada\/\",\"name\":\"\u25b7 Noticias de Casanare : Martha Cifuentes | Casanare\",\"description\":\"Noticias &amp; Contenidos\",\"potentialAction\":[{\"@type\":\"SearchAction\",\"target\":{\"@type\":\"EntryPoint\",\"urlTemplate\":\"https:\/\/marthacifuentes.com\/portada\/?s={search_term_string}\"},\"query-input\":{\"@type\":\"PropertyValueSpecification\",\"valueRequired\":true,\"valueName\":\"search_term_string\"}}],\"inLanguage\":\"es\"},{\"@type\":\"Person\",\"@id\":\"https:\/\/marthacifuentes.com\/portada\/#\/schema\/person\/57f53174b991db5f90ff78d58502b714\",\"name\":\"Martha Cifuentes\",\"image\":{\"@type\":\"ImageObject\",\"inLanguage\":\"es\",\"@id\":\"https:\/\/marthacifuentes.com\/portada\/#\/schema\/person\/image\/\",\"url\":\"http:\/\/marthacifuentes.com\/portada\/wp-content\/uploads\/2018\/06\/avatar_user_2_1528838701-96x96.jpg\",\"contentUrl\":\"http:\/\/marthacifuentes.com\/portada\/wp-content\/uploads\/2018\/06\/avatar_user_2_1528838701-96x96.jpg\",\"caption\":\"Martha Cifuentes\"},\"sameAs\":[\"http:\/\/www.marthacifuentes.com\"],\"url\":\"https:\/\/marthacifuentes.com\/portada\/author\/martha\/\"}]}<\/script>\n<!-- \/ Yoast SEO plugin. -->","yoast_head_json":{"title":"Muertes por accidentes viales en Casanare sigue desbordadas - \u25b7 Noticias de Casanare : Martha Cifuentes | Casanare","robots":{"index":"index","follow":"follow","max-snippet":"max-snippet:-1","max-image-preview":"max-image-preview:large","max-video-preview":"max-video-preview:-1"},"canonical":"https:\/\/marthacifuentes.com\/portada\/muertes-por-accidentes-viales-en-casanare-sigue-desbordadas\/","og_locale":"es_ES","og_type":"article","og_title":"Muertes por accidentes viales en Casanare sigue desbordadas - \u25b7 Noticias de Casanare : Martha Cifuentes | Casanare","og_description":"62 personas perdieron la vida en accidentes viales en Casanare durante 2019, dos m\u00e1s que en el primer semestre de 2018. Esta es una de las causas de mayor mortalidad en el departamento y en aras de contener la siniestralidad se conform\u00f3 el Consejo Territorial de Seguridad Vial de Casanare. Igualmente se inform\u00f3 durante este &hellip;","og_url":"https:\/\/marthacifuentes.com\/portada\/muertes-por-accidentes-viales-en-casanare-sigue-desbordadas\/","og_site_name":"\u25b7 Noticias de Casanare : Martha Cifuentes | Casanare","article_published_time":"2019-07-19T17:13:33+00:00","og_image":[{"width":1280,"height":720,"url":"https:\/\/marthacifuentes.com\/portada\/wp-content\/uploads\/2018\/07\/Accidente-via-Monterrey-Yopal.jpeg","type":"image\/jpeg"}],"author":"Martha Cifuentes","twitter_card":"summary_large_image","twitter_misc":{"Escrito por":"Martha Cifuentes","Tiempo de lectura":"2 minutos"},"schema":{"@context":"https:\/\/schema.org","@graph":[{"@type":"WebPage","@id":"https:\/\/marthacifuentes.com\/portada\/muertes-por-accidentes-viales-en-casanare-sigue-desbordadas\/","url":"https:\/\/marthacifuentes.com\/portada\/muertes-por-accidentes-viales-en-casanare-sigue-desbordadas\/","name":"Muertes por accidentes viales en Casanare sigue desbordadas - \u25b7 Noticias de Casanare : Martha Cifuentes | Casanare","isPartOf":{"@id":"https:\/\/marthacifuentes.com\/portada\/#website"},"primaryImageOfPage":{"@id":"https:\/\/marthacifuentes.com\/portada\/muertes-por-accidentes-viales-en-casanare-sigue-desbordadas\/#primaryimage"},"image":{"@id":"https:\/\/marthacifuentes.com\/portada\/muertes-por-accidentes-viales-en-casanare-sigue-desbordadas\/#primaryimage"},"thumbnailUrl":"https:\/\/marthacifuentes.com\/portada\/wp-content\/uploads\/2018\/07\/Accidente-via-Monterrey-Yopal.jpeg","datePublished":"2019-07-19T17:13:33+00:00","author":{"@id":"https:\/\/marthacifuentes.com\/portada\/#\/schema\/person\/57f53174b991db5f90ff78d58502b714"},"breadcrumb":{"@id":"https:\/\/marthacifuentes.com\/portada\/muertes-por-accidentes-viales-en-casanare-sigue-desbordadas\/#breadcrumb"},"inLanguage":"es","potentialAction":[{"@type":"ReadAction","target":["https:\/\/marthacifuentes.com\/portada\/muertes-por-accidentes-viales-en-casanare-sigue-desbordadas\/"]}]},{"@type":"ImageObject","inLanguage":"es","@id":"https:\/\/marthacifuentes.com\/portada\/muertes-por-accidentes-viales-en-casanare-sigue-desbordadas\/#primaryimage","url":"https:\/\/marthacifuentes.com\/portada\/wp-content\/uploads\/2018\/07\/Accidente-via-Monterrey-Yopal.jpeg","contentUrl":"https:\/\/marthacifuentes.com\/portada\/wp-content\/uploads\/2018\/07\/Accidente-via-Monterrey-Yopal.jpeg","width":1280,"height":720},{"@type":"BreadcrumbList","@id":"https:\/\/marthacifuentes.com\/portada\/muertes-por-accidentes-viales-en-casanare-sigue-desbordadas\/#breadcrumb","itemListElement":[{"@type":"ListItem","position":1,"name":"Portada","item":"https:\/\/marthacifuentes.com\/portada\/"},{"@type":"ListItem","position":2,"name":"Muertes por accidentes viales en Casanare sigue desbordadas"}]},{"@type":"WebSite","@id":"https:\/\/marthacifuentes.com\/portada\/#website","url":"https:\/\/marthacifuentes.com\/portada\/","name":"\u25b7 Noticias de Casanare : Martha Cifuentes | Casanare","description":"Noticias &amp; Contenidos","potentialAction":[{"@type":"SearchAction","target":{"@type":"EntryPoint","urlTemplate":"https:\/\/marthacifuentes.com\/portada\/?s={search_term_string}"},"query-input":{"@type":"PropertyValueSpecification","valueRequired":true,"valueName":"search_term_string"}}],"inLanguage":"es"},{"@type":"Person","@id":"https:\/\/marthacifuentes.com\/portada\/#\/schema\/person\/57f53174b991db5f90ff78d58502b714","name":"Martha Cifuentes","image":{"@type":"ImageObject","inLanguage":"es","@id":"https:\/\/marthacifuentes.com\/portada\/#\/schema\/person\/image\/","url":"http:\/\/marthacifuentes.com\/portada\/wp-content\/uploads\/2018\/06\/avatar_user_2_1528838701-96x96.jpg","contentUrl":"http:\/\/marthacifuentes.com\/portada\/wp-content\/uploads\/2018\/06\/avatar_user_2_1528838701-96x96.jpg","caption":"Martha Cifuentes"},"sameAs":["http:\/\/www.marthacifuentes.com"],"url":"https:\/\/marthacifuentes.com\/portada\/author\/martha\/"}]}},"_links":{"self":[{"href":"https:\/\/marthacifuentes.com\/portada\/wp-json\/wp\/v2\/posts\/21354","targetHints":{"allow":["GET"]}}],"collection":[{"href":"https:\/\/marthacifuentes.com\/portada\/wp-json\/wp\/v2\/posts"}],"about":[{"href":"https:\/\/marthacifuentes.com\/portada\/wp-json\/wp\/v2\/types\/post"}],"author":[{"embeddable":true,"href":"https:\/\/marthacifuentes.com\/portada\/wp-json\/wp\/v2\/users\/2"}],"replies":[{"embeddable":true,"href":"https:\/\/marthacifuentes.com\/portada\/wp-json\/wp\/v2\/comments?post=21354"}],"version-history":[{"count":0,"href":"https:\/\/marthacifuentes.com\/portada\/wp-json\/wp\/v2\/posts\/21354\/revisions"}],"wp:featuredmedia":[{"embeddable":true,"href":"https:\/\/marthacifuentes.com\/portada\/wp-json\/wp\/v2\/media\/17986"}],"wp:attachment":[{"href":"https:\/\/marthacifuentes.com\/portada\/wp-json\/wp\/v2\/media?parent=21354"}],"wp:term":[{"taxonomy":"category","embeddable":true,"href":"https:\/\/marthacifuentes.com\/portada\/wp-json\/wp\/v2\/categories?post=21354"},{"taxonomy":"post_tag","embeddable":true,"href":"https:\/\/marthacifuentes.com\/portada\/wp-json\/wp\/v2\/tags?post=21354"}],"curies":[{"name":"wp","href":"https:\/\/api.w.org\/{rel}","templated":true}]}}