{"id":21357,"date":"2019-07-22T09:18:52","date_gmt":"2019-07-22T14:18:52","guid":{"rendered":"https:\/\/marthacifuentes.com\/portada\/?p=21357"},"modified":"2019-07-22T09:52:33","modified_gmt":"2019-07-22T14:52:33","slug":"joven-murio-en-accidente-de-transito-en-aguazul-casanare","status":"publish","type":"post","link":"https:\/\/marthacifuentes.com\/portada\/joven-murio-en-accidente-de-transito-en-aguazul-casanare\/","title":{"rendered":"Joven muri\u00f3 en accidente de tr\u00e1nsito en Aguazul, Casanare"},"content":{"rendered":"<p class=\"x_MsoNormal\" style=\"text-align: justify;\"><b>Un joven que apenas contaba con 18 a\u00f1os muri\u00f3 y otro muchacho result\u00f3 herido, como consecuencia de un accidente de tr\u00e1nsito ocurrido en Aguazul, cuando la moto en que se transportaban colision\u00f3 con un carro, cuyo conductor huy\u00f3 del sitio de los hechos con el veh\u00edculo. <\/b><\/p>\n<p class=\"x_MsoNormal\" style=\"text-align: justify;\">El fallecido en el lugar del accidente fue Jorge Andr\u00e9s Manosalva, y al parecer era el conductor de la moto que fue impactada por el carro de marca Renault logan a las 2 y 30 de la madrugada de este domingo 21 de julio en la calle 18 con carrera 22, barrio San Pedro, de esa localidad. Mientras tanto su pasajero, Wilson Andr\u00e9s Barrera, quien iba de parrillero, sufri\u00f3 fractura en su pierna derecha y fue llevado al hospital Juan Hernando Urrego.<\/p>\n<p class=\"x_MsoNormal\" style=\"text-align: justify;\">De acuerdo con el reporte policial, el carro del accidente fue ubicado horas despu\u00e9s en un parqueadero del municipio y se est\u00e1 buscando a su propietario para establecer su responsabilidad en el accidente.<\/p>\n<p class=\"x_MsoNormal\" style=\"text-align: justify;\">Seg\u00fan el comandante encargado de la polic\u00eda en Casanare, coronel Luis Le\u00f3n, durante el fin de semana se presentaron 5 accidentes todos con lesionados.<\/p>\n<p class=\"x_MsoNormal\"><b>\u00a0<\/b><\/p>\n","protected":false},"excerpt":{"rendered":"<p>Un joven que apenas contaba con 18 a\u00f1os muri\u00f3 y otro muchacho result\u00f3 herido, como consecuencia de un accidente de tr\u00e1nsito ocurrido en Aguazul, cuando la moto en que se transportaban colision\u00f3 con un carro, cuyo conductor huy\u00f3 del sitio de los hechos con el veh\u00edculo. El fallecido en el lugar del accidente fue Jorge &hellip;<\/p>\n","protected":false},"author":2,"featured_media":21373,"comment_status":"open","ping_status":"open","sticky":false,"template":"","format":"standard","meta":{"om_disable_all_campaigns":false,"_exactmetrics_skip_tracking":false,"_exactmetrics_sitenote_active":false,"_exactmetrics_sitenote_note":"","_exactmetrics_sitenote_category":0,"_monsterinsights_skip_tracking":false,"_monsterinsights_sitenote_active":false,"_monsterinsights_sitenote_note":"","_monsterinsights_sitenote_category":0,"_uf_show_specific_survey":0,"_uf_disable_surveys":false,"_joinchat":[],"footnotes":""},"categories":[147,146,145],"tags":[2998,2236,3000,1373,2999,3001,3002,2997,1372,1374,1376],"class_list":["post-21357","post","type-post","status-publish","format-standard","has-post-thumbnail","hentry","category-actualidad","category-noticias","category-reportajes","tag-accidente-de-transito","tag-aguazul-noticias","tag-barrio-san-pedro","tag-casanare-noticias","tag-jorge-andres-manosalva","tag-juan-hernando-urrego","tag-luis-leon","tag-noticias-aguazul","tag-noticias-de-casanare","tag-noticias-de-yopal","tag-yopal-noticias"],"yoast_head":"<!-- This site is optimized with the Yoast SEO plugin v26.1 - https:\/\/yoast.com\/wordpress\/plugins\/seo\/ -->\n<title>Joven muri\u00f3 en accidente de tr\u00e1nsito en Aguazul, Casanare - \u25b7 Noticias de Casanare : Martha Cifuentes | Casanare<\/title>\n<meta name=\"robots\" content=\"index, follow, max-snippet:-1, max-image-preview:large, max-video-preview:-1\" \/>\n<link rel=\"canonical\" href=\"https:\/\/marthacifuentes.com\/portada\/joven-murio-en-accidente-de-transito-en-aguazul-casanare\/\" \/>\n<meta property=\"og:locale\" content=\"es_ES\" \/>\n<meta property=\"og:type\" content=\"article\" \/>\n<meta property=\"og:title\" content=\"Joven muri\u00f3 en accidente de tr\u00e1nsito en Aguazul, Casanare - \u25b7 Noticias de Casanare : Martha Cifuentes | Casanare\" \/>\n<meta property=\"og:description\" content=\"Un joven que apenas contaba con 18 a\u00f1os muri\u00f3 y otro muchacho result\u00f3 herido, como consecuencia de un accidente de tr\u00e1nsito ocurrido en Aguazul, cuando la moto en que se transportaban colision\u00f3 con un carro, cuyo conductor huy\u00f3 del sitio de los hechos con el veh\u00edculo. El fallecido en el lugar del accidente fue Jorge &hellip;\" \/>\n<meta property=\"og:url\" content=\"https:\/\/marthacifuentes.com\/portada\/joven-murio-en-accidente-de-transito-en-aguazul-casanare\/\" \/>\n<meta property=\"og:site_name\" content=\"\u25b7 Noticias de Casanare : Martha Cifuentes | Casanare\" \/>\n<meta property=\"article:published_time\" content=\"2019-07-22T14:18:52+00:00\" \/>\n<meta property=\"article:modified_time\" content=\"2019-07-22T14:52:33+00:00\" \/>\n<meta property=\"og:image\" content=\"https:\/\/marthacifuentes.com\/portada\/wp-content\/uploads\/2019\/07\/WhatsApp-Image-2019-07-21-at-10.04.38-AM-1.jpeg\" \/>\n\t<meta property=\"og:image:width\" content=\"1198\" \/>\n\t<meta property=\"og:image:height\" content=\"960\" \/>\n\t<meta property=\"og:image:type\" content=\"image\/jpeg\" \/>\n<meta name=\"author\" content=\"Martha Cifuentes\" \/>\n<meta name=\"twitter:card\" content=\"summary_large_image\" \/>\n<meta name=\"twitter:label1\" content=\"Escrito por\" \/>\n\t<meta name=\"twitter:data1\" content=\"Martha Cifuentes\" \/>\n\t<meta name=\"twitter:label2\" content=\"Tiempo de lectura\" \/>\n\t<meta name=\"twitter:data2\" content=\"1 minuto\" \/>\n<script type=\"application\/ld+json\" class=\"yoast-schema-graph\">{\"@context\":\"https:\/\/schema.org\",\"@graph\":[{\"@type\":\"WebPage\",\"@id\":\"https:\/\/marthacifuentes.com\/portada\/joven-murio-en-accidente-de-transito-en-aguazul-casanare\/\",\"url\":\"https:\/\/marthacifuentes.com\/portada\/joven-murio-en-accidente-de-transito-en-aguazul-casanare\/\",\"name\":\"Joven muri\u00f3 en accidente de tr\u00e1nsito en Aguazul, Casanare - \u25b7 Noticias de Casanare : Martha Cifuentes | Casanare\",\"isPartOf\":{\"@id\":\"https:\/\/marthacifuentes.com\/portada\/#website\"},\"primaryImageOfPage\":{\"@id\":\"https:\/\/marthacifuentes.com\/portada\/joven-murio-en-accidente-de-transito-en-aguazul-casanare\/#primaryimage\"},\"image\":{\"@id\":\"https:\/\/marthacifuentes.com\/portada\/joven-murio-en-accidente-de-transito-en-aguazul-casanare\/#primaryimage\"},\"thumbnailUrl\":\"https:\/\/marthacifuentes.com\/portada\/wp-content\/uploads\/2019\/07\/WhatsApp-Image-2019-07-21-at-10.04.38-AM-1.jpeg\",\"datePublished\":\"2019-07-22T14:18:52+00:00\",\"dateModified\":\"2019-07-22T14:52:33+00:00\",\"author\":{\"@id\":\"https:\/\/marthacifuentes.com\/portada\/#\/schema\/person\/57f53174b991db5f90ff78d58502b714\"},\"breadcrumb\":{\"@id\":\"https:\/\/marthacifuentes.com\/portada\/joven-murio-en-accidente-de-transito-en-aguazul-casanare\/#breadcrumb\"},\"inLanguage\":\"es\",\"potentialAction\":[{\"@type\":\"ReadAction\",\"target\":[\"https:\/\/marthacifuentes.com\/portada\/joven-murio-en-accidente-de-transito-en-aguazul-casanare\/\"]}]},{\"@type\":\"ImageObject\",\"inLanguage\":\"es\",\"@id\":\"https:\/\/marthacifuentes.com\/portada\/joven-murio-en-accidente-de-transito-en-aguazul-casanare\/#primaryimage\",\"url\":\"https:\/\/marthacifuentes.com\/portada\/wp-content\/uploads\/2019\/07\/WhatsApp-Image-2019-07-21-at-10.04.38-AM-1.jpeg\",\"contentUrl\":\"https:\/\/marthacifuentes.com\/portada\/wp-content\/uploads\/2019\/07\/WhatsApp-Image-2019-07-21-at-10.04.38-AM-1.jpeg\",\"width\":1198,\"height\":960},{\"@type\":\"BreadcrumbList\",\"@id\":\"https:\/\/marthacifuentes.com\/portada\/joven-murio-en-accidente-de-transito-en-aguazul-casanare\/#breadcrumb\",\"itemListElement\":[{\"@type\":\"ListItem\",\"position\":1,\"name\":\"Portada\",\"item\":\"https:\/\/marthacifuentes.com\/portada\/\"},{\"@type\":\"ListItem\",\"position\":2,\"name\":\"Joven muri\u00f3 en accidente de tr\u00e1nsito en Aguazul, Casanare\"}]},{\"@type\":\"WebSite\",\"@id\":\"https:\/\/marthacifuentes.com\/portada\/#website\",\"url\":\"https:\/\/marthacifuentes.com\/portada\/\",\"name\":\"\u25b7 Noticias de Casanare : Martha Cifuentes | Casanare\",\"description\":\"Noticias &amp; Contenidos\",\"potentialAction\":[{\"@type\":\"SearchAction\",\"target\":{\"@type\":\"EntryPoint\",\"urlTemplate\":\"https:\/\/marthacifuentes.com\/portada\/?s={search_term_string}\"},\"query-input\":{\"@type\":\"PropertyValueSpecification\",\"valueRequired\":true,\"valueName\":\"search_term_string\"}}],\"inLanguage\":\"es\"},{\"@type\":\"Person\",\"@id\":\"https:\/\/marthacifuentes.com\/portada\/#\/schema\/person\/57f53174b991db5f90ff78d58502b714\",\"name\":\"Martha Cifuentes\",\"image\":{\"@type\":\"ImageObject\",\"inLanguage\":\"es\",\"@id\":\"https:\/\/marthacifuentes.com\/portada\/#\/schema\/person\/image\/\",\"url\":\"http:\/\/marthacifuentes.com\/portada\/wp-content\/uploads\/2018\/06\/avatar_user_2_1528838701-96x96.jpg\",\"contentUrl\":\"http:\/\/marthacifuentes.com\/portada\/wp-content\/uploads\/2018\/06\/avatar_user_2_1528838701-96x96.jpg\",\"caption\":\"Martha Cifuentes\"},\"sameAs\":[\"http:\/\/www.marthacifuentes.com\"],\"url\":\"https:\/\/marthacifuentes.com\/portada\/author\/martha\/\"}]}<\/script>\n<!-- \/ Yoast SEO plugin. -->","yoast_head_json":{"title":"Joven muri\u00f3 en accidente de tr\u00e1nsito en Aguazul, Casanare - \u25b7 Noticias de Casanare : Martha Cifuentes | Casanare","robots":{"index":"index","follow":"follow","max-snippet":"max-snippet:-1","max-image-preview":"max-image-preview:large","max-video-preview":"max-video-preview:-1"},"canonical":"https:\/\/marthacifuentes.com\/portada\/joven-murio-en-accidente-de-transito-en-aguazul-casanare\/","og_locale":"es_ES","og_type":"article","og_title":"Joven muri\u00f3 en accidente de tr\u00e1nsito en Aguazul, Casanare - \u25b7 Noticias de Casanare : Martha Cifuentes | Casanare","og_description":"Un joven que apenas contaba con 18 a\u00f1os muri\u00f3 y otro muchacho result\u00f3 herido, como consecuencia de un accidente de tr\u00e1nsito ocurrido en Aguazul, cuando la moto en que se transportaban colision\u00f3 con un carro, cuyo conductor huy\u00f3 del sitio de los hechos con el veh\u00edculo. El fallecido en el lugar del accidente fue Jorge &hellip;","og_url":"https:\/\/marthacifuentes.com\/portada\/joven-murio-en-accidente-de-transito-en-aguazul-casanare\/","og_site_name":"\u25b7 Noticias de Casanare : Martha Cifuentes | Casanare","article_published_time":"2019-07-22T14:18:52+00:00","article_modified_time":"2019-07-22T14:52:33+00:00","og_image":[{"width":1198,"height":960,"url":"https:\/\/marthacifuentes.com\/portada\/wp-content\/uploads\/2019\/07\/WhatsApp-Image-2019-07-21-at-10.04.38-AM-1.jpeg","type":"image\/jpeg"}],"author":"Martha Cifuentes","twitter_card":"summary_large_image","twitter_misc":{"Escrito por":"Martha Cifuentes","Tiempo de lectura":"1 minuto"},"schema":{"@context":"https:\/\/schema.org","@graph":[{"@type":"WebPage","@id":"https:\/\/marthacifuentes.com\/portada\/joven-murio-en-accidente-de-transito-en-aguazul-casanare\/","url":"https:\/\/marthacifuentes.com\/portada\/joven-murio-en-accidente-de-transito-en-aguazul-casanare\/","name":"Joven muri\u00f3 en accidente de tr\u00e1nsito en Aguazul, Casanare - \u25b7 Noticias de Casanare : Martha Cifuentes | Casanare","isPartOf":{"@id":"https:\/\/marthacifuentes.com\/portada\/#website"},"primaryImageOfPage":{"@id":"https:\/\/marthacifuentes.com\/portada\/joven-murio-en-accidente-de-transito-en-aguazul-casanare\/#primaryimage"},"image":{"@id":"https:\/\/marthacifuentes.com\/portada\/joven-murio-en-accidente-de-transito-en-aguazul-casanare\/#primaryimage"},"thumbnailUrl":"https:\/\/marthacifuentes.com\/portada\/wp-content\/uploads\/2019\/07\/WhatsApp-Image-2019-07-21-at-10.04.38-AM-1.jpeg","datePublished":"2019-07-22T14:18:52+00:00","dateModified":"2019-07-22T14:52:33+00:00","author":{"@id":"https:\/\/marthacifuentes.com\/portada\/#\/schema\/person\/57f53174b991db5f90ff78d58502b714"},"breadcrumb":{"@id":"https:\/\/marthacifuentes.com\/portada\/joven-murio-en-accidente-de-transito-en-aguazul-casanare\/#breadcrumb"},"inLanguage":"es","potentialAction":[{"@type":"ReadAction","target":["https:\/\/marthacifuentes.com\/portada\/joven-murio-en-accidente-de-transito-en-aguazul-casanare\/"]}]},{"@type":"ImageObject","inLanguage":"es","@id":"https:\/\/marthacifuentes.com\/portada\/joven-murio-en-accidente-de-transito-en-aguazul-casanare\/#primaryimage","url":"https:\/\/marthacifuentes.com\/portada\/wp-content\/uploads\/2019\/07\/WhatsApp-Image-2019-07-21-at-10.04.38-AM-1.jpeg","contentUrl":"https:\/\/marthacifuentes.com\/portada\/wp-content\/uploads\/2019\/07\/WhatsApp-Image-2019-07-21-at-10.04.38-AM-1.jpeg","width":1198,"height":960},{"@type":"BreadcrumbList","@id":"https:\/\/marthacifuentes.com\/portada\/joven-murio-en-accidente-de-transito-en-aguazul-casanare\/#breadcrumb","itemListElement":[{"@type":"ListItem","position":1,"name":"Portada","item":"https:\/\/marthacifuentes.com\/portada\/"},{"@type":"ListItem","position":2,"name":"Joven muri\u00f3 en accidente de tr\u00e1nsito en Aguazul, Casanare"}]},{"@type":"WebSite","@id":"https:\/\/marthacifuentes.com\/portada\/#website","url":"https:\/\/marthacifuentes.com\/portada\/","name":"\u25b7 Noticias de Casanare : Martha Cifuentes | Casanare","description":"Noticias &amp; Contenidos","potentialAction":[{"@type":"SearchAction","target":{"@type":"EntryPoint","urlTemplate":"https:\/\/marthacifuentes.com\/portada\/?s={search_term_string}"},"query-input":{"@type":"PropertyValueSpecification","valueRequired":true,"valueName":"search_term_string"}}],"inLanguage":"es"},{"@type":"Person","@id":"https:\/\/marthacifuentes.com\/portada\/#\/schema\/person\/57f53174b991db5f90ff78d58502b714","name":"Martha Cifuentes","image":{"@type":"ImageObject","inLanguage":"es","@id":"https:\/\/marthacifuentes.com\/portada\/#\/schema\/person\/image\/","url":"http:\/\/marthacifuentes.com\/portada\/wp-content\/uploads\/2018\/06\/avatar_user_2_1528838701-96x96.jpg","contentUrl":"http:\/\/marthacifuentes.com\/portada\/wp-content\/uploads\/2018\/06\/avatar_user_2_1528838701-96x96.jpg","caption":"Martha Cifuentes"},"sameAs":["http:\/\/www.marthacifuentes.com"],"url":"https:\/\/marthacifuentes.com\/portada\/author\/martha\/"}]}},"_links":{"self":[{"href":"https:\/\/marthacifuentes.com\/portada\/wp-json\/wp\/v2\/posts\/21357","targetHints":{"allow":["GET"]}}],"collection":[{"href":"https:\/\/marthacifuentes.com\/portada\/wp-json\/wp\/v2\/posts"}],"about":[{"href":"https:\/\/marthacifuentes.com\/portada\/wp-json\/wp\/v2\/types\/post"}],"author":[{"embeddable":true,"href":"https:\/\/marthacifuentes.com\/portada\/wp-json\/wp\/v2\/users\/2"}],"replies":[{"embeddable":true,"href":"https:\/\/marthacifuentes.com\/portada\/wp-json\/wp\/v2\/comments?post=21357"}],"version-history":[{"count":0,"href":"https:\/\/marthacifuentes.com\/portada\/wp-json\/wp\/v2\/posts\/21357\/revisions"}],"wp:featuredmedia":[{"embeddable":true,"href":"https:\/\/marthacifuentes.com\/portada\/wp-json\/wp\/v2\/media\/21373"}],"wp:attachment":[{"href":"https:\/\/marthacifuentes.com\/portada\/wp-json\/wp\/v2\/media?parent=21357"}],"wp:term":[{"taxonomy":"category","embeddable":true,"href":"https:\/\/marthacifuentes.com\/portada\/wp-json\/wp\/v2\/categories?post=21357"},{"taxonomy":"post_tag","embeddable":true,"href":"https:\/\/marthacifuentes.com\/portada\/wp-json\/wp\/v2\/tags?post=21357"}],"curies":[{"name":"wp","href":"https:\/\/api.w.org\/{rel}","templated":true}]}}