{"id":21360,"date":"2019-07-22T09:32:22","date_gmt":"2019-07-22T14:32:22","guid":{"rendered":"https:\/\/marthacifuentes.com\/portada\/?p=21360"},"modified":"2019-07-22T09:32:22","modified_gmt":"2019-07-22T14:32:22","slug":"carro-de-la-policia-se-convirtio-en-ambulancia-para-salvar-la-vida-de-anciano-atropellado-en-yopal","status":"publish","type":"post","link":"https:\/\/marthacifuentes.com\/portada\/carro-de-la-policia-se-convirtio-en-ambulancia-para-salvar-la-vida-de-anciano-atropellado-en-yopal\/","title":{"rendered":"Carro de la polic\u00eda se convirti\u00f3 en ambulancia para salvar la vida de anciano atropellado en Yopal"},"content":{"rendered":"<p class=\"x_MsoNormal\" style=\"text-align: justify;\"><b>Un veh\u00edculo de la polic\u00eda nacional debi\u00f3 ser utilizado como ambulancia para transportar un adulto mayor herido en accidente de tr\u00e1nsito ocurrido anoche en la transversal 15 con calle 33 de Yopal. El Crue le inform\u00f3 al Cuerpo de Bomberos que no hab\u00eda ambulancias disponibles. <\/b><\/p>\n<p class=\"x_MsoNormal\" style=\"text-align: justify;\">M\u00e1s de 45 minutos el anciano estuvo tendido en la calle en medio de una romer\u00eda de personas que esperaban que una ambulancia atendiera el accidente pero no esto no sucedi\u00f3 y la polic\u00eda en un acto de desespero por salvarle la vida decidi\u00f3 hacer el traslado del paciente en una de sus camionetas. Se desconoce el estado actual de la v\u00edctima.<\/p>\n<p class=\"x_MsoNormal\" style=\"text-align: justify;\">Seg\u00fan testigos del accidente, el adulto mayor de 68 a\u00f1os de edad, iba a pasar la calle y fue atropellado por una moto, cuyo conductor tambi\u00e9n result\u00f3 herido.<\/p>\n<p class=\"x_MsoNormal\" style=\"text-align: justify;\">Llam\u00f3 la atenci\u00f3n que frente a este tipo de situaciones que se presentan con cierta regularidad en Yopal no haya una atenci\u00f3n inmediata por los servicios de ambulancias. Hay que destacar que el Cuerpo de Bomberos de Yopal es muy diligente en la atenci\u00f3n de estas emergencias pero justamente su veh\u00edculo estaba ocupado con otro caso.<\/p>\n<p class=\"x_MsoNormal\">\n","protected":false},"excerpt":{"rendered":"<p>Un veh\u00edculo de la polic\u00eda nacional debi\u00f3 ser utilizado como ambulancia para transportar un adulto mayor herido en accidente de tr\u00e1nsito ocurrido anoche en la transversal 15 con calle 33 de Yopal. El Crue le inform\u00f3 al Cuerpo de Bomberos que no hab\u00eda ambulancias disponibles. M\u00e1s de 45 minutos el anciano estuvo tendido en la &hellip;<\/p>\n","protected":false},"author":2,"featured_media":21362,"comment_status":"open","ping_status":"open","sticky":false,"template":"","format":"standard","meta":{"om_disable_all_campaigns":false,"_exactmetrics_skip_tracking":false,"_exactmetrics_sitenote_active":false,"_exactmetrics_sitenote_note":"","_exactmetrics_sitenote_category":0,"_monsterinsights_skip_tracking":false,"_monsterinsights_sitenote_active":false,"_monsterinsights_sitenote_note":"","_monsterinsights_sitenote_category":0,"_uf_show_specific_survey":0,"_uf_disable_surveys":false,"_joinchat":[],"footnotes":""},"categories":[147,146,145],"tags":[2998,3005,1373,3004,3003,231,1400,1421,226,1376],"class_list":["post-21360","post","type-post","status-publish","format-standard","has-post-thumbnail","hentry","category-actualidad","category-noticias","category-reportajes","tag-accidente-de-transito","tag-adulto-mayor","tag-casanare-noticias","tag-cuerpo-de-bomberos","tag-el-crue","tag-hospital-regional-de-la-orinoquia","tag-noticias-casanare","tag-noticias-yopal","tag-policia","tag-yopal-noticias"],"yoast_head":"<!-- This site is optimized with the Yoast SEO plugin v26.1 - https:\/\/yoast.com\/wordpress\/plugins\/seo\/ -->\n<title>Carro de la polic\u00eda se convirti\u00f3 en ambulancia para salvar la vida de anciano atropellado en Yopal - \u25b7 Noticias de Casanare : Martha Cifuentes | Casanare<\/title>\n<meta name=\"robots\" content=\"index, follow, max-snippet:-1, max-image-preview:large, max-video-preview:-1\" \/>\n<link rel=\"canonical\" href=\"https:\/\/marthacifuentes.com\/portada\/carro-de-la-policia-se-convirtio-en-ambulancia-para-salvar-la-vida-de-anciano-atropellado-en-yopal\/\" \/>\n<meta property=\"og:locale\" content=\"es_ES\" \/>\n<meta property=\"og:type\" content=\"article\" \/>\n<meta property=\"og:title\" content=\"Carro de la polic\u00eda se convirti\u00f3 en ambulancia para salvar la vida de anciano atropellado en Yopal - \u25b7 Noticias de Casanare : Martha Cifuentes | Casanare\" \/>\n<meta property=\"og:description\" content=\"Un veh\u00edculo de la polic\u00eda nacional debi\u00f3 ser utilizado como ambulancia para transportar un adulto mayor herido en accidente de tr\u00e1nsito ocurrido anoche en la transversal 15 con calle 33 de Yopal. El Crue le inform\u00f3 al Cuerpo de Bomberos que no hab\u00eda ambulancias disponibles. M\u00e1s de 45 minutos el anciano estuvo tendido en la &hellip;\" \/>\n<meta property=\"og:url\" content=\"https:\/\/marthacifuentes.com\/portada\/carro-de-la-policia-se-convirtio-en-ambulancia-para-salvar-la-vida-de-anciano-atropellado-en-yopal\/\" \/>\n<meta property=\"og:site_name\" content=\"\u25b7 Noticias de Casanare : Martha Cifuentes | Casanare\" \/>\n<meta property=\"article:published_time\" content=\"2019-07-22T14:32:22+00:00\" \/>\n<meta property=\"og:image\" content=\"https:\/\/marthacifuentes.com\/portada\/wp-content\/uploads\/2019\/07\/ambulancia-policia-2.jpg\" \/>\n\t<meta property=\"og:image:width\" content=\"1110\" \/>\n\t<meta property=\"og:image:height\" content=\"723\" \/>\n\t<meta property=\"og:image:type\" content=\"image\/jpeg\" \/>\n<meta name=\"author\" content=\"Martha Cifuentes\" \/>\n<meta name=\"twitter:card\" content=\"summary_large_image\" \/>\n<meta name=\"twitter:label1\" content=\"Escrito por\" \/>\n\t<meta name=\"twitter:data1\" content=\"Martha Cifuentes\" \/>\n\t<meta name=\"twitter:label2\" content=\"Tiempo de lectura\" \/>\n\t<meta name=\"twitter:data2\" content=\"1 minuto\" \/>\n<script type=\"application\/ld+json\" class=\"yoast-schema-graph\">{\"@context\":\"https:\/\/schema.org\",\"@graph\":[{\"@type\":\"WebPage\",\"@id\":\"https:\/\/marthacifuentes.com\/portada\/carro-de-la-policia-se-convirtio-en-ambulancia-para-salvar-la-vida-de-anciano-atropellado-en-yopal\/\",\"url\":\"https:\/\/marthacifuentes.com\/portada\/carro-de-la-policia-se-convirtio-en-ambulancia-para-salvar-la-vida-de-anciano-atropellado-en-yopal\/\",\"name\":\"Carro de la polic\u00eda se convirti\u00f3 en ambulancia para salvar la vida de anciano atropellado en Yopal - \u25b7 Noticias de Casanare : Martha Cifuentes | Casanare\",\"isPartOf\":{\"@id\":\"https:\/\/marthacifuentes.com\/portada\/#website\"},\"primaryImageOfPage\":{\"@id\":\"https:\/\/marthacifuentes.com\/portada\/carro-de-la-policia-se-convirtio-en-ambulancia-para-salvar-la-vida-de-anciano-atropellado-en-yopal\/#primaryimage\"},\"image\":{\"@id\":\"https:\/\/marthacifuentes.com\/portada\/carro-de-la-policia-se-convirtio-en-ambulancia-para-salvar-la-vida-de-anciano-atropellado-en-yopal\/#primaryimage\"},\"thumbnailUrl\":\"https:\/\/marthacifuentes.com\/portada\/wp-content\/uploads\/2019\/07\/ambulancia-policia-2.jpg\",\"datePublished\":\"2019-07-22T14:32:22+00:00\",\"author\":{\"@id\":\"https:\/\/marthacifuentes.com\/portada\/#\/schema\/person\/57f53174b991db5f90ff78d58502b714\"},\"breadcrumb\":{\"@id\":\"https:\/\/marthacifuentes.com\/portada\/carro-de-la-policia-se-convirtio-en-ambulancia-para-salvar-la-vida-de-anciano-atropellado-en-yopal\/#breadcrumb\"},\"inLanguage\":\"es\",\"potentialAction\":[{\"@type\":\"ReadAction\",\"target\":[\"https:\/\/marthacifuentes.com\/portada\/carro-de-la-policia-se-convirtio-en-ambulancia-para-salvar-la-vida-de-anciano-atropellado-en-yopal\/\"]}]},{\"@type\":\"ImageObject\",\"inLanguage\":\"es\",\"@id\":\"https:\/\/marthacifuentes.com\/portada\/carro-de-la-policia-se-convirtio-en-ambulancia-para-salvar-la-vida-de-anciano-atropellado-en-yopal\/#primaryimage\",\"url\":\"https:\/\/marthacifuentes.com\/portada\/wp-content\/uploads\/2019\/07\/ambulancia-policia-2.jpg\",\"contentUrl\":\"https:\/\/marthacifuentes.com\/portada\/wp-content\/uploads\/2019\/07\/ambulancia-policia-2.jpg\",\"width\":1110,\"height\":723},{\"@type\":\"BreadcrumbList\",\"@id\":\"https:\/\/marthacifuentes.com\/portada\/carro-de-la-policia-se-convirtio-en-ambulancia-para-salvar-la-vida-de-anciano-atropellado-en-yopal\/#breadcrumb\",\"itemListElement\":[{\"@type\":\"ListItem\",\"position\":1,\"name\":\"Portada\",\"item\":\"https:\/\/marthacifuentes.com\/portada\/\"},{\"@type\":\"ListItem\",\"position\":2,\"name\":\"Carro de la polic\u00eda se convirti\u00f3 en ambulancia para salvar la vida de anciano atropellado en Yopal\"}]},{\"@type\":\"WebSite\",\"@id\":\"https:\/\/marthacifuentes.com\/portada\/#website\",\"url\":\"https:\/\/marthacifuentes.com\/portada\/\",\"name\":\"\u25b7 Noticias de Casanare : Martha Cifuentes | Casanare\",\"description\":\"Noticias &amp; Contenidos\",\"potentialAction\":[{\"@type\":\"SearchAction\",\"target\":{\"@type\":\"EntryPoint\",\"urlTemplate\":\"https:\/\/marthacifuentes.com\/portada\/?s={search_term_string}\"},\"query-input\":{\"@type\":\"PropertyValueSpecification\",\"valueRequired\":true,\"valueName\":\"search_term_string\"}}],\"inLanguage\":\"es\"},{\"@type\":\"Person\",\"@id\":\"https:\/\/marthacifuentes.com\/portada\/#\/schema\/person\/57f53174b991db5f90ff78d58502b714\",\"name\":\"Martha Cifuentes\",\"image\":{\"@type\":\"ImageObject\",\"inLanguage\":\"es\",\"@id\":\"https:\/\/marthacifuentes.com\/portada\/#\/schema\/person\/image\/\",\"url\":\"http:\/\/marthacifuentes.com\/portada\/wp-content\/uploads\/2018\/06\/avatar_user_2_1528838701-96x96.jpg\",\"contentUrl\":\"http:\/\/marthacifuentes.com\/portada\/wp-content\/uploads\/2018\/06\/avatar_user_2_1528838701-96x96.jpg\",\"caption\":\"Martha Cifuentes\"},\"sameAs\":[\"http:\/\/www.marthacifuentes.com\"],\"url\":\"https:\/\/marthacifuentes.com\/portada\/author\/martha\/\"}]}<\/script>\n<!-- \/ Yoast SEO plugin. -->","yoast_head_json":{"title":"Carro de la polic\u00eda se convirti\u00f3 en ambulancia para salvar la vida de anciano atropellado en Yopal - \u25b7 Noticias de Casanare : Martha Cifuentes | Casanare","robots":{"index":"index","follow":"follow","max-snippet":"max-snippet:-1","max-image-preview":"max-image-preview:large","max-video-preview":"max-video-preview:-1"},"canonical":"https:\/\/marthacifuentes.com\/portada\/carro-de-la-policia-se-convirtio-en-ambulancia-para-salvar-la-vida-de-anciano-atropellado-en-yopal\/","og_locale":"es_ES","og_type":"article","og_title":"Carro de la polic\u00eda se convirti\u00f3 en ambulancia para salvar la vida de anciano atropellado en Yopal - \u25b7 Noticias de Casanare : Martha Cifuentes | Casanare","og_description":"Un veh\u00edculo de la polic\u00eda nacional debi\u00f3 ser utilizado como ambulancia para transportar un adulto mayor herido en accidente de tr\u00e1nsito ocurrido anoche en la transversal 15 con calle 33 de Yopal. El Crue le inform\u00f3 al Cuerpo de Bomberos que no hab\u00eda ambulancias disponibles. M\u00e1s de 45 minutos el anciano estuvo tendido en la &hellip;","og_url":"https:\/\/marthacifuentes.com\/portada\/carro-de-la-policia-se-convirtio-en-ambulancia-para-salvar-la-vida-de-anciano-atropellado-en-yopal\/","og_site_name":"\u25b7 Noticias de Casanare : Martha Cifuentes | Casanare","article_published_time":"2019-07-22T14:32:22+00:00","og_image":[{"width":1110,"height":723,"url":"https:\/\/marthacifuentes.com\/portada\/wp-content\/uploads\/2019\/07\/ambulancia-policia-2.jpg","type":"image\/jpeg"}],"author":"Martha Cifuentes","twitter_card":"summary_large_image","twitter_misc":{"Escrito por":"Martha Cifuentes","Tiempo de lectura":"1 minuto"},"schema":{"@context":"https:\/\/schema.org","@graph":[{"@type":"WebPage","@id":"https:\/\/marthacifuentes.com\/portada\/carro-de-la-policia-se-convirtio-en-ambulancia-para-salvar-la-vida-de-anciano-atropellado-en-yopal\/","url":"https:\/\/marthacifuentes.com\/portada\/carro-de-la-policia-se-convirtio-en-ambulancia-para-salvar-la-vida-de-anciano-atropellado-en-yopal\/","name":"Carro de la polic\u00eda se convirti\u00f3 en ambulancia para salvar la vida de anciano atropellado en Yopal - \u25b7 Noticias de Casanare : Martha Cifuentes | Casanare","isPartOf":{"@id":"https:\/\/marthacifuentes.com\/portada\/#website"},"primaryImageOfPage":{"@id":"https:\/\/marthacifuentes.com\/portada\/carro-de-la-policia-se-convirtio-en-ambulancia-para-salvar-la-vida-de-anciano-atropellado-en-yopal\/#primaryimage"},"image":{"@id":"https:\/\/marthacifuentes.com\/portada\/carro-de-la-policia-se-convirtio-en-ambulancia-para-salvar-la-vida-de-anciano-atropellado-en-yopal\/#primaryimage"},"thumbnailUrl":"https:\/\/marthacifuentes.com\/portada\/wp-content\/uploads\/2019\/07\/ambulancia-policia-2.jpg","datePublished":"2019-07-22T14:32:22+00:00","author":{"@id":"https:\/\/marthacifuentes.com\/portada\/#\/schema\/person\/57f53174b991db5f90ff78d58502b714"},"breadcrumb":{"@id":"https:\/\/marthacifuentes.com\/portada\/carro-de-la-policia-se-convirtio-en-ambulancia-para-salvar-la-vida-de-anciano-atropellado-en-yopal\/#breadcrumb"},"inLanguage":"es","potentialAction":[{"@type":"ReadAction","target":["https:\/\/marthacifuentes.com\/portada\/carro-de-la-policia-se-convirtio-en-ambulancia-para-salvar-la-vida-de-anciano-atropellado-en-yopal\/"]}]},{"@type":"ImageObject","inLanguage":"es","@id":"https:\/\/marthacifuentes.com\/portada\/carro-de-la-policia-se-convirtio-en-ambulancia-para-salvar-la-vida-de-anciano-atropellado-en-yopal\/#primaryimage","url":"https:\/\/marthacifuentes.com\/portada\/wp-content\/uploads\/2019\/07\/ambulancia-policia-2.jpg","contentUrl":"https:\/\/marthacifuentes.com\/portada\/wp-content\/uploads\/2019\/07\/ambulancia-policia-2.jpg","width":1110,"height":723},{"@type":"BreadcrumbList","@id":"https:\/\/marthacifuentes.com\/portada\/carro-de-la-policia-se-convirtio-en-ambulancia-para-salvar-la-vida-de-anciano-atropellado-en-yopal\/#breadcrumb","itemListElement":[{"@type":"ListItem","position":1,"name":"Portada","item":"https:\/\/marthacifuentes.com\/portada\/"},{"@type":"ListItem","position":2,"name":"Carro de la polic\u00eda se convirti\u00f3 en ambulancia para salvar la vida de anciano atropellado en Yopal"}]},{"@type":"WebSite","@id":"https:\/\/marthacifuentes.com\/portada\/#website","url":"https:\/\/marthacifuentes.com\/portada\/","name":"\u25b7 Noticias de Casanare : Martha Cifuentes | Casanare","description":"Noticias &amp; Contenidos","potentialAction":[{"@type":"SearchAction","target":{"@type":"EntryPoint","urlTemplate":"https:\/\/marthacifuentes.com\/portada\/?s={search_term_string}"},"query-input":{"@type":"PropertyValueSpecification","valueRequired":true,"valueName":"search_term_string"}}],"inLanguage":"es"},{"@type":"Person","@id":"https:\/\/marthacifuentes.com\/portada\/#\/schema\/person\/57f53174b991db5f90ff78d58502b714","name":"Martha Cifuentes","image":{"@type":"ImageObject","inLanguage":"es","@id":"https:\/\/marthacifuentes.com\/portada\/#\/schema\/person\/image\/","url":"http:\/\/marthacifuentes.com\/portada\/wp-content\/uploads\/2018\/06\/avatar_user_2_1528838701-96x96.jpg","contentUrl":"http:\/\/marthacifuentes.com\/portada\/wp-content\/uploads\/2018\/06\/avatar_user_2_1528838701-96x96.jpg","caption":"Martha Cifuentes"},"sameAs":["http:\/\/www.marthacifuentes.com"],"url":"https:\/\/marthacifuentes.com\/portada\/author\/martha\/"}]}},"_links":{"self":[{"href":"https:\/\/marthacifuentes.com\/portada\/wp-json\/wp\/v2\/posts\/21360","targetHints":{"allow":["GET"]}}],"collection":[{"href":"https:\/\/marthacifuentes.com\/portada\/wp-json\/wp\/v2\/posts"}],"about":[{"href":"https:\/\/marthacifuentes.com\/portada\/wp-json\/wp\/v2\/types\/post"}],"author":[{"embeddable":true,"href":"https:\/\/marthacifuentes.com\/portada\/wp-json\/wp\/v2\/users\/2"}],"replies":[{"embeddable":true,"href":"https:\/\/marthacifuentes.com\/portada\/wp-json\/wp\/v2\/comments?post=21360"}],"version-history":[{"count":0,"href":"https:\/\/marthacifuentes.com\/portada\/wp-json\/wp\/v2\/posts\/21360\/revisions"}],"wp:featuredmedia":[{"embeddable":true,"href":"https:\/\/marthacifuentes.com\/portada\/wp-json\/wp\/v2\/media\/21362"}],"wp:attachment":[{"href":"https:\/\/marthacifuentes.com\/portada\/wp-json\/wp\/v2\/media?parent=21360"}],"wp:term":[{"taxonomy":"category","embeddable":true,"href":"https:\/\/marthacifuentes.com\/portada\/wp-json\/wp\/v2\/categories?post=21360"},{"taxonomy":"post_tag","embeddable":true,"href":"https:\/\/marthacifuentes.com\/portada\/wp-json\/wp\/v2\/tags?post=21360"}],"curies":[{"name":"wp","href":"https:\/\/api.w.org\/{rel}","templated":true}]}}