{"id":21361,"date":"2019-07-22T09:40:58","date_gmt":"2019-07-22T14:40:58","guid":{"rendered":"https:\/\/marthacifuentes.com\/portada\/?p=21361"},"modified":"2019-07-22T09:40:58","modified_gmt":"2019-07-22T14:40:58","slug":"sellado-por-4-dias-las-tres-topias-en-yopal-de-el-gran-llanerazo","status":"publish","type":"post","link":"https:\/\/marthacifuentes.com\/portada\/sellado-por-4-dias-las-tres-topias-en-yopal-de-el-gran-llanerazo\/","title":{"rendered":"Sellado por 4 d\u00edas Las Tres Topias en Yopal, de El Gran Llanerazo"},"content":{"rendered":"<p class=\"x_MsoNormal\" style=\"text-align: justify;\"><b>La presencia de dos menores de edad sumada a la carencia del cumplimiento de requisitos legales en el establecimiento comercial \u201cLas Tres Topias\u201d en Yopal, de propiedad de Otoniel Casta\u00f1eda, conocido popularmente como el Gran Llanerazo, gener\u00f3 su cierre temporal por 4 d\u00edas.\u00a0 <\/b><\/p>\n<p class=\"x_MsoNormal\" style=\"text-align: justify;\">El sellamiento se produjo el pasado viernes 19 de julio a las 9:00 de la noche cuando la polic\u00eda en una inspecci\u00f3n al sitio, donde tambi\u00e9n se vende licor, encontr\u00f3 dos jovencitas menores de edad y procedi\u00f3 a pedir la documentaci\u00f3n respectiva de funcionamiento y esta no se encontraba al d\u00eda.<\/p>\n<p class=\"x_MsoNormal\" style=\"text-align: justify;\">\u201cLas Tres Topias\u201d es un emprendimiento cultural innovador del Gran Llanerazo que ha franquiciado el sitio como un centro cultural promotor de las tradiciones llaneras, venta de caf\u00e9 tradicional y agua de panela, entre otras bebidas.<\/p>\n<p class=\"x_MsoNormal\" style=\"text-align: justify;\">Otoniel confirm\u00f3 que a\u00fan se encuentra en tr\u00e1mites de legalizaci\u00f3n de su establecimiento comercial pero neg\u00f3 que las jovencitas estuvieran consumiendo licor. Cuestion\u00f3, lo que a \u00e9l le pareci\u00f3, desmedido operativo de inspecci\u00f3n hecho por la polic\u00eda nacional. Igualmente dijo que esta semana atender\u00eda los temas legales para cumplir con todos los requisitos exigidos para su funcionamiento.<\/p>\n","protected":false},"excerpt":{"rendered":"<p>La presencia de dos menores de edad sumada a la carencia del cumplimiento de requisitos legales en el establecimiento comercial \u201cLas Tres Topias\u201d en Yopal, de propiedad de Otoniel Casta\u00f1eda, conocido popularmente como el Gran Llanerazo, gener\u00f3 su cierre temporal por 4 d\u00edas.\u00a0 El sellamiento se produjo el pasado viernes 19 de julio a las &hellip;<\/p>\n","protected":false},"author":2,"featured_media":21364,"comment_status":"open","ping_status":"open","sticky":false,"template":"","format":"standard","meta":{"om_disable_all_campaigns":false,"_exactmetrics_skip_tracking":false,"_exactmetrics_sitenote_active":false,"_exactmetrics_sitenote_note":"","_exactmetrics_sitenote_category":0,"_monsterinsights_skip_tracking":false,"_monsterinsights_sitenote_active":false,"_monsterinsights_sitenote_note":"","_monsterinsights_sitenote_category":0,"_uf_show_specific_survey":0,"_uf_disable_surveys":false,"_joinchat":[],"footnotes":""},"categories":[147,146,145],"tags":[1373,3006,2315,3009,3007,1400,1421,3008,1376],"class_list":["post-21361","post","type-post","status-publish","format-standard","has-post-thumbnail","hentry","category-actualidad","category-noticias","category-reportajes","tag-casanare-noticias","tag-el-gran-llanerazo","tag-emprenderismo","tag-establecimientos","tag-las-tres-topias","tag-noticias-casanare","tag-noticias-yopal","tag-otoniel-castaneda","tag-yopal-noticias"],"yoast_head":"<!-- This site is optimized with the Yoast SEO plugin v26.1 - https:\/\/yoast.com\/wordpress\/plugins\/seo\/ -->\n<title>Sellado por 4 d\u00edas Las Tres Topias en Yopal, de El Gran Llanerazo - \u25b7 Noticias de Casanare : Martha Cifuentes | Casanare<\/title>\n<meta name=\"robots\" content=\"index, follow, max-snippet:-1, max-image-preview:large, max-video-preview:-1\" \/>\n<link rel=\"canonical\" href=\"https:\/\/marthacifuentes.com\/portada\/sellado-por-4-dias-las-tres-topias-en-yopal-de-el-gran-llanerazo\/\" \/>\n<meta property=\"og:locale\" content=\"es_ES\" \/>\n<meta property=\"og:type\" content=\"article\" \/>\n<meta property=\"og:title\" content=\"Sellado por 4 d\u00edas Las Tres Topias en Yopal, de El Gran Llanerazo - \u25b7 Noticias de Casanare : Martha Cifuentes | Casanare\" \/>\n<meta property=\"og:description\" content=\"La presencia de dos menores de edad sumada a la carencia del cumplimiento de requisitos legales en el establecimiento comercial \u201cLas Tres Topias\u201d en Yopal, de propiedad de Otoniel Casta\u00f1eda, conocido popularmente como el Gran Llanerazo, gener\u00f3 su cierre temporal por 4 d\u00edas.\u00a0 El sellamiento se produjo el pasado viernes 19 de julio a las &hellip;\" \/>\n<meta property=\"og:url\" content=\"https:\/\/marthacifuentes.com\/portada\/sellado-por-4-dias-las-tres-topias-en-yopal-de-el-gran-llanerazo\/\" \/>\n<meta property=\"og:site_name\" content=\"\u25b7 Noticias de Casanare : Martha Cifuentes | Casanare\" \/>\n<meta property=\"article:published_time\" content=\"2019-07-22T14:40:58+00:00\" \/>\n<meta property=\"og:image\" content=\"https:\/\/marthacifuentes.com\/portada\/wp-content\/uploads\/2019\/07\/Las-tres-topias.jpg\" \/>\n\t<meta property=\"og:image:width\" content=\"1280\" \/>\n\t<meta property=\"og:image:height\" content=\"720\" \/>\n\t<meta property=\"og:image:type\" content=\"image\/jpeg\" \/>\n<meta name=\"author\" content=\"Martha Cifuentes\" \/>\n<meta name=\"twitter:card\" content=\"summary_large_image\" \/>\n<meta name=\"twitter:label1\" content=\"Escrito por\" \/>\n\t<meta name=\"twitter:data1\" content=\"Martha Cifuentes\" \/>\n\t<meta name=\"twitter:label2\" content=\"Tiempo de lectura\" \/>\n\t<meta name=\"twitter:data2\" content=\"1 minuto\" \/>\n<script type=\"application\/ld+json\" class=\"yoast-schema-graph\">{\"@context\":\"https:\/\/schema.org\",\"@graph\":[{\"@type\":\"WebPage\",\"@id\":\"https:\/\/marthacifuentes.com\/portada\/sellado-por-4-dias-las-tres-topias-en-yopal-de-el-gran-llanerazo\/\",\"url\":\"https:\/\/marthacifuentes.com\/portada\/sellado-por-4-dias-las-tres-topias-en-yopal-de-el-gran-llanerazo\/\",\"name\":\"Sellado por 4 d\u00edas Las Tres Topias en Yopal, de El Gran Llanerazo - \u25b7 Noticias de Casanare : Martha Cifuentes | Casanare\",\"isPartOf\":{\"@id\":\"https:\/\/marthacifuentes.com\/portada\/#website\"},\"primaryImageOfPage\":{\"@id\":\"https:\/\/marthacifuentes.com\/portada\/sellado-por-4-dias-las-tres-topias-en-yopal-de-el-gran-llanerazo\/#primaryimage\"},\"image\":{\"@id\":\"https:\/\/marthacifuentes.com\/portada\/sellado-por-4-dias-las-tres-topias-en-yopal-de-el-gran-llanerazo\/#primaryimage\"},\"thumbnailUrl\":\"https:\/\/marthacifuentes.com\/portada\/wp-content\/uploads\/2019\/07\/Las-tres-topias.jpg\",\"datePublished\":\"2019-07-22T14:40:58+00:00\",\"author\":{\"@id\":\"https:\/\/marthacifuentes.com\/portada\/#\/schema\/person\/57f53174b991db5f90ff78d58502b714\"},\"breadcrumb\":{\"@id\":\"https:\/\/marthacifuentes.com\/portada\/sellado-por-4-dias-las-tres-topias-en-yopal-de-el-gran-llanerazo\/#breadcrumb\"},\"inLanguage\":\"es\",\"potentialAction\":[{\"@type\":\"ReadAction\",\"target\":[\"https:\/\/marthacifuentes.com\/portada\/sellado-por-4-dias-las-tres-topias-en-yopal-de-el-gran-llanerazo\/\"]}]},{\"@type\":\"ImageObject\",\"inLanguage\":\"es\",\"@id\":\"https:\/\/marthacifuentes.com\/portada\/sellado-por-4-dias-las-tres-topias-en-yopal-de-el-gran-llanerazo\/#primaryimage\",\"url\":\"https:\/\/marthacifuentes.com\/portada\/wp-content\/uploads\/2019\/07\/Las-tres-topias.jpg\",\"contentUrl\":\"https:\/\/marthacifuentes.com\/portada\/wp-content\/uploads\/2019\/07\/Las-tres-topias.jpg\",\"width\":1280,\"height\":720},{\"@type\":\"BreadcrumbList\",\"@id\":\"https:\/\/marthacifuentes.com\/portada\/sellado-por-4-dias-las-tres-topias-en-yopal-de-el-gran-llanerazo\/#breadcrumb\",\"itemListElement\":[{\"@type\":\"ListItem\",\"position\":1,\"name\":\"Portada\",\"item\":\"https:\/\/marthacifuentes.com\/portada\/\"},{\"@type\":\"ListItem\",\"position\":2,\"name\":\"Sellado por 4 d\u00edas Las Tres Topias en Yopal, de El Gran Llanerazo\"}]},{\"@type\":\"WebSite\",\"@id\":\"https:\/\/marthacifuentes.com\/portada\/#website\",\"url\":\"https:\/\/marthacifuentes.com\/portada\/\",\"name\":\"\u25b7 Noticias de Casanare : Martha Cifuentes | Casanare\",\"description\":\"Noticias &amp; Contenidos\",\"potentialAction\":[{\"@type\":\"SearchAction\",\"target\":{\"@type\":\"EntryPoint\",\"urlTemplate\":\"https:\/\/marthacifuentes.com\/portada\/?s={search_term_string}\"},\"query-input\":{\"@type\":\"PropertyValueSpecification\",\"valueRequired\":true,\"valueName\":\"search_term_string\"}}],\"inLanguage\":\"es\"},{\"@type\":\"Person\",\"@id\":\"https:\/\/marthacifuentes.com\/portada\/#\/schema\/person\/57f53174b991db5f90ff78d58502b714\",\"name\":\"Martha Cifuentes\",\"image\":{\"@type\":\"ImageObject\",\"inLanguage\":\"es\",\"@id\":\"https:\/\/marthacifuentes.com\/portada\/#\/schema\/person\/image\/\",\"url\":\"http:\/\/marthacifuentes.com\/portada\/wp-content\/uploads\/2018\/06\/avatar_user_2_1528838701-96x96.jpg\",\"contentUrl\":\"http:\/\/marthacifuentes.com\/portada\/wp-content\/uploads\/2018\/06\/avatar_user_2_1528838701-96x96.jpg\",\"caption\":\"Martha Cifuentes\"},\"sameAs\":[\"http:\/\/www.marthacifuentes.com\"],\"url\":\"https:\/\/marthacifuentes.com\/portada\/author\/martha\/\"}]}<\/script>\n<!-- \/ Yoast SEO plugin. -->","yoast_head_json":{"title":"Sellado por 4 d\u00edas Las Tres Topias en Yopal, de El Gran Llanerazo - \u25b7 Noticias de Casanare : Martha Cifuentes | Casanare","robots":{"index":"index","follow":"follow","max-snippet":"max-snippet:-1","max-image-preview":"max-image-preview:large","max-video-preview":"max-video-preview:-1"},"canonical":"https:\/\/marthacifuentes.com\/portada\/sellado-por-4-dias-las-tres-topias-en-yopal-de-el-gran-llanerazo\/","og_locale":"es_ES","og_type":"article","og_title":"Sellado por 4 d\u00edas Las Tres Topias en Yopal, de El Gran Llanerazo - \u25b7 Noticias de Casanare : Martha Cifuentes | Casanare","og_description":"La presencia de dos menores de edad sumada a la carencia del cumplimiento de requisitos legales en el establecimiento comercial \u201cLas Tres Topias\u201d en Yopal, de propiedad de Otoniel Casta\u00f1eda, conocido popularmente como el Gran Llanerazo, gener\u00f3 su cierre temporal por 4 d\u00edas.\u00a0 El sellamiento se produjo el pasado viernes 19 de julio a las &hellip;","og_url":"https:\/\/marthacifuentes.com\/portada\/sellado-por-4-dias-las-tres-topias-en-yopal-de-el-gran-llanerazo\/","og_site_name":"\u25b7 Noticias de Casanare : Martha Cifuentes | Casanare","article_published_time":"2019-07-22T14:40:58+00:00","og_image":[{"width":1280,"height":720,"url":"https:\/\/marthacifuentes.com\/portada\/wp-content\/uploads\/2019\/07\/Las-tres-topias.jpg","type":"image\/jpeg"}],"author":"Martha Cifuentes","twitter_card":"summary_large_image","twitter_misc":{"Escrito por":"Martha Cifuentes","Tiempo de lectura":"1 minuto"},"schema":{"@context":"https:\/\/schema.org","@graph":[{"@type":"WebPage","@id":"https:\/\/marthacifuentes.com\/portada\/sellado-por-4-dias-las-tres-topias-en-yopal-de-el-gran-llanerazo\/","url":"https:\/\/marthacifuentes.com\/portada\/sellado-por-4-dias-las-tres-topias-en-yopal-de-el-gran-llanerazo\/","name":"Sellado por 4 d\u00edas Las Tres Topias en Yopal, de El Gran Llanerazo - \u25b7 Noticias de Casanare : Martha Cifuentes | Casanare","isPartOf":{"@id":"https:\/\/marthacifuentes.com\/portada\/#website"},"primaryImageOfPage":{"@id":"https:\/\/marthacifuentes.com\/portada\/sellado-por-4-dias-las-tres-topias-en-yopal-de-el-gran-llanerazo\/#primaryimage"},"image":{"@id":"https:\/\/marthacifuentes.com\/portada\/sellado-por-4-dias-las-tres-topias-en-yopal-de-el-gran-llanerazo\/#primaryimage"},"thumbnailUrl":"https:\/\/marthacifuentes.com\/portada\/wp-content\/uploads\/2019\/07\/Las-tres-topias.jpg","datePublished":"2019-07-22T14:40:58+00:00","author":{"@id":"https:\/\/marthacifuentes.com\/portada\/#\/schema\/person\/57f53174b991db5f90ff78d58502b714"},"breadcrumb":{"@id":"https:\/\/marthacifuentes.com\/portada\/sellado-por-4-dias-las-tres-topias-en-yopal-de-el-gran-llanerazo\/#breadcrumb"},"inLanguage":"es","potentialAction":[{"@type":"ReadAction","target":["https:\/\/marthacifuentes.com\/portada\/sellado-por-4-dias-las-tres-topias-en-yopal-de-el-gran-llanerazo\/"]}]},{"@type":"ImageObject","inLanguage":"es","@id":"https:\/\/marthacifuentes.com\/portada\/sellado-por-4-dias-las-tres-topias-en-yopal-de-el-gran-llanerazo\/#primaryimage","url":"https:\/\/marthacifuentes.com\/portada\/wp-content\/uploads\/2019\/07\/Las-tres-topias.jpg","contentUrl":"https:\/\/marthacifuentes.com\/portada\/wp-content\/uploads\/2019\/07\/Las-tres-topias.jpg","width":1280,"height":720},{"@type":"BreadcrumbList","@id":"https:\/\/marthacifuentes.com\/portada\/sellado-por-4-dias-las-tres-topias-en-yopal-de-el-gran-llanerazo\/#breadcrumb","itemListElement":[{"@type":"ListItem","position":1,"name":"Portada","item":"https:\/\/marthacifuentes.com\/portada\/"},{"@type":"ListItem","position":2,"name":"Sellado por 4 d\u00edas Las Tres Topias en Yopal, de El Gran Llanerazo"}]},{"@type":"WebSite","@id":"https:\/\/marthacifuentes.com\/portada\/#website","url":"https:\/\/marthacifuentes.com\/portada\/","name":"\u25b7 Noticias de Casanare : Martha Cifuentes | Casanare","description":"Noticias &amp; Contenidos","potentialAction":[{"@type":"SearchAction","target":{"@type":"EntryPoint","urlTemplate":"https:\/\/marthacifuentes.com\/portada\/?s={search_term_string}"},"query-input":{"@type":"PropertyValueSpecification","valueRequired":true,"valueName":"search_term_string"}}],"inLanguage":"es"},{"@type":"Person","@id":"https:\/\/marthacifuentes.com\/portada\/#\/schema\/person\/57f53174b991db5f90ff78d58502b714","name":"Martha Cifuentes","image":{"@type":"ImageObject","inLanguage":"es","@id":"https:\/\/marthacifuentes.com\/portada\/#\/schema\/person\/image\/","url":"http:\/\/marthacifuentes.com\/portada\/wp-content\/uploads\/2018\/06\/avatar_user_2_1528838701-96x96.jpg","contentUrl":"http:\/\/marthacifuentes.com\/portada\/wp-content\/uploads\/2018\/06\/avatar_user_2_1528838701-96x96.jpg","caption":"Martha Cifuentes"},"sameAs":["http:\/\/www.marthacifuentes.com"],"url":"https:\/\/marthacifuentes.com\/portada\/author\/martha\/"}]}},"_links":{"self":[{"href":"https:\/\/marthacifuentes.com\/portada\/wp-json\/wp\/v2\/posts\/21361","targetHints":{"allow":["GET"]}}],"collection":[{"href":"https:\/\/marthacifuentes.com\/portada\/wp-json\/wp\/v2\/posts"}],"about":[{"href":"https:\/\/marthacifuentes.com\/portada\/wp-json\/wp\/v2\/types\/post"}],"author":[{"embeddable":true,"href":"https:\/\/marthacifuentes.com\/portada\/wp-json\/wp\/v2\/users\/2"}],"replies":[{"embeddable":true,"href":"https:\/\/marthacifuentes.com\/portada\/wp-json\/wp\/v2\/comments?post=21361"}],"version-history":[{"count":0,"href":"https:\/\/marthacifuentes.com\/portada\/wp-json\/wp\/v2\/posts\/21361\/revisions"}],"wp:featuredmedia":[{"embeddable":true,"href":"https:\/\/marthacifuentes.com\/portada\/wp-json\/wp\/v2\/media\/21364"}],"wp:attachment":[{"href":"https:\/\/marthacifuentes.com\/portada\/wp-json\/wp\/v2\/media?parent=21361"}],"wp:term":[{"taxonomy":"category","embeddable":true,"href":"https:\/\/marthacifuentes.com\/portada\/wp-json\/wp\/v2\/categories?post=21361"},{"taxonomy":"post_tag","embeddable":true,"href":"https:\/\/marthacifuentes.com\/portada\/wp-json\/wp\/v2\/tags?post=21361"}],"curies":[{"name":"wp","href":"https:\/\/api.w.org\/{rel}","templated":true}]}}