{"id":21376,"date":"2019-07-23T08:02:51","date_gmt":"2019-07-23T13:02:51","guid":{"rendered":"https:\/\/marthacifuentes.com\/portada\/?p=21376"},"modified":"2019-07-23T08:02:51","modified_gmt":"2019-07-23T13:02:51","slug":"gobernador-de-casanare-concursa-para-ser-elegido-como-uno-de-los-mejores-gobernadores-del-pais","status":"publish","type":"post","link":"https:\/\/marthacifuentes.com\/portada\/gobernador-de-casanare-concursa-para-ser-elegido-como-uno-de-los-mejores-gobernadores-del-pais\/","title":{"rendered":"Gobernador de Casanare concursa para ser elegido como uno de los mejores gobernadores del pa\u00eds"},"content":{"rendered":"<p class=\"x_MsoNormal\" style=\"text-align: justify;\">El gobernador de Casanare Josu\u00e9 Alirio Barrera fue nominado entre los mejores gobernantes del pa\u00eds, en la categor\u00eda VII, en la medici\u00f3n que hace Colombia L\u00edder, una entidad que eval\u00faa y visibiliza a los l\u00edderes locales y regionales que realizan aportes positivos en sus comunidades. Para este ejercicio, se cuenta con el apoyo t\u00e9cnico de la Universidad del Rosario.<\/p>\n<p class=\"x_MsoNormal\" style=\"text-align: justify;\">Fue la misma directora ejecutiva de Colombia L\u00edder, Karem Labrador Ara\u00fajo, quien dio a conocer los nombres de los alcaldes y gobernadores seleccionados que concursan para la obtenci\u00f3n del premio, el cual ser\u00e1 entregado el 11 de diciembre del 2019 en Bogot\u00e1.<\/p>\n<p class=\"x_MsoNormal\" style=\"text-align: justify;\">Los otros departamentos nominados en la categor\u00eda VII son: Arauca, Cauca, Guain\u00eda, Guaviare, Putumayo, Sucre y Vichada.<\/p>\n<p class=\"x_MsoNormal\" style=\"text-align: justify;\">Los indicadores que se tuvieron en cuenta son: Impuestos, porcentaje del gasto total destinado a inversi\u00f3n, capacidad de ahorro, porcentaje de ingresos corrientes de recursos propios.<\/p>\n<p class=\"x_MsoNormal\" style=\"text-align: justify;\">Tambi\u00e9n, \u00cdndice Departamental de Innovaci\u00f3n, \u00cdndice de Gobierno Digital, fallecidos y lesionados en siniestros viales, \u00cdndice de Gobierno Abierto, \u00cdndice de Transparencia Departamental y porcentaje de recursos de regal\u00edas.<\/p>\n<p class=\"x_MsoNormal\" style=\"text-align: justify;\">Cabe destacar que Man\u00ed, fue nominado tambi\u00e9n en la categor\u00eda Dos, como mejor municipio, por Colombia L\u00edder.<\/p>\n","protected":false},"excerpt":{"rendered":"<p>El gobernador de Casanare Josu\u00e9 Alirio Barrera fue nominado entre los mejores gobernantes del pa\u00eds, en la categor\u00eda VII, en la medici\u00f3n que hace Colombia L\u00edder, una entidad que eval\u00faa y visibiliza a los l\u00edderes locales y regionales que realizan aportes positivos en sus comunidades. Para este ejercicio, se cuenta con el apoyo t\u00e9cnico de &hellip;<\/p>\n","protected":false},"author":2,"featured_media":21380,"comment_status":"open","ping_status":"open","sticky":false,"template":"","format":"standard","meta":{"om_disable_all_campaigns":false,"_exactmetrics_skip_tracking":false,"_exactmetrics_sitenote_active":false,"_exactmetrics_sitenote_note":"","_exactmetrics_sitenote_category":0,"_monsterinsights_skip_tracking":false,"_monsterinsights_sitenote_active":false,"_monsterinsights_sitenote_note":"","_monsterinsights_sitenote_category":0,"_uf_show_specific_survey":0,"_uf_disable_surveys":false,"_joinchat":[],"footnotes":""},"categories":[147,146,145],"tags":[193,1373,3015,187,1400,1421,2425,1376],"class_list":["post-21376","post","type-post","status-publish","format-standard","has-post-thumbnail","hentry","category-actualidad","category-noticias","category-reportajes","tag-alirio-barrera","tag-casanare-noticias","tag-colombia-lider","tag-gobernacion-de-casanare","tag-noticias-casanare","tag-noticias-yopal","tag-universidad-del-rosario","tag-yopal-noticias"],"yoast_head":"<!-- This site is optimized with the Yoast SEO plugin v26.1 - https:\/\/yoast.com\/wordpress\/plugins\/seo\/ -->\n<title>Gobernador de Casanare concursa para ser elegido como uno de los mejores gobernadores del pa\u00eds - \u25b7 Noticias de Casanare : Martha Cifuentes | Casanare<\/title>\n<meta name=\"robots\" content=\"index, follow, max-snippet:-1, max-image-preview:large, max-video-preview:-1\" \/>\n<link rel=\"canonical\" href=\"https:\/\/marthacifuentes.com\/portada\/gobernador-de-casanare-concursa-para-ser-elegido-como-uno-de-los-mejores-gobernadores-del-pais\/\" \/>\n<meta property=\"og:locale\" content=\"es_ES\" \/>\n<meta property=\"og:type\" content=\"article\" \/>\n<meta property=\"og:title\" content=\"Gobernador de Casanare concursa para ser elegido como uno de los mejores gobernadores del pa\u00eds - \u25b7 Noticias de Casanare : Martha Cifuentes | Casanare\" \/>\n<meta property=\"og:description\" content=\"El gobernador de Casanare Josu\u00e9 Alirio Barrera fue nominado entre los mejores gobernantes del pa\u00eds, en la categor\u00eda VII, en la medici\u00f3n que hace Colombia L\u00edder, una entidad que eval\u00faa y visibiliza a los l\u00edderes locales y regionales que realizan aportes positivos en sus comunidades. Para este ejercicio, se cuenta con el apoyo t\u00e9cnico de &hellip;\" \/>\n<meta property=\"og:url\" content=\"https:\/\/marthacifuentes.com\/portada\/gobernador-de-casanare-concursa-para-ser-elegido-como-uno-de-los-mejores-gobernadores-del-pais\/\" \/>\n<meta property=\"og:site_name\" content=\"\u25b7 Noticias de Casanare : Martha Cifuentes | Casanare\" \/>\n<meta property=\"article:published_time\" content=\"2019-07-23T13:02:51+00:00\" \/>\n<meta property=\"og:image\" content=\"https:\/\/marthacifuentes.com\/portada\/wp-content\/uploads\/2019\/07\/Alirio-Barrera-1.jpg\" \/>\n\t<meta property=\"og:image:width\" content=\"1280\" \/>\n\t<meta property=\"og:image:height\" content=\"853\" \/>\n\t<meta property=\"og:image:type\" content=\"image\/jpeg\" \/>\n<meta name=\"author\" content=\"Martha Cifuentes\" \/>\n<meta name=\"twitter:card\" content=\"summary_large_image\" \/>\n<meta name=\"twitter:label1\" content=\"Escrito por\" \/>\n\t<meta name=\"twitter:data1\" content=\"Martha Cifuentes\" \/>\n\t<meta name=\"twitter:label2\" content=\"Tiempo de lectura\" \/>\n\t<meta name=\"twitter:data2\" content=\"1 minuto\" \/>\n<script type=\"application\/ld+json\" class=\"yoast-schema-graph\">{\"@context\":\"https:\/\/schema.org\",\"@graph\":[{\"@type\":\"WebPage\",\"@id\":\"https:\/\/marthacifuentes.com\/portada\/gobernador-de-casanare-concursa-para-ser-elegido-como-uno-de-los-mejores-gobernadores-del-pais\/\",\"url\":\"https:\/\/marthacifuentes.com\/portada\/gobernador-de-casanare-concursa-para-ser-elegido-como-uno-de-los-mejores-gobernadores-del-pais\/\",\"name\":\"Gobernador de Casanare concursa para ser elegido como uno de los mejores gobernadores del pa\u00eds - \u25b7 Noticias de Casanare : Martha Cifuentes | Casanare\",\"isPartOf\":{\"@id\":\"https:\/\/marthacifuentes.com\/portada\/#website\"},\"primaryImageOfPage\":{\"@id\":\"https:\/\/marthacifuentes.com\/portada\/gobernador-de-casanare-concursa-para-ser-elegido-como-uno-de-los-mejores-gobernadores-del-pais\/#primaryimage\"},\"image\":{\"@id\":\"https:\/\/marthacifuentes.com\/portada\/gobernador-de-casanare-concursa-para-ser-elegido-como-uno-de-los-mejores-gobernadores-del-pais\/#primaryimage\"},\"thumbnailUrl\":\"https:\/\/marthacifuentes.com\/portada\/wp-content\/uploads\/2019\/07\/Alirio-Barrera-1.jpg\",\"datePublished\":\"2019-07-23T13:02:51+00:00\",\"author\":{\"@id\":\"https:\/\/marthacifuentes.com\/portada\/#\/schema\/person\/57f53174b991db5f90ff78d58502b714\"},\"breadcrumb\":{\"@id\":\"https:\/\/marthacifuentes.com\/portada\/gobernador-de-casanare-concursa-para-ser-elegido-como-uno-de-los-mejores-gobernadores-del-pais\/#breadcrumb\"},\"inLanguage\":\"es\",\"potentialAction\":[{\"@type\":\"ReadAction\",\"target\":[\"https:\/\/marthacifuentes.com\/portada\/gobernador-de-casanare-concursa-para-ser-elegido-como-uno-de-los-mejores-gobernadores-del-pais\/\"]}]},{\"@type\":\"ImageObject\",\"inLanguage\":\"es\",\"@id\":\"https:\/\/marthacifuentes.com\/portada\/gobernador-de-casanare-concursa-para-ser-elegido-como-uno-de-los-mejores-gobernadores-del-pais\/#primaryimage\",\"url\":\"https:\/\/marthacifuentes.com\/portada\/wp-content\/uploads\/2019\/07\/Alirio-Barrera-1.jpg\",\"contentUrl\":\"https:\/\/marthacifuentes.com\/portada\/wp-content\/uploads\/2019\/07\/Alirio-Barrera-1.jpg\",\"width\":1280,\"height\":853},{\"@type\":\"BreadcrumbList\",\"@id\":\"https:\/\/marthacifuentes.com\/portada\/gobernador-de-casanare-concursa-para-ser-elegido-como-uno-de-los-mejores-gobernadores-del-pais\/#breadcrumb\",\"itemListElement\":[{\"@type\":\"ListItem\",\"position\":1,\"name\":\"Portada\",\"item\":\"https:\/\/marthacifuentes.com\/portada\/\"},{\"@type\":\"ListItem\",\"position\":2,\"name\":\"Gobernador de Casanare concursa para ser elegido como uno de los mejores gobernadores del pa\u00eds\"}]},{\"@type\":\"WebSite\",\"@id\":\"https:\/\/marthacifuentes.com\/portada\/#website\",\"url\":\"https:\/\/marthacifuentes.com\/portada\/\",\"name\":\"\u25b7 Noticias de Casanare : Martha Cifuentes | Casanare\",\"description\":\"Noticias &amp; Contenidos\",\"potentialAction\":[{\"@type\":\"SearchAction\",\"target\":{\"@type\":\"EntryPoint\",\"urlTemplate\":\"https:\/\/marthacifuentes.com\/portada\/?s={search_term_string}\"},\"query-input\":{\"@type\":\"PropertyValueSpecification\",\"valueRequired\":true,\"valueName\":\"search_term_string\"}}],\"inLanguage\":\"es\"},{\"@type\":\"Person\",\"@id\":\"https:\/\/marthacifuentes.com\/portada\/#\/schema\/person\/57f53174b991db5f90ff78d58502b714\",\"name\":\"Martha Cifuentes\",\"image\":{\"@type\":\"ImageObject\",\"inLanguage\":\"es\",\"@id\":\"https:\/\/marthacifuentes.com\/portada\/#\/schema\/person\/image\/\",\"url\":\"http:\/\/marthacifuentes.com\/portada\/wp-content\/uploads\/2018\/06\/avatar_user_2_1528838701-96x96.jpg\",\"contentUrl\":\"http:\/\/marthacifuentes.com\/portada\/wp-content\/uploads\/2018\/06\/avatar_user_2_1528838701-96x96.jpg\",\"caption\":\"Martha Cifuentes\"},\"sameAs\":[\"http:\/\/www.marthacifuentes.com\"],\"url\":\"https:\/\/marthacifuentes.com\/portada\/author\/martha\/\"}]}<\/script>\n<!-- \/ Yoast SEO plugin. -->","yoast_head_json":{"title":"Gobernador de Casanare concursa para ser elegido como uno de los mejores gobernadores del pa\u00eds - \u25b7 Noticias de Casanare : Martha Cifuentes | Casanare","robots":{"index":"index","follow":"follow","max-snippet":"max-snippet:-1","max-image-preview":"max-image-preview:large","max-video-preview":"max-video-preview:-1"},"canonical":"https:\/\/marthacifuentes.com\/portada\/gobernador-de-casanare-concursa-para-ser-elegido-como-uno-de-los-mejores-gobernadores-del-pais\/","og_locale":"es_ES","og_type":"article","og_title":"Gobernador de Casanare concursa para ser elegido como uno de los mejores gobernadores del pa\u00eds - \u25b7 Noticias de Casanare : Martha Cifuentes | Casanare","og_description":"El gobernador de Casanare Josu\u00e9 Alirio Barrera fue nominado entre los mejores gobernantes del pa\u00eds, en la categor\u00eda VII, en la medici\u00f3n que hace Colombia L\u00edder, una entidad que eval\u00faa y visibiliza a los l\u00edderes locales y regionales que realizan aportes positivos en sus comunidades. Para este ejercicio, se cuenta con el apoyo t\u00e9cnico de &hellip;","og_url":"https:\/\/marthacifuentes.com\/portada\/gobernador-de-casanare-concursa-para-ser-elegido-como-uno-de-los-mejores-gobernadores-del-pais\/","og_site_name":"\u25b7 Noticias de Casanare : Martha Cifuentes | Casanare","article_published_time":"2019-07-23T13:02:51+00:00","og_image":[{"width":1280,"height":853,"url":"https:\/\/marthacifuentes.com\/portada\/wp-content\/uploads\/2019\/07\/Alirio-Barrera-1.jpg","type":"image\/jpeg"}],"author":"Martha Cifuentes","twitter_card":"summary_large_image","twitter_misc":{"Escrito por":"Martha Cifuentes","Tiempo de lectura":"1 minuto"},"schema":{"@context":"https:\/\/schema.org","@graph":[{"@type":"WebPage","@id":"https:\/\/marthacifuentes.com\/portada\/gobernador-de-casanare-concursa-para-ser-elegido-como-uno-de-los-mejores-gobernadores-del-pais\/","url":"https:\/\/marthacifuentes.com\/portada\/gobernador-de-casanare-concursa-para-ser-elegido-como-uno-de-los-mejores-gobernadores-del-pais\/","name":"Gobernador de Casanare concursa para ser elegido como uno de los mejores gobernadores del pa\u00eds - \u25b7 Noticias de Casanare : Martha Cifuentes | Casanare","isPartOf":{"@id":"https:\/\/marthacifuentes.com\/portada\/#website"},"primaryImageOfPage":{"@id":"https:\/\/marthacifuentes.com\/portada\/gobernador-de-casanare-concursa-para-ser-elegido-como-uno-de-los-mejores-gobernadores-del-pais\/#primaryimage"},"image":{"@id":"https:\/\/marthacifuentes.com\/portada\/gobernador-de-casanare-concursa-para-ser-elegido-como-uno-de-los-mejores-gobernadores-del-pais\/#primaryimage"},"thumbnailUrl":"https:\/\/marthacifuentes.com\/portada\/wp-content\/uploads\/2019\/07\/Alirio-Barrera-1.jpg","datePublished":"2019-07-23T13:02:51+00:00","author":{"@id":"https:\/\/marthacifuentes.com\/portada\/#\/schema\/person\/57f53174b991db5f90ff78d58502b714"},"breadcrumb":{"@id":"https:\/\/marthacifuentes.com\/portada\/gobernador-de-casanare-concursa-para-ser-elegido-como-uno-de-los-mejores-gobernadores-del-pais\/#breadcrumb"},"inLanguage":"es","potentialAction":[{"@type":"ReadAction","target":["https:\/\/marthacifuentes.com\/portada\/gobernador-de-casanare-concursa-para-ser-elegido-como-uno-de-los-mejores-gobernadores-del-pais\/"]}]},{"@type":"ImageObject","inLanguage":"es","@id":"https:\/\/marthacifuentes.com\/portada\/gobernador-de-casanare-concursa-para-ser-elegido-como-uno-de-los-mejores-gobernadores-del-pais\/#primaryimage","url":"https:\/\/marthacifuentes.com\/portada\/wp-content\/uploads\/2019\/07\/Alirio-Barrera-1.jpg","contentUrl":"https:\/\/marthacifuentes.com\/portada\/wp-content\/uploads\/2019\/07\/Alirio-Barrera-1.jpg","width":1280,"height":853},{"@type":"BreadcrumbList","@id":"https:\/\/marthacifuentes.com\/portada\/gobernador-de-casanare-concursa-para-ser-elegido-como-uno-de-los-mejores-gobernadores-del-pais\/#breadcrumb","itemListElement":[{"@type":"ListItem","position":1,"name":"Portada","item":"https:\/\/marthacifuentes.com\/portada\/"},{"@type":"ListItem","position":2,"name":"Gobernador de Casanare concursa para ser elegido como uno de los mejores gobernadores del pa\u00eds"}]},{"@type":"WebSite","@id":"https:\/\/marthacifuentes.com\/portada\/#website","url":"https:\/\/marthacifuentes.com\/portada\/","name":"\u25b7 Noticias de Casanare : Martha Cifuentes | Casanare","description":"Noticias &amp; Contenidos","potentialAction":[{"@type":"SearchAction","target":{"@type":"EntryPoint","urlTemplate":"https:\/\/marthacifuentes.com\/portada\/?s={search_term_string}"},"query-input":{"@type":"PropertyValueSpecification","valueRequired":true,"valueName":"search_term_string"}}],"inLanguage":"es"},{"@type":"Person","@id":"https:\/\/marthacifuentes.com\/portada\/#\/schema\/person\/57f53174b991db5f90ff78d58502b714","name":"Martha Cifuentes","image":{"@type":"ImageObject","inLanguage":"es","@id":"https:\/\/marthacifuentes.com\/portada\/#\/schema\/person\/image\/","url":"http:\/\/marthacifuentes.com\/portada\/wp-content\/uploads\/2018\/06\/avatar_user_2_1528838701-96x96.jpg","contentUrl":"http:\/\/marthacifuentes.com\/portada\/wp-content\/uploads\/2018\/06\/avatar_user_2_1528838701-96x96.jpg","caption":"Martha Cifuentes"},"sameAs":["http:\/\/www.marthacifuentes.com"],"url":"https:\/\/marthacifuentes.com\/portada\/author\/martha\/"}]}},"_links":{"self":[{"href":"https:\/\/marthacifuentes.com\/portada\/wp-json\/wp\/v2\/posts\/21376","targetHints":{"allow":["GET"]}}],"collection":[{"href":"https:\/\/marthacifuentes.com\/portada\/wp-json\/wp\/v2\/posts"}],"about":[{"href":"https:\/\/marthacifuentes.com\/portada\/wp-json\/wp\/v2\/types\/post"}],"author":[{"embeddable":true,"href":"https:\/\/marthacifuentes.com\/portada\/wp-json\/wp\/v2\/users\/2"}],"replies":[{"embeddable":true,"href":"https:\/\/marthacifuentes.com\/portada\/wp-json\/wp\/v2\/comments?post=21376"}],"version-history":[{"count":0,"href":"https:\/\/marthacifuentes.com\/portada\/wp-json\/wp\/v2\/posts\/21376\/revisions"}],"wp:featuredmedia":[{"embeddable":true,"href":"https:\/\/marthacifuentes.com\/portada\/wp-json\/wp\/v2\/media\/21380"}],"wp:attachment":[{"href":"https:\/\/marthacifuentes.com\/portada\/wp-json\/wp\/v2\/media?parent=21376"}],"wp:term":[{"taxonomy":"category","embeddable":true,"href":"https:\/\/marthacifuentes.com\/portada\/wp-json\/wp\/v2\/categories?post=21376"},{"taxonomy":"post_tag","embeddable":true,"href":"https:\/\/marthacifuentes.com\/portada\/wp-json\/wp\/v2\/tags?post=21376"}],"curies":[{"name":"wp","href":"https:\/\/api.w.org\/{rel}","templated":true}]}}