{"id":21377,"date":"2019-07-23T08:07:33","date_gmt":"2019-07-23T13:07:33","guid":{"rendered":"https:\/\/marthacifuentes.com\/portada\/?p=21377"},"modified":"2019-07-23T08:07:33","modified_gmt":"2019-07-23T13:07:33","slug":"usuarios-via-yopal-aguazul-desde-hoy-cierres-temporales-en-puentes-de-el-charte","status":"publish","type":"post","link":"https:\/\/marthacifuentes.com\/portada\/usuarios-via-yopal-aguazul-desde-hoy-cierres-temporales-en-puentes-de-el-charte\/","title":{"rendered":"Usuarios v\u00eda Yopal-Aguazul, desde hoy cierres temporales en puentes de El Charte"},"content":{"rendered":"<p class=\"x_MsoNormal\" style=\"text-align: justify;\"><b>A partir de hoy y hasta el dos de agosto habr\u00e1 cierres temporales en el tr\u00e1fico vehicular sobre los puentes met\u00e1licos provisionales instalados sobre el r\u00edo Charte en Yopal, debido a mantenimiento preventivo de las estructuras, inform\u00f3 Covioriente.<\/b><\/p>\n<p class=\"x_MsoNormal\" style=\"text-align: justify;\">Las actividades de tensionamiento de cables y ajuste de torniller\u00eda iniciar\u00e1n en el puente INV\u00cdAS 2- estructura que actualmente permite la circulaci\u00f3n de veh\u00edculos en sentido Yopal \u2013 Villavicencio, desarroll\u00e1ndose entre el 23 y 24 de julio con cierres eventuales no superiores a 15 minutos.<\/p>\n<p class=\"x_MsoNormal\" style=\"text-align: justify;\">Para el puente INV\u00cdAS 1- estructura con circulaci\u00f3n de veh\u00edculos en sentido Villavicencio \u2013 Yopal, los trabajos se desarrollar\u00e1n entre el 25 de julio y el 2 de agosto: el primer y \u00faltimo d\u00eda las intervenciones se ejecutar\u00e1n en jornada diurna con cierres parciales de la estructura que no superar\u00e1n los 10 minutos de duraci\u00f3n;<\/p>\n<p class=\"x_MsoNormal\" style=\"text-align: justify;\">Desde el 26 de julio al primero (1) de agosto se efectuar\u00e1n en horario nocturno dado que se requiere el cierre total del puente desde las 8:00 de la noche hasta las 5:00 de la ma\u00f1ana, habilitando pasos alternados en ambos sentidos por el puente INV\u00cdAS 2 durante estas 9 horas.<\/p>\n","protected":false},"excerpt":{"rendered":"<p>A partir de hoy y hasta el dos de agosto habr\u00e1 cierres temporales en el tr\u00e1fico vehicular sobre los puentes met\u00e1licos provisionales instalados sobre el r\u00edo Charte en Yopal, debido a mantenimiento preventivo de las estructuras, inform\u00f3 Covioriente. Las actividades de tensionamiento de cables y ajuste de torniller\u00eda iniciar\u00e1n en el puente INV\u00cdAS 2- estructura &hellip;<\/p>\n","protected":false},"author":2,"featured_media":21382,"comment_status":"open","ping_status":"open","sticky":false,"template":"","format":"standard","meta":{"om_disable_all_campaigns":false,"_exactmetrics_skip_tracking":false,"_exactmetrics_sitenote_active":false,"_exactmetrics_sitenote_note":"","_exactmetrics_sitenote_category":0,"_monsterinsights_skip_tracking":false,"_monsterinsights_sitenote_active":false,"_monsterinsights_sitenote_note":"","_monsterinsights_sitenote_category":0,"_uf_show_specific_survey":0,"_uf_disable_surveys":false,"_joinchat":[],"footnotes":""},"categories":[147,146,145],"tags":[219,1373,1900,2333,2335,1400,1421,1376],"class_list":["post-21377","post","type-post","status-publish","format-standard","has-post-thumbnail","hentry","category-actualidad","category-noticias","category-reportajes","tag-aguazul","tag-casanare-noticias","tag-covioriente","tag-el-charte","tag-instituto-nacional-de-vias-invias","tag-noticias-casanare","tag-noticias-yopal","tag-yopal-noticias"],"yoast_head":"<!-- This site is optimized with the Yoast SEO plugin v26.1 - https:\/\/yoast.com\/wordpress\/plugins\/seo\/ -->\n<title>Usuarios v\u00eda Yopal-Aguazul, desde hoy cierres temporales en puentes de El Charte - \u25b7 Noticias de Casanare : Martha Cifuentes | Casanare<\/title>\n<meta name=\"robots\" content=\"index, follow, max-snippet:-1, max-image-preview:large, max-video-preview:-1\" \/>\n<link rel=\"canonical\" href=\"https:\/\/marthacifuentes.com\/portada\/usuarios-via-yopal-aguazul-desde-hoy-cierres-temporales-en-puentes-de-el-charte\/\" \/>\n<meta property=\"og:locale\" content=\"es_ES\" \/>\n<meta property=\"og:type\" content=\"article\" \/>\n<meta property=\"og:title\" content=\"Usuarios v\u00eda Yopal-Aguazul, desde hoy cierres temporales en puentes de El Charte - \u25b7 Noticias de Casanare : Martha Cifuentes | Casanare\" \/>\n<meta property=\"og:description\" content=\"A partir de hoy y hasta el dos de agosto habr\u00e1 cierres temporales en el tr\u00e1fico vehicular sobre los puentes met\u00e1licos provisionales instalados sobre el r\u00edo Charte en Yopal, debido a mantenimiento preventivo de las estructuras, inform\u00f3 Covioriente. Las actividades de tensionamiento de cables y ajuste de torniller\u00eda iniciar\u00e1n en el puente INV\u00cdAS 2- estructura &hellip;\" \/>\n<meta property=\"og:url\" content=\"https:\/\/marthacifuentes.com\/portada\/usuarios-via-yopal-aguazul-desde-hoy-cierres-temporales-en-puentes-de-el-charte\/\" \/>\n<meta property=\"og:site_name\" content=\"\u25b7 Noticias de Casanare : Martha Cifuentes | Casanare\" \/>\n<meta property=\"article:published_time\" content=\"2019-07-23T13:07:33+00:00\" \/>\n<meta property=\"og:image\" content=\"https:\/\/marthacifuentes.com\/portada\/wp-content\/uploads\/2019\/07\/PUENTE-RIO-CHARTE.jpg\" \/>\n\t<meta property=\"og:image:width\" content=\"769\" \/>\n\t<meta property=\"og:image:height\" content=\"500\" \/>\n\t<meta property=\"og:image:type\" content=\"image\/jpeg\" \/>\n<meta name=\"author\" content=\"Martha Cifuentes\" \/>\n<meta name=\"twitter:card\" content=\"summary_large_image\" \/>\n<meta name=\"twitter:label1\" content=\"Escrito por\" \/>\n\t<meta name=\"twitter:data1\" content=\"Martha Cifuentes\" \/>\n\t<meta name=\"twitter:label2\" content=\"Tiempo de lectura\" \/>\n\t<meta name=\"twitter:data2\" content=\"1 minuto\" \/>\n<script type=\"application\/ld+json\" class=\"yoast-schema-graph\">{\"@context\":\"https:\/\/schema.org\",\"@graph\":[{\"@type\":\"WebPage\",\"@id\":\"https:\/\/marthacifuentes.com\/portada\/usuarios-via-yopal-aguazul-desde-hoy-cierres-temporales-en-puentes-de-el-charte\/\",\"url\":\"https:\/\/marthacifuentes.com\/portada\/usuarios-via-yopal-aguazul-desde-hoy-cierres-temporales-en-puentes-de-el-charte\/\",\"name\":\"Usuarios v\u00eda Yopal-Aguazul, desde hoy cierres temporales en puentes de El Charte - \u25b7 Noticias de Casanare : Martha Cifuentes | Casanare\",\"isPartOf\":{\"@id\":\"https:\/\/marthacifuentes.com\/portada\/#website\"},\"primaryImageOfPage\":{\"@id\":\"https:\/\/marthacifuentes.com\/portada\/usuarios-via-yopal-aguazul-desde-hoy-cierres-temporales-en-puentes-de-el-charte\/#primaryimage\"},\"image\":{\"@id\":\"https:\/\/marthacifuentes.com\/portada\/usuarios-via-yopal-aguazul-desde-hoy-cierres-temporales-en-puentes-de-el-charte\/#primaryimage\"},\"thumbnailUrl\":\"https:\/\/marthacifuentes.com\/portada\/wp-content\/uploads\/2019\/07\/PUENTE-RIO-CHARTE.jpg\",\"datePublished\":\"2019-07-23T13:07:33+00:00\",\"author\":{\"@id\":\"https:\/\/marthacifuentes.com\/portada\/#\/schema\/person\/57f53174b991db5f90ff78d58502b714\"},\"breadcrumb\":{\"@id\":\"https:\/\/marthacifuentes.com\/portada\/usuarios-via-yopal-aguazul-desde-hoy-cierres-temporales-en-puentes-de-el-charte\/#breadcrumb\"},\"inLanguage\":\"es\",\"potentialAction\":[{\"@type\":\"ReadAction\",\"target\":[\"https:\/\/marthacifuentes.com\/portada\/usuarios-via-yopal-aguazul-desde-hoy-cierres-temporales-en-puentes-de-el-charte\/\"]}]},{\"@type\":\"ImageObject\",\"inLanguage\":\"es\",\"@id\":\"https:\/\/marthacifuentes.com\/portada\/usuarios-via-yopal-aguazul-desde-hoy-cierres-temporales-en-puentes-de-el-charte\/#primaryimage\",\"url\":\"https:\/\/marthacifuentes.com\/portada\/wp-content\/uploads\/2019\/07\/PUENTE-RIO-CHARTE.jpg\",\"contentUrl\":\"https:\/\/marthacifuentes.com\/portada\/wp-content\/uploads\/2019\/07\/PUENTE-RIO-CHARTE.jpg\",\"width\":769,\"height\":500},{\"@type\":\"BreadcrumbList\",\"@id\":\"https:\/\/marthacifuentes.com\/portada\/usuarios-via-yopal-aguazul-desde-hoy-cierres-temporales-en-puentes-de-el-charte\/#breadcrumb\",\"itemListElement\":[{\"@type\":\"ListItem\",\"position\":1,\"name\":\"Portada\",\"item\":\"https:\/\/marthacifuentes.com\/portada\/\"},{\"@type\":\"ListItem\",\"position\":2,\"name\":\"Usuarios v\u00eda Yopal-Aguazul, desde hoy cierres temporales en puentes de El Charte\"}]},{\"@type\":\"WebSite\",\"@id\":\"https:\/\/marthacifuentes.com\/portada\/#website\",\"url\":\"https:\/\/marthacifuentes.com\/portada\/\",\"name\":\"\u25b7 Noticias de Casanare : Martha Cifuentes | Casanare\",\"description\":\"Noticias &amp; Contenidos\",\"potentialAction\":[{\"@type\":\"SearchAction\",\"target\":{\"@type\":\"EntryPoint\",\"urlTemplate\":\"https:\/\/marthacifuentes.com\/portada\/?s={search_term_string}\"},\"query-input\":{\"@type\":\"PropertyValueSpecification\",\"valueRequired\":true,\"valueName\":\"search_term_string\"}}],\"inLanguage\":\"es\"},{\"@type\":\"Person\",\"@id\":\"https:\/\/marthacifuentes.com\/portada\/#\/schema\/person\/57f53174b991db5f90ff78d58502b714\",\"name\":\"Martha Cifuentes\",\"image\":{\"@type\":\"ImageObject\",\"inLanguage\":\"es\",\"@id\":\"https:\/\/marthacifuentes.com\/portada\/#\/schema\/person\/image\/\",\"url\":\"http:\/\/marthacifuentes.com\/portada\/wp-content\/uploads\/2018\/06\/avatar_user_2_1528838701-96x96.jpg\",\"contentUrl\":\"http:\/\/marthacifuentes.com\/portada\/wp-content\/uploads\/2018\/06\/avatar_user_2_1528838701-96x96.jpg\",\"caption\":\"Martha Cifuentes\"},\"sameAs\":[\"http:\/\/www.marthacifuentes.com\"],\"url\":\"https:\/\/marthacifuentes.com\/portada\/author\/martha\/\"}]}<\/script>\n<!-- \/ Yoast SEO plugin. -->","yoast_head_json":{"title":"Usuarios v\u00eda Yopal-Aguazul, desde hoy cierres temporales en puentes de El Charte - \u25b7 Noticias de Casanare : Martha Cifuentes | Casanare","robots":{"index":"index","follow":"follow","max-snippet":"max-snippet:-1","max-image-preview":"max-image-preview:large","max-video-preview":"max-video-preview:-1"},"canonical":"https:\/\/marthacifuentes.com\/portada\/usuarios-via-yopal-aguazul-desde-hoy-cierres-temporales-en-puentes-de-el-charte\/","og_locale":"es_ES","og_type":"article","og_title":"Usuarios v\u00eda Yopal-Aguazul, desde hoy cierres temporales en puentes de El Charte - \u25b7 Noticias de Casanare : Martha Cifuentes | Casanare","og_description":"A partir de hoy y hasta el dos de agosto habr\u00e1 cierres temporales en el tr\u00e1fico vehicular sobre los puentes met\u00e1licos provisionales instalados sobre el r\u00edo Charte en Yopal, debido a mantenimiento preventivo de las estructuras, inform\u00f3 Covioriente. Las actividades de tensionamiento de cables y ajuste de torniller\u00eda iniciar\u00e1n en el puente INV\u00cdAS 2- estructura &hellip;","og_url":"https:\/\/marthacifuentes.com\/portada\/usuarios-via-yopal-aguazul-desde-hoy-cierres-temporales-en-puentes-de-el-charte\/","og_site_name":"\u25b7 Noticias de Casanare : Martha Cifuentes | Casanare","article_published_time":"2019-07-23T13:07:33+00:00","og_image":[{"width":769,"height":500,"url":"https:\/\/marthacifuentes.com\/portada\/wp-content\/uploads\/2019\/07\/PUENTE-RIO-CHARTE.jpg","type":"image\/jpeg"}],"author":"Martha Cifuentes","twitter_card":"summary_large_image","twitter_misc":{"Escrito por":"Martha Cifuentes","Tiempo de lectura":"1 minuto"},"schema":{"@context":"https:\/\/schema.org","@graph":[{"@type":"WebPage","@id":"https:\/\/marthacifuentes.com\/portada\/usuarios-via-yopal-aguazul-desde-hoy-cierres-temporales-en-puentes-de-el-charte\/","url":"https:\/\/marthacifuentes.com\/portada\/usuarios-via-yopal-aguazul-desde-hoy-cierres-temporales-en-puentes-de-el-charte\/","name":"Usuarios v\u00eda Yopal-Aguazul, desde hoy cierres temporales en puentes de El Charte - \u25b7 Noticias de Casanare : Martha Cifuentes | Casanare","isPartOf":{"@id":"https:\/\/marthacifuentes.com\/portada\/#website"},"primaryImageOfPage":{"@id":"https:\/\/marthacifuentes.com\/portada\/usuarios-via-yopal-aguazul-desde-hoy-cierres-temporales-en-puentes-de-el-charte\/#primaryimage"},"image":{"@id":"https:\/\/marthacifuentes.com\/portada\/usuarios-via-yopal-aguazul-desde-hoy-cierres-temporales-en-puentes-de-el-charte\/#primaryimage"},"thumbnailUrl":"https:\/\/marthacifuentes.com\/portada\/wp-content\/uploads\/2019\/07\/PUENTE-RIO-CHARTE.jpg","datePublished":"2019-07-23T13:07:33+00:00","author":{"@id":"https:\/\/marthacifuentes.com\/portada\/#\/schema\/person\/57f53174b991db5f90ff78d58502b714"},"breadcrumb":{"@id":"https:\/\/marthacifuentes.com\/portada\/usuarios-via-yopal-aguazul-desde-hoy-cierres-temporales-en-puentes-de-el-charte\/#breadcrumb"},"inLanguage":"es","potentialAction":[{"@type":"ReadAction","target":["https:\/\/marthacifuentes.com\/portada\/usuarios-via-yopal-aguazul-desde-hoy-cierres-temporales-en-puentes-de-el-charte\/"]}]},{"@type":"ImageObject","inLanguage":"es","@id":"https:\/\/marthacifuentes.com\/portada\/usuarios-via-yopal-aguazul-desde-hoy-cierres-temporales-en-puentes-de-el-charte\/#primaryimage","url":"https:\/\/marthacifuentes.com\/portada\/wp-content\/uploads\/2019\/07\/PUENTE-RIO-CHARTE.jpg","contentUrl":"https:\/\/marthacifuentes.com\/portada\/wp-content\/uploads\/2019\/07\/PUENTE-RIO-CHARTE.jpg","width":769,"height":500},{"@type":"BreadcrumbList","@id":"https:\/\/marthacifuentes.com\/portada\/usuarios-via-yopal-aguazul-desde-hoy-cierres-temporales-en-puentes-de-el-charte\/#breadcrumb","itemListElement":[{"@type":"ListItem","position":1,"name":"Portada","item":"https:\/\/marthacifuentes.com\/portada\/"},{"@type":"ListItem","position":2,"name":"Usuarios v\u00eda Yopal-Aguazul, desde hoy cierres temporales en puentes de El Charte"}]},{"@type":"WebSite","@id":"https:\/\/marthacifuentes.com\/portada\/#website","url":"https:\/\/marthacifuentes.com\/portada\/","name":"\u25b7 Noticias de Casanare : Martha Cifuentes | Casanare","description":"Noticias &amp; Contenidos","potentialAction":[{"@type":"SearchAction","target":{"@type":"EntryPoint","urlTemplate":"https:\/\/marthacifuentes.com\/portada\/?s={search_term_string}"},"query-input":{"@type":"PropertyValueSpecification","valueRequired":true,"valueName":"search_term_string"}}],"inLanguage":"es"},{"@type":"Person","@id":"https:\/\/marthacifuentes.com\/portada\/#\/schema\/person\/57f53174b991db5f90ff78d58502b714","name":"Martha Cifuentes","image":{"@type":"ImageObject","inLanguage":"es","@id":"https:\/\/marthacifuentes.com\/portada\/#\/schema\/person\/image\/","url":"http:\/\/marthacifuentes.com\/portada\/wp-content\/uploads\/2018\/06\/avatar_user_2_1528838701-96x96.jpg","contentUrl":"http:\/\/marthacifuentes.com\/portada\/wp-content\/uploads\/2018\/06\/avatar_user_2_1528838701-96x96.jpg","caption":"Martha Cifuentes"},"sameAs":["http:\/\/www.marthacifuentes.com"],"url":"https:\/\/marthacifuentes.com\/portada\/author\/martha\/"}]}},"_links":{"self":[{"href":"https:\/\/marthacifuentes.com\/portada\/wp-json\/wp\/v2\/posts\/21377","targetHints":{"allow":["GET"]}}],"collection":[{"href":"https:\/\/marthacifuentes.com\/portada\/wp-json\/wp\/v2\/posts"}],"about":[{"href":"https:\/\/marthacifuentes.com\/portada\/wp-json\/wp\/v2\/types\/post"}],"author":[{"embeddable":true,"href":"https:\/\/marthacifuentes.com\/portada\/wp-json\/wp\/v2\/users\/2"}],"replies":[{"embeddable":true,"href":"https:\/\/marthacifuentes.com\/portada\/wp-json\/wp\/v2\/comments?post=21377"}],"version-history":[{"count":0,"href":"https:\/\/marthacifuentes.com\/portada\/wp-json\/wp\/v2\/posts\/21377\/revisions"}],"wp:featuredmedia":[{"embeddable":true,"href":"https:\/\/marthacifuentes.com\/portada\/wp-json\/wp\/v2\/media\/21382"}],"wp:attachment":[{"href":"https:\/\/marthacifuentes.com\/portada\/wp-json\/wp\/v2\/media?parent=21377"}],"wp:term":[{"taxonomy":"category","embeddable":true,"href":"https:\/\/marthacifuentes.com\/portada\/wp-json\/wp\/v2\/categories?post=21377"},{"taxonomy":"post_tag","embeddable":true,"href":"https:\/\/marthacifuentes.com\/portada\/wp-json\/wp\/v2\/tags?post=21377"}],"curies":[{"name":"wp","href":"https:\/\/api.w.org\/{rel}","templated":true}]}}