{"id":21592,"date":"2019-08-15T08:15:28","date_gmt":"2019-08-15T13:15:28","guid":{"rendered":"https:\/\/marthacifuentes.com\/portada\/?p=21592"},"modified":"2019-08-15T08:15:28","modified_gmt":"2019-08-15T13:15:28","slug":"festival-de-innovacion-y-emprendimiento-heroes-fest-desde-hoy-en-yopal","status":"publish","type":"post","link":"https:\/\/marthacifuentes.com\/portada\/festival-de-innovacion-y-emprendimiento-heroes-fest-desde-hoy-en-yopal\/","title":{"rendered":"Festival de innovaci\u00f3n y emprendimiento H\u00e9roes Fest, desde hoy en Yopal"},"content":{"rendered":"<p style=\"text-align: justify;\"><strong>Desde hoy y hasta ma\u00f1ana en Yopal, Casanare, H\u00e9roes Fest, el festival de innovaci\u00f3n, emprendimiento y tecnolog\u00eda\u00a0\u00a0m\u00e1s importante del pa\u00eds, que\u00a0realiza el MinCIT, iNNpulsa Colombia, y el MinCIT coorganizado por la Gobernaci\u00f3n de Casanare y la C\u00e1mara de Comercio. <\/strong><\/p>\n<p style=\"text-align: justify;\">Despu\u00e9s de una larga espera para las\u00a0m\u00e1s de 2.500 personas que se registraron para hacer parte del campo de entrenamiento de H\u00e9roes Fest, este jueves 15 de agosto, se dar\u00e1 inicio al evento en las instalaciones de la C\u00e1mara de Comercio de Casanare a partir de las 7:30 de la ma\u00f1ana.<\/p>\n<p style=\"text-align: justify;\">Uno de los objetivos de H\u00e9roes Fest, es empoderar y facilitar el acceso para el uso de las herramientas digitales a los emprendedores casanare\u00f1os, tendiente a lograr el la consolidaci\u00f3n y el\u00a0establecimiento de empresas exitosas que generen empleo y contribuyan al crecimiento de la econom\u00eda casanare\u00f1a.<\/p>\n<p style=\"text-align: justify;\">Los participantes tendr\u00e1n acceso a conferencias, talleres, charlas inspiradoras entre muchas m\u00e1s herramientas, adem\u00e1s, estar\u00e1n importantes conferencistas como Andy Jarvis, director del \u00e1rea de Decisi\u00f3n y An\u00e1lisis de Pol\u00edticas del Centro Internacional de Agricultura Tropical CIAT, y Luis Pont\u00f3n, gerente comercial de Mercado Shops, entre otros.<\/p>\n<p style=\"text-align: justify;\">El festival contar\u00e1 con la experiencia de vida a cargo del cantautor casanare\u00f1o Walter Silva, talleres, terraza networking, boom caf\u00e9 con mentores y micr\u00f3fono abierto para h\u00e9roes.<\/p>\n<p style=\"text-align: justify;\">La cita es desde las nueve de la ma\u00f1ana en las instalaciones de la C\u00e1mara de Comercio. La apertura del evento estar\u00e1 a cargo de la ministra de Tecnolog\u00edas de la Informaci\u00f3n y las Comunicaciones, Silvia Constain, el director de iNNpulsa, Ignacio Gait\u00e1n y el gobernador de Casanare, Alirio Barrera.<\/p>\n<p style=\"text-align: justify;\">La invitaci\u00f3n es para que los empresarios casanare\u00f1os aprovechen este espacio que visitar\u00e1 tambi\u00e9n\u00a0\u00a0las ciudades de Bogot\u00e1, Barranquilla y Pereira, y que busca en Yopal potenciar el emprendimiento y la innovaci\u00f3n con las pol\u00edticas y programas institucionales.<\/p>\n<p style=\"text-align: justify;\">El evento es coorganizado por la Gobernaci\u00f3n de Casanare y la C\u00e1mara de Comercio de Casanare, con el apoyo de la Alcald\u00eda de Yopal, Equi\u00f3n, Parex, Ecopetrol, Unitr\u00f3pico, y Geopark, entre otras entidades.<\/p>\n<p style=\"text-align: justify;\">El gobernador de Casanare Josu\u00e9 Alirio Barrera de una manera decidida ha apoyado esta iniciativa del Gobierno Nacional con el fin de fortalecer el tejido empresarial de la regi\u00f3n, brindando herramientas para el entrenamiento y el emprendimiento y buscando generar una din\u00e1mica econ\u00f3mica diferente para la ciudad y el Departamento.<\/p>\n<p>&nbsp;<\/p>\n<p>&nbsp;<\/p>\n","protected":false},"excerpt":{"rendered":"<p>Desde hoy y hasta ma\u00f1ana en Yopal, Casanare, H\u00e9roes Fest, el festival de innovaci\u00f3n, emprendimiento y tecnolog\u00eda\u00a0\u00a0m\u00e1s importante del pa\u00eds, que\u00a0realiza el MinCIT, iNNpulsa Colombia, y el MinCIT coorganizado por la Gobernaci\u00f3n de Casanare y la C\u00e1mara de Comercio. Despu\u00e9s de una larga espera para las\u00a0m\u00e1s de 2.500 personas que se registraron para hacer parte &hellip;<\/p>\n","protected":false},"author":2,"featured_media":21301,"comment_status":"open","ping_status":"open","sticky":false,"template":"","format":"standard","meta":{"om_disable_all_campaigns":false,"_exactmetrics_skip_tracking":false,"_exactmetrics_sitenote_active":false,"_exactmetrics_sitenote_note":"","_exactmetrics_sitenote_category":0,"_monsterinsights_skip_tracking":false,"_monsterinsights_sitenote_active":false,"_monsterinsights_sitenote_note":"","_monsterinsights_sitenote_category":0,"_uf_show_specific_survey":0,"_uf_disable_surveys":false,"_joinchat":[],"footnotes":""},"categories":[147,146,145],"tags":[3244,1373,3242,2916,3243,1372,1374,3245],"class_list":["post-21592","post","type-post","status-publish","format-standard","has-post-thumbnail","hentry","category-actualidad","category-noticias","category-reportajes","tag-andy-jaimes-en-yopal","tag-casanare-noticias","tag-festival-de-emprendimiento-en-yopal","tag-heroes-fest","tag-innovacion-en-yopal","tag-noticias-de-casanare","tag-noticias-de-yopal","tag-walter-silva-en-heroes-fest"],"yoast_head":"<!-- This site is optimized with the Yoast SEO plugin v26.1 - https:\/\/yoast.com\/wordpress\/plugins\/seo\/ -->\n<title>Festival de innovaci\u00f3n y emprendimiento H\u00e9roes Fest, desde hoy en Yopal - \u25b7 Noticias de Casanare : Martha Cifuentes | Casanare<\/title>\n<meta name=\"robots\" content=\"index, follow, max-snippet:-1, max-image-preview:large, max-video-preview:-1\" \/>\n<link rel=\"canonical\" href=\"https:\/\/marthacifuentes.com\/portada\/festival-de-innovacion-y-emprendimiento-heroes-fest-desde-hoy-en-yopal\/\" \/>\n<meta property=\"og:locale\" content=\"es_ES\" \/>\n<meta property=\"og:type\" content=\"article\" \/>\n<meta property=\"og:title\" content=\"Festival de innovaci\u00f3n y emprendimiento H\u00e9roes Fest, desde hoy en Yopal - \u25b7 Noticias de Casanare : Martha Cifuentes | Casanare\" \/>\n<meta property=\"og:description\" content=\"Desde hoy y hasta ma\u00f1ana en Yopal, Casanare, H\u00e9roes Fest, el festival de innovaci\u00f3n, emprendimiento y tecnolog\u00eda\u00a0\u00a0m\u00e1s importante del pa\u00eds, que\u00a0realiza el MinCIT, iNNpulsa Colombia, y el MinCIT coorganizado por la Gobernaci\u00f3n de Casanare y la C\u00e1mara de Comercio. Despu\u00e9s de una larga espera para las\u00a0m\u00e1s de 2.500 personas que se registraron para hacer parte &hellip;\" \/>\n<meta property=\"og:url\" content=\"https:\/\/marthacifuentes.com\/portada\/festival-de-innovacion-y-emprendimiento-heroes-fest-desde-hoy-en-yopal\/\" \/>\n<meta property=\"og:site_name\" content=\"\u25b7 Noticias de Casanare : Martha Cifuentes | Casanare\" \/>\n<meta property=\"article:published_time\" content=\"2019-08-15T13:15:28+00:00\" \/>\n<meta property=\"og:image\" content=\"https:\/\/marthacifuentes.com\/portada\/wp-content\/uploads\/2019\/07\/HEROES-FEST-YOPAL.jpg\" \/>\n\t<meta property=\"og:image:width\" content=\"794\" \/>\n\t<meta property=\"og:image:height\" content=\"529\" \/>\n\t<meta property=\"og:image:type\" content=\"image\/jpeg\" \/>\n<meta name=\"author\" content=\"Martha Cifuentes\" \/>\n<meta name=\"twitter:card\" content=\"summary_large_image\" \/>\n<meta name=\"twitter:label1\" content=\"Escrito por\" \/>\n\t<meta name=\"twitter:data1\" content=\"Martha Cifuentes\" \/>\n\t<meta name=\"twitter:label2\" content=\"Tiempo de lectura\" \/>\n\t<meta name=\"twitter:data2\" content=\"2 minutos\" \/>\n<script type=\"application\/ld+json\" class=\"yoast-schema-graph\">{\"@context\":\"https:\/\/schema.org\",\"@graph\":[{\"@type\":\"WebPage\",\"@id\":\"https:\/\/marthacifuentes.com\/portada\/festival-de-innovacion-y-emprendimiento-heroes-fest-desde-hoy-en-yopal\/\",\"url\":\"https:\/\/marthacifuentes.com\/portada\/festival-de-innovacion-y-emprendimiento-heroes-fest-desde-hoy-en-yopal\/\",\"name\":\"Festival de innovaci\u00f3n y emprendimiento H\u00e9roes Fest, desde hoy en Yopal - \u25b7 Noticias de Casanare : Martha Cifuentes | Casanare\",\"isPartOf\":{\"@id\":\"https:\/\/marthacifuentes.com\/portada\/#website\"},\"primaryImageOfPage\":{\"@id\":\"https:\/\/marthacifuentes.com\/portada\/festival-de-innovacion-y-emprendimiento-heroes-fest-desde-hoy-en-yopal\/#primaryimage\"},\"image\":{\"@id\":\"https:\/\/marthacifuentes.com\/portada\/festival-de-innovacion-y-emprendimiento-heroes-fest-desde-hoy-en-yopal\/#primaryimage\"},\"thumbnailUrl\":\"https:\/\/marthacifuentes.com\/portada\/wp-content\/uploads\/2019\/07\/HEROES-FEST-YOPAL.jpg\",\"datePublished\":\"2019-08-15T13:15:28+00:00\",\"author\":{\"@id\":\"https:\/\/marthacifuentes.com\/portada\/#\/schema\/person\/57f53174b991db5f90ff78d58502b714\"},\"breadcrumb\":{\"@id\":\"https:\/\/marthacifuentes.com\/portada\/festival-de-innovacion-y-emprendimiento-heroes-fest-desde-hoy-en-yopal\/#breadcrumb\"},\"inLanguage\":\"es\",\"potentialAction\":[{\"@type\":\"ReadAction\",\"target\":[\"https:\/\/marthacifuentes.com\/portada\/festival-de-innovacion-y-emprendimiento-heroes-fest-desde-hoy-en-yopal\/\"]}]},{\"@type\":\"ImageObject\",\"inLanguage\":\"es\",\"@id\":\"https:\/\/marthacifuentes.com\/portada\/festival-de-innovacion-y-emprendimiento-heroes-fest-desde-hoy-en-yopal\/#primaryimage\",\"url\":\"https:\/\/marthacifuentes.com\/portada\/wp-content\/uploads\/2019\/07\/HEROES-FEST-YOPAL.jpg\",\"contentUrl\":\"https:\/\/marthacifuentes.com\/portada\/wp-content\/uploads\/2019\/07\/HEROES-FEST-YOPAL.jpg\",\"width\":794,\"height\":529},{\"@type\":\"BreadcrumbList\",\"@id\":\"https:\/\/marthacifuentes.com\/portada\/festival-de-innovacion-y-emprendimiento-heroes-fest-desde-hoy-en-yopal\/#breadcrumb\",\"itemListElement\":[{\"@type\":\"ListItem\",\"position\":1,\"name\":\"Portada\",\"item\":\"https:\/\/marthacifuentes.com\/portada\/\"},{\"@type\":\"ListItem\",\"position\":2,\"name\":\"Festival de innovaci\u00f3n y emprendimiento H\u00e9roes Fest, desde hoy en Yopal\"}]},{\"@type\":\"WebSite\",\"@id\":\"https:\/\/marthacifuentes.com\/portada\/#website\",\"url\":\"https:\/\/marthacifuentes.com\/portada\/\",\"name\":\"\u25b7 Noticias de Casanare : Martha Cifuentes | Casanare\",\"description\":\"Noticias &amp; Contenidos\",\"potentialAction\":[{\"@type\":\"SearchAction\",\"target\":{\"@type\":\"EntryPoint\",\"urlTemplate\":\"https:\/\/marthacifuentes.com\/portada\/?s={search_term_string}\"},\"query-input\":{\"@type\":\"PropertyValueSpecification\",\"valueRequired\":true,\"valueName\":\"search_term_string\"}}],\"inLanguage\":\"es\"},{\"@type\":\"Person\",\"@id\":\"https:\/\/marthacifuentes.com\/portada\/#\/schema\/person\/57f53174b991db5f90ff78d58502b714\",\"name\":\"Martha Cifuentes\",\"image\":{\"@type\":\"ImageObject\",\"inLanguage\":\"es\",\"@id\":\"https:\/\/marthacifuentes.com\/portada\/#\/schema\/person\/image\/\",\"url\":\"http:\/\/marthacifuentes.com\/portada\/wp-content\/uploads\/2018\/06\/avatar_user_2_1528838701-96x96.jpg\",\"contentUrl\":\"http:\/\/marthacifuentes.com\/portada\/wp-content\/uploads\/2018\/06\/avatar_user_2_1528838701-96x96.jpg\",\"caption\":\"Martha Cifuentes\"},\"sameAs\":[\"http:\/\/www.marthacifuentes.com\"],\"url\":\"https:\/\/marthacifuentes.com\/portada\/author\/martha\/\"}]}<\/script>\n<!-- \/ Yoast SEO plugin. -->","yoast_head_json":{"title":"Festival de innovaci\u00f3n y emprendimiento H\u00e9roes Fest, desde hoy en Yopal - \u25b7 Noticias de Casanare : Martha Cifuentes | Casanare","robots":{"index":"index","follow":"follow","max-snippet":"max-snippet:-1","max-image-preview":"max-image-preview:large","max-video-preview":"max-video-preview:-1"},"canonical":"https:\/\/marthacifuentes.com\/portada\/festival-de-innovacion-y-emprendimiento-heroes-fest-desde-hoy-en-yopal\/","og_locale":"es_ES","og_type":"article","og_title":"Festival de innovaci\u00f3n y emprendimiento H\u00e9roes Fest, desde hoy en Yopal - \u25b7 Noticias de Casanare : Martha Cifuentes | Casanare","og_description":"Desde hoy y hasta ma\u00f1ana en Yopal, Casanare, H\u00e9roes Fest, el festival de innovaci\u00f3n, emprendimiento y tecnolog\u00eda\u00a0\u00a0m\u00e1s importante del pa\u00eds, que\u00a0realiza el MinCIT, iNNpulsa Colombia, y el MinCIT coorganizado por la Gobernaci\u00f3n de Casanare y la C\u00e1mara de Comercio. Despu\u00e9s de una larga espera para las\u00a0m\u00e1s de 2.500 personas que se registraron para hacer parte &hellip;","og_url":"https:\/\/marthacifuentes.com\/portada\/festival-de-innovacion-y-emprendimiento-heroes-fest-desde-hoy-en-yopal\/","og_site_name":"\u25b7 Noticias de Casanare : Martha Cifuentes | Casanare","article_published_time":"2019-08-15T13:15:28+00:00","og_image":[{"width":794,"height":529,"url":"https:\/\/marthacifuentes.com\/portada\/wp-content\/uploads\/2019\/07\/HEROES-FEST-YOPAL.jpg","type":"image\/jpeg"}],"author":"Martha Cifuentes","twitter_card":"summary_large_image","twitter_misc":{"Escrito por":"Martha Cifuentes","Tiempo de lectura":"2 minutos"},"schema":{"@context":"https:\/\/schema.org","@graph":[{"@type":"WebPage","@id":"https:\/\/marthacifuentes.com\/portada\/festival-de-innovacion-y-emprendimiento-heroes-fest-desde-hoy-en-yopal\/","url":"https:\/\/marthacifuentes.com\/portada\/festival-de-innovacion-y-emprendimiento-heroes-fest-desde-hoy-en-yopal\/","name":"Festival de innovaci\u00f3n y emprendimiento H\u00e9roes Fest, desde hoy en Yopal - \u25b7 Noticias de Casanare : Martha Cifuentes | Casanare","isPartOf":{"@id":"https:\/\/marthacifuentes.com\/portada\/#website"},"primaryImageOfPage":{"@id":"https:\/\/marthacifuentes.com\/portada\/festival-de-innovacion-y-emprendimiento-heroes-fest-desde-hoy-en-yopal\/#primaryimage"},"image":{"@id":"https:\/\/marthacifuentes.com\/portada\/festival-de-innovacion-y-emprendimiento-heroes-fest-desde-hoy-en-yopal\/#primaryimage"},"thumbnailUrl":"https:\/\/marthacifuentes.com\/portada\/wp-content\/uploads\/2019\/07\/HEROES-FEST-YOPAL.jpg","datePublished":"2019-08-15T13:15:28+00:00","author":{"@id":"https:\/\/marthacifuentes.com\/portada\/#\/schema\/person\/57f53174b991db5f90ff78d58502b714"},"breadcrumb":{"@id":"https:\/\/marthacifuentes.com\/portada\/festival-de-innovacion-y-emprendimiento-heroes-fest-desde-hoy-en-yopal\/#breadcrumb"},"inLanguage":"es","potentialAction":[{"@type":"ReadAction","target":["https:\/\/marthacifuentes.com\/portada\/festival-de-innovacion-y-emprendimiento-heroes-fest-desde-hoy-en-yopal\/"]}]},{"@type":"ImageObject","inLanguage":"es","@id":"https:\/\/marthacifuentes.com\/portada\/festival-de-innovacion-y-emprendimiento-heroes-fest-desde-hoy-en-yopal\/#primaryimage","url":"https:\/\/marthacifuentes.com\/portada\/wp-content\/uploads\/2019\/07\/HEROES-FEST-YOPAL.jpg","contentUrl":"https:\/\/marthacifuentes.com\/portada\/wp-content\/uploads\/2019\/07\/HEROES-FEST-YOPAL.jpg","width":794,"height":529},{"@type":"BreadcrumbList","@id":"https:\/\/marthacifuentes.com\/portada\/festival-de-innovacion-y-emprendimiento-heroes-fest-desde-hoy-en-yopal\/#breadcrumb","itemListElement":[{"@type":"ListItem","position":1,"name":"Portada","item":"https:\/\/marthacifuentes.com\/portada\/"},{"@type":"ListItem","position":2,"name":"Festival de innovaci\u00f3n y emprendimiento H\u00e9roes Fest, desde hoy en Yopal"}]},{"@type":"WebSite","@id":"https:\/\/marthacifuentes.com\/portada\/#website","url":"https:\/\/marthacifuentes.com\/portada\/","name":"\u25b7 Noticias de Casanare : Martha Cifuentes | Casanare","description":"Noticias &amp; Contenidos","potentialAction":[{"@type":"SearchAction","target":{"@type":"EntryPoint","urlTemplate":"https:\/\/marthacifuentes.com\/portada\/?s={search_term_string}"},"query-input":{"@type":"PropertyValueSpecification","valueRequired":true,"valueName":"search_term_string"}}],"inLanguage":"es"},{"@type":"Person","@id":"https:\/\/marthacifuentes.com\/portada\/#\/schema\/person\/57f53174b991db5f90ff78d58502b714","name":"Martha Cifuentes","image":{"@type":"ImageObject","inLanguage":"es","@id":"https:\/\/marthacifuentes.com\/portada\/#\/schema\/person\/image\/","url":"http:\/\/marthacifuentes.com\/portada\/wp-content\/uploads\/2018\/06\/avatar_user_2_1528838701-96x96.jpg","contentUrl":"http:\/\/marthacifuentes.com\/portada\/wp-content\/uploads\/2018\/06\/avatar_user_2_1528838701-96x96.jpg","caption":"Martha Cifuentes"},"sameAs":["http:\/\/www.marthacifuentes.com"],"url":"https:\/\/marthacifuentes.com\/portada\/author\/martha\/"}]}},"_links":{"self":[{"href":"https:\/\/marthacifuentes.com\/portada\/wp-json\/wp\/v2\/posts\/21592","targetHints":{"allow":["GET"]}}],"collection":[{"href":"https:\/\/marthacifuentes.com\/portada\/wp-json\/wp\/v2\/posts"}],"about":[{"href":"https:\/\/marthacifuentes.com\/portada\/wp-json\/wp\/v2\/types\/post"}],"author":[{"embeddable":true,"href":"https:\/\/marthacifuentes.com\/portada\/wp-json\/wp\/v2\/users\/2"}],"replies":[{"embeddable":true,"href":"https:\/\/marthacifuentes.com\/portada\/wp-json\/wp\/v2\/comments?post=21592"}],"version-history":[{"count":0,"href":"https:\/\/marthacifuentes.com\/portada\/wp-json\/wp\/v2\/posts\/21592\/revisions"}],"wp:featuredmedia":[{"embeddable":true,"href":"https:\/\/marthacifuentes.com\/portada\/wp-json\/wp\/v2\/media\/21301"}],"wp:attachment":[{"href":"https:\/\/marthacifuentes.com\/portada\/wp-json\/wp\/v2\/media?parent=21592"}],"wp:term":[{"taxonomy":"category","embeddable":true,"href":"https:\/\/marthacifuentes.com\/portada\/wp-json\/wp\/v2\/categories?post=21592"},{"taxonomy":"post_tag","embeddable":true,"href":"https:\/\/marthacifuentes.com\/portada\/wp-json\/wp\/v2\/tags?post=21592"}],"curies":[{"name":"wp","href":"https:\/\/api.w.org\/{rel}","templated":true}]}}