{"id":21643,"date":"2019-08-20T07:10:27","date_gmt":"2019-08-20T12:10:27","guid":{"rendered":"https:\/\/marthacifuentes.com\/portada\/?p=21643"},"modified":"2019-08-20T08:11:16","modified_gmt":"2019-08-20T13:11:16","slug":"bastimento-llanero-gano-concurso-de-emprendedores-de-heroes-fest-casanare","status":"publish","type":"post","link":"https:\/\/marthacifuentes.com\/portada\/bastimento-llanero-gano-concurso-de-emprendedores-de-heroes-fest-casanare\/","title":{"rendered":"Bastimento llanero gan\u00f3 concurso de emprendedores de H\u00e9roes Fest Casanare"},"content":{"rendered":"<p style=\"text-align: justify;\"><strong>La emprendedora Sonia Catalina Su\u00e1rez con \u201cBastimento llanero\u201d, un alimento basado en la cultura y gastronom\u00eda llanera, fue la ganadora del concurso \u201cGran Desaf\u00edo de la Inversi\u00f3n\u201d realizado durante el festival de emprendimiento e innovaci\u00f3n H\u00e9roes Fest en la C\u00e1mara de Comercio de Casanare en Yopal. <\/strong><\/p>\n<p style=\"text-align: justify;\">Esta actividad fue una de las que m\u00e1s llam\u00f3 la atenci\u00f3n durante el segundo d\u00eda porque cinco emprendedores casanare\u00f1os deb\u00edan exponer en cuatro minutos sus productos o servicios ante cuatro experimentados empresarios y exigentes jurados que deb\u00edan definir dos finalistas y el p\u00fablico elegir\u00eda entre ellos el triunfador de los emprendimientos.<\/p>\n<p style=\"text-align: justify;\">La primera participante fue <strong>Sandra Tobo a nombre de Tobo y Compa\u00f1\u00eda<\/strong>, empresa casanare\u00f1a fundada en 2004, dedicada a proyectos de innovaci\u00f3n con energ\u00edas renovables. Entre sus productos est\u00e1n los molinos de viento que han impactado de forma positiva en zonas con desabastecimiento superficial de agua. Han contribuido con 1.900 soluciones renovables, 1.200 molinos de viento en Casanare y destac\u00f3 la realizaci\u00f3n de varios de estos para poner en servicio en las sequ\u00edas del departamento.<\/p>\n<p style=\"text-align: justify;\">La presentaci\u00f3n fue muy emotiva porque la mujer destac\u00f3 el enorme trabajo realizado por su padre Senefelder Tobo Puentes en la invenci\u00f3n de equipos y aparatos en temas de energ\u00edas renovables.<\/p>\n<p><img loading=\"lazy\" decoding=\"async\" class=\"alignnone size-large wp-image-21644\" src=\"https:\/\/marthacifuentes.com\/portada\/wp-content\/uploads\/2019\/08\/WhatsApp-Image-2019-08-16-at-5.15.54-PM-1024x684.jpeg\" alt=\"\" width=\"1024\" height=\"684\" srcset=\"https:\/\/marthacifuentes.com\/portada\/wp-content\/uploads\/2019\/08\/WhatsApp-Image-2019-08-16-at-5.15.54-PM-1024x684.jpeg 1024w, https:\/\/marthacifuentes.com\/portada\/wp-content\/uploads\/2019\/08\/WhatsApp-Image-2019-08-16-at-5.15.54-PM-300x200.jpeg 300w, https:\/\/marthacifuentes.com\/portada\/wp-content\/uploads\/2019\/08\/WhatsApp-Image-2019-08-16-at-5.15.54-PM-768x513.jpeg 768w, https:\/\/marthacifuentes.com\/portada\/wp-content\/uploads\/2019\/08\/WhatsApp-Image-2019-08-16-at-5.15.54-PM.jpeg 1280w\" sizes=\"auto, (max-width: 1024px) 100vw, 1024px\" \/><\/p>\n<p style=\"text-align: justify;\">El segundo participante fue <strong>Manuel Fl\u00f3rez Rodr\u00edguez de la empresa Orinoquia, sabor y arte<\/strong>, quien explic\u00f3 que observando la necesidad de los artistas y artesanos llaneros de tener un espacio, se le ocurri\u00f3 la idea de crearlo. Inicialmente se abri\u00f3 un local pero este qued\u00f3 insuficiente y se debi\u00f3 hacer uno m\u00e1s grande, \u00a0donde se expone y vende productos artesanales en cacao, resina, palma de cumare y cuero, entre otros materiales.<\/p>\n<p><img loading=\"lazy\" decoding=\"async\" class=\"alignnone size-large wp-image-21645\" src=\"https:\/\/marthacifuentes.com\/portada\/wp-content\/uploads\/2019\/08\/WhatsApp-Image-2019-08-16-at-5.15.51-PM-1024x684.jpeg\" alt=\"\" width=\"1024\" height=\"684\" srcset=\"https:\/\/marthacifuentes.com\/portada\/wp-content\/uploads\/2019\/08\/WhatsApp-Image-2019-08-16-at-5.15.51-PM-1024x684.jpeg 1024w, https:\/\/marthacifuentes.com\/portada\/wp-content\/uploads\/2019\/08\/WhatsApp-Image-2019-08-16-at-5.15.51-PM-300x200.jpeg 300w, https:\/\/marthacifuentes.com\/portada\/wp-content\/uploads\/2019\/08\/WhatsApp-Image-2019-08-16-at-5.15.51-PM-768x513.jpeg 768w, https:\/\/marthacifuentes.com\/portada\/wp-content\/uploads\/2019\/08\/WhatsApp-Image-2019-08-16-at-5.15.51-PM.jpeg 1280w\" sizes=\"auto, (max-width: 1024px) 100vw, 1024px\" \/><\/p>\n<p style=\"text-align: justify;\">El tercer concursante, <strong>Juan Carlos Vargas represent\u00f3 la <\/strong><strong>Reserva natural El Encanto de Guanapalo,<\/strong> de la cual es cofundador, expres\u00f3 que en 1919 el abuelo Gerardo Zambrano compr\u00f3 esas tierras y hoy es un legado de sus hijos y nietos de la comunidad de San Luis de Palenque. La Reserva El Encanto est\u00e1 conformada por los hatos Mata de Palma, Altamira y Montana. En este momento aloja 400 especies de aves, mam\u00edferos, reptiles, peces y anfibios. Dijo que en 10 meses de apertura ya ha tenido 800 visitas y espera que est\u00e1n se ampl\u00eden.<\/p>\n<p><img loading=\"lazy\" decoding=\"async\" class=\"alignnone size-large wp-image-21646\" src=\"https:\/\/marthacifuentes.com\/portada\/wp-content\/uploads\/2019\/08\/WhatsApp-Image-2019-08-16-at-5.15.59-PM-1024x684.jpeg\" alt=\"\" width=\"1024\" height=\"684\" srcset=\"https:\/\/marthacifuentes.com\/portada\/wp-content\/uploads\/2019\/08\/WhatsApp-Image-2019-08-16-at-5.15.59-PM-1024x684.jpeg 1024w, https:\/\/marthacifuentes.com\/portada\/wp-content\/uploads\/2019\/08\/WhatsApp-Image-2019-08-16-at-5.15.59-PM-300x200.jpeg 300w, https:\/\/marthacifuentes.com\/portada\/wp-content\/uploads\/2019\/08\/WhatsApp-Image-2019-08-16-at-5.15.59-PM-768x513.jpeg 768w, https:\/\/marthacifuentes.com\/portada\/wp-content\/uploads\/2019\/08\/WhatsApp-Image-2019-08-16-at-5.15.59-PM.jpeg 1280w\" sizes=\"auto, (max-width: 1024px) 100vw, 1024px\" \/><\/p>\n<p style=\"text-align: justify;\">La cuarta participante fue <strong>Vivian Ocampo de la empresa Amala<\/strong>. Destac\u00f3 que su emprendimiento viene desde marzo de 2017 y se trata de productos artesanales hechos a mano en Casanare con los cuales se pretende unir la conservaci\u00f3n, la funcionalidad y responsabilidad con el medio ambiente. Resalt\u00f3 que algunas de las creaciones se trabajan con mujeres privadas de la libertad que contribuyen en la elaboraci\u00f3n de estos productos \u00fanicos y as\u00ed tienen una segunda oportunidad en la vida.<\/p>\n<p><img loading=\"lazy\" decoding=\"async\" class=\"alignnone size-full wp-image-21647\" src=\"https:\/\/marthacifuentes.com\/portada\/wp-content\/uploads\/2019\/08\/amala.jpg\" alt=\"\" width=\"960\" height=\"641\" srcset=\"https:\/\/marthacifuentes.com\/portada\/wp-content\/uploads\/2019\/08\/amala.jpg 960w, https:\/\/marthacifuentes.com\/portada\/wp-content\/uploads\/2019\/08\/amala-300x200.jpg 300w, https:\/\/marthacifuentes.com\/portada\/wp-content\/uploads\/2019\/08\/amala-768x513.jpg 768w\" sizes=\"auto, (max-width: 960px) 100vw, 960px\" \/><\/p>\n<p style=\"text-align: justify;\">La \u00faltima concursante fue <strong>Sonia Catalina Su\u00e1rez Cutha con su producto Bastimento llanero<\/strong>. Muy entusiasta esta psic\u00f3loga y vendedora natural que en la universidad la llamaban \u201cla turca\u201d, narr\u00f3 que este es un alimento basado en la gastronom\u00eda llanera, que se puede consumir como desayuno, almuerzo o cena. Rese\u00f1\u00f3 que cuenta con 8 l\u00edneas de producto en el mercado de Casanare, Arauca, Guaviare, meta y Cundinamarca, entre otros sitios. Igualmente destac\u00f3 que ya hizo la primera exportaci\u00f3n a Holanda de 6 mil unidades y ahora lleg\u00f3 un pedido de 100 mil paquetes.<\/p>\n<p><img loading=\"lazy\" decoding=\"async\" class=\"alignnone size-large wp-image-21648\" src=\"https:\/\/marthacifuentes.com\/portada\/wp-content\/uploads\/2019\/08\/WhatsApp-Image-2019-08-16-at-5.15.30-PM-1024x684.jpeg\" alt=\"\" width=\"1024\" height=\"684\" srcset=\"https:\/\/marthacifuentes.com\/portada\/wp-content\/uploads\/2019\/08\/WhatsApp-Image-2019-08-16-at-5.15.30-PM-1024x684.jpeg 1024w, https:\/\/marthacifuentes.com\/portada\/wp-content\/uploads\/2019\/08\/WhatsApp-Image-2019-08-16-at-5.15.30-PM-300x200.jpeg 300w, https:\/\/marthacifuentes.com\/portada\/wp-content\/uploads\/2019\/08\/WhatsApp-Image-2019-08-16-at-5.15.30-PM-768x513.jpeg 768w, https:\/\/marthacifuentes.com\/portada\/wp-content\/uploads\/2019\/08\/WhatsApp-Image-2019-08-16-at-5.15.30-PM.jpeg 1280w\" sizes=\"auto, (max-width: 1024px) 100vw, 1024px\" \/><\/p>\n<p style=\"text-align: justify;\">Los jurados de este concurso de emprendedores fueron <strong>Juliana Barreto<\/strong>, reconocida tiburona del programa Shark Tank Colombia, gerente de operaciones de la empresa de alimentos La Carreta; <strong>Ren\u00e9 Rojas<\/strong>, fundador del club de inversionistas de HubBOG, y Cofundador de HB Investment Capital VC. CEO de HubBOG actualmente el primer Campus para Startups de Latinoam\u00e9rica; <strong>Rafael Tovar,<\/strong> vicepresidente de Evolve Banca de Inversi\u00f3n, compa\u00f1\u00eda que selecciona y conecta a las mejores startups de Colombia con una red de inversionistas privados y entidades financieras que buscan fomentar el ecosistema de emprendimiento en Colombia y <strong>Andr\u00e9s Ocampo<\/strong>, ejecutivo comercial y experto en an\u00e1lisis de cr\u00e9ditos para startups y emprendimientos de alto impacto de Finaktiva.<\/p>\n<p><img loading=\"lazy\" decoding=\"async\" class=\"alignnone size-large wp-image-21649\" src=\"https:\/\/marthacifuentes.com\/portada\/wp-content\/uploads\/2019\/08\/WhatsApp-Image-2019-08-16-at-5.15.57-PM-1024x671.jpeg\" alt=\"\" width=\"1024\" height=\"671\" srcset=\"https:\/\/marthacifuentes.com\/portada\/wp-content\/uploads\/2019\/08\/WhatsApp-Image-2019-08-16-at-5.15.57-PM-1024x671.jpeg 1024w, https:\/\/marthacifuentes.com\/portada\/wp-content\/uploads\/2019\/08\/WhatsApp-Image-2019-08-16-at-5.15.57-PM-300x197.jpeg 300w, https:\/\/marthacifuentes.com\/portada\/wp-content\/uploads\/2019\/08\/WhatsApp-Image-2019-08-16-at-5.15.57-PM-768x503.jpeg 768w, https:\/\/marthacifuentes.com\/portada\/wp-content\/uploads\/2019\/08\/WhatsApp-Image-2019-08-16-at-5.15.57-PM.jpeg 1280w\" sizes=\"auto, (max-width: 1024px) 100vw, 1024px\" \/><\/p>\n<p style=\"text-align: justify;\">Luego de escuchar los planteamientos de los cinco emprendedores, los jurados eligieron a la empresa Tobo y Compa\u00f1\u00eda y a Bastimento del Llano. De estas dos, el p\u00fablico eligi\u00f3 la \u00faltima.<\/p>\n<p style=\"text-align: justify;\">La ganadora recibi\u00f3 un cheque por cinco millones de pesos y promesa de uno de los jurados de apoyarla en capacitaci\u00f3n en el manejo de la industria de alimentos.<\/p>\n<p>https:\/\/www.facebook.com\/MarthaCifuentesNoticiasyContenidos\/videos\/2456153831336202\/<\/p>\n<p>&nbsp;<\/p>\n<p>&nbsp;<\/p>\n<p style=\"text-align: justify;\"><strong>C\u00f3mo ser un emprendedor exitoso, seg\u00fan los jurados del concurso<\/strong><\/p>\n<p style=\"text-align: justify;\"><strong>Juliana Barreto:<\/strong> Se requiere hacer lo que amas, hacerlo muy bien, que te puedan pagar por ello y generar un impacto en alguien m\u00e1s.<\/p>\n<p style=\"text-align: justify;\"><strong>Ren\u00e9 Rojas:<\/strong> La alineaci\u00f3n de la pasi\u00f3n con resolver un problema del mercado es la fuente de emprendimientos de \u00e9xito. Igualmente dijo que se requiere seres humanos resilientes, que encuentran un problema en el mercado que resolver, dise\u00f1an una soluci\u00f3n y logran impactar positivamente a millones de personas.<\/p>\n<p style=\"text-align: justify;\"><strong>Andr\u00e9s Ocampo:<\/strong> La pasi\u00f3n es un tema muy importante para otorgarle los recursos de inversi\u00f3n; si el emprendedor est\u00e1 seguro de lo que est\u00e1 haciendo y generando un impacto social o ambiental, esto es lo m\u00e1s valioso. La pasi\u00f3n es lo m\u00e1s importante.<\/p>\n<p style=\"text-align: justify;\"><strong>Rafael Tovar<\/strong>: El emprendedor debe tener un componente disruptivo, innovador. El que eche el cuento mejor pega dos veces y si no se sabe hacer esto va a haber alguien mucho mejor para hacerlo y avanzar en reto de obtener inversi\u00f3n.<\/p>\n<p>https:\/\/www.facebook.com\/MarthaCifuentesNoticiasyContenidos\/videos\/450164402249414\/<\/p>\n<p>https:\/\/www.facebook.com\/iNNpulsaColombia\/videos\/559522581249050\/<\/p>\n<p>&nbsp;<\/p>\n<p>&nbsp;<\/p>\n","protected":false},"excerpt":{"rendered":"<p>La emprendedora Sonia Catalina Su\u00e1rez con \u201cBastimento llanero\u201d, un alimento basado en la cultura y gastronom\u00eda llanera, fue la ganadora del concurso \u201cGran Desaf\u00edo de la Inversi\u00f3n\u201d realizado durante el festival de emprendimiento e innovaci\u00f3n H\u00e9roes Fest en la C\u00e1mara de Comercio de Casanare en Yopal. Esta actividad fue una de las que m\u00e1s llam\u00f3 &hellip;<\/p>\n","protected":false},"author":2,"featured_media":21650,"comment_status":"open","ping_status":"open","sticky":false,"template":"","format":"standard","meta":{"om_disable_all_campaigns":false,"_exactmetrics_skip_tracking":false,"_exactmetrics_sitenote_active":false,"_exactmetrics_sitenote_note":"","_exactmetrics_sitenote_category":0,"_monsterinsights_skip_tracking":false,"_monsterinsights_sitenote_active":false,"_monsterinsights_sitenote_note":"","_monsterinsights_sitenote_category":0,"_uf_show_specific_survey":0,"_uf_disable_surveys":false,"_joinchat":[],"footnotes":""},"categories":[147,146,145],"tags":[3279,3285,3278,410,3274,3283,1372,3280,3286,3284,3282,3281],"class_list":["post-21643","post","type-post","status-publish","format-standard","has-post-thumbnail","hentry","category-actualidad","category-noticias","category-reportajes","tag-amala","tag-andres-ocampo","tag-bastimento-llanero","tag-camara-de-comercio-de-casanare","tag-heroes-fest-casanare","tag-juliana-barreto","tag-noticias-de-casanare","tag-orinoquia-sabor-y-arte","tag-rafael-tovar","tag-rene-rojas","tag-reserva-natural-el-encanto-casanare","tag-tobo-y-compania"],"yoast_head":"<!-- This site is optimized with the Yoast SEO plugin v26.1 - https:\/\/yoast.com\/wordpress\/plugins\/seo\/ -->\n<title>Bastimento llanero gan\u00f3 concurso de emprendedores de H\u00e9roes Fest Casanare - \u25b7 Noticias de Casanare : Martha Cifuentes | Casanare<\/title>\n<meta name=\"robots\" content=\"index, follow, max-snippet:-1, max-image-preview:large, max-video-preview:-1\" \/>\n<link rel=\"canonical\" href=\"https:\/\/marthacifuentes.com\/portada\/bastimento-llanero-gano-concurso-de-emprendedores-de-heroes-fest-casanare\/\" \/>\n<meta property=\"og:locale\" content=\"es_ES\" \/>\n<meta property=\"og:type\" content=\"article\" \/>\n<meta property=\"og:title\" content=\"Bastimento llanero gan\u00f3 concurso de emprendedores de H\u00e9roes Fest Casanare - \u25b7 Noticias de Casanare : Martha Cifuentes | Casanare\" \/>\n<meta property=\"og:description\" content=\"La emprendedora Sonia Catalina Su\u00e1rez con \u201cBastimento llanero\u201d, un alimento basado en la cultura y gastronom\u00eda llanera, fue la ganadora del concurso \u201cGran Desaf\u00edo de la Inversi\u00f3n\u201d realizado durante el festival de emprendimiento e innovaci\u00f3n H\u00e9roes Fest en la C\u00e1mara de Comercio de Casanare en Yopal. Esta actividad fue una de las que m\u00e1s llam\u00f3 &hellip;\" \/>\n<meta property=\"og:url\" content=\"https:\/\/marthacifuentes.com\/portada\/bastimento-llanero-gano-concurso-de-emprendedores-de-heroes-fest-casanare\/\" \/>\n<meta property=\"og:site_name\" content=\"\u25b7 Noticias de Casanare : Martha Cifuentes | Casanare\" \/>\n<meta property=\"article:published_time\" content=\"2019-08-20T12:10:27+00:00\" \/>\n<meta property=\"article:modified_time\" content=\"2019-08-20T13:11:16+00:00\" \/>\n<meta property=\"og:image\" content=\"https:\/\/marthacifuentes.com\/portada\/wp-content\/uploads\/2019\/08\/bastimento-llanero-ganadore-gran-desafio.jpg\" \/>\n\t<meta property=\"og:image:width\" content=\"750\" \/>\n\t<meta property=\"og:image:height\" content=\"500\" \/>\n\t<meta property=\"og:image:type\" content=\"image\/jpeg\" \/>\n<meta name=\"author\" content=\"Martha Cifuentes\" \/>\n<meta name=\"twitter:card\" content=\"summary_large_image\" \/>\n<meta name=\"twitter:label1\" content=\"Escrito por\" \/>\n\t<meta name=\"twitter:data1\" content=\"Martha Cifuentes\" \/>\n\t<meta name=\"twitter:label2\" content=\"Tiempo de lectura\" \/>\n\t<meta name=\"twitter:data2\" content=\"5 minutos\" \/>\n<script type=\"application\/ld+json\" class=\"yoast-schema-graph\">{\"@context\":\"https:\/\/schema.org\",\"@graph\":[{\"@type\":\"WebPage\",\"@id\":\"https:\/\/marthacifuentes.com\/portada\/bastimento-llanero-gano-concurso-de-emprendedores-de-heroes-fest-casanare\/\",\"url\":\"https:\/\/marthacifuentes.com\/portada\/bastimento-llanero-gano-concurso-de-emprendedores-de-heroes-fest-casanare\/\",\"name\":\"Bastimento llanero gan\u00f3 concurso de emprendedores de H\u00e9roes Fest Casanare - \u25b7 Noticias de Casanare : Martha Cifuentes | Casanare\",\"isPartOf\":{\"@id\":\"https:\/\/marthacifuentes.com\/portada\/#website\"},\"primaryImageOfPage\":{\"@id\":\"https:\/\/marthacifuentes.com\/portada\/bastimento-llanero-gano-concurso-de-emprendedores-de-heroes-fest-casanare\/#primaryimage\"},\"image\":{\"@id\":\"https:\/\/marthacifuentes.com\/portada\/bastimento-llanero-gano-concurso-de-emprendedores-de-heroes-fest-casanare\/#primaryimage\"},\"thumbnailUrl\":\"https:\/\/marthacifuentes.com\/portada\/wp-content\/uploads\/2019\/08\/bastimento-llanero-ganadore-gran-desafio.jpg\",\"datePublished\":\"2019-08-20T12:10:27+00:00\",\"dateModified\":\"2019-08-20T13:11:16+00:00\",\"author\":{\"@id\":\"https:\/\/marthacifuentes.com\/portada\/#\/schema\/person\/57f53174b991db5f90ff78d58502b714\"},\"breadcrumb\":{\"@id\":\"https:\/\/marthacifuentes.com\/portada\/bastimento-llanero-gano-concurso-de-emprendedores-de-heroes-fest-casanare\/#breadcrumb\"},\"inLanguage\":\"es\",\"potentialAction\":[{\"@type\":\"ReadAction\",\"target\":[\"https:\/\/marthacifuentes.com\/portada\/bastimento-llanero-gano-concurso-de-emprendedores-de-heroes-fest-casanare\/\"]}]},{\"@type\":\"ImageObject\",\"inLanguage\":\"es\",\"@id\":\"https:\/\/marthacifuentes.com\/portada\/bastimento-llanero-gano-concurso-de-emprendedores-de-heroes-fest-casanare\/#primaryimage\",\"url\":\"https:\/\/marthacifuentes.com\/portada\/wp-content\/uploads\/2019\/08\/bastimento-llanero-ganadore-gran-desafio.jpg\",\"contentUrl\":\"https:\/\/marthacifuentes.com\/portada\/wp-content\/uploads\/2019\/08\/bastimento-llanero-ganadore-gran-desafio.jpg\",\"width\":750,\"height\":500},{\"@type\":\"BreadcrumbList\",\"@id\":\"https:\/\/marthacifuentes.com\/portada\/bastimento-llanero-gano-concurso-de-emprendedores-de-heroes-fest-casanare\/#breadcrumb\",\"itemListElement\":[{\"@type\":\"ListItem\",\"position\":1,\"name\":\"Portada\",\"item\":\"https:\/\/marthacifuentes.com\/portada\/\"},{\"@type\":\"ListItem\",\"position\":2,\"name\":\"Bastimento llanero gan\u00f3 concurso de emprendedores de H\u00e9roes Fest Casanare\"}]},{\"@type\":\"WebSite\",\"@id\":\"https:\/\/marthacifuentes.com\/portada\/#website\",\"url\":\"https:\/\/marthacifuentes.com\/portada\/\",\"name\":\"\u25b7 Noticias de Casanare : Martha Cifuentes | Casanare\",\"description\":\"Noticias &amp; Contenidos\",\"potentialAction\":[{\"@type\":\"SearchAction\",\"target\":{\"@type\":\"EntryPoint\",\"urlTemplate\":\"https:\/\/marthacifuentes.com\/portada\/?s={search_term_string}\"},\"query-input\":{\"@type\":\"PropertyValueSpecification\",\"valueRequired\":true,\"valueName\":\"search_term_string\"}}],\"inLanguage\":\"es\"},{\"@type\":\"Person\",\"@id\":\"https:\/\/marthacifuentes.com\/portada\/#\/schema\/person\/57f53174b991db5f90ff78d58502b714\",\"name\":\"Martha Cifuentes\",\"image\":{\"@type\":\"ImageObject\",\"inLanguage\":\"es\",\"@id\":\"https:\/\/marthacifuentes.com\/portada\/#\/schema\/person\/image\/\",\"url\":\"http:\/\/marthacifuentes.com\/portada\/wp-content\/uploads\/2018\/06\/avatar_user_2_1528838701-96x96.jpg\",\"contentUrl\":\"http:\/\/marthacifuentes.com\/portada\/wp-content\/uploads\/2018\/06\/avatar_user_2_1528838701-96x96.jpg\",\"caption\":\"Martha Cifuentes\"},\"sameAs\":[\"http:\/\/www.marthacifuentes.com\"],\"url\":\"https:\/\/marthacifuentes.com\/portada\/author\/martha\/\"}]}<\/script>\n<!-- \/ Yoast SEO plugin. -->","yoast_head_json":{"title":"Bastimento llanero gan\u00f3 concurso de emprendedores de H\u00e9roes Fest Casanare - \u25b7 Noticias de Casanare : Martha Cifuentes | Casanare","robots":{"index":"index","follow":"follow","max-snippet":"max-snippet:-1","max-image-preview":"max-image-preview:large","max-video-preview":"max-video-preview:-1"},"canonical":"https:\/\/marthacifuentes.com\/portada\/bastimento-llanero-gano-concurso-de-emprendedores-de-heroes-fest-casanare\/","og_locale":"es_ES","og_type":"article","og_title":"Bastimento llanero gan\u00f3 concurso de emprendedores de H\u00e9roes Fest Casanare - \u25b7 Noticias de Casanare : Martha Cifuentes | Casanare","og_description":"La emprendedora Sonia Catalina Su\u00e1rez con \u201cBastimento llanero\u201d, un alimento basado en la cultura y gastronom\u00eda llanera, fue la ganadora del concurso \u201cGran Desaf\u00edo de la Inversi\u00f3n\u201d realizado durante el festival de emprendimiento e innovaci\u00f3n H\u00e9roes Fest en la C\u00e1mara de Comercio de Casanare en Yopal. Esta actividad fue una de las que m\u00e1s llam\u00f3 &hellip;","og_url":"https:\/\/marthacifuentes.com\/portada\/bastimento-llanero-gano-concurso-de-emprendedores-de-heroes-fest-casanare\/","og_site_name":"\u25b7 Noticias de Casanare : Martha Cifuentes | Casanare","article_published_time":"2019-08-20T12:10:27+00:00","article_modified_time":"2019-08-20T13:11:16+00:00","og_image":[{"width":750,"height":500,"url":"https:\/\/marthacifuentes.com\/portada\/wp-content\/uploads\/2019\/08\/bastimento-llanero-ganadore-gran-desafio.jpg","type":"image\/jpeg"}],"author":"Martha Cifuentes","twitter_card":"summary_large_image","twitter_misc":{"Escrito por":"Martha Cifuentes","Tiempo de lectura":"5 minutos"},"schema":{"@context":"https:\/\/schema.org","@graph":[{"@type":"WebPage","@id":"https:\/\/marthacifuentes.com\/portada\/bastimento-llanero-gano-concurso-de-emprendedores-de-heroes-fest-casanare\/","url":"https:\/\/marthacifuentes.com\/portada\/bastimento-llanero-gano-concurso-de-emprendedores-de-heroes-fest-casanare\/","name":"Bastimento llanero gan\u00f3 concurso de emprendedores de H\u00e9roes Fest Casanare - \u25b7 Noticias de Casanare : Martha Cifuentes | Casanare","isPartOf":{"@id":"https:\/\/marthacifuentes.com\/portada\/#website"},"primaryImageOfPage":{"@id":"https:\/\/marthacifuentes.com\/portada\/bastimento-llanero-gano-concurso-de-emprendedores-de-heroes-fest-casanare\/#primaryimage"},"image":{"@id":"https:\/\/marthacifuentes.com\/portada\/bastimento-llanero-gano-concurso-de-emprendedores-de-heroes-fest-casanare\/#primaryimage"},"thumbnailUrl":"https:\/\/marthacifuentes.com\/portada\/wp-content\/uploads\/2019\/08\/bastimento-llanero-ganadore-gran-desafio.jpg","datePublished":"2019-08-20T12:10:27+00:00","dateModified":"2019-08-20T13:11:16+00:00","author":{"@id":"https:\/\/marthacifuentes.com\/portada\/#\/schema\/person\/57f53174b991db5f90ff78d58502b714"},"breadcrumb":{"@id":"https:\/\/marthacifuentes.com\/portada\/bastimento-llanero-gano-concurso-de-emprendedores-de-heroes-fest-casanare\/#breadcrumb"},"inLanguage":"es","potentialAction":[{"@type":"ReadAction","target":["https:\/\/marthacifuentes.com\/portada\/bastimento-llanero-gano-concurso-de-emprendedores-de-heroes-fest-casanare\/"]}]},{"@type":"ImageObject","inLanguage":"es","@id":"https:\/\/marthacifuentes.com\/portada\/bastimento-llanero-gano-concurso-de-emprendedores-de-heroes-fest-casanare\/#primaryimage","url":"https:\/\/marthacifuentes.com\/portada\/wp-content\/uploads\/2019\/08\/bastimento-llanero-ganadore-gran-desafio.jpg","contentUrl":"https:\/\/marthacifuentes.com\/portada\/wp-content\/uploads\/2019\/08\/bastimento-llanero-ganadore-gran-desafio.jpg","width":750,"height":500},{"@type":"BreadcrumbList","@id":"https:\/\/marthacifuentes.com\/portada\/bastimento-llanero-gano-concurso-de-emprendedores-de-heroes-fest-casanare\/#breadcrumb","itemListElement":[{"@type":"ListItem","position":1,"name":"Portada","item":"https:\/\/marthacifuentes.com\/portada\/"},{"@type":"ListItem","position":2,"name":"Bastimento llanero gan\u00f3 concurso de emprendedores de H\u00e9roes Fest Casanare"}]},{"@type":"WebSite","@id":"https:\/\/marthacifuentes.com\/portada\/#website","url":"https:\/\/marthacifuentes.com\/portada\/","name":"\u25b7 Noticias de Casanare : Martha Cifuentes | Casanare","description":"Noticias &amp; Contenidos","potentialAction":[{"@type":"SearchAction","target":{"@type":"EntryPoint","urlTemplate":"https:\/\/marthacifuentes.com\/portada\/?s={search_term_string}"},"query-input":{"@type":"PropertyValueSpecification","valueRequired":true,"valueName":"search_term_string"}}],"inLanguage":"es"},{"@type":"Person","@id":"https:\/\/marthacifuentes.com\/portada\/#\/schema\/person\/57f53174b991db5f90ff78d58502b714","name":"Martha Cifuentes","image":{"@type":"ImageObject","inLanguage":"es","@id":"https:\/\/marthacifuentes.com\/portada\/#\/schema\/person\/image\/","url":"http:\/\/marthacifuentes.com\/portada\/wp-content\/uploads\/2018\/06\/avatar_user_2_1528838701-96x96.jpg","contentUrl":"http:\/\/marthacifuentes.com\/portada\/wp-content\/uploads\/2018\/06\/avatar_user_2_1528838701-96x96.jpg","caption":"Martha Cifuentes"},"sameAs":["http:\/\/www.marthacifuentes.com"],"url":"https:\/\/marthacifuentes.com\/portada\/author\/martha\/"}]}},"_links":{"self":[{"href":"https:\/\/marthacifuentes.com\/portada\/wp-json\/wp\/v2\/posts\/21643","targetHints":{"allow":["GET"]}}],"collection":[{"href":"https:\/\/marthacifuentes.com\/portada\/wp-json\/wp\/v2\/posts"}],"about":[{"href":"https:\/\/marthacifuentes.com\/portada\/wp-json\/wp\/v2\/types\/post"}],"author":[{"embeddable":true,"href":"https:\/\/marthacifuentes.com\/portada\/wp-json\/wp\/v2\/users\/2"}],"replies":[{"embeddable":true,"href":"https:\/\/marthacifuentes.com\/portada\/wp-json\/wp\/v2\/comments?post=21643"}],"version-history":[{"count":0,"href":"https:\/\/marthacifuentes.com\/portada\/wp-json\/wp\/v2\/posts\/21643\/revisions"}],"wp:featuredmedia":[{"embeddable":true,"href":"https:\/\/marthacifuentes.com\/portada\/wp-json\/wp\/v2\/media\/21650"}],"wp:attachment":[{"href":"https:\/\/marthacifuentes.com\/portada\/wp-json\/wp\/v2\/media?parent=21643"}],"wp:term":[{"taxonomy":"category","embeddable":true,"href":"https:\/\/marthacifuentes.com\/portada\/wp-json\/wp\/v2\/categories?post=21643"},{"taxonomy":"post_tag","embeddable":true,"href":"https:\/\/marthacifuentes.com\/portada\/wp-json\/wp\/v2\/tags?post=21643"}],"curies":[{"name":"wp","href":"https:\/\/api.w.org\/{rel}","templated":true}]}}