{"id":21679,"date":"2019-08-20T16:27:40","date_gmt":"2019-08-20T21:27:40","guid":{"rendered":"https:\/\/marthacifuentes.com\/portada\/?p=21679"},"modified":"2019-08-20T16:27:40","modified_gmt":"2019-08-20T21:27:40","slug":"108-jovenes-de-casanare-ya-son-estudiantes-de-la-u-nal-orinoquia-con-el-peama","status":"publish","type":"post","link":"https:\/\/marthacifuentes.com\/portada\/108-jovenes-de-casanare-ya-son-estudiantes-de-la-u-nal-orinoquia-con-el-peama\/","title":{"rendered":"108 j\u00f3venes de Casanare ya son estudiantes de la U. Nal. Orinoquia, con el Peama."},"content":{"rendered":"<p style=\"text-align: justify;\"><strong>Con 229 estudiantes admitidos a trav\u00e9s del Programa Especial de Admisi\u00f3n y Movilidad Acad\u00e9mica (Peama), la Universidad Nacional de Colombia (U.N.) Sede Orinoquia dio inicio al segundo periodo acad\u00e9mico del presente a\u00f1o.<\/strong><\/p>\n<p style=\"text-align: justify;\">De estos estudiantes, la mayor\u00eda, 108, son de Casanare; 87 de Arauca; 27 de Guaviare; 5 de Guain\u00eda y 2 de Vichada.<\/p>\n<p style=\"text-align: justify;\">El recibimiento de los nuevos miembros de la comunidad universitaria de la U.N. se realiz\u00f3 con la semana de inducci\u00f3n que ten\u00eda entre sus objetivos darles a conocer los servicios que les ofrece la Instituci\u00f3n en su primera etapa de estudios y la normativa que deben tener en cuenta en su proceso formativo.<\/p>\n<p style=\"text-align: justify;\">Esta jornada de inducci\u00f3n inici\u00f3 con el saludo por parte del director de la Sede Orinoquia, el profesor Oscar Eduardo Su\u00e1rez Moreno, quien resalt\u00f3 las bondades del Peama, mencion\u00f3 algunas experiencias de j\u00f3venes de la regi\u00f3n que encontraron en este programa su \u00fanica oportunidad para estudiar y hoy en d\u00eda son profesionales exitosos, e invit\u00f3 a\u00a0 estos nuevos estudiantes a aprovechar todo el conocimiento que les va a brindar la Universidad; a vivir los valores en familia; a no olvidar sus or\u00edgenes y a proyectarse para volver a la regi\u00f3n con la frente en alto orgullosos de lo aprendido.<\/p>\n<p style=\"text-align: justify;\">En su primer d\u00eda de inducci\u00f3n, algunos de los estudiantes admitidos tuvieron la oportunidad de estar acompa\u00f1ados de sus padres, a quienes se les dio una orientaci\u00f3n general sobre las etapas del Peama, la metodolog\u00eda acad\u00e9mica, los servicios y beneficios a los cuales pueden acceder sus hijos en la Instituci\u00f3n y las responsabilidades que deben asumir para mantener su calidad de estudiantes y obtener su t\u00edtulo profesional.<\/p>\n<p style=\"text-align: justify;\">Los estudiantes admitidos a trav\u00e9s del Programa Especial de Admisi\u00f3n y Movilidad Acad\u00e9mica de la Sede Orinoquia realizar\u00e1n entre uno y tres semestres en esta sede dependiendo de la carrera en la que fueron admitidos. Luego deben realizar su movilidad a la sede andina (Bogot\u00e1, Medell\u00edn, Manizales o Palmira) a donde pertenece su programa acad\u00e9mico.<\/p>\n<p style=\"text-align: justify;\">Para el caso de los estudiantes admitidos en el departamento de Guaviare, el inicio de sus estudios en el periodo 2019-2 se realiza en el nodo ubicado en San Jos\u00e9 del Guaviare.<\/p>\n<p>&nbsp;<\/p>\n<p>&nbsp;<\/p>\n<p>&nbsp;<\/p>\n","protected":false},"excerpt":{"rendered":"<p>Con 229 estudiantes admitidos a trav\u00e9s del Programa Especial de Admisi\u00f3n y Movilidad Acad\u00e9mica (Peama), la Universidad Nacional de Colombia (U.N.) Sede Orinoquia dio inicio al segundo periodo acad\u00e9mico del presente a\u00f1o. De estos estudiantes, la mayor\u00eda, 108, son de Casanare; 87 de Arauca; 27 de Guaviare; 5 de Guain\u00eda y 2 de Vichada. El &hellip;<\/p>\n","protected":false},"author":2,"featured_media":21680,"comment_status":"open","ping_status":"open","sticky":false,"template":"","format":"standard","meta":{"om_disable_all_campaigns":false,"_exactmetrics_skip_tracking":false,"_exactmetrics_sitenote_active":false,"_exactmetrics_sitenote_note":"","_exactmetrics_sitenote_category":0,"_monsterinsights_skip_tracking":false,"_monsterinsights_sitenote_active":false,"_monsterinsights_sitenote_note":"","_monsterinsights_sitenote_category":0,"_uf_show_specific_survey":0,"_uf_disable_surveys":false,"_joinchat":[],"footnotes":""},"categories":[147,146,145],"tags":[497,3295,1372,3294,3248],"class_list":["post-21679","post","type-post","status-publish","format-standard","has-post-thumbnail","hentry","category-actualidad","category-noticias","category-reportajes","tag-arauca","tag-estudiantes-de-casanare-en-la-universidad-nacional-peama","tag-noticias-de-casanare","tag-nuevos-estudiantes-de-la-orinoquia-en-la-universidad-nacional","tag-peama-universidad-nacional"],"yoast_head":"<!-- This site is optimized with the Yoast SEO plugin v26.1 - https:\/\/yoast.com\/wordpress\/plugins\/seo\/ -->\n<title>108 j\u00f3venes de Casanare ya son estudiantes de la U. Nal. Orinoquia, con el Peama. - \u25b7 Noticias de Casanare : Martha Cifuentes | Casanare<\/title>\n<meta name=\"robots\" content=\"index, follow, max-snippet:-1, max-image-preview:large, max-video-preview:-1\" \/>\n<link rel=\"canonical\" href=\"https:\/\/marthacifuentes.com\/portada\/108-jovenes-de-casanare-ya-son-estudiantes-de-la-u-nal-orinoquia-con-el-peama\/\" \/>\n<meta property=\"og:locale\" content=\"es_ES\" \/>\n<meta property=\"og:type\" content=\"article\" \/>\n<meta property=\"og:title\" content=\"108 j\u00f3venes de Casanare ya son estudiantes de la U. Nal. Orinoquia, con el Peama. - \u25b7 Noticias de Casanare : Martha Cifuentes | Casanare\" \/>\n<meta property=\"og:description\" content=\"Con 229 estudiantes admitidos a trav\u00e9s del Programa Especial de Admisi\u00f3n y Movilidad Acad\u00e9mica (Peama), la Universidad Nacional de Colombia (U.N.) Sede Orinoquia dio inicio al segundo periodo acad\u00e9mico del presente a\u00f1o. De estos estudiantes, la mayor\u00eda, 108, son de Casanare; 87 de Arauca; 27 de Guaviare; 5 de Guain\u00eda y 2 de Vichada. El &hellip;\" \/>\n<meta property=\"og:url\" content=\"https:\/\/marthacifuentes.com\/portada\/108-jovenes-de-casanare-ya-son-estudiantes-de-la-u-nal-orinoquia-con-el-peama\/\" \/>\n<meta property=\"og:site_name\" content=\"\u25b7 Noticias de Casanare : Martha Cifuentes | Casanare\" \/>\n<meta property=\"article:published_time\" content=\"2019-08-20T21:27:40+00:00\" \/>\n<meta property=\"og:image\" content=\"https:\/\/marthacifuentes.com\/portada\/wp-content\/uploads\/2019\/08\/estudiantes-universidad-nacional-orinoquia.jpg\" \/>\n\t<meta property=\"og:image:width\" content=\"800\" \/>\n\t<meta property=\"og:image:height\" content=\"449\" \/>\n\t<meta property=\"og:image:type\" content=\"image\/jpeg\" \/>\n<meta name=\"author\" content=\"Martha Cifuentes\" \/>\n<meta name=\"twitter:card\" content=\"summary_large_image\" \/>\n<meta name=\"twitter:label1\" content=\"Escrito por\" \/>\n\t<meta name=\"twitter:data1\" content=\"Martha Cifuentes\" \/>\n\t<meta name=\"twitter:label2\" content=\"Tiempo de lectura\" \/>\n\t<meta name=\"twitter:data2\" content=\"2 minutos\" \/>\n<script type=\"application\/ld+json\" class=\"yoast-schema-graph\">{\"@context\":\"https:\/\/schema.org\",\"@graph\":[{\"@type\":\"WebPage\",\"@id\":\"https:\/\/marthacifuentes.com\/portada\/108-jovenes-de-casanare-ya-son-estudiantes-de-la-u-nal-orinoquia-con-el-peama\/\",\"url\":\"https:\/\/marthacifuentes.com\/portada\/108-jovenes-de-casanare-ya-son-estudiantes-de-la-u-nal-orinoquia-con-el-peama\/\",\"name\":\"108 j\u00f3venes de Casanare ya son estudiantes de la U. Nal. Orinoquia, con el Peama. - \u25b7 Noticias de Casanare : Martha Cifuentes | Casanare\",\"isPartOf\":{\"@id\":\"https:\/\/marthacifuentes.com\/portada\/#website\"},\"primaryImageOfPage\":{\"@id\":\"https:\/\/marthacifuentes.com\/portada\/108-jovenes-de-casanare-ya-son-estudiantes-de-la-u-nal-orinoquia-con-el-peama\/#primaryimage\"},\"image\":{\"@id\":\"https:\/\/marthacifuentes.com\/portada\/108-jovenes-de-casanare-ya-son-estudiantes-de-la-u-nal-orinoquia-con-el-peama\/#primaryimage\"},\"thumbnailUrl\":\"https:\/\/marthacifuentes.com\/portada\/wp-content\/uploads\/2019\/08\/estudiantes-universidad-nacional-orinoquia.jpg\",\"datePublished\":\"2019-08-20T21:27:40+00:00\",\"author\":{\"@id\":\"https:\/\/marthacifuentes.com\/portada\/#\/schema\/person\/57f53174b991db5f90ff78d58502b714\"},\"breadcrumb\":{\"@id\":\"https:\/\/marthacifuentes.com\/portada\/108-jovenes-de-casanare-ya-son-estudiantes-de-la-u-nal-orinoquia-con-el-peama\/#breadcrumb\"},\"inLanguage\":\"es\",\"potentialAction\":[{\"@type\":\"ReadAction\",\"target\":[\"https:\/\/marthacifuentes.com\/portada\/108-jovenes-de-casanare-ya-son-estudiantes-de-la-u-nal-orinoquia-con-el-peama\/\"]}]},{\"@type\":\"ImageObject\",\"inLanguage\":\"es\",\"@id\":\"https:\/\/marthacifuentes.com\/portada\/108-jovenes-de-casanare-ya-son-estudiantes-de-la-u-nal-orinoquia-con-el-peama\/#primaryimage\",\"url\":\"https:\/\/marthacifuentes.com\/portada\/wp-content\/uploads\/2019\/08\/estudiantes-universidad-nacional-orinoquia.jpg\",\"contentUrl\":\"https:\/\/marthacifuentes.com\/portada\/wp-content\/uploads\/2019\/08\/estudiantes-universidad-nacional-orinoquia.jpg\",\"width\":800,\"height\":449},{\"@type\":\"BreadcrumbList\",\"@id\":\"https:\/\/marthacifuentes.com\/portada\/108-jovenes-de-casanare-ya-son-estudiantes-de-la-u-nal-orinoquia-con-el-peama\/#breadcrumb\",\"itemListElement\":[{\"@type\":\"ListItem\",\"position\":1,\"name\":\"Portada\",\"item\":\"https:\/\/marthacifuentes.com\/portada\/\"},{\"@type\":\"ListItem\",\"position\":2,\"name\":\"108 j\u00f3venes de Casanare ya son estudiantes de la U. Nal. Orinoquia, con el Peama.\"}]},{\"@type\":\"WebSite\",\"@id\":\"https:\/\/marthacifuentes.com\/portada\/#website\",\"url\":\"https:\/\/marthacifuentes.com\/portada\/\",\"name\":\"\u25b7 Noticias de Casanare : Martha Cifuentes | Casanare\",\"description\":\"Noticias &amp; Contenidos\",\"potentialAction\":[{\"@type\":\"SearchAction\",\"target\":{\"@type\":\"EntryPoint\",\"urlTemplate\":\"https:\/\/marthacifuentes.com\/portada\/?s={search_term_string}\"},\"query-input\":{\"@type\":\"PropertyValueSpecification\",\"valueRequired\":true,\"valueName\":\"search_term_string\"}}],\"inLanguage\":\"es\"},{\"@type\":\"Person\",\"@id\":\"https:\/\/marthacifuentes.com\/portada\/#\/schema\/person\/57f53174b991db5f90ff78d58502b714\",\"name\":\"Martha Cifuentes\",\"image\":{\"@type\":\"ImageObject\",\"inLanguage\":\"es\",\"@id\":\"https:\/\/marthacifuentes.com\/portada\/#\/schema\/person\/image\/\",\"url\":\"http:\/\/marthacifuentes.com\/portada\/wp-content\/uploads\/2018\/06\/avatar_user_2_1528838701-96x96.jpg\",\"contentUrl\":\"http:\/\/marthacifuentes.com\/portada\/wp-content\/uploads\/2018\/06\/avatar_user_2_1528838701-96x96.jpg\",\"caption\":\"Martha Cifuentes\"},\"sameAs\":[\"http:\/\/www.marthacifuentes.com\"],\"url\":\"https:\/\/marthacifuentes.com\/portada\/author\/martha\/\"}]}<\/script>\n<!-- \/ Yoast SEO plugin. -->","yoast_head_json":{"title":"108 j\u00f3venes de Casanare ya son estudiantes de la U. Nal. Orinoquia, con el Peama. - \u25b7 Noticias de Casanare : Martha Cifuentes | Casanare","robots":{"index":"index","follow":"follow","max-snippet":"max-snippet:-1","max-image-preview":"max-image-preview:large","max-video-preview":"max-video-preview:-1"},"canonical":"https:\/\/marthacifuentes.com\/portada\/108-jovenes-de-casanare-ya-son-estudiantes-de-la-u-nal-orinoquia-con-el-peama\/","og_locale":"es_ES","og_type":"article","og_title":"108 j\u00f3venes de Casanare ya son estudiantes de la U. Nal. Orinoquia, con el Peama. - \u25b7 Noticias de Casanare : Martha Cifuentes | Casanare","og_description":"Con 229 estudiantes admitidos a trav\u00e9s del Programa Especial de Admisi\u00f3n y Movilidad Acad\u00e9mica (Peama), la Universidad Nacional de Colombia (U.N.) Sede Orinoquia dio inicio al segundo periodo acad\u00e9mico del presente a\u00f1o. De estos estudiantes, la mayor\u00eda, 108, son de Casanare; 87 de Arauca; 27 de Guaviare; 5 de Guain\u00eda y 2 de Vichada. El &hellip;","og_url":"https:\/\/marthacifuentes.com\/portada\/108-jovenes-de-casanare-ya-son-estudiantes-de-la-u-nal-orinoquia-con-el-peama\/","og_site_name":"\u25b7 Noticias de Casanare : Martha Cifuentes | Casanare","article_published_time":"2019-08-20T21:27:40+00:00","og_image":[{"width":800,"height":449,"url":"https:\/\/marthacifuentes.com\/portada\/wp-content\/uploads\/2019\/08\/estudiantes-universidad-nacional-orinoquia.jpg","type":"image\/jpeg"}],"author":"Martha Cifuentes","twitter_card":"summary_large_image","twitter_misc":{"Escrito por":"Martha Cifuentes","Tiempo de lectura":"2 minutos"},"schema":{"@context":"https:\/\/schema.org","@graph":[{"@type":"WebPage","@id":"https:\/\/marthacifuentes.com\/portada\/108-jovenes-de-casanare-ya-son-estudiantes-de-la-u-nal-orinoquia-con-el-peama\/","url":"https:\/\/marthacifuentes.com\/portada\/108-jovenes-de-casanare-ya-son-estudiantes-de-la-u-nal-orinoquia-con-el-peama\/","name":"108 j\u00f3venes de Casanare ya son estudiantes de la U. Nal. Orinoquia, con el Peama. - \u25b7 Noticias de Casanare : Martha Cifuentes | Casanare","isPartOf":{"@id":"https:\/\/marthacifuentes.com\/portada\/#website"},"primaryImageOfPage":{"@id":"https:\/\/marthacifuentes.com\/portada\/108-jovenes-de-casanare-ya-son-estudiantes-de-la-u-nal-orinoquia-con-el-peama\/#primaryimage"},"image":{"@id":"https:\/\/marthacifuentes.com\/portada\/108-jovenes-de-casanare-ya-son-estudiantes-de-la-u-nal-orinoquia-con-el-peama\/#primaryimage"},"thumbnailUrl":"https:\/\/marthacifuentes.com\/portada\/wp-content\/uploads\/2019\/08\/estudiantes-universidad-nacional-orinoquia.jpg","datePublished":"2019-08-20T21:27:40+00:00","author":{"@id":"https:\/\/marthacifuentes.com\/portada\/#\/schema\/person\/57f53174b991db5f90ff78d58502b714"},"breadcrumb":{"@id":"https:\/\/marthacifuentes.com\/portada\/108-jovenes-de-casanare-ya-son-estudiantes-de-la-u-nal-orinoquia-con-el-peama\/#breadcrumb"},"inLanguage":"es","potentialAction":[{"@type":"ReadAction","target":["https:\/\/marthacifuentes.com\/portada\/108-jovenes-de-casanare-ya-son-estudiantes-de-la-u-nal-orinoquia-con-el-peama\/"]}]},{"@type":"ImageObject","inLanguage":"es","@id":"https:\/\/marthacifuentes.com\/portada\/108-jovenes-de-casanare-ya-son-estudiantes-de-la-u-nal-orinoquia-con-el-peama\/#primaryimage","url":"https:\/\/marthacifuentes.com\/portada\/wp-content\/uploads\/2019\/08\/estudiantes-universidad-nacional-orinoquia.jpg","contentUrl":"https:\/\/marthacifuentes.com\/portada\/wp-content\/uploads\/2019\/08\/estudiantes-universidad-nacional-orinoquia.jpg","width":800,"height":449},{"@type":"BreadcrumbList","@id":"https:\/\/marthacifuentes.com\/portada\/108-jovenes-de-casanare-ya-son-estudiantes-de-la-u-nal-orinoquia-con-el-peama\/#breadcrumb","itemListElement":[{"@type":"ListItem","position":1,"name":"Portada","item":"https:\/\/marthacifuentes.com\/portada\/"},{"@type":"ListItem","position":2,"name":"108 j\u00f3venes de Casanare ya son estudiantes de la U. Nal. Orinoquia, con el Peama."}]},{"@type":"WebSite","@id":"https:\/\/marthacifuentes.com\/portada\/#website","url":"https:\/\/marthacifuentes.com\/portada\/","name":"\u25b7 Noticias de Casanare : Martha Cifuentes | Casanare","description":"Noticias &amp; Contenidos","potentialAction":[{"@type":"SearchAction","target":{"@type":"EntryPoint","urlTemplate":"https:\/\/marthacifuentes.com\/portada\/?s={search_term_string}"},"query-input":{"@type":"PropertyValueSpecification","valueRequired":true,"valueName":"search_term_string"}}],"inLanguage":"es"},{"@type":"Person","@id":"https:\/\/marthacifuentes.com\/portada\/#\/schema\/person\/57f53174b991db5f90ff78d58502b714","name":"Martha Cifuentes","image":{"@type":"ImageObject","inLanguage":"es","@id":"https:\/\/marthacifuentes.com\/portada\/#\/schema\/person\/image\/","url":"http:\/\/marthacifuentes.com\/portada\/wp-content\/uploads\/2018\/06\/avatar_user_2_1528838701-96x96.jpg","contentUrl":"http:\/\/marthacifuentes.com\/portada\/wp-content\/uploads\/2018\/06\/avatar_user_2_1528838701-96x96.jpg","caption":"Martha Cifuentes"},"sameAs":["http:\/\/www.marthacifuentes.com"],"url":"https:\/\/marthacifuentes.com\/portada\/author\/martha\/"}]}},"_links":{"self":[{"href":"https:\/\/marthacifuentes.com\/portada\/wp-json\/wp\/v2\/posts\/21679","targetHints":{"allow":["GET"]}}],"collection":[{"href":"https:\/\/marthacifuentes.com\/portada\/wp-json\/wp\/v2\/posts"}],"about":[{"href":"https:\/\/marthacifuentes.com\/portada\/wp-json\/wp\/v2\/types\/post"}],"author":[{"embeddable":true,"href":"https:\/\/marthacifuentes.com\/portada\/wp-json\/wp\/v2\/users\/2"}],"replies":[{"embeddable":true,"href":"https:\/\/marthacifuentes.com\/portada\/wp-json\/wp\/v2\/comments?post=21679"}],"version-history":[{"count":0,"href":"https:\/\/marthacifuentes.com\/portada\/wp-json\/wp\/v2\/posts\/21679\/revisions"}],"wp:featuredmedia":[{"embeddable":true,"href":"https:\/\/marthacifuentes.com\/portada\/wp-json\/wp\/v2\/media\/21680"}],"wp:attachment":[{"href":"https:\/\/marthacifuentes.com\/portada\/wp-json\/wp\/v2\/media?parent=21679"}],"wp:term":[{"taxonomy":"category","embeddable":true,"href":"https:\/\/marthacifuentes.com\/portada\/wp-json\/wp\/v2\/categories?post=21679"},{"taxonomy":"post_tag","embeddable":true,"href":"https:\/\/marthacifuentes.com\/portada\/wp-json\/wp\/v2\/tags?post=21679"}],"curies":[{"name":"wp","href":"https:\/\/api.w.org\/{rel}","templated":true}]}}