{"id":21815,"date":"2019-08-28T22:42:41","date_gmt":"2019-08-29T03:42:41","guid":{"rendered":"https:\/\/marthacifuentes.com\/portada\/?p=21815"},"modified":"2019-08-28T22:42:41","modified_gmt":"2019-08-29T03:42:41","slug":"pasada-la-media-noche-y-hasta-las-2-am-corte-de-energia-en-casanare-y-3-municipios-de-boyaca","status":"publish","type":"post","link":"https:\/\/marthacifuentes.com\/portada\/pasada-la-media-noche-y-hasta-las-2-am-corte-de-energia-en-casanare-y-3-municipios-de-boyaca\/","title":{"rendered":"Pasada la media noche y hasta las 2 am corte de energ\u00eda en Casanare y 3 municipios de Boyac\u00e1"},"content":{"rendered":"<p style=\"text-align: justify;\"><strong>Los municipios afectados con el corte de energ\u00eda son: Yopal, Paz de Ariporo, Hato Corozal, Nunch\u00eda, Orocu\u00e9, Pore y Tamara en Casanare; Pisba, Paya y Labranzagrande en Boyac\u00e1, inform\u00f3 Enerca. <\/strong><\/p>\n<p style=\"text-align: justify;\">El corte del servicio obedece al mantenimiento correctivo por emergencia en el barraje principal de la subestaci\u00f3n Yopal 115 kv, por punto caliente originado por aumento del transporte de energ\u00eda desde las centrales de generaci\u00f3n Termoyopal y Termomechero hacia el sur de Casanare.<\/p>\n<p style=\"text-align: justify;\">Lo anterior es consecuencia de la falla presentada hoy a las 5:37 de la tarde en las protecciones en el Sistema de Trasmisi\u00f3n Regional, STR, evento asociado a descargas atmosf\u00e9ricas.<\/p>\n<p style=\"text-align: justify;\">En comunicaci\u00f3n Enerca explica que debido a las inclemencias de clima registrado en el Departamento, quedaron en falla las l\u00edneas de San Antonio a Yopal. Esto movi\u00f3 todo el transporte de energ\u00eda de las centrales de generaci\u00f3n hacia el sur de Casanare a trav\u00e9s de la l\u00ednea 115Kv &#8211; Yopal a Aguazul y Aguazul a Aguaclara, lo cual ocasiona que se abra la l\u00ednea Yopal \u2013 Aguazul.<\/p>\n<p style=\"text-align: justify;\">Por lo anterior se vio afectada la normal operaci\u00f3n de las subestaciones Yopal y Paz de Ariporo,\u00a0 y por ende la prestaci\u00f3n del servicio de suministro de energ\u00eda el\u00e9ctrica en el norte y centro del Departamento.<\/p>\n<p style=\"text-align: justify;\">El restablecimiento o normalizaci\u00f3n\u00a0 del sistema en este tipo de eventos es supervisado y coordinado por el Centro Nacional de Despacho Xm, quienes son los operadores del Sistema de Transmisi\u00f3n Nacional, quienes coordinan con los generadores del \u00e1rea Termoyopal, Termomechero y con ENERCA.<\/p>\n<p>&nbsp;<\/p>\n<p>&nbsp;<\/p>\n","protected":false},"excerpt":{"rendered":"<p>Los municipios afectados con el corte de energ\u00eda son: Yopal, Paz de Ariporo, Hato Corozal, Nunch\u00eda, Orocu\u00e9, Pore y Tamara en Casanare; Pisba, Paya y Labranzagrande en Boyac\u00e1, inform\u00f3 Enerca. El corte del servicio obedece al mantenimiento correctivo por emergencia en el barraje principal de la subestaci\u00f3n Yopal 115 kv, por punto caliente originado por &hellip;<\/p>\n","protected":false},"author":2,"featured_media":21818,"comment_status":"open","ping_status":"open","sticky":false,"template":"","format":"standard","meta":{"om_disable_all_campaigns":false,"_exactmetrics_skip_tracking":false,"_exactmetrics_sitenote_active":false,"_exactmetrics_sitenote_note":"","_exactmetrics_sitenote_category":0,"_monsterinsights_skip_tracking":false,"_monsterinsights_sitenote_active":false,"_monsterinsights_sitenote_note":"","_monsterinsights_sitenote_category":0,"_uf_show_specific_survey":0,"_uf_disable_surveys":false,"_joinchat":[],"footnotes":""},"categories":[147,146,145],"tags":[3435,3436,3437,1372,1374],"class_list":["post-21815","post","type-post","status-publish","format-standard","has-post-thumbnail","hentry","category-actualidad","category-noticias","category-reportajes","tag-apagon-en-casanare","tag-corte-de-energia-en-casanare-a-media-noche","tag-enerca-informa-de-corte-de-energia-a-las-12-y-30-am-de-jueves-29-de-agosto","tag-noticias-de-casanare","tag-noticias-de-yopal"],"yoast_head":"<!-- This site is optimized with the Yoast SEO plugin v26.1 - https:\/\/yoast.com\/wordpress\/plugins\/seo\/ -->\n<title>Pasada la media noche y hasta las 2 am corte de energ\u00eda en Casanare y 3 municipios de Boyac\u00e1 - \u25b7 Noticias de Casanare : Martha Cifuentes | Casanare<\/title>\n<meta name=\"robots\" content=\"index, follow, max-snippet:-1, max-image-preview:large, max-video-preview:-1\" \/>\n<link rel=\"canonical\" href=\"https:\/\/marthacifuentes.com\/portada\/pasada-la-media-noche-y-hasta-las-2-am-corte-de-energia-en-casanare-y-3-municipios-de-boyaca\/\" \/>\n<meta property=\"og:locale\" content=\"es_ES\" \/>\n<meta property=\"og:type\" content=\"article\" \/>\n<meta property=\"og:title\" content=\"Pasada la media noche y hasta las 2 am corte de energ\u00eda en Casanare y 3 municipios de Boyac\u00e1 - \u25b7 Noticias de Casanare : Martha Cifuentes | Casanare\" \/>\n<meta property=\"og:description\" content=\"Los municipios afectados con el corte de energ\u00eda son: Yopal, Paz de Ariporo, Hato Corozal, Nunch\u00eda, Orocu\u00e9, Pore y Tamara en Casanare; Pisba, Paya y Labranzagrande en Boyac\u00e1, inform\u00f3 Enerca. El corte del servicio obedece al mantenimiento correctivo por emergencia en el barraje principal de la subestaci\u00f3n Yopal 115 kv, por punto caliente originado por &hellip;\" \/>\n<meta property=\"og:url\" content=\"https:\/\/marthacifuentes.com\/portada\/pasada-la-media-noche-y-hasta-las-2-am-corte-de-energia-en-casanare-y-3-municipios-de-boyaca\/\" \/>\n<meta property=\"og:site_name\" content=\"\u25b7 Noticias de Casanare : Martha Cifuentes | Casanare\" \/>\n<meta property=\"article:published_time\" content=\"2019-08-29T03:42:41+00:00\" \/>\n<meta property=\"og:image\" content=\"https:\/\/marthacifuentes.com\/portada\/wp-content\/uploads\/2019\/08\/WhatsApp-Image-2019-08-28-at-9.33.22-PM.jpeg\" \/>\n\t<meta property=\"og:image:width\" content=\"558\" \/>\n\t<meta property=\"og:image:height\" content=\"788\" \/>\n\t<meta property=\"og:image:type\" content=\"image\/jpeg\" \/>\n<meta name=\"author\" content=\"Martha Cifuentes\" \/>\n<meta name=\"twitter:card\" content=\"summary_large_image\" \/>\n<meta name=\"twitter:label1\" content=\"Escrito por\" \/>\n\t<meta name=\"twitter:data1\" content=\"Martha Cifuentes\" \/>\n\t<meta name=\"twitter:label2\" content=\"Tiempo de lectura\" \/>\n\t<meta name=\"twitter:data2\" content=\"1 minuto\" \/>\n<script type=\"application\/ld+json\" class=\"yoast-schema-graph\">{\"@context\":\"https:\/\/schema.org\",\"@graph\":[{\"@type\":\"WebPage\",\"@id\":\"https:\/\/marthacifuentes.com\/portada\/pasada-la-media-noche-y-hasta-las-2-am-corte-de-energia-en-casanare-y-3-municipios-de-boyaca\/\",\"url\":\"https:\/\/marthacifuentes.com\/portada\/pasada-la-media-noche-y-hasta-las-2-am-corte-de-energia-en-casanare-y-3-municipios-de-boyaca\/\",\"name\":\"Pasada la media noche y hasta las 2 am corte de energ\u00eda en Casanare y 3 municipios de Boyac\u00e1 - \u25b7 Noticias de Casanare : Martha Cifuentes | Casanare\",\"isPartOf\":{\"@id\":\"https:\/\/marthacifuentes.com\/portada\/#website\"},\"primaryImageOfPage\":{\"@id\":\"https:\/\/marthacifuentes.com\/portada\/pasada-la-media-noche-y-hasta-las-2-am-corte-de-energia-en-casanare-y-3-municipios-de-boyaca\/#primaryimage\"},\"image\":{\"@id\":\"https:\/\/marthacifuentes.com\/portada\/pasada-la-media-noche-y-hasta-las-2-am-corte-de-energia-en-casanare-y-3-municipios-de-boyaca\/#primaryimage\"},\"thumbnailUrl\":\"https:\/\/marthacifuentes.com\/portada\/wp-content\/uploads\/2019\/08\/WhatsApp-Image-2019-08-28-at-9.33.22-PM.jpeg\",\"datePublished\":\"2019-08-29T03:42:41+00:00\",\"author\":{\"@id\":\"https:\/\/marthacifuentes.com\/portada\/#\/schema\/person\/57f53174b991db5f90ff78d58502b714\"},\"breadcrumb\":{\"@id\":\"https:\/\/marthacifuentes.com\/portada\/pasada-la-media-noche-y-hasta-las-2-am-corte-de-energia-en-casanare-y-3-municipios-de-boyaca\/#breadcrumb\"},\"inLanguage\":\"es\",\"potentialAction\":[{\"@type\":\"ReadAction\",\"target\":[\"https:\/\/marthacifuentes.com\/portada\/pasada-la-media-noche-y-hasta-las-2-am-corte-de-energia-en-casanare-y-3-municipios-de-boyaca\/\"]}]},{\"@type\":\"ImageObject\",\"inLanguage\":\"es\",\"@id\":\"https:\/\/marthacifuentes.com\/portada\/pasada-la-media-noche-y-hasta-las-2-am-corte-de-energia-en-casanare-y-3-municipios-de-boyaca\/#primaryimage\",\"url\":\"https:\/\/marthacifuentes.com\/portada\/wp-content\/uploads\/2019\/08\/WhatsApp-Image-2019-08-28-at-9.33.22-PM.jpeg\",\"contentUrl\":\"https:\/\/marthacifuentes.com\/portada\/wp-content\/uploads\/2019\/08\/WhatsApp-Image-2019-08-28-at-9.33.22-PM.jpeg\",\"width\":558,\"height\":788},{\"@type\":\"BreadcrumbList\",\"@id\":\"https:\/\/marthacifuentes.com\/portada\/pasada-la-media-noche-y-hasta-las-2-am-corte-de-energia-en-casanare-y-3-municipios-de-boyaca\/#breadcrumb\",\"itemListElement\":[{\"@type\":\"ListItem\",\"position\":1,\"name\":\"Portada\",\"item\":\"https:\/\/marthacifuentes.com\/portada\/\"},{\"@type\":\"ListItem\",\"position\":2,\"name\":\"Pasada la media noche y hasta las 2 am corte de energ\u00eda en Casanare y 3 municipios de Boyac\u00e1\"}]},{\"@type\":\"WebSite\",\"@id\":\"https:\/\/marthacifuentes.com\/portada\/#website\",\"url\":\"https:\/\/marthacifuentes.com\/portada\/\",\"name\":\"\u25b7 Noticias de Casanare : Martha Cifuentes | Casanare\",\"description\":\"Noticias &amp; Contenidos\",\"potentialAction\":[{\"@type\":\"SearchAction\",\"target\":{\"@type\":\"EntryPoint\",\"urlTemplate\":\"https:\/\/marthacifuentes.com\/portada\/?s={search_term_string}\"},\"query-input\":{\"@type\":\"PropertyValueSpecification\",\"valueRequired\":true,\"valueName\":\"search_term_string\"}}],\"inLanguage\":\"es\"},{\"@type\":\"Person\",\"@id\":\"https:\/\/marthacifuentes.com\/portada\/#\/schema\/person\/57f53174b991db5f90ff78d58502b714\",\"name\":\"Martha Cifuentes\",\"image\":{\"@type\":\"ImageObject\",\"inLanguage\":\"es\",\"@id\":\"https:\/\/marthacifuentes.com\/portada\/#\/schema\/person\/image\/\",\"url\":\"http:\/\/marthacifuentes.com\/portada\/wp-content\/uploads\/2018\/06\/avatar_user_2_1528838701-96x96.jpg\",\"contentUrl\":\"http:\/\/marthacifuentes.com\/portada\/wp-content\/uploads\/2018\/06\/avatar_user_2_1528838701-96x96.jpg\",\"caption\":\"Martha Cifuentes\"},\"sameAs\":[\"http:\/\/www.marthacifuentes.com\"],\"url\":\"https:\/\/marthacifuentes.com\/portada\/author\/martha\/\"}]}<\/script>\n<!-- \/ Yoast SEO plugin. -->","yoast_head_json":{"title":"Pasada la media noche y hasta las 2 am corte de energ\u00eda en Casanare y 3 municipios de Boyac\u00e1 - \u25b7 Noticias de Casanare : Martha Cifuentes | Casanare","robots":{"index":"index","follow":"follow","max-snippet":"max-snippet:-1","max-image-preview":"max-image-preview:large","max-video-preview":"max-video-preview:-1"},"canonical":"https:\/\/marthacifuentes.com\/portada\/pasada-la-media-noche-y-hasta-las-2-am-corte-de-energia-en-casanare-y-3-municipios-de-boyaca\/","og_locale":"es_ES","og_type":"article","og_title":"Pasada la media noche y hasta las 2 am corte de energ\u00eda en Casanare y 3 municipios de Boyac\u00e1 - \u25b7 Noticias de Casanare : Martha Cifuentes | Casanare","og_description":"Los municipios afectados con el corte de energ\u00eda son: Yopal, Paz de Ariporo, Hato Corozal, Nunch\u00eda, Orocu\u00e9, Pore y Tamara en Casanare; Pisba, Paya y Labranzagrande en Boyac\u00e1, inform\u00f3 Enerca. El corte del servicio obedece al mantenimiento correctivo por emergencia en el barraje principal de la subestaci\u00f3n Yopal 115 kv, por punto caliente originado por &hellip;","og_url":"https:\/\/marthacifuentes.com\/portada\/pasada-la-media-noche-y-hasta-las-2-am-corte-de-energia-en-casanare-y-3-municipios-de-boyaca\/","og_site_name":"\u25b7 Noticias de Casanare : Martha Cifuentes | Casanare","article_published_time":"2019-08-29T03:42:41+00:00","og_image":[{"width":558,"height":788,"url":"https:\/\/marthacifuentes.com\/portada\/wp-content\/uploads\/2019\/08\/WhatsApp-Image-2019-08-28-at-9.33.22-PM.jpeg","type":"image\/jpeg"}],"author":"Martha Cifuentes","twitter_card":"summary_large_image","twitter_misc":{"Escrito por":"Martha Cifuentes","Tiempo de lectura":"1 minuto"},"schema":{"@context":"https:\/\/schema.org","@graph":[{"@type":"WebPage","@id":"https:\/\/marthacifuentes.com\/portada\/pasada-la-media-noche-y-hasta-las-2-am-corte-de-energia-en-casanare-y-3-municipios-de-boyaca\/","url":"https:\/\/marthacifuentes.com\/portada\/pasada-la-media-noche-y-hasta-las-2-am-corte-de-energia-en-casanare-y-3-municipios-de-boyaca\/","name":"Pasada la media noche y hasta las 2 am corte de energ\u00eda en Casanare y 3 municipios de Boyac\u00e1 - \u25b7 Noticias de Casanare : Martha Cifuentes | Casanare","isPartOf":{"@id":"https:\/\/marthacifuentes.com\/portada\/#website"},"primaryImageOfPage":{"@id":"https:\/\/marthacifuentes.com\/portada\/pasada-la-media-noche-y-hasta-las-2-am-corte-de-energia-en-casanare-y-3-municipios-de-boyaca\/#primaryimage"},"image":{"@id":"https:\/\/marthacifuentes.com\/portada\/pasada-la-media-noche-y-hasta-las-2-am-corte-de-energia-en-casanare-y-3-municipios-de-boyaca\/#primaryimage"},"thumbnailUrl":"https:\/\/marthacifuentes.com\/portada\/wp-content\/uploads\/2019\/08\/WhatsApp-Image-2019-08-28-at-9.33.22-PM.jpeg","datePublished":"2019-08-29T03:42:41+00:00","author":{"@id":"https:\/\/marthacifuentes.com\/portada\/#\/schema\/person\/57f53174b991db5f90ff78d58502b714"},"breadcrumb":{"@id":"https:\/\/marthacifuentes.com\/portada\/pasada-la-media-noche-y-hasta-las-2-am-corte-de-energia-en-casanare-y-3-municipios-de-boyaca\/#breadcrumb"},"inLanguage":"es","potentialAction":[{"@type":"ReadAction","target":["https:\/\/marthacifuentes.com\/portada\/pasada-la-media-noche-y-hasta-las-2-am-corte-de-energia-en-casanare-y-3-municipios-de-boyaca\/"]}]},{"@type":"ImageObject","inLanguage":"es","@id":"https:\/\/marthacifuentes.com\/portada\/pasada-la-media-noche-y-hasta-las-2-am-corte-de-energia-en-casanare-y-3-municipios-de-boyaca\/#primaryimage","url":"https:\/\/marthacifuentes.com\/portada\/wp-content\/uploads\/2019\/08\/WhatsApp-Image-2019-08-28-at-9.33.22-PM.jpeg","contentUrl":"https:\/\/marthacifuentes.com\/portada\/wp-content\/uploads\/2019\/08\/WhatsApp-Image-2019-08-28-at-9.33.22-PM.jpeg","width":558,"height":788},{"@type":"BreadcrumbList","@id":"https:\/\/marthacifuentes.com\/portada\/pasada-la-media-noche-y-hasta-las-2-am-corte-de-energia-en-casanare-y-3-municipios-de-boyaca\/#breadcrumb","itemListElement":[{"@type":"ListItem","position":1,"name":"Portada","item":"https:\/\/marthacifuentes.com\/portada\/"},{"@type":"ListItem","position":2,"name":"Pasada la media noche y hasta las 2 am corte de energ\u00eda en Casanare y 3 municipios de Boyac\u00e1"}]},{"@type":"WebSite","@id":"https:\/\/marthacifuentes.com\/portada\/#website","url":"https:\/\/marthacifuentes.com\/portada\/","name":"\u25b7 Noticias de Casanare : Martha Cifuentes | Casanare","description":"Noticias &amp; Contenidos","potentialAction":[{"@type":"SearchAction","target":{"@type":"EntryPoint","urlTemplate":"https:\/\/marthacifuentes.com\/portada\/?s={search_term_string}"},"query-input":{"@type":"PropertyValueSpecification","valueRequired":true,"valueName":"search_term_string"}}],"inLanguage":"es"},{"@type":"Person","@id":"https:\/\/marthacifuentes.com\/portada\/#\/schema\/person\/57f53174b991db5f90ff78d58502b714","name":"Martha Cifuentes","image":{"@type":"ImageObject","inLanguage":"es","@id":"https:\/\/marthacifuentes.com\/portada\/#\/schema\/person\/image\/","url":"http:\/\/marthacifuentes.com\/portada\/wp-content\/uploads\/2018\/06\/avatar_user_2_1528838701-96x96.jpg","contentUrl":"http:\/\/marthacifuentes.com\/portada\/wp-content\/uploads\/2018\/06\/avatar_user_2_1528838701-96x96.jpg","caption":"Martha Cifuentes"},"sameAs":["http:\/\/www.marthacifuentes.com"],"url":"https:\/\/marthacifuentes.com\/portada\/author\/martha\/"}]}},"_links":{"self":[{"href":"https:\/\/marthacifuentes.com\/portada\/wp-json\/wp\/v2\/posts\/21815","targetHints":{"allow":["GET"]}}],"collection":[{"href":"https:\/\/marthacifuentes.com\/portada\/wp-json\/wp\/v2\/posts"}],"about":[{"href":"https:\/\/marthacifuentes.com\/portada\/wp-json\/wp\/v2\/types\/post"}],"author":[{"embeddable":true,"href":"https:\/\/marthacifuentes.com\/portada\/wp-json\/wp\/v2\/users\/2"}],"replies":[{"embeddable":true,"href":"https:\/\/marthacifuentes.com\/portada\/wp-json\/wp\/v2\/comments?post=21815"}],"version-history":[{"count":0,"href":"https:\/\/marthacifuentes.com\/portada\/wp-json\/wp\/v2\/posts\/21815\/revisions"}],"wp:featuredmedia":[{"embeddable":true,"href":"https:\/\/marthacifuentes.com\/portada\/wp-json\/wp\/v2\/media\/21818"}],"wp:attachment":[{"href":"https:\/\/marthacifuentes.com\/portada\/wp-json\/wp\/v2\/media?parent=21815"}],"wp:term":[{"taxonomy":"category","embeddable":true,"href":"https:\/\/marthacifuentes.com\/portada\/wp-json\/wp\/v2\/categories?post=21815"},{"taxonomy":"post_tag","embeddable":true,"href":"https:\/\/marthacifuentes.com\/portada\/wp-json\/wp\/v2\/tags?post=21815"}],"curies":[{"name":"wp","href":"https:\/\/api.w.org\/{rel}","templated":true}]}}