{"id":21820,"date":"2019-08-28T23:12:51","date_gmt":"2019-08-29T04:12:51","guid":{"rendered":"https:\/\/marthacifuentes.com\/portada\/?p=21820"},"modified":"2019-08-28T23:12:51","modified_gmt":"2019-08-29T04:12:51","slug":"derrumbe-causado-por-fuerte-invierno-mantiene-cerrada-via-el-morro-yopal","status":"publish","type":"post","link":"https:\/\/marthacifuentes.com\/portada\/derrumbe-causado-por-fuerte-invierno-mantiene-cerrada-via-el-morro-yopal\/","title":{"rendered":"Derrumbe, causado por fuerte invierno, mantiene cerrada v\u00eda El Morro-Yopal"},"content":{"rendered":"<p style=\"text-align: justify;\"><strong>El fuerte aguacero registrado en la noche de este martes 27 de agosto caus\u00f3 derrumbes en la v\u00eda El Morro-Yopal, en la vereda El Palmar e inundaciones en sectores rurales como La Vega en Morichal y La Manga y algunos barrios de Yopal. Para ma\u00f1ana se espera reapertura de las v\u00edas.<\/strong><\/p>\n<p style=\"text-align: justify;\">Para superar esas emergencias se adelantan labores de remoci\u00f3n de rocas y escombros en el sector de la Aguatoca, v\u00eda El Morro, bajo la coordinaci\u00f3n de los Comit\u00e9s para la Gesti\u00f3n del Riesgo de Desastres Municipal y Departamental y el apoyo de la empresa petrolera Equi\u00f3n Energ\u00eda y de Termomechero.<\/p>\n<p style=\"text-align: justify;\">El secretario de Gobierno, Eliver Moreno Pacheco dijo que con la ayuda del personal de Bomberos se descart\u00f3 que hubiese personas en el derrumbe de esta v\u00eda, mediante un mecanismo de sonar.<\/p>\n<p style=\"text-align: justify;\">Igualmente se logr\u00f3 la vinculaci\u00f3n de las empresas privadas para atender la situaci\u00f3n y se espera que en el transcurso del jueves sea restablecida la transitabilidad. Por ahora se pide prudencia a la comunidad, especialmente en la noche.<\/p>\n<p style=\"text-align: justify;\">En la vereda El Palmar, en el anillo vial, tambi\u00e9n se registra otro derrumbe de menor proporci\u00f3n, donde el corregidor y la Polic\u00eda Nacional acompa\u00f1an las labores de remoci\u00f3n que realiza Equi\u00f3n, pues se hab\u00eda presentado oposici\u00f3n por parte de personas de la comunidad.<\/p>\n<p style=\"text-align: justify;\">Por otro lado, el secretario de Gobierno inform\u00f3 que desde la 11 de la noche (del martes)\u00a0 se activ\u00f3 el sistema municipal de atenci\u00f3n a emergencias, y con el apoyo del cuerpo Bomberos se atendieron m\u00e1s de 20 solicitudes de ayuda por inundaciones en la ciudad.<\/p>\n<p style=\"text-align: justify;\">Los funcionarios del Comit\u00e9 Municipal de Gesti\u00f3n del Riesgo realizaron visitas al sector de La Vega en Morichal, y se espera hacer lo propio en la vereda La Manga, para culminar el censo y determinar las ayudas necesarias. Hasta el momento solo se reportan p\u00e9rdidas materiales.<\/p>\n<p style=\"text-align: justify;\">Tambi\u00e9n se presentaron afectaciones en el Megacolegio Los Progresos y el sector de la calle 40, al colapsar el sistema de alcantarillado, debido a la acumulaci\u00f3n de residuos s\u00f3lidos; pese a las constantes labores de mantenimiento a las rejillas y sumideros, por lo cual se hace un llamado a la comunidad para sacar basuras en el horario establecido y no arrojarlas las calles.<\/p>\n<p><img loading=\"lazy\" decoding=\"async\" class=\"alignnone size-large wp-image-21822\" src=\"https:\/\/marthacifuentes.com\/portada\/wp-content\/uploads\/2019\/08\/WhatsApp-Image-2019-08-28-at-6.05.34-PM-768x1024.jpeg\" alt=\"\" width=\"768\" height=\"1024\" srcset=\"https:\/\/marthacifuentes.com\/portada\/wp-content\/uploads\/2019\/08\/WhatsApp-Image-2019-08-28-at-6.05.34-PM-768x1024.jpeg 768w, https:\/\/marthacifuentes.com\/portada\/wp-content\/uploads\/2019\/08\/WhatsApp-Image-2019-08-28-at-6.05.34-PM-225x300.jpeg 225w, https:\/\/marthacifuentes.com\/portada\/wp-content\/uploads\/2019\/08\/WhatsApp-Image-2019-08-28-at-6.05.34-PM.jpeg 864w\" sizes=\"auto, (max-width: 768px) 100vw, 768px\" \/><\/p>\n<p><img loading=\"lazy\" decoding=\"async\" class=\"alignnone size-large wp-image-21823\" src=\"https:\/\/marthacifuentes.com\/portada\/wp-content\/uploads\/2019\/08\/WhatsApp-Image-2019-08-28-at-6.05.34-PM-1-1024x768.jpeg\" alt=\"\" width=\"1024\" height=\"768\" srcset=\"https:\/\/marthacifuentes.com\/portada\/wp-content\/uploads\/2019\/08\/WhatsApp-Image-2019-08-28-at-6.05.34-PM-1-1024x768.jpeg 1024w, https:\/\/marthacifuentes.com\/portada\/wp-content\/uploads\/2019\/08\/WhatsApp-Image-2019-08-28-at-6.05.34-PM-1-300x225.jpeg 300w, https:\/\/marthacifuentes.com\/portada\/wp-content\/uploads\/2019\/08\/WhatsApp-Image-2019-08-28-at-6.05.34-PM-1-768x576.jpeg 768w, https:\/\/marthacifuentes.com\/portada\/wp-content\/uploads\/2019\/08\/WhatsApp-Image-2019-08-28-at-6.05.34-PM-1-86x64.jpeg 86w, https:\/\/marthacifuentes.com\/portada\/wp-content\/uploads\/2019\/08\/WhatsApp-Image-2019-08-28-at-6.05.34-PM-1.jpeg 1152w\" sizes=\"auto, (max-width: 1024px) 100vw, 1024px\" \/><\/p>\n<p>&nbsp;<\/p>\n<p>&nbsp;<\/p>\n","protected":false},"excerpt":{"rendered":"<p>El fuerte aguacero registrado en la noche de este martes 27 de agosto caus\u00f3 derrumbes en la v\u00eda El Morro-Yopal, en la vereda El Palmar e inundaciones en sectores rurales como La Vega en Morichal y La Manga y algunos barrios de Yopal. Para ma\u00f1ana se espera reapertura de las v\u00edas. Para superar esas emergencias &hellip;<\/p>\n","protected":false},"author":2,"featured_media":21821,"comment_status":"open","ping_status":"open","sticky":false,"template":"","format":"standard","meta":{"om_disable_all_campaigns":false,"_exactmetrics_skip_tracking":false,"_exactmetrics_sitenote_active":false,"_exactmetrics_sitenote_note":"","_exactmetrics_sitenote_category":0,"_monsterinsights_skip_tracking":false,"_monsterinsights_sitenote_active":false,"_monsterinsights_sitenote_note":"","_monsterinsights_sitenote_category":0,"_uf_show_specific_survey":0,"_uf_disable_surveys":false,"_joinchat":[],"footnotes":""},"categories":[147,146,145],"tags":[252,3442,3438,3440,823,3439,3441,1374],"class_list":["post-21820","post","type-post","status-publish","format-standard","has-post-thumbnail","hentry","category-actualidad","category-noticias","category-reportajes","tag-alcaldia-de-yopal","tag-calle-40-de-yopal-afectada","tag-derrumbe-via-el-morro-yopal","tag-deslizamientos-de-tierra-por-invierno-en-yopal","tag-equion-energia","tag-invierno-afecto-zona-urbana-y-rural-de-yopal","tag-megacolegio-de-los-progresos","tag-noticias-de-yopal"],"yoast_head":"<!-- This site is optimized with the Yoast SEO plugin v26.1 - https:\/\/yoast.com\/wordpress\/plugins\/seo\/ -->\n<title>Derrumbe, causado por fuerte invierno, mantiene cerrada v\u00eda El Morro-Yopal - \u25b7 Noticias de Casanare : Martha Cifuentes | Casanare<\/title>\n<meta name=\"robots\" content=\"index, follow, max-snippet:-1, max-image-preview:large, max-video-preview:-1\" \/>\n<link rel=\"canonical\" href=\"https:\/\/marthacifuentes.com\/portada\/derrumbe-causado-por-fuerte-invierno-mantiene-cerrada-via-el-morro-yopal\/\" \/>\n<meta property=\"og:locale\" content=\"es_ES\" \/>\n<meta property=\"og:type\" content=\"article\" \/>\n<meta property=\"og:title\" content=\"Derrumbe, causado por fuerte invierno, mantiene cerrada v\u00eda El Morro-Yopal - \u25b7 Noticias de Casanare : Martha Cifuentes | Casanare\" \/>\n<meta property=\"og:description\" content=\"El fuerte aguacero registrado en la noche de este martes 27 de agosto caus\u00f3 derrumbes en la v\u00eda El Morro-Yopal, en la vereda El Palmar e inundaciones en sectores rurales como La Vega en Morichal y La Manga y algunos barrios de Yopal. Para ma\u00f1ana se espera reapertura de las v\u00edas. Para superar esas emergencias &hellip;\" \/>\n<meta property=\"og:url\" content=\"https:\/\/marthacifuentes.com\/portada\/derrumbe-causado-por-fuerte-invierno-mantiene-cerrada-via-el-morro-yopal\/\" \/>\n<meta property=\"og:site_name\" content=\"\u25b7 Noticias de Casanare : Martha Cifuentes | Casanare\" \/>\n<meta property=\"article:published_time\" content=\"2019-08-29T04:12:51+00:00\" \/>\n<meta property=\"og:image\" content=\"https:\/\/marthacifuentes.com\/portada\/wp-content\/uploads\/2019\/08\/WhatsApp-Image-2019-08-28-at-6.05.33-PM.jpeg\" \/>\n\t<meta property=\"og:image:width\" content=\"1152\" \/>\n\t<meta property=\"og:image:height\" content=\"864\" \/>\n\t<meta property=\"og:image:type\" content=\"image\/jpeg\" \/>\n<meta name=\"author\" content=\"Martha Cifuentes\" \/>\n<meta name=\"twitter:card\" content=\"summary_large_image\" \/>\n<meta name=\"twitter:label1\" content=\"Escrito por\" \/>\n\t<meta name=\"twitter:data1\" content=\"Martha Cifuentes\" \/>\n\t<meta name=\"twitter:label2\" content=\"Tiempo de lectura\" \/>\n\t<meta name=\"twitter:data2\" content=\"2 minutos\" \/>\n<script type=\"application\/ld+json\" class=\"yoast-schema-graph\">{\"@context\":\"https:\/\/schema.org\",\"@graph\":[{\"@type\":\"WebPage\",\"@id\":\"https:\/\/marthacifuentes.com\/portada\/derrumbe-causado-por-fuerte-invierno-mantiene-cerrada-via-el-morro-yopal\/\",\"url\":\"https:\/\/marthacifuentes.com\/portada\/derrumbe-causado-por-fuerte-invierno-mantiene-cerrada-via-el-morro-yopal\/\",\"name\":\"Derrumbe, causado por fuerte invierno, mantiene cerrada v\u00eda El Morro-Yopal - \u25b7 Noticias de Casanare : Martha Cifuentes | Casanare\",\"isPartOf\":{\"@id\":\"https:\/\/marthacifuentes.com\/portada\/#website\"},\"primaryImageOfPage\":{\"@id\":\"https:\/\/marthacifuentes.com\/portada\/derrumbe-causado-por-fuerte-invierno-mantiene-cerrada-via-el-morro-yopal\/#primaryimage\"},\"image\":{\"@id\":\"https:\/\/marthacifuentes.com\/portada\/derrumbe-causado-por-fuerte-invierno-mantiene-cerrada-via-el-morro-yopal\/#primaryimage\"},\"thumbnailUrl\":\"https:\/\/marthacifuentes.com\/portada\/wp-content\/uploads\/2019\/08\/WhatsApp-Image-2019-08-28-at-6.05.33-PM.jpeg\",\"datePublished\":\"2019-08-29T04:12:51+00:00\",\"author\":{\"@id\":\"https:\/\/marthacifuentes.com\/portada\/#\/schema\/person\/57f53174b991db5f90ff78d58502b714\"},\"breadcrumb\":{\"@id\":\"https:\/\/marthacifuentes.com\/portada\/derrumbe-causado-por-fuerte-invierno-mantiene-cerrada-via-el-morro-yopal\/#breadcrumb\"},\"inLanguage\":\"es\",\"potentialAction\":[{\"@type\":\"ReadAction\",\"target\":[\"https:\/\/marthacifuentes.com\/portada\/derrumbe-causado-por-fuerte-invierno-mantiene-cerrada-via-el-morro-yopal\/\"]}]},{\"@type\":\"ImageObject\",\"inLanguage\":\"es\",\"@id\":\"https:\/\/marthacifuentes.com\/portada\/derrumbe-causado-por-fuerte-invierno-mantiene-cerrada-via-el-morro-yopal\/#primaryimage\",\"url\":\"https:\/\/marthacifuentes.com\/portada\/wp-content\/uploads\/2019\/08\/WhatsApp-Image-2019-08-28-at-6.05.33-PM.jpeg\",\"contentUrl\":\"https:\/\/marthacifuentes.com\/portada\/wp-content\/uploads\/2019\/08\/WhatsApp-Image-2019-08-28-at-6.05.33-PM.jpeg\",\"width\":1152,\"height\":864},{\"@type\":\"BreadcrumbList\",\"@id\":\"https:\/\/marthacifuentes.com\/portada\/derrumbe-causado-por-fuerte-invierno-mantiene-cerrada-via-el-morro-yopal\/#breadcrumb\",\"itemListElement\":[{\"@type\":\"ListItem\",\"position\":1,\"name\":\"Portada\",\"item\":\"https:\/\/marthacifuentes.com\/portada\/\"},{\"@type\":\"ListItem\",\"position\":2,\"name\":\"Derrumbe, causado por fuerte invierno, mantiene cerrada v\u00eda El Morro-Yopal\"}]},{\"@type\":\"WebSite\",\"@id\":\"https:\/\/marthacifuentes.com\/portada\/#website\",\"url\":\"https:\/\/marthacifuentes.com\/portada\/\",\"name\":\"\u25b7 Noticias de Casanare : Martha Cifuentes | Casanare\",\"description\":\"Noticias &amp; Contenidos\",\"potentialAction\":[{\"@type\":\"SearchAction\",\"target\":{\"@type\":\"EntryPoint\",\"urlTemplate\":\"https:\/\/marthacifuentes.com\/portada\/?s={search_term_string}\"},\"query-input\":{\"@type\":\"PropertyValueSpecification\",\"valueRequired\":true,\"valueName\":\"search_term_string\"}}],\"inLanguage\":\"es\"},{\"@type\":\"Person\",\"@id\":\"https:\/\/marthacifuentes.com\/portada\/#\/schema\/person\/57f53174b991db5f90ff78d58502b714\",\"name\":\"Martha Cifuentes\",\"image\":{\"@type\":\"ImageObject\",\"inLanguage\":\"es\",\"@id\":\"https:\/\/marthacifuentes.com\/portada\/#\/schema\/person\/image\/\",\"url\":\"http:\/\/marthacifuentes.com\/portada\/wp-content\/uploads\/2018\/06\/avatar_user_2_1528838701-96x96.jpg\",\"contentUrl\":\"http:\/\/marthacifuentes.com\/portada\/wp-content\/uploads\/2018\/06\/avatar_user_2_1528838701-96x96.jpg\",\"caption\":\"Martha Cifuentes\"},\"sameAs\":[\"http:\/\/www.marthacifuentes.com\"],\"url\":\"https:\/\/marthacifuentes.com\/portada\/author\/martha\/\"}]}<\/script>\n<!-- \/ Yoast SEO plugin. -->","yoast_head_json":{"title":"Derrumbe, causado por fuerte invierno, mantiene cerrada v\u00eda El Morro-Yopal - \u25b7 Noticias de Casanare : Martha Cifuentes | Casanare","robots":{"index":"index","follow":"follow","max-snippet":"max-snippet:-1","max-image-preview":"max-image-preview:large","max-video-preview":"max-video-preview:-1"},"canonical":"https:\/\/marthacifuentes.com\/portada\/derrumbe-causado-por-fuerte-invierno-mantiene-cerrada-via-el-morro-yopal\/","og_locale":"es_ES","og_type":"article","og_title":"Derrumbe, causado por fuerte invierno, mantiene cerrada v\u00eda El Morro-Yopal - \u25b7 Noticias de Casanare : Martha Cifuentes | Casanare","og_description":"El fuerte aguacero registrado en la noche de este martes 27 de agosto caus\u00f3 derrumbes en la v\u00eda El Morro-Yopal, en la vereda El Palmar e inundaciones en sectores rurales como La Vega en Morichal y La Manga y algunos barrios de Yopal. Para ma\u00f1ana se espera reapertura de las v\u00edas. Para superar esas emergencias &hellip;","og_url":"https:\/\/marthacifuentes.com\/portada\/derrumbe-causado-por-fuerte-invierno-mantiene-cerrada-via-el-morro-yopal\/","og_site_name":"\u25b7 Noticias de Casanare : Martha Cifuentes | Casanare","article_published_time":"2019-08-29T04:12:51+00:00","og_image":[{"width":1152,"height":864,"url":"https:\/\/marthacifuentes.com\/portada\/wp-content\/uploads\/2019\/08\/WhatsApp-Image-2019-08-28-at-6.05.33-PM.jpeg","type":"image\/jpeg"}],"author":"Martha Cifuentes","twitter_card":"summary_large_image","twitter_misc":{"Escrito por":"Martha Cifuentes","Tiempo de lectura":"2 minutos"},"schema":{"@context":"https:\/\/schema.org","@graph":[{"@type":"WebPage","@id":"https:\/\/marthacifuentes.com\/portada\/derrumbe-causado-por-fuerte-invierno-mantiene-cerrada-via-el-morro-yopal\/","url":"https:\/\/marthacifuentes.com\/portada\/derrumbe-causado-por-fuerte-invierno-mantiene-cerrada-via-el-morro-yopal\/","name":"Derrumbe, causado por fuerte invierno, mantiene cerrada v\u00eda El Morro-Yopal - \u25b7 Noticias de Casanare : Martha Cifuentes | Casanare","isPartOf":{"@id":"https:\/\/marthacifuentes.com\/portada\/#website"},"primaryImageOfPage":{"@id":"https:\/\/marthacifuentes.com\/portada\/derrumbe-causado-por-fuerte-invierno-mantiene-cerrada-via-el-morro-yopal\/#primaryimage"},"image":{"@id":"https:\/\/marthacifuentes.com\/portada\/derrumbe-causado-por-fuerte-invierno-mantiene-cerrada-via-el-morro-yopal\/#primaryimage"},"thumbnailUrl":"https:\/\/marthacifuentes.com\/portada\/wp-content\/uploads\/2019\/08\/WhatsApp-Image-2019-08-28-at-6.05.33-PM.jpeg","datePublished":"2019-08-29T04:12:51+00:00","author":{"@id":"https:\/\/marthacifuentes.com\/portada\/#\/schema\/person\/57f53174b991db5f90ff78d58502b714"},"breadcrumb":{"@id":"https:\/\/marthacifuentes.com\/portada\/derrumbe-causado-por-fuerte-invierno-mantiene-cerrada-via-el-morro-yopal\/#breadcrumb"},"inLanguage":"es","potentialAction":[{"@type":"ReadAction","target":["https:\/\/marthacifuentes.com\/portada\/derrumbe-causado-por-fuerte-invierno-mantiene-cerrada-via-el-morro-yopal\/"]}]},{"@type":"ImageObject","inLanguage":"es","@id":"https:\/\/marthacifuentes.com\/portada\/derrumbe-causado-por-fuerte-invierno-mantiene-cerrada-via-el-morro-yopal\/#primaryimage","url":"https:\/\/marthacifuentes.com\/portada\/wp-content\/uploads\/2019\/08\/WhatsApp-Image-2019-08-28-at-6.05.33-PM.jpeg","contentUrl":"https:\/\/marthacifuentes.com\/portada\/wp-content\/uploads\/2019\/08\/WhatsApp-Image-2019-08-28-at-6.05.33-PM.jpeg","width":1152,"height":864},{"@type":"BreadcrumbList","@id":"https:\/\/marthacifuentes.com\/portada\/derrumbe-causado-por-fuerte-invierno-mantiene-cerrada-via-el-morro-yopal\/#breadcrumb","itemListElement":[{"@type":"ListItem","position":1,"name":"Portada","item":"https:\/\/marthacifuentes.com\/portada\/"},{"@type":"ListItem","position":2,"name":"Derrumbe, causado por fuerte invierno, mantiene cerrada v\u00eda El Morro-Yopal"}]},{"@type":"WebSite","@id":"https:\/\/marthacifuentes.com\/portada\/#website","url":"https:\/\/marthacifuentes.com\/portada\/","name":"\u25b7 Noticias de Casanare : Martha Cifuentes | Casanare","description":"Noticias &amp; Contenidos","potentialAction":[{"@type":"SearchAction","target":{"@type":"EntryPoint","urlTemplate":"https:\/\/marthacifuentes.com\/portada\/?s={search_term_string}"},"query-input":{"@type":"PropertyValueSpecification","valueRequired":true,"valueName":"search_term_string"}}],"inLanguage":"es"},{"@type":"Person","@id":"https:\/\/marthacifuentes.com\/portada\/#\/schema\/person\/57f53174b991db5f90ff78d58502b714","name":"Martha Cifuentes","image":{"@type":"ImageObject","inLanguage":"es","@id":"https:\/\/marthacifuentes.com\/portada\/#\/schema\/person\/image\/","url":"http:\/\/marthacifuentes.com\/portada\/wp-content\/uploads\/2018\/06\/avatar_user_2_1528838701-96x96.jpg","contentUrl":"http:\/\/marthacifuentes.com\/portada\/wp-content\/uploads\/2018\/06\/avatar_user_2_1528838701-96x96.jpg","caption":"Martha Cifuentes"},"sameAs":["http:\/\/www.marthacifuentes.com"],"url":"https:\/\/marthacifuentes.com\/portada\/author\/martha\/"}]}},"_links":{"self":[{"href":"https:\/\/marthacifuentes.com\/portada\/wp-json\/wp\/v2\/posts\/21820","targetHints":{"allow":["GET"]}}],"collection":[{"href":"https:\/\/marthacifuentes.com\/portada\/wp-json\/wp\/v2\/posts"}],"about":[{"href":"https:\/\/marthacifuentes.com\/portada\/wp-json\/wp\/v2\/types\/post"}],"author":[{"embeddable":true,"href":"https:\/\/marthacifuentes.com\/portada\/wp-json\/wp\/v2\/users\/2"}],"replies":[{"embeddable":true,"href":"https:\/\/marthacifuentes.com\/portada\/wp-json\/wp\/v2\/comments?post=21820"}],"version-history":[{"count":0,"href":"https:\/\/marthacifuentes.com\/portada\/wp-json\/wp\/v2\/posts\/21820\/revisions"}],"wp:featuredmedia":[{"embeddable":true,"href":"https:\/\/marthacifuentes.com\/portada\/wp-json\/wp\/v2\/media\/21821"}],"wp:attachment":[{"href":"https:\/\/marthacifuentes.com\/portada\/wp-json\/wp\/v2\/media?parent=21820"}],"wp:term":[{"taxonomy":"category","embeddable":true,"href":"https:\/\/marthacifuentes.com\/portada\/wp-json\/wp\/v2\/categories?post=21820"},{"taxonomy":"post_tag","embeddable":true,"href":"https:\/\/marthacifuentes.com\/portada\/wp-json\/wp\/v2\/tags?post=21820"}],"curies":[{"name":"wp","href":"https:\/\/api.w.org\/{rel}","templated":true}]}}