{"id":21830,"date":"2019-08-30T07:50:43","date_gmt":"2019-08-30T12:50:43","guid":{"rendered":"https:\/\/marthacifuentes.com\/portada\/?p=21830"},"modified":"2019-08-30T07:50:43","modified_gmt":"2019-08-30T12:50:43","slug":"hoy-se-conmemora-dia-internacional-de-las-victimas-de-desaparicion-forzada","status":"publish","type":"post","link":"https:\/\/marthacifuentes.com\/portada\/hoy-se-conmemora-dia-internacional-de-las-victimas-de-desaparicion-forzada\/","title":{"rendered":"Hoy se conmemora d\u00eda Internacional de las V\u00edctimas de Desaparici\u00f3n Forzada"},"content":{"rendered":"<p><strong>En coordinaci\u00f3n con la\u00a0Comisi\u00f3n de Medidas de Satisfacci\u00f3n, la Gobernaci\u00f3n de Casanare conmemora este 30 de agosto, el D\u00eda Internacional de las V\u00edctimas de Desaparici\u00f3n Forzada, a partir de las 8:00 a.m., en el hotel El Atajo, en Yopal.<\/strong><\/p>\n<p>El objetivo de la actividad es visibilizar la problem\u00e1tica de este delito, brindar asistencia a las familias que sufren este flagelo, socializar la ruta de atenci\u00f3n a las familias de personas desaparecidas, la ruta de Activaci\u00f3n de B\u00fasqueda de V\u00edctimas de Desaparici\u00f3n Forzada, y el uso de la plataforma SIRDEC \u2013 Sistema de Informaci\u00f3n Red de Desaparecidos y Cad\u00e1veres, para la consulta de informaci\u00f3n, en tiempo real, respecto a la situaci\u00f3n de v\u00edctimas de este delito.<\/p>\n<p>De acuerdo con datos de la Red Nacional de Informaci\u00f3n &#8211; RNI, de la Unidad para las V\u00edctimas, desde el a\u00f1o 1985 hasta el 31 de julio del presente a\u00f1o se han reportado 4.169 casos de desaparici\u00f3n forzada en Casanare, siendo Yopal, con 843 casos, el municipio con m\u00e1s reportes de este delito.<\/p>\n<p>La jornada ser\u00e1 acompa\u00f1ada por las diferentes entidades que hacen parte del Sistema Nacional de Reparaci\u00f3n Integral a las V\u00edctimas del conflicto armado -SNARIV, y representantes de la Mesa Departamental de V\u00edctimas. Al respecto, el secretario de Gobierno Milton \u00c1lvarez coment\u00f3: \u201cel Estado colombiano y sus instituciones estamos en la obligaci\u00f3n moral y legal de tomar las medidas necesarias que nos permitan seguir avanzando en el proceso de reparaci\u00f3n integral a las v\u00edctimas, y en la garant\u00eda de no repetici\u00f3n\u201d.<\/p>\n<p>&nbsp;<\/p>\n<p>&nbsp;<\/p>\n","protected":false},"excerpt":{"rendered":"<p>En coordinaci\u00f3n con la\u00a0Comisi\u00f3n de Medidas de Satisfacci\u00f3n, la Gobernaci\u00f3n de Casanare conmemora este 30 de agosto, el D\u00eda Internacional de las V\u00edctimas de Desaparici\u00f3n Forzada, a partir de las 8:00 a.m., en el hotel El Atajo, en Yopal. El objetivo de la actividad es visibilizar la problem\u00e1tica de este delito, brindar asistencia a las &hellip;<\/p>\n","protected":false},"author":2,"featured_media":21833,"comment_status":"open","ping_status":"open","sticky":false,"template":"","format":"standard","meta":{"om_disable_all_campaigns":false,"_exactmetrics_skip_tracking":false,"_exactmetrics_sitenote_active":false,"_exactmetrics_sitenote_note":"","_exactmetrics_sitenote_category":0,"_monsterinsights_skip_tracking":false,"_monsterinsights_sitenote_active":false,"_monsterinsights_sitenote_note":"","_monsterinsights_sitenote_category":0,"_uf_show_specific_survey":0,"_uf_disable_surveys":false,"_joinchat":[],"footnotes":""},"categories":[147,146,145],"tags":[3447,3448,1372,3449],"class_list":["post-21830","post","type-post","status-publish","format-standard","has-post-thumbnail","hentry","category-actualidad","category-noticias","category-reportajes","tag-desaparicion-forzada-en-casanare","tag-dia-de-desaparicion-forzada-casanare","tag-noticias-de-casanare","tag-victimas-desaparicion-forzada-casanare"],"yoast_head":"<!-- This site is optimized with the Yoast SEO plugin v26.1 - https:\/\/yoast.com\/wordpress\/plugins\/seo\/ -->\n<title>Hoy se conmemora d\u00eda Internacional de las V\u00edctimas de Desaparici\u00f3n Forzada - \u25b7 Noticias de Casanare : Martha Cifuentes | Casanare<\/title>\n<meta name=\"robots\" content=\"index, follow, max-snippet:-1, max-image-preview:large, max-video-preview:-1\" \/>\n<link rel=\"canonical\" href=\"https:\/\/marthacifuentes.com\/portada\/hoy-se-conmemora-dia-internacional-de-las-victimas-de-desaparicion-forzada\/\" \/>\n<meta property=\"og:locale\" content=\"es_ES\" \/>\n<meta property=\"og:type\" content=\"article\" \/>\n<meta property=\"og:title\" content=\"Hoy se conmemora d\u00eda Internacional de las V\u00edctimas de Desaparici\u00f3n Forzada - \u25b7 Noticias de Casanare : Martha Cifuentes | Casanare\" \/>\n<meta property=\"og:description\" content=\"En coordinaci\u00f3n con la\u00a0Comisi\u00f3n de Medidas de Satisfacci\u00f3n, la Gobernaci\u00f3n de Casanare conmemora este 30 de agosto, el D\u00eda Internacional de las V\u00edctimas de Desaparici\u00f3n Forzada, a partir de las 8:00 a.m., en el hotel El Atajo, en Yopal. El objetivo de la actividad es visibilizar la problem\u00e1tica de este delito, brindar asistencia a las &hellip;\" \/>\n<meta property=\"og:url\" content=\"https:\/\/marthacifuentes.com\/portada\/hoy-se-conmemora-dia-internacional-de-las-victimas-de-desaparicion-forzada\/\" \/>\n<meta property=\"og:site_name\" content=\"\u25b7 Noticias de Casanare : Martha Cifuentes | Casanare\" \/>\n<meta property=\"article:published_time\" content=\"2019-08-30T12:50:43+00:00\" \/>\n<meta property=\"og:image\" content=\"https:\/\/marthacifuentes.com\/portada\/wp-content\/uploads\/2019\/08\/desaparici\u00f3n-forzada-2.jpg\" \/>\n\t<meta property=\"og:image:width\" content=\"765\" \/>\n\t<meta property=\"og:image:height\" content=\"388\" \/>\n\t<meta property=\"og:image:type\" content=\"image\/jpeg\" \/>\n<meta name=\"author\" content=\"Martha Cifuentes\" \/>\n<meta name=\"twitter:card\" content=\"summary_large_image\" \/>\n<meta name=\"twitter:label1\" content=\"Escrito por\" \/>\n\t<meta name=\"twitter:data1\" content=\"Martha Cifuentes\" \/>\n\t<meta name=\"twitter:label2\" content=\"Tiempo de lectura\" \/>\n\t<meta name=\"twitter:data2\" content=\"1 minuto\" \/>\n<script type=\"application\/ld+json\" class=\"yoast-schema-graph\">{\"@context\":\"https:\/\/schema.org\",\"@graph\":[{\"@type\":\"WebPage\",\"@id\":\"https:\/\/marthacifuentes.com\/portada\/hoy-se-conmemora-dia-internacional-de-las-victimas-de-desaparicion-forzada\/\",\"url\":\"https:\/\/marthacifuentes.com\/portada\/hoy-se-conmemora-dia-internacional-de-las-victimas-de-desaparicion-forzada\/\",\"name\":\"Hoy se conmemora d\u00eda Internacional de las V\u00edctimas de Desaparici\u00f3n Forzada - \u25b7 Noticias de Casanare : Martha Cifuentes | Casanare\",\"isPartOf\":{\"@id\":\"https:\/\/marthacifuentes.com\/portada\/#website\"},\"primaryImageOfPage\":{\"@id\":\"https:\/\/marthacifuentes.com\/portada\/hoy-se-conmemora-dia-internacional-de-las-victimas-de-desaparicion-forzada\/#primaryimage\"},\"image\":{\"@id\":\"https:\/\/marthacifuentes.com\/portada\/hoy-se-conmemora-dia-internacional-de-las-victimas-de-desaparicion-forzada\/#primaryimage\"},\"thumbnailUrl\":\"https:\/\/marthacifuentes.com\/portada\/wp-content\/uploads\/2019\/08\/desaparici\u00f3n-forzada-2.jpg\",\"datePublished\":\"2019-08-30T12:50:43+00:00\",\"author\":{\"@id\":\"https:\/\/marthacifuentes.com\/portada\/#\/schema\/person\/57f53174b991db5f90ff78d58502b714\"},\"breadcrumb\":{\"@id\":\"https:\/\/marthacifuentes.com\/portada\/hoy-se-conmemora-dia-internacional-de-las-victimas-de-desaparicion-forzada\/#breadcrumb\"},\"inLanguage\":\"es\",\"potentialAction\":[{\"@type\":\"ReadAction\",\"target\":[\"https:\/\/marthacifuentes.com\/portada\/hoy-se-conmemora-dia-internacional-de-las-victimas-de-desaparicion-forzada\/\"]}]},{\"@type\":\"ImageObject\",\"inLanguage\":\"es\",\"@id\":\"https:\/\/marthacifuentes.com\/portada\/hoy-se-conmemora-dia-internacional-de-las-victimas-de-desaparicion-forzada\/#primaryimage\",\"url\":\"https:\/\/marthacifuentes.com\/portada\/wp-content\/uploads\/2019\/08\/desaparici\u00f3n-forzada-2.jpg\",\"contentUrl\":\"https:\/\/marthacifuentes.com\/portada\/wp-content\/uploads\/2019\/08\/desaparici\u00f3n-forzada-2.jpg\",\"width\":765,\"height\":388},{\"@type\":\"BreadcrumbList\",\"@id\":\"https:\/\/marthacifuentes.com\/portada\/hoy-se-conmemora-dia-internacional-de-las-victimas-de-desaparicion-forzada\/#breadcrumb\",\"itemListElement\":[{\"@type\":\"ListItem\",\"position\":1,\"name\":\"Portada\",\"item\":\"https:\/\/marthacifuentes.com\/portada\/\"},{\"@type\":\"ListItem\",\"position\":2,\"name\":\"Hoy se conmemora d\u00eda Internacional de las V\u00edctimas de Desaparici\u00f3n Forzada\"}]},{\"@type\":\"WebSite\",\"@id\":\"https:\/\/marthacifuentes.com\/portada\/#website\",\"url\":\"https:\/\/marthacifuentes.com\/portada\/\",\"name\":\"\u25b7 Noticias de Casanare : Martha Cifuentes | Casanare\",\"description\":\"Noticias &amp; Contenidos\",\"potentialAction\":[{\"@type\":\"SearchAction\",\"target\":{\"@type\":\"EntryPoint\",\"urlTemplate\":\"https:\/\/marthacifuentes.com\/portada\/?s={search_term_string}\"},\"query-input\":{\"@type\":\"PropertyValueSpecification\",\"valueRequired\":true,\"valueName\":\"search_term_string\"}}],\"inLanguage\":\"es\"},{\"@type\":\"Person\",\"@id\":\"https:\/\/marthacifuentes.com\/portada\/#\/schema\/person\/57f53174b991db5f90ff78d58502b714\",\"name\":\"Martha Cifuentes\",\"image\":{\"@type\":\"ImageObject\",\"inLanguage\":\"es\",\"@id\":\"https:\/\/marthacifuentes.com\/portada\/#\/schema\/person\/image\/\",\"url\":\"http:\/\/marthacifuentes.com\/portada\/wp-content\/uploads\/2018\/06\/avatar_user_2_1528838701-96x96.jpg\",\"contentUrl\":\"http:\/\/marthacifuentes.com\/portada\/wp-content\/uploads\/2018\/06\/avatar_user_2_1528838701-96x96.jpg\",\"caption\":\"Martha Cifuentes\"},\"sameAs\":[\"http:\/\/www.marthacifuentes.com\"],\"url\":\"https:\/\/marthacifuentes.com\/portada\/author\/martha\/\"}]}<\/script>\n<!-- \/ Yoast SEO plugin. -->","yoast_head_json":{"title":"Hoy se conmemora d\u00eda Internacional de las V\u00edctimas de Desaparici\u00f3n Forzada - \u25b7 Noticias de Casanare : Martha Cifuentes | Casanare","robots":{"index":"index","follow":"follow","max-snippet":"max-snippet:-1","max-image-preview":"max-image-preview:large","max-video-preview":"max-video-preview:-1"},"canonical":"https:\/\/marthacifuentes.com\/portada\/hoy-se-conmemora-dia-internacional-de-las-victimas-de-desaparicion-forzada\/","og_locale":"es_ES","og_type":"article","og_title":"Hoy se conmemora d\u00eda Internacional de las V\u00edctimas de Desaparici\u00f3n Forzada - \u25b7 Noticias de Casanare : Martha Cifuentes | Casanare","og_description":"En coordinaci\u00f3n con la\u00a0Comisi\u00f3n de Medidas de Satisfacci\u00f3n, la Gobernaci\u00f3n de Casanare conmemora este 30 de agosto, el D\u00eda Internacional de las V\u00edctimas de Desaparici\u00f3n Forzada, a partir de las 8:00 a.m., en el hotel El Atajo, en Yopal. El objetivo de la actividad es visibilizar la problem\u00e1tica de este delito, brindar asistencia a las &hellip;","og_url":"https:\/\/marthacifuentes.com\/portada\/hoy-se-conmemora-dia-internacional-de-las-victimas-de-desaparicion-forzada\/","og_site_name":"\u25b7 Noticias de Casanare : Martha Cifuentes | Casanare","article_published_time":"2019-08-30T12:50:43+00:00","og_image":[{"width":765,"height":388,"url":"https:\/\/marthacifuentes.com\/portada\/wp-content\/uploads\/2019\/08\/desaparici\u00f3n-forzada-2.jpg","type":"image\/jpeg"}],"author":"Martha Cifuentes","twitter_card":"summary_large_image","twitter_misc":{"Escrito por":"Martha Cifuentes","Tiempo de lectura":"1 minuto"},"schema":{"@context":"https:\/\/schema.org","@graph":[{"@type":"WebPage","@id":"https:\/\/marthacifuentes.com\/portada\/hoy-se-conmemora-dia-internacional-de-las-victimas-de-desaparicion-forzada\/","url":"https:\/\/marthacifuentes.com\/portada\/hoy-se-conmemora-dia-internacional-de-las-victimas-de-desaparicion-forzada\/","name":"Hoy se conmemora d\u00eda Internacional de las V\u00edctimas de Desaparici\u00f3n Forzada - \u25b7 Noticias de Casanare : Martha Cifuentes | Casanare","isPartOf":{"@id":"https:\/\/marthacifuentes.com\/portada\/#website"},"primaryImageOfPage":{"@id":"https:\/\/marthacifuentes.com\/portada\/hoy-se-conmemora-dia-internacional-de-las-victimas-de-desaparicion-forzada\/#primaryimage"},"image":{"@id":"https:\/\/marthacifuentes.com\/portada\/hoy-se-conmemora-dia-internacional-de-las-victimas-de-desaparicion-forzada\/#primaryimage"},"thumbnailUrl":"https:\/\/marthacifuentes.com\/portada\/wp-content\/uploads\/2019\/08\/desaparici\u00f3n-forzada-2.jpg","datePublished":"2019-08-30T12:50:43+00:00","author":{"@id":"https:\/\/marthacifuentes.com\/portada\/#\/schema\/person\/57f53174b991db5f90ff78d58502b714"},"breadcrumb":{"@id":"https:\/\/marthacifuentes.com\/portada\/hoy-se-conmemora-dia-internacional-de-las-victimas-de-desaparicion-forzada\/#breadcrumb"},"inLanguage":"es","potentialAction":[{"@type":"ReadAction","target":["https:\/\/marthacifuentes.com\/portada\/hoy-se-conmemora-dia-internacional-de-las-victimas-de-desaparicion-forzada\/"]}]},{"@type":"ImageObject","inLanguage":"es","@id":"https:\/\/marthacifuentes.com\/portada\/hoy-se-conmemora-dia-internacional-de-las-victimas-de-desaparicion-forzada\/#primaryimage","url":"https:\/\/marthacifuentes.com\/portada\/wp-content\/uploads\/2019\/08\/desaparici\u00f3n-forzada-2.jpg","contentUrl":"https:\/\/marthacifuentes.com\/portada\/wp-content\/uploads\/2019\/08\/desaparici\u00f3n-forzada-2.jpg","width":765,"height":388},{"@type":"BreadcrumbList","@id":"https:\/\/marthacifuentes.com\/portada\/hoy-se-conmemora-dia-internacional-de-las-victimas-de-desaparicion-forzada\/#breadcrumb","itemListElement":[{"@type":"ListItem","position":1,"name":"Portada","item":"https:\/\/marthacifuentes.com\/portada\/"},{"@type":"ListItem","position":2,"name":"Hoy se conmemora d\u00eda Internacional de las V\u00edctimas de Desaparici\u00f3n Forzada"}]},{"@type":"WebSite","@id":"https:\/\/marthacifuentes.com\/portada\/#website","url":"https:\/\/marthacifuentes.com\/portada\/","name":"\u25b7 Noticias de Casanare : Martha Cifuentes | Casanare","description":"Noticias &amp; Contenidos","potentialAction":[{"@type":"SearchAction","target":{"@type":"EntryPoint","urlTemplate":"https:\/\/marthacifuentes.com\/portada\/?s={search_term_string}"},"query-input":{"@type":"PropertyValueSpecification","valueRequired":true,"valueName":"search_term_string"}}],"inLanguage":"es"},{"@type":"Person","@id":"https:\/\/marthacifuentes.com\/portada\/#\/schema\/person\/57f53174b991db5f90ff78d58502b714","name":"Martha Cifuentes","image":{"@type":"ImageObject","inLanguage":"es","@id":"https:\/\/marthacifuentes.com\/portada\/#\/schema\/person\/image\/","url":"http:\/\/marthacifuentes.com\/portada\/wp-content\/uploads\/2018\/06\/avatar_user_2_1528838701-96x96.jpg","contentUrl":"http:\/\/marthacifuentes.com\/portada\/wp-content\/uploads\/2018\/06\/avatar_user_2_1528838701-96x96.jpg","caption":"Martha Cifuentes"},"sameAs":["http:\/\/www.marthacifuentes.com"],"url":"https:\/\/marthacifuentes.com\/portada\/author\/martha\/"}]}},"_links":{"self":[{"href":"https:\/\/marthacifuentes.com\/portada\/wp-json\/wp\/v2\/posts\/21830","targetHints":{"allow":["GET"]}}],"collection":[{"href":"https:\/\/marthacifuentes.com\/portada\/wp-json\/wp\/v2\/posts"}],"about":[{"href":"https:\/\/marthacifuentes.com\/portada\/wp-json\/wp\/v2\/types\/post"}],"author":[{"embeddable":true,"href":"https:\/\/marthacifuentes.com\/portada\/wp-json\/wp\/v2\/users\/2"}],"replies":[{"embeddable":true,"href":"https:\/\/marthacifuentes.com\/portada\/wp-json\/wp\/v2\/comments?post=21830"}],"version-history":[{"count":0,"href":"https:\/\/marthacifuentes.com\/portada\/wp-json\/wp\/v2\/posts\/21830\/revisions"}],"wp:featuredmedia":[{"embeddable":true,"href":"https:\/\/marthacifuentes.com\/portada\/wp-json\/wp\/v2\/media\/21833"}],"wp:attachment":[{"href":"https:\/\/marthacifuentes.com\/portada\/wp-json\/wp\/v2\/media?parent=21830"}],"wp:term":[{"taxonomy":"category","embeddable":true,"href":"https:\/\/marthacifuentes.com\/portada\/wp-json\/wp\/v2\/categories?post=21830"},{"taxonomy":"post_tag","embeddable":true,"href":"https:\/\/marthacifuentes.com\/portada\/wp-json\/wp\/v2\/tags?post=21830"}],"curies":[{"name":"wp","href":"https:\/\/api.w.org\/{rel}","templated":true}]}}