{"id":21835,"date":"2019-08-30T07:54:01","date_gmt":"2019-08-30T12:54:01","guid":{"rendered":"https:\/\/marthacifuentes.com\/portada\/?p=21835"},"modified":"2019-08-30T07:54:01","modified_gmt":"2019-08-30T12:54:01","slug":"via-alterna-a-sacama-habilitada-tras-avalancha","status":"publish","type":"post","link":"https:\/\/marthacifuentes.com\/portada\/via-alterna-a-sacama-habilitada-tras-avalancha\/","title":{"rendered":"V\u00eda alterna a S\u00e1cama habilitada tras avalancha"},"content":{"rendered":"<p style=\"text-align: justify;\"><strong>Luego de la emergencia sobre la quebrada El Atoldadero, que incomunic\u00f3 por 4 d\u00edas a m\u00e1s de 7 veredas de S\u00e1cama y T\u00e1mara y el resguardo ind\u00edgena \u00a0Barro Negro, fue habilitada la v\u00eda alterna a S\u00e1cama en Casanare.<\/strong><\/p>\n<p style=\"text-align: justify;\">En el punto se removieron 1200 m3 de material de arrastre (rocas, lodo, vegetal), se hizo canalizaci\u00f3n al afluente, se realiz\u00f3 rehabilitaci\u00f3n a la v\u00eda y se retiraron rocas de gran tama\u00f1o que taponaban el boxcoulver. \u00abPara poder hacer que el agua circulara por la obra de arte, con apoyo de la comunidad, utilizando una cadena se at\u00f3 las rocas que se encontraban dentro del boxcoulver \u00a0y finalmente se arrastraron con la retroexcavadora\u00bb, explic\u00f3 Leonardo Bar\u00f3n, coordinador de Gesti\u00f3n del Riesgo de Casanare.<\/p>\n<p style=\"text-align: justify;\">Rosalba Pinz\u00f3n, habitante de la vereda Campo Hermoso, afectada por el evento natural fue una de las personas que dio a conocer la emergencia y emiti\u00f3 un mensaje de apoyo, el mismo que fue atendido por la Gobernaci\u00f3n de Casanare.<\/p>\n<p style=\"text-align: justify;\">\n<p>&nbsp;<\/p>\n","protected":false},"excerpt":{"rendered":"<p>Luego de la emergencia sobre la quebrada El Atoldadero, que incomunic\u00f3 por 4 d\u00edas a m\u00e1s de 7 veredas de S\u00e1cama y T\u00e1mara y el resguardo ind\u00edgena \u00a0Barro Negro, fue habilitada la v\u00eda alterna a S\u00e1cama en Casanare. En el punto se removieron 1200 m3 de material de arrastre (rocas, lodo, vegetal), se hizo canalizaci\u00f3n &hellip;<\/p>\n","protected":false},"author":2,"featured_media":21836,"comment_status":"open","ping_status":"open","sticky":false,"template":"","format":"standard","meta":{"om_disable_all_campaigns":false,"_exactmetrics_skip_tracking":false,"_exactmetrics_sitenote_active":false,"_exactmetrics_sitenote_note":"","_exactmetrics_sitenote_category":0,"_monsterinsights_skip_tracking":false,"_monsterinsights_sitenote_active":false,"_monsterinsights_sitenote_note":"","_monsterinsights_sitenote_category":0,"_uf_show_specific_survey":0,"_uf_disable_surveys":false,"_joinchat":[],"footnotes":""},"categories":[147,146,145],"tags":[3453,3452,2508,3450,3451],"class_list":["post-21835","post","type-post","status-publish","format-standard","has-post-thumbnail","hentry","category-actualidad","category-noticias","category-reportajes","tag-habilitacion-vial-casanare","tag-invierno-afecta-vias-casanare","tag-noticias-vias-de-casanare","tag-via-a-sacama-casanare-habilitada","tag-vias-de-casanare-afectadas-por-invierno"],"yoast_head":"<!-- This site is optimized with the Yoast SEO plugin v26.1 - https:\/\/yoast.com\/wordpress\/plugins\/seo\/ -->\n<title>V\u00eda alterna a S\u00e1cama habilitada tras avalancha - \u25b7 Noticias de Casanare : Martha Cifuentes | Casanare<\/title>\n<meta name=\"robots\" content=\"index, follow, max-snippet:-1, max-image-preview:large, max-video-preview:-1\" \/>\n<link rel=\"canonical\" href=\"https:\/\/marthacifuentes.com\/portada\/via-alterna-a-sacama-habilitada-tras-avalancha\/\" \/>\n<meta property=\"og:locale\" content=\"es_ES\" \/>\n<meta property=\"og:type\" content=\"article\" \/>\n<meta property=\"og:title\" content=\"V\u00eda alterna a S\u00e1cama habilitada tras avalancha - \u25b7 Noticias de Casanare : Martha Cifuentes | Casanare\" \/>\n<meta property=\"og:description\" content=\"Luego de la emergencia sobre la quebrada El Atoldadero, que incomunic\u00f3 por 4 d\u00edas a m\u00e1s de 7 veredas de S\u00e1cama y T\u00e1mara y el resguardo ind\u00edgena \u00a0Barro Negro, fue habilitada la v\u00eda alterna a S\u00e1cama en Casanare. En el punto se removieron 1200 m3 de material de arrastre (rocas, lodo, vegetal), se hizo canalizaci\u00f3n &hellip;\" \/>\n<meta property=\"og:url\" content=\"https:\/\/marthacifuentes.com\/portada\/via-alterna-a-sacama-habilitada-tras-avalancha\/\" \/>\n<meta property=\"og:site_name\" content=\"\u25b7 Noticias de Casanare : Martha Cifuentes | Casanare\" \/>\n<meta property=\"article:published_time\" content=\"2019-08-30T12:54:01+00:00\" \/>\n<meta property=\"og:image\" content=\"https:\/\/marthacifuentes.com\/portada\/wp-content\/uploads\/2019\/08\/Vi\u0301a-alterna-a-Sa\u0301cama-habilitada-tras-avalancha-2.jpeg\" \/>\n\t<meta property=\"og:image:width\" content=\"1280\" \/>\n\t<meta property=\"og:image:height\" content=\"720\" \/>\n\t<meta property=\"og:image:type\" content=\"image\/jpeg\" \/>\n<meta name=\"author\" content=\"Martha Cifuentes\" \/>\n<meta name=\"twitter:card\" content=\"summary_large_image\" \/>\n<meta name=\"twitter:label1\" content=\"Escrito por\" \/>\n\t<meta name=\"twitter:data1\" content=\"Martha Cifuentes\" \/>\n\t<meta name=\"twitter:label2\" content=\"Tiempo de lectura\" \/>\n\t<meta name=\"twitter:data2\" content=\"1 minuto\" \/>\n<script type=\"application\/ld+json\" class=\"yoast-schema-graph\">{\"@context\":\"https:\/\/schema.org\",\"@graph\":[{\"@type\":\"WebPage\",\"@id\":\"https:\/\/marthacifuentes.com\/portada\/via-alterna-a-sacama-habilitada-tras-avalancha\/\",\"url\":\"https:\/\/marthacifuentes.com\/portada\/via-alterna-a-sacama-habilitada-tras-avalancha\/\",\"name\":\"V\u00eda alterna a S\u00e1cama habilitada tras avalancha - \u25b7 Noticias de Casanare : Martha Cifuentes | Casanare\",\"isPartOf\":{\"@id\":\"https:\/\/marthacifuentes.com\/portada\/#website\"},\"primaryImageOfPage\":{\"@id\":\"https:\/\/marthacifuentes.com\/portada\/via-alterna-a-sacama-habilitada-tras-avalancha\/#primaryimage\"},\"image\":{\"@id\":\"https:\/\/marthacifuentes.com\/portada\/via-alterna-a-sacama-habilitada-tras-avalancha\/#primaryimage\"},\"thumbnailUrl\":\"https:\/\/marthacifuentes.com\/portada\/wp-content\/uploads\/2019\/08\/Vi\u0301a-alterna-a-Sa\u0301cama-habilitada-tras-avalancha-2.jpeg\",\"datePublished\":\"2019-08-30T12:54:01+00:00\",\"author\":{\"@id\":\"https:\/\/marthacifuentes.com\/portada\/#\/schema\/person\/57f53174b991db5f90ff78d58502b714\"},\"breadcrumb\":{\"@id\":\"https:\/\/marthacifuentes.com\/portada\/via-alterna-a-sacama-habilitada-tras-avalancha\/#breadcrumb\"},\"inLanguage\":\"es\",\"potentialAction\":[{\"@type\":\"ReadAction\",\"target\":[\"https:\/\/marthacifuentes.com\/portada\/via-alterna-a-sacama-habilitada-tras-avalancha\/\"]}]},{\"@type\":\"ImageObject\",\"inLanguage\":\"es\",\"@id\":\"https:\/\/marthacifuentes.com\/portada\/via-alterna-a-sacama-habilitada-tras-avalancha\/#primaryimage\",\"url\":\"https:\/\/marthacifuentes.com\/portada\/wp-content\/uploads\/2019\/08\/Vi\u0301a-alterna-a-Sa\u0301cama-habilitada-tras-avalancha-2.jpeg\",\"contentUrl\":\"https:\/\/marthacifuentes.com\/portada\/wp-content\/uploads\/2019\/08\/Vi\u0301a-alterna-a-Sa\u0301cama-habilitada-tras-avalancha-2.jpeg\",\"width\":1280,\"height\":720},{\"@type\":\"BreadcrumbList\",\"@id\":\"https:\/\/marthacifuentes.com\/portada\/via-alterna-a-sacama-habilitada-tras-avalancha\/#breadcrumb\",\"itemListElement\":[{\"@type\":\"ListItem\",\"position\":1,\"name\":\"Portada\",\"item\":\"https:\/\/marthacifuentes.com\/portada\/\"},{\"@type\":\"ListItem\",\"position\":2,\"name\":\"V\u00eda alterna a S\u00e1cama habilitada tras avalancha\"}]},{\"@type\":\"WebSite\",\"@id\":\"https:\/\/marthacifuentes.com\/portada\/#website\",\"url\":\"https:\/\/marthacifuentes.com\/portada\/\",\"name\":\"\u25b7 Noticias de Casanare : Martha Cifuentes | Casanare\",\"description\":\"Noticias &amp; Contenidos\",\"potentialAction\":[{\"@type\":\"SearchAction\",\"target\":{\"@type\":\"EntryPoint\",\"urlTemplate\":\"https:\/\/marthacifuentes.com\/portada\/?s={search_term_string}\"},\"query-input\":{\"@type\":\"PropertyValueSpecification\",\"valueRequired\":true,\"valueName\":\"search_term_string\"}}],\"inLanguage\":\"es\"},{\"@type\":\"Person\",\"@id\":\"https:\/\/marthacifuentes.com\/portada\/#\/schema\/person\/57f53174b991db5f90ff78d58502b714\",\"name\":\"Martha Cifuentes\",\"image\":{\"@type\":\"ImageObject\",\"inLanguage\":\"es\",\"@id\":\"https:\/\/marthacifuentes.com\/portada\/#\/schema\/person\/image\/\",\"url\":\"http:\/\/marthacifuentes.com\/portada\/wp-content\/uploads\/2018\/06\/avatar_user_2_1528838701-96x96.jpg\",\"contentUrl\":\"http:\/\/marthacifuentes.com\/portada\/wp-content\/uploads\/2018\/06\/avatar_user_2_1528838701-96x96.jpg\",\"caption\":\"Martha Cifuentes\"},\"sameAs\":[\"http:\/\/www.marthacifuentes.com\"],\"url\":\"https:\/\/marthacifuentes.com\/portada\/author\/martha\/\"}]}<\/script>\n<!-- \/ Yoast SEO plugin. -->","yoast_head_json":{"title":"V\u00eda alterna a S\u00e1cama habilitada tras avalancha - \u25b7 Noticias de Casanare : Martha Cifuentes | Casanare","robots":{"index":"index","follow":"follow","max-snippet":"max-snippet:-1","max-image-preview":"max-image-preview:large","max-video-preview":"max-video-preview:-1"},"canonical":"https:\/\/marthacifuentes.com\/portada\/via-alterna-a-sacama-habilitada-tras-avalancha\/","og_locale":"es_ES","og_type":"article","og_title":"V\u00eda alterna a S\u00e1cama habilitada tras avalancha - \u25b7 Noticias de Casanare : Martha Cifuentes | Casanare","og_description":"Luego de la emergencia sobre la quebrada El Atoldadero, que incomunic\u00f3 por 4 d\u00edas a m\u00e1s de 7 veredas de S\u00e1cama y T\u00e1mara y el resguardo ind\u00edgena \u00a0Barro Negro, fue habilitada la v\u00eda alterna a S\u00e1cama en Casanare. En el punto se removieron 1200 m3 de material de arrastre (rocas, lodo, vegetal), se hizo canalizaci\u00f3n &hellip;","og_url":"https:\/\/marthacifuentes.com\/portada\/via-alterna-a-sacama-habilitada-tras-avalancha\/","og_site_name":"\u25b7 Noticias de Casanare : Martha Cifuentes | Casanare","article_published_time":"2019-08-30T12:54:01+00:00","og_image":[{"width":1280,"height":720,"url":"https:\/\/marthacifuentes.com\/portada\/wp-content\/uploads\/2019\/08\/Vi\u0301a-alterna-a-Sa\u0301cama-habilitada-tras-avalancha-2.jpeg","type":"image\/jpeg"}],"author":"Martha Cifuentes","twitter_card":"summary_large_image","twitter_misc":{"Escrito por":"Martha Cifuentes","Tiempo de lectura":"1 minuto"},"schema":{"@context":"https:\/\/schema.org","@graph":[{"@type":"WebPage","@id":"https:\/\/marthacifuentes.com\/portada\/via-alterna-a-sacama-habilitada-tras-avalancha\/","url":"https:\/\/marthacifuentes.com\/portada\/via-alterna-a-sacama-habilitada-tras-avalancha\/","name":"V\u00eda alterna a S\u00e1cama habilitada tras avalancha - \u25b7 Noticias de Casanare : Martha Cifuentes | Casanare","isPartOf":{"@id":"https:\/\/marthacifuentes.com\/portada\/#website"},"primaryImageOfPage":{"@id":"https:\/\/marthacifuentes.com\/portada\/via-alterna-a-sacama-habilitada-tras-avalancha\/#primaryimage"},"image":{"@id":"https:\/\/marthacifuentes.com\/portada\/via-alterna-a-sacama-habilitada-tras-avalancha\/#primaryimage"},"thumbnailUrl":"https:\/\/marthacifuentes.com\/portada\/wp-content\/uploads\/2019\/08\/Vi\u0301a-alterna-a-Sa\u0301cama-habilitada-tras-avalancha-2.jpeg","datePublished":"2019-08-30T12:54:01+00:00","author":{"@id":"https:\/\/marthacifuentes.com\/portada\/#\/schema\/person\/57f53174b991db5f90ff78d58502b714"},"breadcrumb":{"@id":"https:\/\/marthacifuentes.com\/portada\/via-alterna-a-sacama-habilitada-tras-avalancha\/#breadcrumb"},"inLanguage":"es","potentialAction":[{"@type":"ReadAction","target":["https:\/\/marthacifuentes.com\/portada\/via-alterna-a-sacama-habilitada-tras-avalancha\/"]}]},{"@type":"ImageObject","inLanguage":"es","@id":"https:\/\/marthacifuentes.com\/portada\/via-alterna-a-sacama-habilitada-tras-avalancha\/#primaryimage","url":"https:\/\/marthacifuentes.com\/portada\/wp-content\/uploads\/2019\/08\/Vi\u0301a-alterna-a-Sa\u0301cama-habilitada-tras-avalancha-2.jpeg","contentUrl":"https:\/\/marthacifuentes.com\/portada\/wp-content\/uploads\/2019\/08\/Vi\u0301a-alterna-a-Sa\u0301cama-habilitada-tras-avalancha-2.jpeg","width":1280,"height":720},{"@type":"BreadcrumbList","@id":"https:\/\/marthacifuentes.com\/portada\/via-alterna-a-sacama-habilitada-tras-avalancha\/#breadcrumb","itemListElement":[{"@type":"ListItem","position":1,"name":"Portada","item":"https:\/\/marthacifuentes.com\/portada\/"},{"@type":"ListItem","position":2,"name":"V\u00eda alterna a S\u00e1cama habilitada tras avalancha"}]},{"@type":"WebSite","@id":"https:\/\/marthacifuentes.com\/portada\/#website","url":"https:\/\/marthacifuentes.com\/portada\/","name":"\u25b7 Noticias de Casanare : Martha Cifuentes | Casanare","description":"Noticias &amp; Contenidos","potentialAction":[{"@type":"SearchAction","target":{"@type":"EntryPoint","urlTemplate":"https:\/\/marthacifuentes.com\/portada\/?s={search_term_string}"},"query-input":{"@type":"PropertyValueSpecification","valueRequired":true,"valueName":"search_term_string"}}],"inLanguage":"es"},{"@type":"Person","@id":"https:\/\/marthacifuentes.com\/portada\/#\/schema\/person\/57f53174b991db5f90ff78d58502b714","name":"Martha Cifuentes","image":{"@type":"ImageObject","inLanguage":"es","@id":"https:\/\/marthacifuentes.com\/portada\/#\/schema\/person\/image\/","url":"http:\/\/marthacifuentes.com\/portada\/wp-content\/uploads\/2018\/06\/avatar_user_2_1528838701-96x96.jpg","contentUrl":"http:\/\/marthacifuentes.com\/portada\/wp-content\/uploads\/2018\/06\/avatar_user_2_1528838701-96x96.jpg","caption":"Martha Cifuentes"},"sameAs":["http:\/\/www.marthacifuentes.com"],"url":"https:\/\/marthacifuentes.com\/portada\/author\/martha\/"}]}},"_links":{"self":[{"href":"https:\/\/marthacifuentes.com\/portada\/wp-json\/wp\/v2\/posts\/21835","targetHints":{"allow":["GET"]}}],"collection":[{"href":"https:\/\/marthacifuentes.com\/portada\/wp-json\/wp\/v2\/posts"}],"about":[{"href":"https:\/\/marthacifuentes.com\/portada\/wp-json\/wp\/v2\/types\/post"}],"author":[{"embeddable":true,"href":"https:\/\/marthacifuentes.com\/portada\/wp-json\/wp\/v2\/users\/2"}],"replies":[{"embeddable":true,"href":"https:\/\/marthacifuentes.com\/portada\/wp-json\/wp\/v2\/comments?post=21835"}],"version-history":[{"count":0,"href":"https:\/\/marthacifuentes.com\/portada\/wp-json\/wp\/v2\/posts\/21835\/revisions"}],"wp:featuredmedia":[{"embeddable":true,"href":"https:\/\/marthacifuentes.com\/portada\/wp-json\/wp\/v2\/media\/21836"}],"wp:attachment":[{"href":"https:\/\/marthacifuentes.com\/portada\/wp-json\/wp\/v2\/media?parent=21835"}],"wp:term":[{"taxonomy":"category","embeddable":true,"href":"https:\/\/marthacifuentes.com\/portada\/wp-json\/wp\/v2\/categories?post=21835"},{"taxonomy":"post_tag","embeddable":true,"href":"https:\/\/marthacifuentes.com\/portada\/wp-json\/wp\/v2\/tags?post=21835"}],"curies":[{"name":"wp","href":"https:\/\/api.w.org\/{rel}","templated":true}]}}