{"id":21887,"date":"2019-09-02T15:51:18","date_gmt":"2019-09-02T20:51:18","guid":{"rendered":"https:\/\/marthacifuentes.com\/portada\/?p=21887"},"modified":"2019-09-02T15:53:24","modified_gmt":"2019-09-02T20:53:24","slug":"semana-ambiental-en-yopal-arranca-el-proximo-lunes-9-de-septiembre","status":"publish","type":"post","link":"https:\/\/marthacifuentes.com\/portada\/semana-ambiental-en-yopal-arranca-el-proximo-lunes-9-de-septiembre\/","title":{"rendered":"Semana ambiental en Yopal arranca el pr\u00f3ximo lunes 9 de septiembre"},"content":{"rendered":"<p style=\"text-align: justify;\"><strong>Entre el 9 y 14 de septiembre Yopal vivir\u00e1 la XIII Semana Ambiental, evento organizado por la instituci\u00f3n educativa T\u00e9cnico Ambiental San Mateo y que contempla m\u00faltiples actividades en pro del medio ambiente, incluido el d\u00eda de la movilidad limpia.<\/strong><\/p>\n<p style=\"text-align: justify;\">Habr\u00e1 encuentros acad\u00e9micos, desfile de comparsas, Congreso Nacional de Bio\u00e9tica, feria de expo- arte, foros, ciclopaseo y caminata que buscan promover el respeto y protecci\u00f3n por los recursos naturales.<\/p>\n<p style=\"text-align: justify;\">La programaci\u00f3n inicia el lunes 12 de septiembre, a partir de las 7:00 a.m., con el IV Encuentro Narrativo municipal denominado \u201cCu\u00e9ntame Tu Cuento\u201d.\u00a0 A las 3:00 p.m. est\u00e1 programado el desfile de comparsas por las principales v\u00edas de la ciudad, el cual llevar\u00e1 por nombre: \u201csobreviviendo a la extinci\u00f3n\u201d; el cual busca sensibilizar a la poblaci\u00f3n acerca del respeto, defensa y protecci\u00f3n de las especies en v\u00eda de extinci\u00f3n.<\/p>\n<p style=\"text-align: justify;\">Los actos protocolarios de inauguraci\u00f3n de la D\u00e9cimo Tercera versi\u00f3n de la Semana Ambiental est\u00e1n previstos a partir de las 4:00 pm, en el Parque El Resurgimiento.<\/p>\n<p style=\"text-align: justify;\"><strong>\u00a0<\/strong><\/p>\n<p style=\"text-align: justify;\"><strong>10 de septiembre:<\/strong><\/p>\n<ul style=\"text-align: justify;\">\n<li>VI Congreso Nacional de Bio\u00e9tica: \u201cSobreviviendo a la extinci\u00f3n. Universidad UNITR\u00d3PICO, 8:00 a.m. a 6:00 p.m.<\/li>\n<li>V Feria de Expo-Arte y Expo-Ciencia Ambiental. Muestra de proyectos institucionales que se vienen realizando por parte de los estudiantes de los diferentes grados del colegio, en las distintas \u00e1reas del saber. Instituto T\u00e9cnico Ambiental, 7:00 a.m. \u2013 11:00 a.m.<\/li>\n<li>FORO de propuestas de Pol\u00edticas Ambientales. Participan candidatos a la Alcald\u00eda de Yopal. Asisten ONGS ambientalistas, movimientos ecol\u00f3gicos del departamento, periodistas y comunidad educativa, con el fin de conocer los planes de gobierno en su dimensi\u00f3n ambiental. Instituto T\u00e9cnico Ambiental, 4:00 p.m.<\/li>\n<\/ul>\n<p style=\"text-align: justify;\"><strong>\u00a0<\/strong><\/p>\n<p style=\"text-align: justify;\"><strong>11 de septiembre:<\/strong><\/p>\n<ul style=\"text-align: justify;\">\n<li>D\u00eda de la Movilidad Limpia. \u201cPromoci\u00f3n de la actividad f\u00edsica y b\u00fasqueda de alternativas de movilidad en la ciudad\u201d. Jornada de concientizaci\u00f3n del NO uso de carros y motos como un aporte al Medio Ambiente en Yopal.<\/li>\n<li>Jornada de Medici\u00f3n de Emisiones Atmosf\u00e9ricas en la ciudad. El laboratorio Ambiental GRUPO AGQ LABS PRODYCON S.A.S. tomar\u00e1 muestras de calidad del aire un d\u00eda antes y el d\u00eda de la movilidad limpia en la ciudad, esto con el fin de hacer comparaciones de las sustancias contaminantes que genera el parque automotor de Yopal.<\/li>\n<li>Ciclopaseo Ecol\u00f3gico. \u201cLa bicicleta un medio de transporte limpio\u201d.\u00a0 Se har\u00e1 un recorrido en bicicleta, patines, patinetas y todo medio de transporte no contaminante por las principales v\u00edas de la ciudad. Salida: 6:30 a.m. del Instituto T\u00e9cnico Ambiental con llegada al Coliseo 20 de Julio.<\/li>\n<li>VII Versi\u00f3n de la Caminata por la Salud y la Paz en el marco de la celebraci\u00f3n de la Semana de H\u00e1bitos y Estilos de Vida Saludable. Salida: Instituto T\u00e9cnico Ambiental con llegada al Coliseo 20 de julio, 7:00 a.m.<\/li>\n<li>IV Carrera Atl\u00e9tica 5k por el Ambiente. El atletismo como una alternativa deportiva sin restricci\u00f3n. Competencia atl\u00e9tica por las diferentes v\u00edas de la ciudad. Salida y llegada: Instituto T\u00e9cnico Ambiental, 7:30 a.m.<\/li>\n<li>Rodada Nocturna. Los diferentes clubes de ciclismos har\u00e1n una rodada por las principales v\u00edas de la ciudad en horas de la noche.<\/li>\n<\/ul>\n<p style=\"text-align: justify;\"><strong>\u00a0<\/strong><\/p>\n<p style=\"text-align: justify;\"><strong>12 de septiembre:<\/strong><\/p>\n<ul style=\"text-align: justify;\">\n<li>II Exposici\u00f3n del Araneario Nacional de Colombia. El Bi\u00f3logo, Investigador cient\u00edfico y aracn\u00f3logo, Dar\u00edo Hernando Guti\u00e9rrez, estar\u00e1 en las instalaciones del colegio realizando conferencias dirigidas a estudiantes t\u00e9cnicos, tecn\u00f3logos y profesionales, dando a conocer el resultado de 40 a\u00f1os de investigaci\u00f3n en la biolog\u00eda de los ar\u00e1cnidos. Hora: 7:00 a.m. \u2013 5:00 p.m.<\/li>\n<li>Velada Cultural \u201cG\u00e9neros Musicales\u201d. Presentaci\u00f3n de talentos art\u00edsticos y culturales por los estudiantes y profesores del Instituto T\u00e9cnico Ambiental. Coliseo 20 de julio, 3:00 p.m.<\/li>\n<\/ul>\n<p style=\"text-align: justify;\"><strong>\u00a0<\/strong><\/p>\n<p style=\"text-align: justify;\"><strong>13 de septiembre:<\/strong><\/p>\n<ul style=\"text-align: justify;\">\n<li>VII Muestra Empresarial Ambiental Casanare 2019. En su respectivo stand, los estudiantes, empresas p\u00fablicas y privadas dar\u00e1n a conocer a la comunidad los proyectos que se est\u00e1n desarrollando en pro del medio ambiente a trav\u00e9s de la exposici\u00f3n de los mismos. Parque Ram\u00f3n Nonato P\u00e9rez, 7:00 a.m. \u2013 5:00 p.m.<\/li>\n<li>Ara\u00f1as al Parque. El Bi\u00f3logo, Investigador cient\u00edfico y aracn\u00f3logo, Dar\u00edo Hernando Guti\u00e9rrez, estar\u00e1 en el Parque Ram\u00f3n Nonato P\u00e9rez, compartiendo sus conocimientos sobre el fascinante mundo de las ara\u00f1as, a la comunidad de Yopal. Hora: 7:00 a.m. \u2013 5:00 p.m.<\/li>\n<\/ul>\n<p style=\"text-align: justify;\"><strong>\u00a0<\/strong><\/p>\n<p style=\"text-align: justify;\"><strong>14 de septiembre:<\/strong><\/p>\n<ul>\n<li style=\"text-align: justify;\">II Versi\u00f3n \u201cEl Trueque ITA\u201d. Intercambio de productos usados en buen estado por parte de la comunidad educativa. Instituto T\u00e9cnico Ambiental,\u00a0 7:00 a.m. \u2013 5:00 p.m.<\/li>\n<li style=\"text-align: justify;\">XIV Exhibici\u00f3n del \u00c1rbol Itinerante. Metodolog\u00eda dise\u00f1ada para socializar con la comunidad de Yopal y Casanare los planes y proyectos que se han realizado en los 13 a\u00f1os de existencia del Instituto T\u00e9cnico Ambiental. Martes: Centros Comerciales Unicentro y Gran Plaza Alcarav\u00e1n (8:00 a.m. \u2013 12:00 m). Ferial Empresarial el viernes, en Parque Ram\u00f3n Nonato P\u00e9rez, 2:00 p.m. \u2013 5:00 p.m.<\/li>\n<\/ul>\n<p>&nbsp;<\/p>\n<p><span style=\"font-size: 14pt;\"><strong>Otras noticias&#8230;<\/strong><\/span><\/p>\n<blockquote class=\"wp-embedded-content\" data-secret=\"XZDEZXlO7a\"><p><a href=\"https:\/\/marthacifuentes.com\/portada\/2019\/09\/02\/grupo-armado-ilegal-farc-se-adjudica-asesinato-de-delincuente-en-paz-de-ariporo\/\">Grupo armado ilegal Farc se adjudica asesinato de delincuente en Paz de Ariporo<\/a><\/p><\/blockquote>\n<p><iframe loading=\"lazy\" class=\"wp-embedded-content\" sandbox=\"allow-scripts\" security=\"restricted\" style=\"position: absolute; clip: rect(1px, 1px, 1px, 1px);\" title=\"\u00abGrupo armado ilegal Farc se adjudica asesinato de delincuente en Paz de Ariporo\u00bb \u2014 \u25b7 Noticias de Casanare : Martha Cifuentes | Casanare\" src=\"https:\/\/marthacifuentes.com\/portada\/2019\/09\/02\/grupo-armado-ilegal-farc-se-adjudica-asesinato-de-delincuente-en-paz-de-ariporo\/embed\/#?secret=mZzlBbi2lo#?secret=XZDEZXlO7a\" data-secret=\"XZDEZXlO7a\" width=\"500\" height=\"282\" frameborder=\"0\" marginwidth=\"0\" marginheight=\"0\" scrolling=\"no\"><\/iframe><\/p>\n<p>&nbsp;<\/p>\n<blockquote class=\"wp-embedded-content\" data-secret=\"5tLoUvL5XX\"><p><a href=\"https:\/\/marthacifuentes.com\/portada\/2019\/09\/01\/articulo-de-estudiante-de-unitropico-sobre-el-pito-fue-aceptado-en-revista-internacional\/\">Art\u00edculo de estudiante de Unitr\u00f3pico sobre el pito, fue aceptado en revista internacional<\/a><\/p><\/blockquote>\n<p><iframe loading=\"lazy\" class=\"wp-embedded-content\" sandbox=\"allow-scripts\" security=\"restricted\" style=\"position: absolute; clip: rect(1px, 1px, 1px, 1px);\" title=\"\u00abArt\u00edculo de estudiante de Unitr\u00f3pico sobre el pito, fue aceptado en revista internacional\u00bb \u2014 \u25b7 Noticias de Casanare : Martha Cifuentes | Casanare\" src=\"https:\/\/marthacifuentes.com\/portada\/2019\/09\/01\/articulo-de-estudiante-de-unitropico-sobre-el-pito-fue-aceptado-en-revista-internacional\/embed\/#?secret=bsK4WR9mSY#?secret=5tLoUvL5XX\" data-secret=\"5tLoUvL5XX\" width=\"500\" height=\"282\" frameborder=\"0\" marginwidth=\"0\" marginheight=\"0\" scrolling=\"no\"><\/iframe><\/p>\n<p>&nbsp;<\/p>\n<blockquote class=\"wp-embedded-content\" data-secret=\"6GmmvUimp4\"><p><a href=\"https:\/\/marthacifuentes.com\/portada\/2019\/08\/31\/sigue-agarron-entre-eaaay-y-alcaldia-de-yopal-por-no-pago-de-la-planta-modular\/\">Sigue agarr\u00f3n entre Eaaay y Alcald\u00eda de Yopal por no pago de la planta modular<\/a><\/p><\/blockquote>\n<p><iframe loading=\"lazy\" class=\"wp-embedded-content\" sandbox=\"allow-scripts\" security=\"restricted\" style=\"position: absolute; clip: rect(1px, 1px, 1px, 1px);\" title=\"\u00abSigue agarr\u00f3n entre Eaaay y Alcald\u00eda de Yopal por no pago de la planta modular\u00bb \u2014 \u25b7 Noticias de Casanare : Martha Cifuentes | Casanare\" src=\"https:\/\/marthacifuentes.com\/portada\/2019\/08\/31\/sigue-agarron-entre-eaaay-y-alcaldia-de-yopal-por-no-pago-de-la-planta-modular\/embed\/#?secret=MXKP2etm8c#?secret=6GmmvUimp4\" data-secret=\"6GmmvUimp4\" width=\"500\" height=\"282\" frameborder=\"0\" marginwidth=\"0\" marginheight=\"0\" scrolling=\"no\"><\/iframe><\/p>\n<p>&nbsp;<\/p>\n<p>&nbsp;<\/p>\n<p>&nbsp;<\/p>\n<p>&nbsp;<\/p>\n<p>&nbsp;<\/p>\n","protected":false},"excerpt":{"rendered":"<p>Entre el 9 y 14 de septiembre Yopal vivir\u00e1 la XIII Semana Ambiental, evento organizado por la instituci\u00f3n educativa T\u00e9cnico Ambiental San Mateo y que contempla m\u00faltiples actividades en pro del medio ambiente, incluido el d\u00eda de la movilidad limpia. Habr\u00e1 encuentros acad\u00e9micos, desfile de comparsas, Congreso Nacional de Bio\u00e9tica, feria de expo- arte, foros, &hellip;<\/p>\n","protected":false},"author":2,"featured_media":21888,"comment_status":"open","ping_status":"open","sticky":false,"template":"","format":"standard","meta":{"om_disable_all_campaigns":false,"_exactmetrics_skip_tracking":false,"_exactmetrics_sitenote_active":false,"_exactmetrics_sitenote_note":"","_exactmetrics_sitenote_category":0,"_monsterinsights_skip_tracking":false,"_monsterinsights_sitenote_active":false,"_monsterinsights_sitenote_note":"","_monsterinsights_sitenote_category":0,"_uf_show_specific_survey":0,"_uf_disable_surveys":false,"_joinchat":[],"footnotes":""},"categories":[147,146,145],"tags":[3489,3487,3488,3486,1372,3485],"class_list":["post-21887","post","type-post","status-publish","format-standard","has-post-thumbnail","hentry","category-actualidad","category-noticias","category-reportajes","tag-alcaldia-de-yopal-apoya-semana-ambiental","tag-dia-de-la-movilidad-limpia-en-yopal","tag-encuentros-ambientales-en-yopal","tag-instituto-tecnico-ambiental-san-mateo","tag-noticias-de-casanare","tag-noticias-semana-ambiental-de-yopal"],"yoast_head":"<!-- This site is optimized with the Yoast SEO plugin v26.1 - https:\/\/yoast.com\/wordpress\/plugins\/seo\/ -->\n<title>Semana ambiental en Yopal arranca el pr\u00f3ximo lunes 9 de septiembre - \u25b7 Noticias de Casanare : Martha Cifuentes | Casanare<\/title>\n<meta name=\"robots\" content=\"index, follow, max-snippet:-1, max-image-preview:large, max-video-preview:-1\" \/>\n<link rel=\"canonical\" href=\"https:\/\/marthacifuentes.com\/portada\/semana-ambiental-en-yopal-arranca-el-proximo-lunes-9-de-septiembre\/\" \/>\n<meta property=\"og:locale\" content=\"es_ES\" \/>\n<meta property=\"og:type\" content=\"article\" \/>\n<meta property=\"og:title\" content=\"Semana ambiental en Yopal arranca el pr\u00f3ximo lunes 9 de septiembre - \u25b7 Noticias de Casanare : Martha Cifuentes | Casanare\" \/>\n<meta property=\"og:description\" content=\"Entre el 9 y 14 de septiembre Yopal vivir\u00e1 la XIII Semana Ambiental, evento organizado por la instituci\u00f3n educativa T\u00e9cnico Ambiental San Mateo y que contempla m\u00faltiples actividades en pro del medio ambiente, incluido el d\u00eda de la movilidad limpia. Habr\u00e1 encuentros acad\u00e9micos, desfile de comparsas, Congreso Nacional de Bio\u00e9tica, feria de expo- arte, foros, &hellip;\" \/>\n<meta property=\"og:url\" content=\"https:\/\/marthacifuentes.com\/portada\/semana-ambiental-en-yopal-arranca-el-proximo-lunes-9-de-septiembre\/\" \/>\n<meta property=\"og:site_name\" content=\"\u25b7 Noticias de Casanare : Martha Cifuentes | Casanare\" \/>\n<meta property=\"article:published_time\" content=\"2019-09-02T20:51:18+00:00\" \/>\n<meta property=\"article:modified_time\" content=\"2019-09-02T20:53:24+00:00\" \/>\n<meta property=\"og:image\" content=\"https:\/\/marthacifuentes.com\/portada\/wp-content\/uploads\/2019\/09\/semana-ambiental.jpg\" \/>\n\t<meta property=\"og:image:width\" content=\"794\" \/>\n\t<meta property=\"og:image:height\" content=\"447\" \/>\n\t<meta property=\"og:image:type\" content=\"image\/jpeg\" \/>\n<meta name=\"author\" content=\"Martha Cifuentes\" \/>\n<meta name=\"twitter:card\" content=\"summary_large_image\" \/>\n<meta name=\"twitter:label1\" content=\"Escrito por\" \/>\n\t<meta name=\"twitter:data1\" content=\"Martha Cifuentes\" \/>\n\t<meta name=\"twitter:label2\" content=\"Tiempo de lectura\" \/>\n\t<meta name=\"twitter:data2\" content=\"4 minutos\" \/>\n<script type=\"application\/ld+json\" class=\"yoast-schema-graph\">{\"@context\":\"https:\/\/schema.org\",\"@graph\":[{\"@type\":\"WebPage\",\"@id\":\"https:\/\/marthacifuentes.com\/portada\/semana-ambiental-en-yopal-arranca-el-proximo-lunes-9-de-septiembre\/\",\"url\":\"https:\/\/marthacifuentes.com\/portada\/semana-ambiental-en-yopal-arranca-el-proximo-lunes-9-de-septiembre\/\",\"name\":\"Semana ambiental en Yopal arranca el pr\u00f3ximo lunes 9 de septiembre - \u25b7 Noticias de Casanare : Martha Cifuentes | Casanare\",\"isPartOf\":{\"@id\":\"https:\/\/marthacifuentes.com\/portada\/#website\"},\"primaryImageOfPage\":{\"@id\":\"https:\/\/marthacifuentes.com\/portada\/semana-ambiental-en-yopal-arranca-el-proximo-lunes-9-de-septiembre\/#primaryimage\"},\"image\":{\"@id\":\"https:\/\/marthacifuentes.com\/portada\/semana-ambiental-en-yopal-arranca-el-proximo-lunes-9-de-septiembre\/#primaryimage\"},\"thumbnailUrl\":\"https:\/\/marthacifuentes.com\/portada\/wp-content\/uploads\/2019\/09\/semana-ambiental.jpg\",\"datePublished\":\"2019-09-02T20:51:18+00:00\",\"dateModified\":\"2019-09-02T20:53:24+00:00\",\"author\":{\"@id\":\"https:\/\/marthacifuentes.com\/portada\/#\/schema\/person\/57f53174b991db5f90ff78d58502b714\"},\"breadcrumb\":{\"@id\":\"https:\/\/marthacifuentes.com\/portada\/semana-ambiental-en-yopal-arranca-el-proximo-lunes-9-de-septiembre\/#breadcrumb\"},\"inLanguage\":\"es\",\"potentialAction\":[{\"@type\":\"ReadAction\",\"target\":[\"https:\/\/marthacifuentes.com\/portada\/semana-ambiental-en-yopal-arranca-el-proximo-lunes-9-de-septiembre\/\"]}]},{\"@type\":\"ImageObject\",\"inLanguage\":\"es\",\"@id\":\"https:\/\/marthacifuentes.com\/portada\/semana-ambiental-en-yopal-arranca-el-proximo-lunes-9-de-septiembre\/#primaryimage\",\"url\":\"https:\/\/marthacifuentes.com\/portada\/wp-content\/uploads\/2019\/09\/semana-ambiental.jpg\",\"contentUrl\":\"https:\/\/marthacifuentes.com\/portada\/wp-content\/uploads\/2019\/09\/semana-ambiental.jpg\",\"width\":794,\"height\":447},{\"@type\":\"BreadcrumbList\",\"@id\":\"https:\/\/marthacifuentes.com\/portada\/semana-ambiental-en-yopal-arranca-el-proximo-lunes-9-de-septiembre\/#breadcrumb\",\"itemListElement\":[{\"@type\":\"ListItem\",\"position\":1,\"name\":\"Portada\",\"item\":\"https:\/\/marthacifuentes.com\/portada\/\"},{\"@type\":\"ListItem\",\"position\":2,\"name\":\"Semana ambiental en Yopal arranca el pr\u00f3ximo lunes 9 de septiembre\"}]},{\"@type\":\"WebSite\",\"@id\":\"https:\/\/marthacifuentes.com\/portada\/#website\",\"url\":\"https:\/\/marthacifuentes.com\/portada\/\",\"name\":\"\u25b7 Noticias de Casanare : Martha Cifuentes | Casanare\",\"description\":\"Noticias &amp; Contenidos\",\"potentialAction\":[{\"@type\":\"SearchAction\",\"target\":{\"@type\":\"EntryPoint\",\"urlTemplate\":\"https:\/\/marthacifuentes.com\/portada\/?s={search_term_string}\"},\"query-input\":{\"@type\":\"PropertyValueSpecification\",\"valueRequired\":true,\"valueName\":\"search_term_string\"}}],\"inLanguage\":\"es\"},{\"@type\":\"Person\",\"@id\":\"https:\/\/marthacifuentes.com\/portada\/#\/schema\/person\/57f53174b991db5f90ff78d58502b714\",\"name\":\"Martha Cifuentes\",\"image\":{\"@type\":\"ImageObject\",\"inLanguage\":\"es\",\"@id\":\"https:\/\/marthacifuentes.com\/portada\/#\/schema\/person\/image\/\",\"url\":\"http:\/\/marthacifuentes.com\/portada\/wp-content\/uploads\/2018\/06\/avatar_user_2_1528838701-96x96.jpg\",\"contentUrl\":\"http:\/\/marthacifuentes.com\/portada\/wp-content\/uploads\/2018\/06\/avatar_user_2_1528838701-96x96.jpg\",\"caption\":\"Martha Cifuentes\"},\"sameAs\":[\"http:\/\/www.marthacifuentes.com\"],\"url\":\"https:\/\/marthacifuentes.com\/portada\/author\/martha\/\"}]}<\/script>\n<!-- \/ Yoast SEO plugin. -->","yoast_head_json":{"title":"Semana ambiental en Yopal arranca el pr\u00f3ximo lunes 9 de septiembre - \u25b7 Noticias de Casanare : Martha Cifuentes | Casanare","robots":{"index":"index","follow":"follow","max-snippet":"max-snippet:-1","max-image-preview":"max-image-preview:large","max-video-preview":"max-video-preview:-1"},"canonical":"https:\/\/marthacifuentes.com\/portada\/semana-ambiental-en-yopal-arranca-el-proximo-lunes-9-de-septiembre\/","og_locale":"es_ES","og_type":"article","og_title":"Semana ambiental en Yopal arranca el pr\u00f3ximo lunes 9 de septiembre - \u25b7 Noticias de Casanare : Martha Cifuentes | Casanare","og_description":"Entre el 9 y 14 de septiembre Yopal vivir\u00e1 la XIII Semana Ambiental, evento organizado por la instituci\u00f3n educativa T\u00e9cnico Ambiental San Mateo y que contempla m\u00faltiples actividades en pro del medio ambiente, incluido el d\u00eda de la movilidad limpia. Habr\u00e1 encuentros acad\u00e9micos, desfile de comparsas, Congreso Nacional de Bio\u00e9tica, feria de expo- arte, foros, &hellip;","og_url":"https:\/\/marthacifuentes.com\/portada\/semana-ambiental-en-yopal-arranca-el-proximo-lunes-9-de-septiembre\/","og_site_name":"\u25b7 Noticias de Casanare : Martha Cifuentes | Casanare","article_published_time":"2019-09-02T20:51:18+00:00","article_modified_time":"2019-09-02T20:53:24+00:00","og_image":[{"width":794,"height":447,"url":"https:\/\/marthacifuentes.com\/portada\/wp-content\/uploads\/2019\/09\/semana-ambiental.jpg","type":"image\/jpeg"}],"author":"Martha Cifuentes","twitter_card":"summary_large_image","twitter_misc":{"Escrito por":"Martha Cifuentes","Tiempo de lectura":"4 minutos"},"schema":{"@context":"https:\/\/schema.org","@graph":[{"@type":"WebPage","@id":"https:\/\/marthacifuentes.com\/portada\/semana-ambiental-en-yopal-arranca-el-proximo-lunes-9-de-septiembre\/","url":"https:\/\/marthacifuentes.com\/portada\/semana-ambiental-en-yopal-arranca-el-proximo-lunes-9-de-septiembre\/","name":"Semana ambiental en Yopal arranca el pr\u00f3ximo lunes 9 de septiembre - \u25b7 Noticias de Casanare : Martha Cifuentes | Casanare","isPartOf":{"@id":"https:\/\/marthacifuentes.com\/portada\/#website"},"primaryImageOfPage":{"@id":"https:\/\/marthacifuentes.com\/portada\/semana-ambiental-en-yopal-arranca-el-proximo-lunes-9-de-septiembre\/#primaryimage"},"image":{"@id":"https:\/\/marthacifuentes.com\/portada\/semana-ambiental-en-yopal-arranca-el-proximo-lunes-9-de-septiembre\/#primaryimage"},"thumbnailUrl":"https:\/\/marthacifuentes.com\/portada\/wp-content\/uploads\/2019\/09\/semana-ambiental.jpg","datePublished":"2019-09-02T20:51:18+00:00","dateModified":"2019-09-02T20:53:24+00:00","author":{"@id":"https:\/\/marthacifuentes.com\/portada\/#\/schema\/person\/57f53174b991db5f90ff78d58502b714"},"breadcrumb":{"@id":"https:\/\/marthacifuentes.com\/portada\/semana-ambiental-en-yopal-arranca-el-proximo-lunes-9-de-septiembre\/#breadcrumb"},"inLanguage":"es","potentialAction":[{"@type":"ReadAction","target":["https:\/\/marthacifuentes.com\/portada\/semana-ambiental-en-yopal-arranca-el-proximo-lunes-9-de-septiembre\/"]}]},{"@type":"ImageObject","inLanguage":"es","@id":"https:\/\/marthacifuentes.com\/portada\/semana-ambiental-en-yopal-arranca-el-proximo-lunes-9-de-septiembre\/#primaryimage","url":"https:\/\/marthacifuentes.com\/portada\/wp-content\/uploads\/2019\/09\/semana-ambiental.jpg","contentUrl":"https:\/\/marthacifuentes.com\/portada\/wp-content\/uploads\/2019\/09\/semana-ambiental.jpg","width":794,"height":447},{"@type":"BreadcrumbList","@id":"https:\/\/marthacifuentes.com\/portada\/semana-ambiental-en-yopal-arranca-el-proximo-lunes-9-de-septiembre\/#breadcrumb","itemListElement":[{"@type":"ListItem","position":1,"name":"Portada","item":"https:\/\/marthacifuentes.com\/portada\/"},{"@type":"ListItem","position":2,"name":"Semana ambiental en Yopal arranca el pr\u00f3ximo lunes 9 de septiembre"}]},{"@type":"WebSite","@id":"https:\/\/marthacifuentes.com\/portada\/#website","url":"https:\/\/marthacifuentes.com\/portada\/","name":"\u25b7 Noticias de Casanare : Martha Cifuentes | Casanare","description":"Noticias &amp; Contenidos","potentialAction":[{"@type":"SearchAction","target":{"@type":"EntryPoint","urlTemplate":"https:\/\/marthacifuentes.com\/portada\/?s={search_term_string}"},"query-input":{"@type":"PropertyValueSpecification","valueRequired":true,"valueName":"search_term_string"}}],"inLanguage":"es"},{"@type":"Person","@id":"https:\/\/marthacifuentes.com\/portada\/#\/schema\/person\/57f53174b991db5f90ff78d58502b714","name":"Martha Cifuentes","image":{"@type":"ImageObject","inLanguage":"es","@id":"https:\/\/marthacifuentes.com\/portada\/#\/schema\/person\/image\/","url":"http:\/\/marthacifuentes.com\/portada\/wp-content\/uploads\/2018\/06\/avatar_user_2_1528838701-96x96.jpg","contentUrl":"http:\/\/marthacifuentes.com\/portada\/wp-content\/uploads\/2018\/06\/avatar_user_2_1528838701-96x96.jpg","caption":"Martha Cifuentes"},"sameAs":["http:\/\/www.marthacifuentes.com"],"url":"https:\/\/marthacifuentes.com\/portada\/author\/martha\/"}]}},"_links":{"self":[{"href":"https:\/\/marthacifuentes.com\/portada\/wp-json\/wp\/v2\/posts\/21887","targetHints":{"allow":["GET"]}}],"collection":[{"href":"https:\/\/marthacifuentes.com\/portada\/wp-json\/wp\/v2\/posts"}],"about":[{"href":"https:\/\/marthacifuentes.com\/portada\/wp-json\/wp\/v2\/types\/post"}],"author":[{"embeddable":true,"href":"https:\/\/marthacifuentes.com\/portada\/wp-json\/wp\/v2\/users\/2"}],"replies":[{"embeddable":true,"href":"https:\/\/marthacifuentes.com\/portada\/wp-json\/wp\/v2\/comments?post=21887"}],"version-history":[{"count":0,"href":"https:\/\/marthacifuentes.com\/portada\/wp-json\/wp\/v2\/posts\/21887\/revisions"}],"wp:featuredmedia":[{"embeddable":true,"href":"https:\/\/marthacifuentes.com\/portada\/wp-json\/wp\/v2\/media\/21888"}],"wp:attachment":[{"href":"https:\/\/marthacifuentes.com\/portada\/wp-json\/wp\/v2\/media?parent=21887"}],"wp:term":[{"taxonomy":"category","embeddable":true,"href":"https:\/\/marthacifuentes.com\/portada\/wp-json\/wp\/v2\/categories?post=21887"},{"taxonomy":"post_tag","embeddable":true,"href":"https:\/\/marthacifuentes.com\/portada\/wp-json\/wp\/v2\/tags?post=21887"}],"curies":[{"name":"wp","href":"https:\/\/api.w.org\/{rel}","templated":true}]}}