{"id":21995,"date":"2019-09-10T09:36:55","date_gmt":"2019-09-10T14:36:55","guid":{"rendered":"https:\/\/marthacifuentes.com\/portada\/?p=21995"},"modified":"2019-09-10T09:37:14","modified_gmt":"2019-09-10T14:37:14","slug":"salomon-sanabria-dialoga-con-comunidad-de-corregimientos-de-yopal","status":"publish","type":"post","link":"https:\/\/marthacifuentes.com\/portada\/salomon-sanabria-dialoga-con-comunidad-de-corregimientos-de-yopal\/","title":{"rendered":"Salom\u00f3n Sanabria dialoga con comunidad de corregimientos de Yopal"},"content":{"rendered":"<p style=\"text-align: right;\"><span style=\"color: #993300;\"><strong>#PUBLICIDAD POL\u00cdTICA PAGADA<\/strong><\/span><\/p>\n<p style=\"text-align: justify;\"><strong>Continuando con su avanzada por distintos lugares del departamento, el candidato a la gobernaci\u00f3n de Casanare por Centro Democr\u00e1tico Salom\u00f3n Sanabria visit\u00f3 recientemente los corregimientos del Morro, la Niata, el Charte, La Chaparrera y Morichal.<\/strong><\/p>\n<p style=\"text-align: justify;\">En el recorrido el aspirante se reuni\u00f3 con l\u00edderes y comunidad en general, donde \u00a0intercambiaron informaci\u00f3n sobre las problem\u00e1ticas y potencialidades de cada corregimiento y estableci\u00f3 compromisos directos, que ser\u00e1n una realidad en el pr\u00f3ximo cuatrienio<strong>.<\/strong><\/p>\n<p style=\"text-align: justify;\">En el Corregimiento de El Morro manifest\u00f3 su compromiso con la pavimentaci\u00f3n de las principales v\u00edas del centro poblado, brindar apoyo a sus iniciativas tur\u00edsticas y a fortalecer los proyectos agr\u00edcolas del caf\u00e9 y la ca\u00f1a. En tema de infraestructura vial se comprometi\u00f3 a gestionar con el gobierno nacional la pavimentaci\u00f3n de la v\u00eda El Morro &#8211; Labranzagrande; adem\u00e1s de mejorar las v\u00edas terciarias y adelantar la gesti\u00f3n para la construcci\u00f3n de puentes, que permitan que el centro poblado se conecte con sus veredas.<\/p>\n<p style=\"text-align: justify;\">En La Niata su compromiso fue apoyar la transformaci\u00f3n de productos con el programa de alianzas productivas y en materia educativa, dijo que garantizar\u00e1 la educaci\u00f3n superior de manera virtual para los j\u00f3venes del sector.<\/p>\n<p style=\"text-align: justify;\">Por otra parte en el corregimiento El Charte el aspirante a la Gobernaci\u00f3n de Casanare expres\u00f3 que es urgente ampliar zonas wifi para este sector y garantizar el acueducto y alcantarillado. En el escenario departamental se compromete a mejorar la infraestructura de las instituciones educativas. As\u00ed mismo, se comprometi\u00f3 a gestionar la ampliaci\u00f3n de la cobertura de servicios de telefon\u00eda m\u00f3vil.<\/p>\n<p style=\"text-align: justify;\">De otro lado en La Chaparrera, se comprometi\u00f3 a garantizar la participaci\u00f3n activa de la poblaci\u00f3n de adultos mayores y dem\u00e1s grupos poblaciones vulnerables en proyectos de inversi\u00f3n y equidad social. Tambi\u00e9n se refiri\u00f3 a garantizar soluciones de viviendas dignas para quienes en realidad las necesitan. Otro de los compromisos fue el fortalecimiento de alianzas productivas, y la transformaci\u00f3n de la materia prima con la construcci\u00f3n del centro empresarial y agroindustrial en Yopal.<\/p>\n<p style=\"text-align: justify;\">Finalmente en Morichal, cerr\u00f3 su recorrido conociendo de mano las potencialidades y problem\u00e1ticas de la comunidad.\u00a0 Hizo referencia a la importancia de generar tejido social, fomentando en las familias una estructura basada en principios y valores.<\/p>\n<p style=\"text-align: justify;\">Igualmente habl\u00f3 de apoyar al adulto mayor, dignificando su desarrollo social y mejorando en ellos la calidad de vida. Dijo que se compromete a promover soluciones de vivienda y a generar bienestar a este importante sector.<\/p>\n<p style=\"text-align: justify;\">Anexo a los compromisos adquiridos en cada corregimiento, Salom\u00f3n Sanabria dijo que en su Gobierno, se pondr\u00e1 en funcionamiento el centro de rehabilitaci\u00f3n con sede en Yopal, y generar\u00e1 iniciativas de empleo que permitan estabilizar la econom\u00eda de los corregimientos visitados.<\/p>\n<p style=\"text-align: justify;\"><img loading=\"lazy\" decoding=\"async\" class=\"alignnone size-large wp-image-21996\" src=\"https:\/\/marthacifuentes.com\/portada\/wp-content\/uploads\/2019\/09\/WhatsApp-Image-2019-09-09-at-3.12.38-PM-1024x576.jpeg\" alt=\"\" width=\"1024\" height=\"576\" srcset=\"https:\/\/marthacifuentes.com\/portada\/wp-content\/uploads\/2019\/09\/WhatsApp-Image-2019-09-09-at-3.12.38-PM-1024x576.jpeg 1024w, https:\/\/marthacifuentes.com\/portada\/wp-content\/uploads\/2019\/09\/WhatsApp-Image-2019-09-09-at-3.12.38-PM-300x169.jpeg 300w, https:\/\/marthacifuentes.com\/portada\/wp-content\/uploads\/2019\/09\/WhatsApp-Image-2019-09-09-at-3.12.38-PM-768x432.jpeg 768w, https:\/\/marthacifuentes.com\/portada\/wp-content\/uploads\/2019\/09\/WhatsApp-Image-2019-09-09-at-3.12.38-PM.jpeg 1080w\" sizes=\"auto, (max-width: 1024px) 100vw, 1024px\" \/><\/p>\n<p style=\"text-align: justify;\"><img loading=\"lazy\" decoding=\"async\" class=\"alignnone size-large wp-image-21997\" src=\"https:\/\/marthacifuentes.com\/portada\/wp-content\/uploads\/2019\/09\/WhatsApp-Image-2019-09-09-at-3.12.39-PM-1024x683.jpeg\" alt=\"\" width=\"1024\" height=\"683\" srcset=\"https:\/\/marthacifuentes.com\/portada\/wp-content\/uploads\/2019\/09\/WhatsApp-Image-2019-09-09-at-3.12.39-PM-1024x683.jpeg 1024w, https:\/\/marthacifuentes.com\/portada\/wp-content\/uploads\/2019\/09\/WhatsApp-Image-2019-09-09-at-3.12.39-PM-300x200.jpeg 300w, https:\/\/marthacifuentes.com\/portada\/wp-content\/uploads\/2019\/09\/WhatsApp-Image-2019-09-09-at-3.12.39-PM-768x512.jpeg 768w, https:\/\/marthacifuentes.com\/portada\/wp-content\/uploads\/2019\/09\/WhatsApp-Image-2019-09-09-at-3.12.39-PM.jpeg 1074w\" sizes=\"auto, (max-width: 1024px) 100vw, 1024px\" \/><\/p>\n<p style=\"text-align: justify;\"><img loading=\"lazy\" decoding=\"async\" class=\"alignnone size-large wp-image-21998\" src=\"https:\/\/marthacifuentes.com\/portada\/wp-content\/uploads\/2019\/09\/WhatsApp-Image-2019-09-09-at-3.12.43-PM-1024x683.jpeg\" alt=\"\" width=\"1024\" height=\"683\" srcset=\"https:\/\/marthacifuentes.com\/portada\/wp-content\/uploads\/2019\/09\/WhatsApp-Image-2019-09-09-at-3.12.43-PM-1024x683.jpeg 1024w, https:\/\/marthacifuentes.com\/portada\/wp-content\/uploads\/2019\/09\/WhatsApp-Image-2019-09-09-at-3.12.43-PM-300x200.jpeg 300w, https:\/\/marthacifuentes.com\/portada\/wp-content\/uploads\/2019\/09\/WhatsApp-Image-2019-09-09-at-3.12.43-PM-768x512.jpeg 768w, https:\/\/marthacifuentes.com\/portada\/wp-content\/uploads\/2019\/09\/WhatsApp-Image-2019-09-09-at-3.12.43-PM.jpeg 1074w\" sizes=\"auto, (max-width: 1024px) 100vw, 1024px\" \/><\/p>\n<p style=\"text-align: justify;\"><img loading=\"lazy\" decoding=\"async\" class=\"alignnone size-large wp-image-21999\" src=\"https:\/\/marthacifuentes.com\/portada\/wp-content\/uploads\/2019\/09\/WhatsApp-Image-2019-09-09-at-5.09.07-PM-1024x683.jpeg\" alt=\"\" width=\"1024\" height=\"683\" srcset=\"https:\/\/marthacifuentes.com\/portada\/wp-content\/uploads\/2019\/09\/WhatsApp-Image-2019-09-09-at-5.09.07-PM-1024x683.jpeg 1024w, https:\/\/marthacifuentes.com\/portada\/wp-content\/uploads\/2019\/09\/WhatsApp-Image-2019-09-09-at-5.09.07-PM-300x200.jpeg 300w, https:\/\/marthacifuentes.com\/portada\/wp-content\/uploads\/2019\/09\/WhatsApp-Image-2019-09-09-at-5.09.07-PM-768x512.jpeg 768w, https:\/\/marthacifuentes.com\/portada\/wp-content\/uploads\/2019\/09\/WhatsApp-Image-2019-09-09-at-5.09.07-PM.jpeg 1074w\" sizes=\"auto, (max-width: 1024px) 100vw, 1024px\" \/><\/p>\n<p style=\"text-align: justify;\"><img loading=\"lazy\" decoding=\"async\" class=\"alignnone size-large wp-image-22000\" src=\"https:\/\/marthacifuentes.com\/portada\/wp-content\/uploads\/2019\/09\/WhatsApp-Image-2019-09-09-at-5.09.09-PM-1024x683.jpeg\" alt=\"\" width=\"1024\" height=\"683\" srcset=\"https:\/\/marthacifuentes.com\/portada\/wp-content\/uploads\/2019\/09\/WhatsApp-Image-2019-09-09-at-5.09.09-PM-1024x683.jpeg 1024w, https:\/\/marthacifuentes.com\/portada\/wp-content\/uploads\/2019\/09\/WhatsApp-Image-2019-09-09-at-5.09.09-PM-300x200.jpeg 300w, https:\/\/marthacifuentes.com\/portada\/wp-content\/uploads\/2019\/09\/WhatsApp-Image-2019-09-09-at-5.09.09-PM-768x512.jpeg 768w, https:\/\/marthacifuentes.com\/portada\/wp-content\/uploads\/2019\/09\/WhatsApp-Image-2019-09-09-at-5.09.09-PM.jpeg 1074w\" sizes=\"auto, (max-width: 1024px) 100vw, 1024px\" \/><\/p>\n<p style=\"text-align: justify;\">\n","protected":false},"excerpt":{"rendered":"<p>#PUBLICIDAD POL\u00cdTICA PAGADA Continuando con su avanzada por distintos lugares del departamento, el candidato a la gobernaci\u00f3n de Casanare por Centro Democr\u00e1tico Salom\u00f3n Sanabria visit\u00f3 recientemente los corregimientos del Morro, la Niata, el Charte, La Chaparrera y Morichal. En el recorrido el aspirante se reuni\u00f3 con l\u00edderes y comunidad en general, donde \u00a0intercambiaron informaci\u00f3n sobre &hellip;<\/p>\n","protected":false},"author":2,"featured_media":22001,"comment_status":"open","ping_status":"open","sticky":false,"template":"","format":"standard","meta":{"om_disable_all_campaigns":false,"_exactmetrics_skip_tracking":false,"_exactmetrics_sitenote_active":false,"_exactmetrics_sitenote_note":"","_exactmetrics_sitenote_category":0,"_monsterinsights_skip_tracking":false,"_monsterinsights_sitenote_active":false,"_monsterinsights_sitenote_note":"","_monsterinsights_sitenote_category":0,"_uf_show_specific_survey":0,"_uf_disable_surveys":false,"_joinchat":[],"footnotes":""},"categories":[147,146,145],"tags":[3551,195,1372,2455],"class_list":["post-21995","post","type-post","status-publish","format-standard","has-post-thumbnail","hentry","category-actualidad","category-noticias","category-reportajes","tag-candidato-a-la-gobernacion-salomon-sanabria-recorre-corregimientos-en-yopal","tag-centro-democratico","tag-noticias-de-casanare","tag-salomon-sanabria"],"yoast_head":"<!-- This site is optimized with the Yoast SEO plugin v26.1 - https:\/\/yoast.com\/wordpress\/plugins\/seo\/ -->\n<title>Salom\u00f3n Sanabria dialoga con comunidad de corregimientos de Yopal - \u25b7 Noticias de Casanare : Martha Cifuentes | Casanare<\/title>\n<meta name=\"robots\" content=\"index, follow, max-snippet:-1, max-image-preview:large, max-video-preview:-1\" \/>\n<link rel=\"canonical\" href=\"https:\/\/marthacifuentes.com\/portada\/salomon-sanabria-dialoga-con-comunidad-de-corregimientos-de-yopal\/\" \/>\n<meta property=\"og:locale\" content=\"es_ES\" \/>\n<meta property=\"og:type\" content=\"article\" \/>\n<meta property=\"og:title\" content=\"Salom\u00f3n Sanabria dialoga con comunidad de corregimientos de Yopal - \u25b7 Noticias de Casanare : Martha Cifuentes | Casanare\" \/>\n<meta property=\"og:description\" content=\"#PUBLICIDAD POL\u00cdTICA PAGADA Continuando con su avanzada por distintos lugares del departamento, el candidato a la gobernaci\u00f3n de Casanare por Centro Democr\u00e1tico Salom\u00f3n Sanabria visit\u00f3 recientemente los corregimientos del Morro, la Niata, el Charte, La Chaparrera y Morichal. En el recorrido el aspirante se reuni\u00f3 con l\u00edderes y comunidad en general, donde \u00a0intercambiaron informaci\u00f3n sobre &hellip;\" \/>\n<meta property=\"og:url\" content=\"https:\/\/marthacifuentes.com\/portada\/salomon-sanabria-dialoga-con-comunidad-de-corregimientos-de-yopal\/\" \/>\n<meta property=\"og:site_name\" content=\"\u25b7 Noticias de Casanare : Martha Cifuentes | Casanare\" \/>\n<meta property=\"article:published_time\" content=\"2019-09-10T14:36:55+00:00\" \/>\n<meta property=\"article:modified_time\" content=\"2019-09-10T14:37:14+00:00\" \/>\n<meta property=\"og:image\" content=\"https:\/\/marthacifuentes.com\/portada\/wp-content\/uploads\/2019\/09\/WhatsApp-Image-2019-09-09-at-15.14.40.jpeg\" \/>\n\t<meta property=\"og:image:width\" content=\"1074\" \/>\n\t<meta property=\"og:image:height\" content=\"716\" \/>\n\t<meta property=\"og:image:type\" content=\"image\/jpeg\" \/>\n<meta name=\"author\" content=\"Martha Cifuentes\" \/>\n<meta name=\"twitter:card\" content=\"summary_large_image\" \/>\n<meta name=\"twitter:label1\" content=\"Escrito por\" \/>\n\t<meta name=\"twitter:data1\" content=\"Martha Cifuentes\" \/>\n\t<meta name=\"twitter:label2\" content=\"Tiempo de lectura\" \/>\n\t<meta name=\"twitter:data2\" content=\"2 minutos\" \/>\n<script type=\"application\/ld+json\" class=\"yoast-schema-graph\">{\"@context\":\"https:\/\/schema.org\",\"@graph\":[{\"@type\":\"WebPage\",\"@id\":\"https:\/\/marthacifuentes.com\/portada\/salomon-sanabria-dialoga-con-comunidad-de-corregimientos-de-yopal\/\",\"url\":\"https:\/\/marthacifuentes.com\/portada\/salomon-sanabria-dialoga-con-comunidad-de-corregimientos-de-yopal\/\",\"name\":\"Salom\u00f3n Sanabria dialoga con comunidad de corregimientos de Yopal - \u25b7 Noticias de Casanare : Martha Cifuentes | Casanare\",\"isPartOf\":{\"@id\":\"https:\/\/marthacifuentes.com\/portada\/#website\"},\"primaryImageOfPage\":{\"@id\":\"https:\/\/marthacifuentes.com\/portada\/salomon-sanabria-dialoga-con-comunidad-de-corregimientos-de-yopal\/#primaryimage\"},\"image\":{\"@id\":\"https:\/\/marthacifuentes.com\/portada\/salomon-sanabria-dialoga-con-comunidad-de-corregimientos-de-yopal\/#primaryimage\"},\"thumbnailUrl\":\"https:\/\/marthacifuentes.com\/portada\/wp-content\/uploads\/2019\/09\/WhatsApp-Image-2019-09-09-at-15.14.40.jpeg\",\"datePublished\":\"2019-09-10T14:36:55+00:00\",\"dateModified\":\"2019-09-10T14:37:14+00:00\",\"author\":{\"@id\":\"https:\/\/marthacifuentes.com\/portada\/#\/schema\/person\/57f53174b991db5f90ff78d58502b714\"},\"breadcrumb\":{\"@id\":\"https:\/\/marthacifuentes.com\/portada\/salomon-sanabria-dialoga-con-comunidad-de-corregimientos-de-yopal\/#breadcrumb\"},\"inLanguage\":\"es\",\"potentialAction\":[{\"@type\":\"ReadAction\",\"target\":[\"https:\/\/marthacifuentes.com\/portada\/salomon-sanabria-dialoga-con-comunidad-de-corregimientos-de-yopal\/\"]}]},{\"@type\":\"ImageObject\",\"inLanguage\":\"es\",\"@id\":\"https:\/\/marthacifuentes.com\/portada\/salomon-sanabria-dialoga-con-comunidad-de-corregimientos-de-yopal\/#primaryimage\",\"url\":\"https:\/\/marthacifuentes.com\/portada\/wp-content\/uploads\/2019\/09\/WhatsApp-Image-2019-09-09-at-15.14.40.jpeg\",\"contentUrl\":\"https:\/\/marthacifuentes.com\/portada\/wp-content\/uploads\/2019\/09\/WhatsApp-Image-2019-09-09-at-15.14.40.jpeg\",\"width\":1074,\"height\":716},{\"@type\":\"BreadcrumbList\",\"@id\":\"https:\/\/marthacifuentes.com\/portada\/salomon-sanabria-dialoga-con-comunidad-de-corregimientos-de-yopal\/#breadcrumb\",\"itemListElement\":[{\"@type\":\"ListItem\",\"position\":1,\"name\":\"Portada\",\"item\":\"https:\/\/marthacifuentes.com\/portada\/\"},{\"@type\":\"ListItem\",\"position\":2,\"name\":\"Salom\u00f3n Sanabria dialoga con comunidad de corregimientos de Yopal\"}]},{\"@type\":\"WebSite\",\"@id\":\"https:\/\/marthacifuentes.com\/portada\/#website\",\"url\":\"https:\/\/marthacifuentes.com\/portada\/\",\"name\":\"\u25b7 Noticias de Casanare : Martha Cifuentes | Casanare\",\"description\":\"Noticias &amp; Contenidos\",\"potentialAction\":[{\"@type\":\"SearchAction\",\"target\":{\"@type\":\"EntryPoint\",\"urlTemplate\":\"https:\/\/marthacifuentes.com\/portada\/?s={search_term_string}\"},\"query-input\":{\"@type\":\"PropertyValueSpecification\",\"valueRequired\":true,\"valueName\":\"search_term_string\"}}],\"inLanguage\":\"es\"},{\"@type\":\"Person\",\"@id\":\"https:\/\/marthacifuentes.com\/portada\/#\/schema\/person\/57f53174b991db5f90ff78d58502b714\",\"name\":\"Martha Cifuentes\",\"image\":{\"@type\":\"ImageObject\",\"inLanguage\":\"es\",\"@id\":\"https:\/\/marthacifuentes.com\/portada\/#\/schema\/person\/image\/\",\"url\":\"http:\/\/marthacifuentes.com\/portada\/wp-content\/uploads\/2018\/06\/avatar_user_2_1528838701-96x96.jpg\",\"contentUrl\":\"http:\/\/marthacifuentes.com\/portada\/wp-content\/uploads\/2018\/06\/avatar_user_2_1528838701-96x96.jpg\",\"caption\":\"Martha Cifuentes\"},\"sameAs\":[\"http:\/\/www.marthacifuentes.com\"],\"url\":\"https:\/\/marthacifuentes.com\/portada\/author\/martha\/\"}]}<\/script>\n<!-- \/ Yoast SEO plugin. -->","yoast_head_json":{"title":"Salom\u00f3n Sanabria dialoga con comunidad de corregimientos de Yopal - \u25b7 Noticias de Casanare : Martha Cifuentes | Casanare","robots":{"index":"index","follow":"follow","max-snippet":"max-snippet:-1","max-image-preview":"max-image-preview:large","max-video-preview":"max-video-preview:-1"},"canonical":"https:\/\/marthacifuentes.com\/portada\/salomon-sanabria-dialoga-con-comunidad-de-corregimientos-de-yopal\/","og_locale":"es_ES","og_type":"article","og_title":"Salom\u00f3n Sanabria dialoga con comunidad de corregimientos de Yopal - \u25b7 Noticias de Casanare : Martha Cifuentes | Casanare","og_description":"#PUBLICIDAD POL\u00cdTICA PAGADA Continuando con su avanzada por distintos lugares del departamento, el candidato a la gobernaci\u00f3n de Casanare por Centro Democr\u00e1tico Salom\u00f3n Sanabria visit\u00f3 recientemente los corregimientos del Morro, la Niata, el Charte, La Chaparrera y Morichal. En el recorrido el aspirante se reuni\u00f3 con l\u00edderes y comunidad en general, donde \u00a0intercambiaron informaci\u00f3n sobre &hellip;","og_url":"https:\/\/marthacifuentes.com\/portada\/salomon-sanabria-dialoga-con-comunidad-de-corregimientos-de-yopal\/","og_site_name":"\u25b7 Noticias de Casanare : Martha Cifuentes | Casanare","article_published_time":"2019-09-10T14:36:55+00:00","article_modified_time":"2019-09-10T14:37:14+00:00","og_image":[{"width":1074,"height":716,"url":"https:\/\/marthacifuentes.com\/portada\/wp-content\/uploads\/2019\/09\/WhatsApp-Image-2019-09-09-at-15.14.40.jpeg","type":"image\/jpeg"}],"author":"Martha Cifuentes","twitter_card":"summary_large_image","twitter_misc":{"Escrito por":"Martha Cifuentes","Tiempo de lectura":"2 minutos"},"schema":{"@context":"https:\/\/schema.org","@graph":[{"@type":"WebPage","@id":"https:\/\/marthacifuentes.com\/portada\/salomon-sanabria-dialoga-con-comunidad-de-corregimientos-de-yopal\/","url":"https:\/\/marthacifuentes.com\/portada\/salomon-sanabria-dialoga-con-comunidad-de-corregimientos-de-yopal\/","name":"Salom\u00f3n Sanabria dialoga con comunidad de corregimientos de Yopal - \u25b7 Noticias de Casanare : Martha Cifuentes | Casanare","isPartOf":{"@id":"https:\/\/marthacifuentes.com\/portada\/#website"},"primaryImageOfPage":{"@id":"https:\/\/marthacifuentes.com\/portada\/salomon-sanabria-dialoga-con-comunidad-de-corregimientos-de-yopal\/#primaryimage"},"image":{"@id":"https:\/\/marthacifuentes.com\/portada\/salomon-sanabria-dialoga-con-comunidad-de-corregimientos-de-yopal\/#primaryimage"},"thumbnailUrl":"https:\/\/marthacifuentes.com\/portada\/wp-content\/uploads\/2019\/09\/WhatsApp-Image-2019-09-09-at-15.14.40.jpeg","datePublished":"2019-09-10T14:36:55+00:00","dateModified":"2019-09-10T14:37:14+00:00","author":{"@id":"https:\/\/marthacifuentes.com\/portada\/#\/schema\/person\/57f53174b991db5f90ff78d58502b714"},"breadcrumb":{"@id":"https:\/\/marthacifuentes.com\/portada\/salomon-sanabria-dialoga-con-comunidad-de-corregimientos-de-yopal\/#breadcrumb"},"inLanguage":"es","potentialAction":[{"@type":"ReadAction","target":["https:\/\/marthacifuentes.com\/portada\/salomon-sanabria-dialoga-con-comunidad-de-corregimientos-de-yopal\/"]}]},{"@type":"ImageObject","inLanguage":"es","@id":"https:\/\/marthacifuentes.com\/portada\/salomon-sanabria-dialoga-con-comunidad-de-corregimientos-de-yopal\/#primaryimage","url":"https:\/\/marthacifuentes.com\/portada\/wp-content\/uploads\/2019\/09\/WhatsApp-Image-2019-09-09-at-15.14.40.jpeg","contentUrl":"https:\/\/marthacifuentes.com\/portada\/wp-content\/uploads\/2019\/09\/WhatsApp-Image-2019-09-09-at-15.14.40.jpeg","width":1074,"height":716},{"@type":"BreadcrumbList","@id":"https:\/\/marthacifuentes.com\/portada\/salomon-sanabria-dialoga-con-comunidad-de-corregimientos-de-yopal\/#breadcrumb","itemListElement":[{"@type":"ListItem","position":1,"name":"Portada","item":"https:\/\/marthacifuentes.com\/portada\/"},{"@type":"ListItem","position":2,"name":"Salom\u00f3n Sanabria dialoga con comunidad de corregimientos de Yopal"}]},{"@type":"WebSite","@id":"https:\/\/marthacifuentes.com\/portada\/#website","url":"https:\/\/marthacifuentes.com\/portada\/","name":"\u25b7 Noticias de Casanare : Martha Cifuentes | Casanare","description":"Noticias &amp; Contenidos","potentialAction":[{"@type":"SearchAction","target":{"@type":"EntryPoint","urlTemplate":"https:\/\/marthacifuentes.com\/portada\/?s={search_term_string}"},"query-input":{"@type":"PropertyValueSpecification","valueRequired":true,"valueName":"search_term_string"}}],"inLanguage":"es"},{"@type":"Person","@id":"https:\/\/marthacifuentes.com\/portada\/#\/schema\/person\/57f53174b991db5f90ff78d58502b714","name":"Martha Cifuentes","image":{"@type":"ImageObject","inLanguage":"es","@id":"https:\/\/marthacifuentes.com\/portada\/#\/schema\/person\/image\/","url":"http:\/\/marthacifuentes.com\/portada\/wp-content\/uploads\/2018\/06\/avatar_user_2_1528838701-96x96.jpg","contentUrl":"http:\/\/marthacifuentes.com\/portada\/wp-content\/uploads\/2018\/06\/avatar_user_2_1528838701-96x96.jpg","caption":"Martha Cifuentes"},"sameAs":["http:\/\/www.marthacifuentes.com"],"url":"https:\/\/marthacifuentes.com\/portada\/author\/martha\/"}]}},"_links":{"self":[{"href":"https:\/\/marthacifuentes.com\/portada\/wp-json\/wp\/v2\/posts\/21995","targetHints":{"allow":["GET"]}}],"collection":[{"href":"https:\/\/marthacifuentes.com\/portada\/wp-json\/wp\/v2\/posts"}],"about":[{"href":"https:\/\/marthacifuentes.com\/portada\/wp-json\/wp\/v2\/types\/post"}],"author":[{"embeddable":true,"href":"https:\/\/marthacifuentes.com\/portada\/wp-json\/wp\/v2\/users\/2"}],"replies":[{"embeddable":true,"href":"https:\/\/marthacifuentes.com\/portada\/wp-json\/wp\/v2\/comments?post=21995"}],"version-history":[{"count":0,"href":"https:\/\/marthacifuentes.com\/portada\/wp-json\/wp\/v2\/posts\/21995\/revisions"}],"wp:featuredmedia":[{"embeddable":true,"href":"https:\/\/marthacifuentes.com\/portada\/wp-json\/wp\/v2\/media\/22001"}],"wp:attachment":[{"href":"https:\/\/marthacifuentes.com\/portada\/wp-json\/wp\/v2\/media?parent=21995"}],"wp:term":[{"taxonomy":"category","embeddable":true,"href":"https:\/\/marthacifuentes.com\/portada\/wp-json\/wp\/v2\/categories?post=21995"},{"taxonomy":"post_tag","embeddable":true,"href":"https:\/\/marthacifuentes.com\/portada\/wp-json\/wp\/v2\/tags?post=21995"}],"curies":[{"name":"wp","href":"https:\/\/api.w.org\/{rel}","templated":true}]}}