{"id":22079,"date":"2019-09-19T08:48:19","date_gmt":"2019-09-19T13:48:19","guid":{"rendered":"https:\/\/marthacifuentes.com\/portada\/?p=22079"},"modified":"2019-09-19T09:10:39","modified_gmt":"2019-09-19T14:10:39","slug":"en-libertad-hombre-acusado-de-asesinar-a-mujer-en-casanare","status":"publish","type":"post","link":"https:\/\/marthacifuentes.com\/portada\/en-libertad-hombre-acusado-de-asesinar-a-mujer-en-casanare\/","title":{"rendered":"En libertad hombre acusado de asesinar a mujer en Casanare"},"content":{"rendered":"<p style=\"text-align: justify;\"><strong>Luego de su captura, qued\u00f3 en libertad hombre sindicado de asesinar a una mujer, cuyo cuerpo en estado de descomposici\u00f3n fue hallado bajo una alcantarilla en el km 55 de la v\u00eda Yopal y Pore, el pasado 29 de marzo. Se le imput\u00f3 el cargo de feminicidio.<\/strong><\/p>\n<p style=\"text-align: justify;\">De acuerdo con la Fiscal\u00eda en actividades de investigaci\u00f3n de campo y del an\u00e1lisis t\u00e9cnico de celulares se estableci\u00f3 que los restos hallados corresponden a Leidy Patricia Adame de 24 a\u00f1os quien present\u00f3 varias heridas de arma cortopunzante en su humanidad. Ella hab\u00eda sido reportada desaparecida el 5 de marzo en Pore.<\/p>\n<p style=\"text-align: justify;\">Igualmente la Fiscal\u00eda inform\u00f3 que se realiz\u00f3 allanamiento a la residencia de un hombre de 70 a\u00f1os, quien portaba el celular y simcard que portaba la v\u00edctima el d\u00eda de su desaparici\u00f3n. Adem\u00e1s de llo le fue incautada un arma de fuego tipo pistola 9mm con proveedor, sin salvoconducto.<\/p>\n<p style=\"text-align: justify;\">Para la Fiscal\u00eda el hombre habr\u00eda asesinado a la mujer por motivos pasionales y le imput\u00f3 cargos por feminicidio agravado. Sin embargo el Juzgado de Control de Garant\u00edas de Nunch\u00eda no acept\u00f3 la argumentaci\u00f3n para imponer medida de aseguramiento por considerar que no es un peligro para la sociedad. La Fiscal\u00eda apel\u00f3 la decisi\u00f3n.<\/p>\n<p><span style=\"font-size: 14pt;\"><strong>Otras noticias&#8230;<\/strong><\/span><\/p>\n<blockquote class=\"wp-embedded-content\" data-secret=\"spNTgcNpFa\"><p><a href=\"https:\/\/marthacifuentes.com\/portada\/2019\/09\/19\/capturados-padrastros-que-violaban-sus-hijas-en-casanare\/\">Capturados padrastros, que violaban sus hijas, en Casanare<\/a><\/p><\/blockquote>\n<p><iframe loading=\"lazy\" class=\"wp-embedded-content\" sandbox=\"allow-scripts\" security=\"restricted\" style=\"position: absolute; clip: rect(1px, 1px, 1px, 1px);\" title=\"\u00abCapturados padrastros, que violaban sus hijas, en Casanare\u00bb \u2014 \u25b7 Noticias de Casanare : Martha Cifuentes | Casanare\" src=\"https:\/\/marthacifuentes.com\/portada\/2019\/09\/19\/capturados-padrastros-que-violaban-sus-hijas-en-casanare\/embed\/#?secret=HdYCEa47Xq#?secret=spNTgcNpFa\" data-secret=\"spNTgcNpFa\" width=\"500\" height=\"282\" frameborder=\"0\" marginwidth=\"0\" marginheight=\"0\" scrolling=\"no\"><\/iframe><\/p>\n<blockquote class=\"wp-embedded-content\" data-secret=\"F2NVvrVSJw\"><p><a href=\"https:\/\/marthacifuentes.com\/portada\/2019\/09\/19\/ecopetrol-apoyara-programa-sembrando-joropo-en-casanare\/\">Ecopetrol apoyar\u00e1 programa Sembrando Joropo en Casanare<\/a><\/p><\/blockquote>\n<p><iframe loading=\"lazy\" class=\"wp-embedded-content\" sandbox=\"allow-scripts\" security=\"restricted\" style=\"position: absolute; clip: rect(1px, 1px, 1px, 1px);\" title=\"\u00abEcopetrol apoyar\u00e1 programa Sembrando Joropo en Casanare\u00bb \u2014 \u25b7 Noticias de Casanare : Martha Cifuentes | Casanare\" src=\"https:\/\/marthacifuentes.com\/portada\/2019\/09\/19\/ecopetrol-apoyara-programa-sembrando-joropo-en-casanare\/embed\/#?secret=pnW7EcoqwV#?secret=F2NVvrVSJw\" data-secret=\"F2NVvrVSJw\" width=\"500\" height=\"282\" frameborder=\"0\" marginwidth=\"0\" marginheight=\"0\" scrolling=\"no\"><\/iframe><\/p>\n<p>&nbsp;<\/p>\n<p>&nbsp;<\/p>\n<p>&nbsp;<\/p>\n<p>&nbsp;<\/p>\n","protected":false},"excerpt":{"rendered":"<p>Luego de su captura, qued\u00f3 en libertad hombre sindicado de asesinar a una mujer, cuyo cuerpo en estado de descomposici\u00f3n fue hallado bajo una alcantarilla en el km 55 de la v\u00eda Yopal y Pore, el pasado 29 de marzo. Se le imput\u00f3 el cargo de feminicidio. De acuerdo con la Fiscal\u00eda en actividades de &hellip;<\/p>\n","protected":false},"author":2,"featured_media":22080,"comment_status":"open","ping_status":"open","sticky":false,"template":"","format":"standard","meta":{"om_disable_all_campaigns":false,"_exactmetrics_skip_tracking":false,"_exactmetrics_sitenote_active":false,"_exactmetrics_sitenote_note":"","_exactmetrics_sitenote_category":0,"_monsterinsights_skip_tracking":false,"_monsterinsights_sitenote_active":false,"_monsterinsights_sitenote_note":"","_monsterinsights_sitenote_category":0,"_uf_show_specific_survey":0,"_uf_disable_surveys":false,"_joinchat":[],"footnotes":""},"categories":[147,146,145],"tags":[3604,3602,3605,3603],"class_list":["post-22079","post","type-post","status-publish","format-standard","has-post-thumbnail","hentry","category-actualidad","category-noticias","category-reportajes","tag-asesinato-de-mujer-entre-yopal-y-pore","tag-feminicidio-casanare","tag-fiscalia-acusa-a-hombre-de-feminicidio-casanare-caso-pore","tag-leidy-patricia-adame"],"yoast_head":"<!-- This site is optimized with the Yoast SEO plugin v26.1 - https:\/\/yoast.com\/wordpress\/plugins\/seo\/ -->\n<title>En libertad hombre acusado de asesinar a mujer en Casanare - \u25b7 Noticias de Casanare : Martha Cifuentes | Casanare<\/title>\n<meta name=\"robots\" content=\"index, follow, max-snippet:-1, max-image-preview:large, max-video-preview:-1\" \/>\n<link rel=\"canonical\" href=\"https:\/\/marthacifuentes.com\/portada\/en-libertad-hombre-acusado-de-asesinar-a-mujer-en-casanare\/\" \/>\n<meta property=\"og:locale\" content=\"es_ES\" \/>\n<meta property=\"og:type\" content=\"article\" \/>\n<meta property=\"og:title\" content=\"En libertad hombre acusado de asesinar a mujer en Casanare - \u25b7 Noticias de Casanare : Martha Cifuentes | Casanare\" \/>\n<meta property=\"og:description\" content=\"Luego de su captura, qued\u00f3 en libertad hombre sindicado de asesinar a una mujer, cuyo cuerpo en estado de descomposici\u00f3n fue hallado bajo una alcantarilla en el km 55 de la v\u00eda Yopal y Pore, el pasado 29 de marzo. Se le imput\u00f3 el cargo de feminicidio. De acuerdo con la Fiscal\u00eda en actividades de &hellip;\" \/>\n<meta property=\"og:url\" content=\"https:\/\/marthacifuentes.com\/portada\/en-libertad-hombre-acusado-de-asesinar-a-mujer-en-casanare\/\" \/>\n<meta property=\"og:site_name\" content=\"\u25b7 Noticias de Casanare : Martha Cifuentes | Casanare\" \/>\n<meta property=\"article:published_time\" content=\"2019-09-19T13:48:19+00:00\" \/>\n<meta property=\"article:modified_time\" content=\"2019-09-19T14:10:39+00:00\" \/>\n<meta property=\"og:image\" content=\"https:\/\/marthacifuentes.com\/portada\/wp-content\/uploads\/2019\/09\/mujer-asesinada-en-pore.jpg\" \/>\n\t<meta property=\"og:image:width\" content=\"707\" \/>\n\t<meta property=\"og:image:height\" content=\"363\" \/>\n\t<meta property=\"og:image:type\" content=\"image\/jpeg\" \/>\n<meta name=\"author\" content=\"Martha Cifuentes\" \/>\n<meta name=\"twitter:card\" content=\"summary_large_image\" \/>\n<meta name=\"twitter:label1\" content=\"Escrito por\" \/>\n\t<meta name=\"twitter:data1\" content=\"Martha Cifuentes\" \/>\n\t<meta name=\"twitter:label2\" content=\"Tiempo de lectura\" \/>\n\t<meta name=\"twitter:data2\" content=\"1 minuto\" \/>\n<script type=\"application\/ld+json\" class=\"yoast-schema-graph\">{\"@context\":\"https:\/\/schema.org\",\"@graph\":[{\"@type\":\"WebPage\",\"@id\":\"https:\/\/marthacifuentes.com\/portada\/en-libertad-hombre-acusado-de-asesinar-a-mujer-en-casanare\/\",\"url\":\"https:\/\/marthacifuentes.com\/portada\/en-libertad-hombre-acusado-de-asesinar-a-mujer-en-casanare\/\",\"name\":\"En libertad hombre acusado de asesinar a mujer en Casanare - \u25b7 Noticias de Casanare : Martha Cifuentes | Casanare\",\"isPartOf\":{\"@id\":\"https:\/\/marthacifuentes.com\/portada\/#website\"},\"primaryImageOfPage\":{\"@id\":\"https:\/\/marthacifuentes.com\/portada\/en-libertad-hombre-acusado-de-asesinar-a-mujer-en-casanare\/#primaryimage\"},\"image\":{\"@id\":\"https:\/\/marthacifuentes.com\/portada\/en-libertad-hombre-acusado-de-asesinar-a-mujer-en-casanare\/#primaryimage\"},\"thumbnailUrl\":\"https:\/\/marthacifuentes.com\/portada\/wp-content\/uploads\/2019\/09\/mujer-asesinada-en-pore.jpg\",\"datePublished\":\"2019-09-19T13:48:19+00:00\",\"dateModified\":\"2019-09-19T14:10:39+00:00\",\"author\":{\"@id\":\"https:\/\/marthacifuentes.com\/portada\/#\/schema\/person\/57f53174b991db5f90ff78d58502b714\"},\"breadcrumb\":{\"@id\":\"https:\/\/marthacifuentes.com\/portada\/en-libertad-hombre-acusado-de-asesinar-a-mujer-en-casanare\/#breadcrumb\"},\"inLanguage\":\"es\",\"potentialAction\":[{\"@type\":\"ReadAction\",\"target\":[\"https:\/\/marthacifuentes.com\/portada\/en-libertad-hombre-acusado-de-asesinar-a-mujer-en-casanare\/\"]}]},{\"@type\":\"ImageObject\",\"inLanguage\":\"es\",\"@id\":\"https:\/\/marthacifuentes.com\/portada\/en-libertad-hombre-acusado-de-asesinar-a-mujer-en-casanare\/#primaryimage\",\"url\":\"https:\/\/marthacifuentes.com\/portada\/wp-content\/uploads\/2019\/09\/mujer-asesinada-en-pore.jpg\",\"contentUrl\":\"https:\/\/marthacifuentes.com\/portada\/wp-content\/uploads\/2019\/09\/mujer-asesinada-en-pore.jpg\",\"width\":707,\"height\":363},{\"@type\":\"BreadcrumbList\",\"@id\":\"https:\/\/marthacifuentes.com\/portada\/en-libertad-hombre-acusado-de-asesinar-a-mujer-en-casanare\/#breadcrumb\",\"itemListElement\":[{\"@type\":\"ListItem\",\"position\":1,\"name\":\"Portada\",\"item\":\"https:\/\/marthacifuentes.com\/portada\/\"},{\"@type\":\"ListItem\",\"position\":2,\"name\":\"En libertad hombre acusado de asesinar a mujer en Casanare\"}]},{\"@type\":\"WebSite\",\"@id\":\"https:\/\/marthacifuentes.com\/portada\/#website\",\"url\":\"https:\/\/marthacifuentes.com\/portada\/\",\"name\":\"\u25b7 Noticias de Casanare : Martha Cifuentes | Casanare\",\"description\":\"Noticias &amp; Contenidos\",\"potentialAction\":[{\"@type\":\"SearchAction\",\"target\":{\"@type\":\"EntryPoint\",\"urlTemplate\":\"https:\/\/marthacifuentes.com\/portada\/?s={search_term_string}\"},\"query-input\":{\"@type\":\"PropertyValueSpecification\",\"valueRequired\":true,\"valueName\":\"search_term_string\"}}],\"inLanguage\":\"es\"},{\"@type\":\"Person\",\"@id\":\"https:\/\/marthacifuentes.com\/portada\/#\/schema\/person\/57f53174b991db5f90ff78d58502b714\",\"name\":\"Martha Cifuentes\",\"image\":{\"@type\":\"ImageObject\",\"inLanguage\":\"es\",\"@id\":\"https:\/\/marthacifuentes.com\/portada\/#\/schema\/person\/image\/\",\"url\":\"http:\/\/marthacifuentes.com\/portada\/wp-content\/uploads\/2018\/06\/avatar_user_2_1528838701-96x96.jpg\",\"contentUrl\":\"http:\/\/marthacifuentes.com\/portada\/wp-content\/uploads\/2018\/06\/avatar_user_2_1528838701-96x96.jpg\",\"caption\":\"Martha Cifuentes\"},\"sameAs\":[\"http:\/\/www.marthacifuentes.com\"],\"url\":\"https:\/\/marthacifuentes.com\/portada\/author\/martha\/\"}]}<\/script>\n<!-- \/ Yoast SEO plugin. -->","yoast_head_json":{"title":"En libertad hombre acusado de asesinar a mujer en Casanare - \u25b7 Noticias de Casanare : Martha Cifuentes | Casanare","robots":{"index":"index","follow":"follow","max-snippet":"max-snippet:-1","max-image-preview":"max-image-preview:large","max-video-preview":"max-video-preview:-1"},"canonical":"https:\/\/marthacifuentes.com\/portada\/en-libertad-hombre-acusado-de-asesinar-a-mujer-en-casanare\/","og_locale":"es_ES","og_type":"article","og_title":"En libertad hombre acusado de asesinar a mujer en Casanare - \u25b7 Noticias de Casanare : Martha Cifuentes | Casanare","og_description":"Luego de su captura, qued\u00f3 en libertad hombre sindicado de asesinar a una mujer, cuyo cuerpo en estado de descomposici\u00f3n fue hallado bajo una alcantarilla en el km 55 de la v\u00eda Yopal y Pore, el pasado 29 de marzo. Se le imput\u00f3 el cargo de feminicidio. De acuerdo con la Fiscal\u00eda en actividades de &hellip;","og_url":"https:\/\/marthacifuentes.com\/portada\/en-libertad-hombre-acusado-de-asesinar-a-mujer-en-casanare\/","og_site_name":"\u25b7 Noticias de Casanare : Martha Cifuentes | Casanare","article_published_time":"2019-09-19T13:48:19+00:00","article_modified_time":"2019-09-19T14:10:39+00:00","og_image":[{"width":707,"height":363,"url":"https:\/\/marthacifuentes.com\/portada\/wp-content\/uploads\/2019\/09\/mujer-asesinada-en-pore.jpg","type":"image\/jpeg"}],"author":"Martha Cifuentes","twitter_card":"summary_large_image","twitter_misc":{"Escrito por":"Martha Cifuentes","Tiempo de lectura":"1 minuto"},"schema":{"@context":"https:\/\/schema.org","@graph":[{"@type":"WebPage","@id":"https:\/\/marthacifuentes.com\/portada\/en-libertad-hombre-acusado-de-asesinar-a-mujer-en-casanare\/","url":"https:\/\/marthacifuentes.com\/portada\/en-libertad-hombre-acusado-de-asesinar-a-mujer-en-casanare\/","name":"En libertad hombre acusado de asesinar a mujer en Casanare - \u25b7 Noticias de Casanare : Martha Cifuentes | Casanare","isPartOf":{"@id":"https:\/\/marthacifuentes.com\/portada\/#website"},"primaryImageOfPage":{"@id":"https:\/\/marthacifuentes.com\/portada\/en-libertad-hombre-acusado-de-asesinar-a-mujer-en-casanare\/#primaryimage"},"image":{"@id":"https:\/\/marthacifuentes.com\/portada\/en-libertad-hombre-acusado-de-asesinar-a-mujer-en-casanare\/#primaryimage"},"thumbnailUrl":"https:\/\/marthacifuentes.com\/portada\/wp-content\/uploads\/2019\/09\/mujer-asesinada-en-pore.jpg","datePublished":"2019-09-19T13:48:19+00:00","dateModified":"2019-09-19T14:10:39+00:00","author":{"@id":"https:\/\/marthacifuentes.com\/portada\/#\/schema\/person\/57f53174b991db5f90ff78d58502b714"},"breadcrumb":{"@id":"https:\/\/marthacifuentes.com\/portada\/en-libertad-hombre-acusado-de-asesinar-a-mujer-en-casanare\/#breadcrumb"},"inLanguage":"es","potentialAction":[{"@type":"ReadAction","target":["https:\/\/marthacifuentes.com\/portada\/en-libertad-hombre-acusado-de-asesinar-a-mujer-en-casanare\/"]}]},{"@type":"ImageObject","inLanguage":"es","@id":"https:\/\/marthacifuentes.com\/portada\/en-libertad-hombre-acusado-de-asesinar-a-mujer-en-casanare\/#primaryimage","url":"https:\/\/marthacifuentes.com\/portada\/wp-content\/uploads\/2019\/09\/mujer-asesinada-en-pore.jpg","contentUrl":"https:\/\/marthacifuentes.com\/portada\/wp-content\/uploads\/2019\/09\/mujer-asesinada-en-pore.jpg","width":707,"height":363},{"@type":"BreadcrumbList","@id":"https:\/\/marthacifuentes.com\/portada\/en-libertad-hombre-acusado-de-asesinar-a-mujer-en-casanare\/#breadcrumb","itemListElement":[{"@type":"ListItem","position":1,"name":"Portada","item":"https:\/\/marthacifuentes.com\/portada\/"},{"@type":"ListItem","position":2,"name":"En libertad hombre acusado de asesinar a mujer en Casanare"}]},{"@type":"WebSite","@id":"https:\/\/marthacifuentes.com\/portada\/#website","url":"https:\/\/marthacifuentes.com\/portada\/","name":"\u25b7 Noticias de Casanare : Martha Cifuentes | Casanare","description":"Noticias &amp; Contenidos","potentialAction":[{"@type":"SearchAction","target":{"@type":"EntryPoint","urlTemplate":"https:\/\/marthacifuentes.com\/portada\/?s={search_term_string}"},"query-input":{"@type":"PropertyValueSpecification","valueRequired":true,"valueName":"search_term_string"}}],"inLanguage":"es"},{"@type":"Person","@id":"https:\/\/marthacifuentes.com\/portada\/#\/schema\/person\/57f53174b991db5f90ff78d58502b714","name":"Martha Cifuentes","image":{"@type":"ImageObject","inLanguage":"es","@id":"https:\/\/marthacifuentes.com\/portada\/#\/schema\/person\/image\/","url":"http:\/\/marthacifuentes.com\/portada\/wp-content\/uploads\/2018\/06\/avatar_user_2_1528838701-96x96.jpg","contentUrl":"http:\/\/marthacifuentes.com\/portada\/wp-content\/uploads\/2018\/06\/avatar_user_2_1528838701-96x96.jpg","caption":"Martha Cifuentes"},"sameAs":["http:\/\/www.marthacifuentes.com"],"url":"https:\/\/marthacifuentes.com\/portada\/author\/martha\/"}]}},"_links":{"self":[{"href":"https:\/\/marthacifuentes.com\/portada\/wp-json\/wp\/v2\/posts\/22079","targetHints":{"allow":["GET"]}}],"collection":[{"href":"https:\/\/marthacifuentes.com\/portada\/wp-json\/wp\/v2\/posts"}],"about":[{"href":"https:\/\/marthacifuentes.com\/portada\/wp-json\/wp\/v2\/types\/post"}],"author":[{"embeddable":true,"href":"https:\/\/marthacifuentes.com\/portada\/wp-json\/wp\/v2\/users\/2"}],"replies":[{"embeddable":true,"href":"https:\/\/marthacifuentes.com\/portada\/wp-json\/wp\/v2\/comments?post=22079"}],"version-history":[{"count":0,"href":"https:\/\/marthacifuentes.com\/portada\/wp-json\/wp\/v2\/posts\/22079\/revisions"}],"wp:featuredmedia":[{"embeddable":true,"href":"https:\/\/marthacifuentes.com\/portada\/wp-json\/wp\/v2\/media\/22080"}],"wp:attachment":[{"href":"https:\/\/marthacifuentes.com\/portada\/wp-json\/wp\/v2\/media?parent=22079"}],"wp:term":[{"taxonomy":"category","embeddable":true,"href":"https:\/\/marthacifuentes.com\/portada\/wp-json\/wp\/v2\/categories?post=22079"},{"taxonomy":"post_tag","embeddable":true,"href":"https:\/\/marthacifuentes.com\/portada\/wp-json\/wp\/v2\/tags?post=22079"}],"curies":[{"name":"wp","href":"https:\/\/api.w.org\/{rel}","templated":true}]}}