{"id":22197,"date":"2019-10-04T08:19:13","date_gmt":"2019-10-04T13:19:13","guid":{"rendered":"https:\/\/marthacifuentes.com\/portada\/?p=22197"},"modified":"2019-10-04T08:19:13","modified_gmt":"2019-10-04T13:19:13","slug":"por-invierno-alerta-amarilla-en-casanare-familias-evacuadas-de-rio-cravo-sur-yopal","status":"publish","type":"post","link":"https:\/\/marthacifuentes.com\/portada\/por-invierno-alerta-amarilla-en-casanare-familias-evacuadas-de-rio-cravo-sur-yopal\/","title":{"rendered":"Por invierno, alerta amarilla en Casanare. Familias evacuadas de r\u00edo Cravo Sur, Yopal"},"content":{"rendered":"<p style=\"text-align: justify;\"><strong>12 personas fueron evacuadas en operaciones realizadas en el R\u00edo Cravo Sur en Yopal, entre las cuales hab\u00eda una materna y su beb\u00e9 de 22 d\u00edas de nacido, 2 adultos mayores, un ni\u00f1o de 3 a\u00f1os y una persona con discapacidad de movimiento. Organismos de socorro actuaron coordinamente.<\/strong><\/p>\n<p style=\"text-align: justify;\">El Cuerpo de Bomberos de Yopal, La Defensa Civil y la Cruz Roja trabajaron intensamente ayer en la recuperaci\u00f3n y evacuaci\u00f3n de cerca de 10 familias atrapadas en la vereda San Nicol\u00e1s de Yopal.<\/p>\n<p style=\"text-align: justify;\">De acuerdo con la web del Ideam, el invierno va a continuar y ha hecho un reporte de alertas tempranas para los municipios de Casanare de la siguiente forma:<\/p>\n<p style=\"text-align: justify;\">MONTERREY \u2013 Alerta Naranja &#8211; Deslizamiento -Probabilidad moderada de ocurrencia de deslizamientos de tierra en \u00e1reas inestables y alta pendiente, ocasionados por lluvias. Igualmente, Probabilidad de crecientes s\u00fabitas en los r\u00edos que descienden del piedemonte llanero, especialmente para los r\u00edos Cusiana y Cravo Sur, entre otros directos al r\u00edo Meta en el departamento de Casanare.<\/p>\n<p style=\"text-align: justify;\">VILLANUEVA &#8211; Creciente S\u00fabita &#8211; Probabilidad de crecientes s\u00fabitas en los r\u00edos que descienden del piedemonte llanero, especialmente para los r\u00edos Cusiana y Cravo Sur, entre otros directos al r\u00edo Meta en el departamento de Casanare.<\/p>\n<p style=\"text-align: justify;\">TAURAMENA &#8211; Creciente S\u00fabita &#8211; Probabilidad de crecientes s\u00fabitas en los r\u00edos que descienden del piedemonte llanero, especialmente para los r\u00edos Cusiana y Cravo Sur, entre otros directos al r\u00edo Meta en el departamento de Casanare.<\/p>\n<p style=\"text-align: justify;\">SAN LUIS DE PALENQUE &#8211; Creciente S\u00fabita &#8211; Probabilidad de crecientes s\u00fabitas en los r\u00edos que descienden del piedemonte llanero, especialmente para los r\u00edos Cusiana y Cravo Sur, entre otros directos al r\u00edo Meta en el departamento de Casanare.<\/p>\n<p style=\"text-align: justify;\">SABANALARGA &#8211; Creciente S\u00fabita &#8211; Probabilidad de crecientes s\u00fabitas en los r\u00edos que descienden del piedemonte llanero, especialmente para los r\u00edos Cusiana y Cravo Sur, entre otros directos al r\u00edo Meta en el departamento de Casanare.<\/p>\n<p style=\"text-align: justify;\">RECETOR &#8211; Creciente S\u00fabita &#8211; Probabilidad de crecientes s\u00fabitas en los r\u00edos que descienden del piedemonte llanero, especialmente para los r\u00edos Cusiana y Cravo Sur, entre otros directos al r\u00edo Meta en el departamento de Casanare.<\/p>\n<p style=\"text-align: justify;\">OROCU\u00c9 &#8211; Creciente S\u00fabita &#8211; Probabilidad de crecientes s\u00fabitas en los r\u00edos que descienden del piedemonte llanero, especialmente para los r\u00edos Cusiana y Cravo Sur, entre otros directos al r\u00edo Meta en el departamento de Casanare.<\/p>\n<p style=\"text-align: justify;\">NUNCH\u00cdA &#8211; Creciente S\u00fabita &#8211; Probabilidad de crecientes s\u00fabitas en los r\u00edos que descienden del piedemonte llanero, especialmente para los r\u00edos Cusiana y Cravo Sur, entre otros directos al r\u00edo Meta en el departamento de Casanare.<\/p>\n<p style=\"text-align: justify;\">MONTERREY &#8211; Creciente S\u00fabita<\/p>\n<p style=\"text-align: justify;\">MAN\u00cd &#8211; Creciente S\u00fabita &#8211; Probabilidad de crecientes s\u00fabitas en los r\u00edos que descienden del piedemonte llanero, especialmente para los r\u00edos Cusiana y Cravo Sur, entre otros directos al r\u00edo Meta en el departamento de Casanare.<\/p>\n<p style=\"text-align: justify;\">CH\u00c1MEZA &#8211; Creciente S\u00fabita &#8211; Probabilidad de crecientes s\u00fabitas en los r\u00edos que descienden del piedemonte llanero, especialmente para los r\u00edos Cusiana y Cravo Sur, entre otros directos al r\u00edo Meta en el departamento de Casanare.<\/p>\n<p style=\"text-align: justify;\">AGUAZUL &#8211; Creciente S\u00fabita &#8211; Probabilidad de crecientes s\u00fabitas en los r\u00edos que descienden del piedemonte llanero, especialmente para los r\u00edos Cusiana y Cravo Sur, entre otros directos al r\u00edo Meta en el departamento de Casanare.<\/p>\n<p style=\"text-align: justify;\">YOPAL &#8211; Creciente S\u00fabita &#8211; Probabilidad de crecientes s\u00fabitas en los r\u00edos que descienden del piedemonte llanero, especialmente para los r\u00edos Cusiana y Cravo Sur, entre otros directos al r\u00edo Meta en el departamento de Casanare.<\/p>\n<p style=\"text-align: justify;\">T\u00c1MARA &#8211; Creciente S\u00fabita &#8211; Probabilidad de crecientes s\u00fabitas en la cuenca del r\u00edo Ariporo y sus afluentes, a la altura de Hato Corozal (Casanare).<\/p>\n<p style=\"text-align: justify;\">PAZ DE ARIPORO &#8211; Creciente S\u00fabita &#8211; Probabilidad de crecientes s\u00fabitas en la cuenca del r\u00edo Ariporo y sus afluentes, a la altura de Hato Corozal (Casanare).<\/p>\n<p style=\"text-align: justify;\">HATO COROZAL &#8211; Creciente S\u00fabita &#8211; Probabilidad de crecientes s\u00fabitas en la cuenca del r\u00edo Ariporo y sus afluentes, a la altura de Hato Corozal (Casanare).<\/p>\n<p><img loading=\"lazy\" decoding=\"async\" class=\"alignnone size-large wp-image-22199\" src=\"https:\/\/marthacifuentes.com\/portada\/wp-content\/uploads\/2019\/10\/emergencia-invernal-yopal-3-1024x576.jpeg\" alt=\"\" width=\"1024\" height=\"576\" srcset=\"https:\/\/marthacifuentes.com\/portada\/wp-content\/uploads\/2019\/10\/emergencia-invernal-yopal-3-1024x576.jpeg 1024w, https:\/\/marthacifuentes.com\/portada\/wp-content\/uploads\/2019\/10\/emergencia-invernal-yopal-3-300x169.jpeg 300w, https:\/\/marthacifuentes.com\/portada\/wp-content\/uploads\/2019\/10\/emergencia-invernal-yopal-3-768x432.jpeg 768w, https:\/\/marthacifuentes.com\/portada\/wp-content\/uploads\/2019\/10\/emergencia-invernal-yopal-3.jpeg 1032w\" sizes=\"auto, (max-width: 1024px) 100vw, 1024px\" \/> <img loading=\"lazy\" decoding=\"async\" class=\"alignnone size-large wp-image-22200\" src=\"https:\/\/marthacifuentes.com\/portada\/wp-content\/uploads\/2019\/10\/emergencia-invernal-yopal-4-1024x576.jpeg\" alt=\"\" width=\"1024\" height=\"576\" srcset=\"https:\/\/marthacifuentes.com\/portada\/wp-content\/uploads\/2019\/10\/emergencia-invernal-yopal-4-1024x576.jpeg 1024w, https:\/\/marthacifuentes.com\/portada\/wp-content\/uploads\/2019\/10\/emergencia-invernal-yopal-4-300x169.jpeg 300w, https:\/\/marthacifuentes.com\/portada\/wp-content\/uploads\/2019\/10\/emergencia-invernal-yopal-4-768x432.jpeg 768w, https:\/\/marthacifuentes.com\/portada\/wp-content\/uploads\/2019\/10\/emergencia-invernal-yopal-4.jpeg 1032w\" sizes=\"auto, (max-width: 1024px) 100vw, 1024px\" \/> <img loading=\"lazy\" decoding=\"async\" class=\"alignnone size-large wp-image-22201\" src=\"https:\/\/marthacifuentes.com\/portada\/wp-content\/uploads\/2019\/10\/emergencia-invernal-yopal-8-1024x576.jpeg\" alt=\"\" width=\"1024\" height=\"576\" srcset=\"https:\/\/marthacifuentes.com\/portada\/wp-content\/uploads\/2019\/10\/emergencia-invernal-yopal-8-1024x576.jpeg 1024w, https:\/\/marthacifuentes.com\/portada\/wp-content\/uploads\/2019\/10\/emergencia-invernal-yopal-8-300x169.jpeg 300w, https:\/\/marthacifuentes.com\/portada\/wp-content\/uploads\/2019\/10\/emergencia-invernal-yopal-8-768x432.jpeg 768w, https:\/\/marthacifuentes.com\/portada\/wp-content\/uploads\/2019\/10\/emergencia-invernal-yopal-8.jpeg 1032w\" sizes=\"auto, (max-width: 1024px) 100vw, 1024px\" \/> <img loading=\"lazy\" decoding=\"async\" class=\"alignnone size-large wp-image-22202\" src=\"https:\/\/marthacifuentes.com\/portada\/wp-content\/uploads\/2019\/10\/emergencia-invernal-yopal-9-1024x576.jpeg\" alt=\"\" width=\"1024\" height=\"576\" srcset=\"https:\/\/marthacifuentes.com\/portada\/wp-content\/uploads\/2019\/10\/emergencia-invernal-yopal-9-1024x576.jpeg 1024w, https:\/\/marthacifuentes.com\/portada\/wp-content\/uploads\/2019\/10\/emergencia-invernal-yopal-9-300x169.jpeg 300w, https:\/\/marthacifuentes.com\/portada\/wp-content\/uploads\/2019\/10\/emergencia-invernal-yopal-9-768x432.jpeg 768w, https:\/\/marthacifuentes.com\/portada\/wp-content\/uploads\/2019\/10\/emergencia-invernal-yopal-9.jpeg 1032w\" sizes=\"auto, (max-width: 1024px) 100vw, 1024px\" \/> <img loading=\"lazy\" decoding=\"async\" class=\"alignnone size-large wp-image-22203\" src=\"https:\/\/marthacifuentes.com\/portada\/wp-content\/uploads\/2019\/10\/emergencia-invernal-yopal-1024x576.jpeg\" alt=\"\" width=\"1024\" height=\"576\" srcset=\"https:\/\/marthacifuentes.com\/portada\/wp-content\/uploads\/2019\/10\/emergencia-invernal-yopal-1024x576.jpeg 1024w, https:\/\/marthacifuentes.com\/portada\/wp-content\/uploads\/2019\/10\/emergencia-invernal-yopal-300x169.jpeg 300w, https:\/\/marthacifuentes.com\/portada\/wp-content\/uploads\/2019\/10\/emergencia-invernal-yopal-768x432.jpeg 768w, https:\/\/marthacifuentes.com\/portada\/wp-content\/uploads\/2019\/10\/emergencia-invernal-yopal.jpeg 1032w\" sizes=\"auto, (max-width: 1024px) 100vw, 1024px\" \/> <img loading=\"lazy\" decoding=\"async\" class=\"alignnone size-large wp-image-22204\" src=\"https:\/\/marthacifuentes.com\/portada\/wp-content\/uploads\/2019\/10\/emrgencia-invernal-yopal-5-1024x768.jpeg\" alt=\"\" width=\"1024\" height=\"768\" srcset=\"https:\/\/marthacifuentes.com\/portada\/wp-content\/uploads\/2019\/10\/emrgencia-invernal-yopal-5-1024x768.jpeg 1024w, https:\/\/marthacifuentes.com\/portada\/wp-content\/uploads\/2019\/10\/emrgencia-invernal-yopal-5-300x225.jpeg 300w, https:\/\/marthacifuentes.com\/portada\/wp-content\/uploads\/2019\/10\/emrgencia-invernal-yopal-5-768x576.jpeg 768w, https:\/\/marthacifuentes.com\/portada\/wp-content\/uploads\/2019\/10\/emrgencia-invernal-yopal-5-86x64.jpeg 86w, https:\/\/marthacifuentes.com\/portada\/wp-content\/uploads\/2019\/10\/emrgencia-invernal-yopal-5.jpeg 1280w\" sizes=\"auto, (max-width: 1024px) 100vw, 1024px\" \/> <img loading=\"lazy\" decoding=\"async\" class=\"alignnone size-large wp-image-22205\" src=\"https:\/\/marthacifuentes.com\/portada\/wp-content\/uploads\/2019\/10\/emrgencia-invernal-yopal-6-1024x768.jpeg\" alt=\"\" width=\"1024\" height=\"768\" srcset=\"https:\/\/marthacifuentes.com\/portada\/wp-content\/uploads\/2019\/10\/emrgencia-invernal-yopal-6-1024x768.jpeg 1024w, https:\/\/marthacifuentes.com\/portada\/wp-content\/uploads\/2019\/10\/emrgencia-invernal-yopal-6-300x225.jpeg 300w, https:\/\/marthacifuentes.com\/portada\/wp-content\/uploads\/2019\/10\/emrgencia-invernal-yopal-6-768x576.jpeg 768w, https:\/\/marthacifuentes.com\/portada\/wp-content\/uploads\/2019\/10\/emrgencia-invernal-yopal-6-86x64.jpeg 86w, https:\/\/marthacifuentes.com\/portada\/wp-content\/uploads\/2019\/10\/emrgencia-invernal-yopal-6.jpeg 1280w\" sizes=\"auto, (max-width: 1024px) 100vw, 1024px\" \/> <img loading=\"lazy\" decoding=\"async\" class=\"alignnone size-large wp-image-22206\" src=\"https:\/\/marthacifuentes.com\/portada\/wp-content\/uploads\/2019\/10\/emrgencia-invernal-yopal-7-576x1024.jpeg\" alt=\"\" width=\"576\" height=\"1024\" srcset=\"https:\/\/marthacifuentes.com\/portada\/wp-content\/uploads\/2019\/10\/emrgencia-invernal-yopal-7-576x1024.jpeg 576w, https:\/\/marthacifuentes.com\/portada\/wp-content\/uploads\/2019\/10\/emrgencia-invernal-yopal-7-169x300.jpeg 169w, https:\/\/marthacifuentes.com\/portada\/wp-content\/uploads\/2019\/10\/emrgencia-invernal-yopal-7.jpeg 581w\" sizes=\"auto, (max-width: 576px) 100vw, 576px\" \/> <img loading=\"lazy\" decoding=\"async\" class=\"alignnone size-large wp-image-22207\" src=\"https:\/\/marthacifuentes.com\/portada\/wp-content\/uploads\/2019\/10\/emrgencia-invernal-yopal-8-1024x576.jpeg\" alt=\"\" width=\"1024\" height=\"576\" srcset=\"https:\/\/marthacifuentes.com\/portada\/wp-content\/uploads\/2019\/10\/emrgencia-invernal-yopal-8-1024x576.jpeg 1024w, https:\/\/marthacifuentes.com\/portada\/wp-content\/uploads\/2019\/10\/emrgencia-invernal-yopal-8-300x169.jpeg 300w, https:\/\/marthacifuentes.com\/portada\/wp-content\/uploads\/2019\/10\/emrgencia-invernal-yopal-8-768x432.jpeg 768w, https:\/\/marthacifuentes.com\/portada\/wp-content\/uploads\/2019\/10\/emrgencia-invernal-yopal-8.jpeg 1032w\" sizes=\"auto, (max-width: 1024px) 100vw, 1024px\" \/><\/p>\n<p style=\"text-align: justify;\">\n<p style=\"text-align: justify;\">\n<p>&nbsp;<\/p>\n","protected":false},"excerpt":{"rendered":"<p>12 personas fueron evacuadas en operaciones realizadas en el R\u00edo Cravo Sur en Yopal, entre las cuales hab\u00eda una materna y su beb\u00e9 de 22 d\u00edas de nacido, 2 adultos mayores, un ni\u00f1o de 3 a\u00f1os y una persona con discapacidad de movimiento. Organismos de socorro actuaron coordinamente. El Cuerpo de Bomberos de Yopal, La &hellip;<\/p>\n","protected":false},"author":2,"featured_media":22198,"comment_status":"open","ping_status":"open","sticky":false,"template":"","format":"standard","meta":{"om_disable_all_campaigns":false,"_exactmetrics_skip_tracking":false,"_exactmetrics_sitenote_active":false,"_exactmetrics_sitenote_note":"","_exactmetrics_sitenote_category":0,"_monsterinsights_skip_tracking":false,"_monsterinsights_sitenote_active":false,"_monsterinsights_sitenote_note":"","_monsterinsights_sitenote_category":0,"_uf_show_specific_survey":0,"_uf_disable_surveys":false,"_joinchat":[],"footnotes":""},"categories":[147,146,145],"tags":[3696,3695,499,1372,3694,1374],"class_list":["post-22197","post","type-post","status-publish","format-standard","has-post-thumbnail","hentry","category-actualidad","category-noticias","category-reportajes","tag-alerta-amarilla-yopal","tag-familias-evacuadas-rio-cravo-sur-yopal","tag-ideam","tag-noticias-de-casanare","tag-noticias-de-invierno-casanare","tag-noticias-de-yopal"],"yoast_head":"<!-- This site is optimized with the Yoast SEO plugin v26.1 - https:\/\/yoast.com\/wordpress\/plugins\/seo\/ -->\n<title>Por invierno, alerta amarilla en Casanare. Familias evacuadas de r\u00edo Cravo Sur, Yopal - \u25b7 Noticias de Casanare : Martha Cifuentes | Casanare<\/title>\n<meta name=\"robots\" content=\"index, follow, max-snippet:-1, max-image-preview:large, max-video-preview:-1\" \/>\n<link rel=\"canonical\" href=\"https:\/\/marthacifuentes.com\/portada\/por-invierno-alerta-amarilla-en-casanare-familias-evacuadas-de-rio-cravo-sur-yopal\/\" \/>\n<meta property=\"og:locale\" content=\"es_ES\" \/>\n<meta property=\"og:type\" content=\"article\" \/>\n<meta property=\"og:title\" content=\"Por invierno, alerta amarilla en Casanare. Familias evacuadas de r\u00edo Cravo Sur, Yopal - \u25b7 Noticias de Casanare : Martha Cifuentes | Casanare\" \/>\n<meta property=\"og:description\" content=\"12 personas fueron evacuadas en operaciones realizadas en el R\u00edo Cravo Sur en Yopal, entre las cuales hab\u00eda una materna y su beb\u00e9 de 22 d\u00edas de nacido, 2 adultos mayores, un ni\u00f1o de 3 a\u00f1os y una persona con discapacidad de movimiento. Organismos de socorro actuaron coordinamente. El Cuerpo de Bomberos de Yopal, La &hellip;\" \/>\n<meta property=\"og:url\" content=\"https:\/\/marthacifuentes.com\/portada\/por-invierno-alerta-amarilla-en-casanare-familias-evacuadas-de-rio-cravo-sur-yopal\/\" \/>\n<meta property=\"og:site_name\" content=\"\u25b7 Noticias de Casanare : Martha Cifuentes | Casanare\" \/>\n<meta property=\"article:published_time\" content=\"2019-10-04T13:19:13+00:00\" \/>\n<meta property=\"og:image\" content=\"https:\/\/marthacifuentes.com\/portada\/wp-content\/uploads\/2019\/10\/emergencia-invernal-yopal-2.jpeg\" \/>\n\t<meta property=\"og:image:width\" content=\"1280\" \/>\n\t<meta property=\"og:image:height\" content=\"960\" \/>\n\t<meta property=\"og:image:type\" content=\"image\/jpeg\" \/>\n<meta name=\"author\" content=\"Martha Cifuentes\" \/>\n<meta name=\"twitter:card\" content=\"summary_large_image\" \/>\n<meta name=\"twitter:label1\" content=\"Escrito por\" \/>\n\t<meta name=\"twitter:data1\" content=\"Martha Cifuentes\" \/>\n\t<meta name=\"twitter:label2\" content=\"Tiempo de lectura\" \/>\n\t<meta name=\"twitter:data2\" content=\"4 minutos\" \/>\n<script type=\"application\/ld+json\" class=\"yoast-schema-graph\">{\"@context\":\"https:\/\/schema.org\",\"@graph\":[{\"@type\":\"WebPage\",\"@id\":\"https:\/\/marthacifuentes.com\/portada\/por-invierno-alerta-amarilla-en-casanare-familias-evacuadas-de-rio-cravo-sur-yopal\/\",\"url\":\"https:\/\/marthacifuentes.com\/portada\/por-invierno-alerta-amarilla-en-casanare-familias-evacuadas-de-rio-cravo-sur-yopal\/\",\"name\":\"Por invierno, alerta amarilla en Casanare. Familias evacuadas de r\u00edo Cravo Sur, Yopal - \u25b7 Noticias de Casanare : Martha Cifuentes | Casanare\",\"isPartOf\":{\"@id\":\"https:\/\/marthacifuentes.com\/portada\/#website\"},\"primaryImageOfPage\":{\"@id\":\"https:\/\/marthacifuentes.com\/portada\/por-invierno-alerta-amarilla-en-casanare-familias-evacuadas-de-rio-cravo-sur-yopal\/#primaryimage\"},\"image\":{\"@id\":\"https:\/\/marthacifuentes.com\/portada\/por-invierno-alerta-amarilla-en-casanare-familias-evacuadas-de-rio-cravo-sur-yopal\/#primaryimage\"},\"thumbnailUrl\":\"https:\/\/marthacifuentes.com\/portada\/wp-content\/uploads\/2019\/10\/emergencia-invernal-yopal-2.jpeg\",\"datePublished\":\"2019-10-04T13:19:13+00:00\",\"author\":{\"@id\":\"https:\/\/marthacifuentes.com\/portada\/#\/schema\/person\/57f53174b991db5f90ff78d58502b714\"},\"breadcrumb\":{\"@id\":\"https:\/\/marthacifuentes.com\/portada\/por-invierno-alerta-amarilla-en-casanare-familias-evacuadas-de-rio-cravo-sur-yopal\/#breadcrumb\"},\"inLanguage\":\"es\",\"potentialAction\":[{\"@type\":\"ReadAction\",\"target\":[\"https:\/\/marthacifuentes.com\/portada\/por-invierno-alerta-amarilla-en-casanare-familias-evacuadas-de-rio-cravo-sur-yopal\/\"]}]},{\"@type\":\"ImageObject\",\"inLanguage\":\"es\",\"@id\":\"https:\/\/marthacifuentes.com\/portada\/por-invierno-alerta-amarilla-en-casanare-familias-evacuadas-de-rio-cravo-sur-yopal\/#primaryimage\",\"url\":\"https:\/\/marthacifuentes.com\/portada\/wp-content\/uploads\/2019\/10\/emergencia-invernal-yopal-2.jpeg\",\"contentUrl\":\"https:\/\/marthacifuentes.com\/portada\/wp-content\/uploads\/2019\/10\/emergencia-invernal-yopal-2.jpeg\",\"width\":1280,\"height\":960},{\"@type\":\"BreadcrumbList\",\"@id\":\"https:\/\/marthacifuentes.com\/portada\/por-invierno-alerta-amarilla-en-casanare-familias-evacuadas-de-rio-cravo-sur-yopal\/#breadcrumb\",\"itemListElement\":[{\"@type\":\"ListItem\",\"position\":1,\"name\":\"Portada\",\"item\":\"https:\/\/marthacifuentes.com\/portada\/\"},{\"@type\":\"ListItem\",\"position\":2,\"name\":\"Por invierno, alerta amarilla en Casanare. Familias evacuadas de r\u00edo Cravo Sur, Yopal\"}]},{\"@type\":\"WebSite\",\"@id\":\"https:\/\/marthacifuentes.com\/portada\/#website\",\"url\":\"https:\/\/marthacifuentes.com\/portada\/\",\"name\":\"\u25b7 Noticias de Casanare : Martha Cifuentes | Casanare\",\"description\":\"Noticias &amp; Contenidos\",\"potentialAction\":[{\"@type\":\"SearchAction\",\"target\":{\"@type\":\"EntryPoint\",\"urlTemplate\":\"https:\/\/marthacifuentes.com\/portada\/?s={search_term_string}\"},\"query-input\":{\"@type\":\"PropertyValueSpecification\",\"valueRequired\":true,\"valueName\":\"search_term_string\"}}],\"inLanguage\":\"es\"},{\"@type\":\"Person\",\"@id\":\"https:\/\/marthacifuentes.com\/portada\/#\/schema\/person\/57f53174b991db5f90ff78d58502b714\",\"name\":\"Martha Cifuentes\",\"image\":{\"@type\":\"ImageObject\",\"inLanguage\":\"es\",\"@id\":\"https:\/\/marthacifuentes.com\/portada\/#\/schema\/person\/image\/\",\"url\":\"http:\/\/marthacifuentes.com\/portada\/wp-content\/uploads\/2018\/06\/avatar_user_2_1528838701-96x96.jpg\",\"contentUrl\":\"http:\/\/marthacifuentes.com\/portada\/wp-content\/uploads\/2018\/06\/avatar_user_2_1528838701-96x96.jpg\",\"caption\":\"Martha Cifuentes\"},\"sameAs\":[\"http:\/\/www.marthacifuentes.com\"],\"url\":\"https:\/\/marthacifuentes.com\/portada\/author\/martha\/\"}]}<\/script>\n<!-- \/ Yoast SEO plugin. -->","yoast_head_json":{"title":"Por invierno, alerta amarilla en Casanare. Familias evacuadas de r\u00edo Cravo Sur, Yopal - \u25b7 Noticias de Casanare : Martha Cifuentes | Casanare","robots":{"index":"index","follow":"follow","max-snippet":"max-snippet:-1","max-image-preview":"max-image-preview:large","max-video-preview":"max-video-preview:-1"},"canonical":"https:\/\/marthacifuentes.com\/portada\/por-invierno-alerta-amarilla-en-casanare-familias-evacuadas-de-rio-cravo-sur-yopal\/","og_locale":"es_ES","og_type":"article","og_title":"Por invierno, alerta amarilla en Casanare. Familias evacuadas de r\u00edo Cravo Sur, Yopal - \u25b7 Noticias de Casanare : Martha Cifuentes | Casanare","og_description":"12 personas fueron evacuadas en operaciones realizadas en el R\u00edo Cravo Sur en Yopal, entre las cuales hab\u00eda una materna y su beb\u00e9 de 22 d\u00edas de nacido, 2 adultos mayores, un ni\u00f1o de 3 a\u00f1os y una persona con discapacidad de movimiento. Organismos de socorro actuaron coordinamente. El Cuerpo de Bomberos de Yopal, La &hellip;","og_url":"https:\/\/marthacifuentes.com\/portada\/por-invierno-alerta-amarilla-en-casanare-familias-evacuadas-de-rio-cravo-sur-yopal\/","og_site_name":"\u25b7 Noticias de Casanare : Martha Cifuentes | Casanare","article_published_time":"2019-10-04T13:19:13+00:00","og_image":[{"width":1280,"height":960,"url":"https:\/\/marthacifuentes.com\/portada\/wp-content\/uploads\/2019\/10\/emergencia-invernal-yopal-2.jpeg","type":"image\/jpeg"}],"author":"Martha Cifuentes","twitter_card":"summary_large_image","twitter_misc":{"Escrito por":"Martha Cifuentes","Tiempo de lectura":"4 minutos"},"schema":{"@context":"https:\/\/schema.org","@graph":[{"@type":"WebPage","@id":"https:\/\/marthacifuentes.com\/portada\/por-invierno-alerta-amarilla-en-casanare-familias-evacuadas-de-rio-cravo-sur-yopal\/","url":"https:\/\/marthacifuentes.com\/portada\/por-invierno-alerta-amarilla-en-casanare-familias-evacuadas-de-rio-cravo-sur-yopal\/","name":"Por invierno, alerta amarilla en Casanare. Familias evacuadas de r\u00edo Cravo Sur, Yopal - \u25b7 Noticias de Casanare : Martha Cifuentes | Casanare","isPartOf":{"@id":"https:\/\/marthacifuentes.com\/portada\/#website"},"primaryImageOfPage":{"@id":"https:\/\/marthacifuentes.com\/portada\/por-invierno-alerta-amarilla-en-casanare-familias-evacuadas-de-rio-cravo-sur-yopal\/#primaryimage"},"image":{"@id":"https:\/\/marthacifuentes.com\/portada\/por-invierno-alerta-amarilla-en-casanare-familias-evacuadas-de-rio-cravo-sur-yopal\/#primaryimage"},"thumbnailUrl":"https:\/\/marthacifuentes.com\/portada\/wp-content\/uploads\/2019\/10\/emergencia-invernal-yopal-2.jpeg","datePublished":"2019-10-04T13:19:13+00:00","author":{"@id":"https:\/\/marthacifuentes.com\/portada\/#\/schema\/person\/57f53174b991db5f90ff78d58502b714"},"breadcrumb":{"@id":"https:\/\/marthacifuentes.com\/portada\/por-invierno-alerta-amarilla-en-casanare-familias-evacuadas-de-rio-cravo-sur-yopal\/#breadcrumb"},"inLanguage":"es","potentialAction":[{"@type":"ReadAction","target":["https:\/\/marthacifuentes.com\/portada\/por-invierno-alerta-amarilla-en-casanare-familias-evacuadas-de-rio-cravo-sur-yopal\/"]}]},{"@type":"ImageObject","inLanguage":"es","@id":"https:\/\/marthacifuentes.com\/portada\/por-invierno-alerta-amarilla-en-casanare-familias-evacuadas-de-rio-cravo-sur-yopal\/#primaryimage","url":"https:\/\/marthacifuentes.com\/portada\/wp-content\/uploads\/2019\/10\/emergencia-invernal-yopal-2.jpeg","contentUrl":"https:\/\/marthacifuentes.com\/portada\/wp-content\/uploads\/2019\/10\/emergencia-invernal-yopal-2.jpeg","width":1280,"height":960},{"@type":"BreadcrumbList","@id":"https:\/\/marthacifuentes.com\/portada\/por-invierno-alerta-amarilla-en-casanare-familias-evacuadas-de-rio-cravo-sur-yopal\/#breadcrumb","itemListElement":[{"@type":"ListItem","position":1,"name":"Portada","item":"https:\/\/marthacifuentes.com\/portada\/"},{"@type":"ListItem","position":2,"name":"Por invierno, alerta amarilla en Casanare. Familias evacuadas de r\u00edo Cravo Sur, Yopal"}]},{"@type":"WebSite","@id":"https:\/\/marthacifuentes.com\/portada\/#website","url":"https:\/\/marthacifuentes.com\/portada\/","name":"\u25b7 Noticias de Casanare : Martha Cifuentes | Casanare","description":"Noticias &amp; Contenidos","potentialAction":[{"@type":"SearchAction","target":{"@type":"EntryPoint","urlTemplate":"https:\/\/marthacifuentes.com\/portada\/?s={search_term_string}"},"query-input":{"@type":"PropertyValueSpecification","valueRequired":true,"valueName":"search_term_string"}}],"inLanguage":"es"},{"@type":"Person","@id":"https:\/\/marthacifuentes.com\/portada\/#\/schema\/person\/57f53174b991db5f90ff78d58502b714","name":"Martha Cifuentes","image":{"@type":"ImageObject","inLanguage":"es","@id":"https:\/\/marthacifuentes.com\/portada\/#\/schema\/person\/image\/","url":"http:\/\/marthacifuentes.com\/portada\/wp-content\/uploads\/2018\/06\/avatar_user_2_1528838701-96x96.jpg","contentUrl":"http:\/\/marthacifuentes.com\/portada\/wp-content\/uploads\/2018\/06\/avatar_user_2_1528838701-96x96.jpg","caption":"Martha Cifuentes"},"sameAs":["http:\/\/www.marthacifuentes.com"],"url":"https:\/\/marthacifuentes.com\/portada\/author\/martha\/"}]}},"_links":{"self":[{"href":"https:\/\/marthacifuentes.com\/portada\/wp-json\/wp\/v2\/posts\/22197","targetHints":{"allow":["GET"]}}],"collection":[{"href":"https:\/\/marthacifuentes.com\/portada\/wp-json\/wp\/v2\/posts"}],"about":[{"href":"https:\/\/marthacifuentes.com\/portada\/wp-json\/wp\/v2\/types\/post"}],"author":[{"embeddable":true,"href":"https:\/\/marthacifuentes.com\/portada\/wp-json\/wp\/v2\/users\/2"}],"replies":[{"embeddable":true,"href":"https:\/\/marthacifuentes.com\/portada\/wp-json\/wp\/v2\/comments?post=22197"}],"version-history":[{"count":0,"href":"https:\/\/marthacifuentes.com\/portada\/wp-json\/wp\/v2\/posts\/22197\/revisions"}],"wp:featuredmedia":[{"embeddable":true,"href":"https:\/\/marthacifuentes.com\/portada\/wp-json\/wp\/v2\/media\/22198"}],"wp:attachment":[{"href":"https:\/\/marthacifuentes.com\/portada\/wp-json\/wp\/v2\/media?parent=22197"}],"wp:term":[{"taxonomy":"category","embeddable":true,"href":"https:\/\/marthacifuentes.com\/portada\/wp-json\/wp\/v2\/categories?post=22197"},{"taxonomy":"post_tag","embeddable":true,"href":"https:\/\/marthacifuentes.com\/portada\/wp-json\/wp\/v2\/tags?post=22197"}],"curies":[{"name":"wp","href":"https:\/\/api.w.org\/{rel}","templated":true}]}}