{"id":22651,"date":"2019-11-28T11:33:18","date_gmt":"2019-11-28T16:33:18","guid":{"rendered":"https:\/\/marthacifuentes.com\/portada\/?p=22651"},"modified":"2019-11-28T11:37:05","modified_gmt":"2019-11-28T16:37:05","slug":"otro-joven-gravemente-herido-en-paro-en-bogota-se-cayo-de-un-puente-ante-represion-del-esmad","status":"publish","type":"post","link":"https:\/\/marthacifuentes.com\/portada\/otro-joven-gravemente-herido-en-paro-en-bogota-se-cayo-de-un-puente-ante-represion-del-esmad\/","title":{"rendered":"Otro joven gravemente herido en paro en Bogot\u00e1. Se cay\u00f3 de un puente ante represi\u00f3n del Esmad."},"content":{"rendered":"<p>Luego de que los organismos defensores de derechos humanos se retiraran de la marcha enmarcada en el paro nacional, en el sector de la calle 170 en Bogot\u00e1, el Esmad intervino para retirar a la fuerza a los j\u00f3venes manifestantes que estaban all\u00ed. Ante la presi\u00f3n, Cristian Camilo Caicedo G\u00f3mez, al correr sobre el puente de la calle 183 con autopista, se cay\u00f3 desde este a la carretera.<\/p>\n<blockquote class=\"twitter-tweet\" data-width=\"500\" data-dnt=\"true\">\n<p lang=\"es\" dir=\"ltr\">URGENTE. EL ESMAD SE EST\u00c1 LLEVANDO A GENTE ARBITRARIAMENTE QUE ESTABA EN EL PORTAL DE LA 170, LOS TIENEN RETENIDOS Y AMENAZADOS. <a href=\"https:\/\/t.co\/YWZQhamsYt\">pic.twitter.com\/YWZQhamsYt<\/a><\/p>\n<p>&mdash; Barbie y Ken, colombianos de bien (@barbieykenco) <a href=\"https:\/\/twitter.com\/barbieykenco\/status\/1199901567597592576?ref_src=twsrc%5Etfw\">November 28, 2019<\/a><\/p><\/blockquote>\n<p><script async src=\"https:\/\/platform.twitter.com\/widgets.js\" charset=\"utf-8\"><\/script><\/p>\n<p>https:\/\/twitter.com\/AzueroSebas\/status\/1199902588503756800?s=20<\/p>\n<p>As\u00ed describieron la situaci\u00f3n varios compa\u00f1eros que tambi\u00e9n corr\u00edan buscando una ruta de escape ante el acoso policial. Una estudiante manifest\u00f3 que estaban aturdidos por los gases y que Cristian no se percat\u00f3 de un hueco y termin\u00f3 cay\u00e9ndose de la estructura.<\/p>\n<p>Varios j\u00f3venes comenzaron a grabar la situaci\u00f3n con sus celulares y uno de ellos que pretendi\u00f3 acercarse a la escena donde yac\u00eda Cristian Camilo, en medio de un charco de sangre, fue intimidado y reprimido por los agentes del Esmad, que utilizaron un arma aturdidora para hacer que se alejara.<\/p>\n<blockquote class=\"twitter-tweet\" data-width=\"500\" data-dnt=\"true\">\n<p lang=\"es\" dir=\"ltr\">A esta hora llega este video de un ciudadano que intenta grabar lo sucedido con el joven que cay\u00f3 del puente por la represi\u00f3n del ESMAD<\/p>\n<p>\u00bfPor qu\u00e9 no dejan grabar? \u00bfQu\u00e9 nos quieren ocultar? <\/p>\n<p>\u00a1NO M\u00c1S CR\u00cdMENES DE ESTADO, NO M\u00c1S SANGRE! <\/p>\n<p>QUE EL MUNDO SE ENTERE <a href=\"https:\/\/t.co\/7mhIT1Y9Rh\">pic.twitter.com\/7mhIT1Y9Rh<\/a><\/p>\n<p>&mdash; David Rozo (@DonIzquierdo_) <a href=\"https:\/\/twitter.com\/DonIzquierdo_\/status\/1199912790942736384?ref_src=twsrc%5Etfw\">November 28, 2019<\/a><\/p><\/blockquote>\n<p><script async src=\"https:\/\/platform.twitter.com\/widgets.js\" charset=\"utf-8\"><\/script><\/p>\n<p>Minutos despu\u00e9s llegaron organismos de socorro que atendieron al muchacho, que hoy cumple 22 a\u00f1os, seg\u00fan versi\u00f3n de amigos. Luego fue llevado a la Cl\u00ednica La Colina, desde donde se inform\u00f3 hoy que Cristian presenta trauma cr\u00e1neo encef\u00e1lico, facial y de las extremidades por lo cual ha sido atendido por cirug\u00eda general, ortopedia y medicina general.<img loading=\"lazy\" decoding=\"async\" class=\"aligncenter\" src=\"https:\/\/d3j6lal8h4ou1t.cloudfront.net\/wp-content\/uploads\/2019\/11\/28070803\/Captura-de-Pantalla-2019-11-28-a-las-7.06.36-a.-m..png\" alt=\"Resultado de imagen de clinica la colina comunicado&quot;\" width=\"506\" height=\"629\" \/><span style=\"text-transform: initial;\">De este joven, Inti Asprilla, representante a la C\u00e1mara por Bogot\u00e1, por el Partido Alianza Verde, expres\u00f3 que hab\u00eda acudido a su oficina a denunciar que hab\u00eda sido v\u00edctima de abuso policial en d\u00eda del skape.<\/span><\/p>\n<blockquote class=\"twitter-tweet\" data-width=\"500\" data-dnt=\"true\">\n<p lang=\"es\" dir=\"ltr\">Tengo mucha Ira, Cristian Camilo el joven que se encuentra gravemente herido, hab\u00eda asistido a nuestra oficina cuando ya hab\u00eda sufrido abuso policial el en d\u00eda del Skate. Que m\u00e1s tiene que pasar para que <a href=\"https:\/\/twitter.com\/PoliciaBogota?ref_src=twsrc%5Etfw\">@PoliciaBogota<\/a> entienda que debe sancionar el <a href=\"https:\/\/twitter.com\/hashtag\/AbusoPolicial?src=hash&amp;ref_src=twsrc%5Etfw\">#AbusoPolicial<\/a> ? <a href=\"https:\/\/t.co\/htocZNZovu\">pic.twitter.com\/htocZNZovu<\/a><\/p>\n<p>&mdash; Inti Asprilla (@intiasprilla) <a href=\"https:\/\/twitter.com\/intiasprilla\/status\/1200047477656838146?ref_src=twsrc%5Etfw\">November 28, 2019<\/a><\/p><\/blockquote>\n<p><script async src=\"https:\/\/platform.twitter.com\/widgets.js\" charset=\"utf-8\"><\/script><\/p>\n<p>Uno de los muchachos que participaba en la protesta expres\u00f3 que estaban en forma pac\u00edfica cuando lleg\u00f3 el Esmad y comenz\u00f3 a atacarlos, corretearlos y lanzando gases lacrim\u00f3genos.<\/p>\n<p>En redes sociales ya se est\u00e1 convocado a apoyar al jovencito a trav\u00e9s de una marcha en el parque nacional hacia el mediod\u00eda.<\/p>\n<p><img loading=\"lazy\" decoding=\"async\" class=\"aligncenter\" src=\"https:\/\/pbs.twimg.com\/media\/EKeNogvWoAEpC0U?format=jpg&amp;name=large\" alt=\"Imagen\" width=\"481\" height=\"622\" \/><\/p>\n<p>Y de la Cl\u00ednica se ampli\u00f3 la informaci\u00f3n indicando que Cristian Camilo, conocido en twitter como Keppler, est\u00e1 en la Unidad de Cuidados Intensivos.<\/p>\n<p>&nbsp;<\/p>\n<p>&nbsp;<\/p>\n","protected":false},"excerpt":{"rendered":"<p>Luego de que los organismos defensores de derechos humanos se retiraran de la marcha enmarcada en el paro nacional, en el sector de la calle 170 en Bogot\u00e1, el Esmad intervino para retirar a la fuerza a los j\u00f3venes manifestantes que estaban all\u00ed. Ante la presi\u00f3n, Cristian Camilo Caicedo G\u00f3mez, al correr sobre el puente &hellip;<\/p>\n","protected":false},"author":2,"featured_media":22652,"comment_status":"open","ping_status":"open","sticky":false,"template":"","format":"standard","meta":{"om_disable_all_campaigns":false,"_exactmetrics_skip_tracking":false,"_exactmetrics_sitenote_active":false,"_exactmetrics_sitenote_note":"","_exactmetrics_sitenote_category":0,"_monsterinsights_skip_tracking":false,"_monsterinsights_sitenote_active":false,"_monsterinsights_sitenote_note":"","_monsterinsights_sitenote_category":0,"_uf_show_specific_survey":0,"_uf_disable_surveys":false,"_joinchat":[],"footnotes":""},"categories":[147,146,145],"tags":[3891,3892,3893,3890],"class_list":["post-22651","post","type-post","status-publish","format-standard","has-post-thumbnail","hentry","category-actualidad","category-noticias","category-reportajes","tag-cristian-camilo-caicedo-joven-cayo-puente-de-la-183-autopista-norte","tag-esmad-disturbios-calle-170-bogota","tag-joven-cae-de-puente-por-huir-del-esmad","tag-paro-nacional"],"yoast_head":"<!-- This site is optimized with the Yoast SEO plugin v26.1 - https:\/\/yoast.com\/wordpress\/plugins\/seo\/ -->\n<title>Otro joven gravemente herido en paro en Bogot\u00e1. Se cay\u00f3 de un puente ante represi\u00f3n del Esmad. - \u25b7 Noticias de Casanare : Martha Cifuentes | Casanare<\/title>\n<meta name=\"robots\" content=\"index, follow, max-snippet:-1, max-image-preview:large, max-video-preview:-1\" \/>\n<link rel=\"canonical\" href=\"https:\/\/marthacifuentes.com\/portada\/otro-joven-gravemente-herido-en-paro-en-bogota-se-cayo-de-un-puente-ante-represion-del-esmad\/\" \/>\n<meta property=\"og:locale\" content=\"es_ES\" \/>\n<meta property=\"og:type\" content=\"article\" \/>\n<meta property=\"og:title\" content=\"Otro joven gravemente herido en paro en Bogot\u00e1. Se cay\u00f3 de un puente ante represi\u00f3n del Esmad. - \u25b7 Noticias de Casanare : Martha Cifuentes | Casanare\" \/>\n<meta property=\"og:description\" content=\"Luego de que los organismos defensores de derechos humanos se retiraran de la marcha enmarcada en el paro nacional, en el sector de la calle 170 en Bogot\u00e1, el Esmad intervino para retirar a la fuerza a los j\u00f3venes manifestantes que estaban all\u00ed. Ante la presi\u00f3n, Cristian Camilo Caicedo G\u00f3mez, al correr sobre el puente &hellip;\" \/>\n<meta property=\"og:url\" content=\"https:\/\/marthacifuentes.com\/portada\/otro-joven-gravemente-herido-en-paro-en-bogota-se-cayo-de-un-puente-ante-represion-del-esmad\/\" \/>\n<meta property=\"og:site_name\" content=\"\u25b7 Noticias de Casanare : Martha Cifuentes | Casanare\" \/>\n<meta property=\"article:published_time\" content=\"2019-11-28T16:33:18+00:00\" \/>\n<meta property=\"article:modified_time\" content=\"2019-11-28T16:37:05+00:00\" \/>\n<meta property=\"og:image\" content=\"https:\/\/marthacifuentes.com\/portada\/wp-content\/uploads\/2019\/11\/cristian-camilo-caicedo.jpeg\" \/>\n\t<meta property=\"og:image:width\" content=\"980\" \/>\n\t<meta property=\"og:image:height\" content=\"528\" \/>\n\t<meta property=\"og:image:type\" content=\"image\/jpeg\" \/>\n<meta name=\"author\" content=\"Martha Cifuentes\" \/>\n<meta name=\"twitter:card\" content=\"summary_large_image\" \/>\n<meta name=\"twitter:label1\" content=\"Escrito por\" \/>\n\t<meta name=\"twitter:data1\" content=\"Martha Cifuentes\" \/>\n\t<meta name=\"twitter:label2\" content=\"Tiempo de lectura\" \/>\n\t<meta name=\"twitter:data2\" content=\"2 minutos\" \/>\n<script type=\"application\/ld+json\" class=\"yoast-schema-graph\">{\"@context\":\"https:\/\/schema.org\",\"@graph\":[{\"@type\":\"WebPage\",\"@id\":\"https:\/\/marthacifuentes.com\/portada\/otro-joven-gravemente-herido-en-paro-en-bogota-se-cayo-de-un-puente-ante-represion-del-esmad\/\",\"url\":\"https:\/\/marthacifuentes.com\/portada\/otro-joven-gravemente-herido-en-paro-en-bogota-se-cayo-de-un-puente-ante-represion-del-esmad\/\",\"name\":\"Otro joven gravemente herido en paro en Bogot\u00e1. Se cay\u00f3 de un puente ante represi\u00f3n del Esmad. - \u25b7 Noticias de Casanare : Martha Cifuentes | Casanare\",\"isPartOf\":{\"@id\":\"https:\/\/marthacifuentes.com\/portada\/#website\"},\"primaryImageOfPage\":{\"@id\":\"https:\/\/marthacifuentes.com\/portada\/otro-joven-gravemente-herido-en-paro-en-bogota-se-cayo-de-un-puente-ante-represion-del-esmad\/#primaryimage\"},\"image\":{\"@id\":\"https:\/\/marthacifuentes.com\/portada\/otro-joven-gravemente-herido-en-paro-en-bogota-se-cayo-de-un-puente-ante-represion-del-esmad\/#primaryimage\"},\"thumbnailUrl\":\"https:\/\/marthacifuentes.com\/portada\/wp-content\/uploads\/2019\/11\/cristian-camilo-caicedo.jpeg\",\"datePublished\":\"2019-11-28T16:33:18+00:00\",\"dateModified\":\"2019-11-28T16:37:05+00:00\",\"author\":{\"@id\":\"https:\/\/marthacifuentes.com\/portada\/#\/schema\/person\/57f53174b991db5f90ff78d58502b714\"},\"breadcrumb\":{\"@id\":\"https:\/\/marthacifuentes.com\/portada\/otro-joven-gravemente-herido-en-paro-en-bogota-se-cayo-de-un-puente-ante-represion-del-esmad\/#breadcrumb\"},\"inLanguage\":\"es\",\"potentialAction\":[{\"@type\":\"ReadAction\",\"target\":[\"https:\/\/marthacifuentes.com\/portada\/otro-joven-gravemente-herido-en-paro-en-bogota-se-cayo-de-un-puente-ante-represion-del-esmad\/\"]}]},{\"@type\":\"ImageObject\",\"inLanguage\":\"es\",\"@id\":\"https:\/\/marthacifuentes.com\/portada\/otro-joven-gravemente-herido-en-paro-en-bogota-se-cayo-de-un-puente-ante-represion-del-esmad\/#primaryimage\",\"url\":\"https:\/\/marthacifuentes.com\/portada\/wp-content\/uploads\/2019\/11\/cristian-camilo-caicedo.jpeg\",\"contentUrl\":\"https:\/\/marthacifuentes.com\/portada\/wp-content\/uploads\/2019\/11\/cristian-camilo-caicedo.jpeg\",\"width\":980,\"height\":528},{\"@type\":\"BreadcrumbList\",\"@id\":\"https:\/\/marthacifuentes.com\/portada\/otro-joven-gravemente-herido-en-paro-en-bogota-se-cayo-de-un-puente-ante-represion-del-esmad\/#breadcrumb\",\"itemListElement\":[{\"@type\":\"ListItem\",\"position\":1,\"name\":\"Portada\",\"item\":\"https:\/\/marthacifuentes.com\/portada\/\"},{\"@type\":\"ListItem\",\"position\":2,\"name\":\"Otro joven gravemente herido en paro en Bogot\u00e1. Se cay\u00f3 de un puente ante represi\u00f3n del Esmad.\"}]},{\"@type\":\"WebSite\",\"@id\":\"https:\/\/marthacifuentes.com\/portada\/#website\",\"url\":\"https:\/\/marthacifuentes.com\/portada\/\",\"name\":\"\u25b7 Noticias de Casanare : Martha Cifuentes | Casanare\",\"description\":\"Noticias &amp; Contenidos\",\"potentialAction\":[{\"@type\":\"SearchAction\",\"target\":{\"@type\":\"EntryPoint\",\"urlTemplate\":\"https:\/\/marthacifuentes.com\/portada\/?s={search_term_string}\"},\"query-input\":{\"@type\":\"PropertyValueSpecification\",\"valueRequired\":true,\"valueName\":\"search_term_string\"}}],\"inLanguage\":\"es\"},{\"@type\":\"Person\",\"@id\":\"https:\/\/marthacifuentes.com\/portada\/#\/schema\/person\/57f53174b991db5f90ff78d58502b714\",\"name\":\"Martha Cifuentes\",\"image\":{\"@type\":\"ImageObject\",\"inLanguage\":\"es\",\"@id\":\"https:\/\/marthacifuentes.com\/portada\/#\/schema\/person\/image\/\",\"url\":\"http:\/\/marthacifuentes.com\/portada\/wp-content\/uploads\/2018\/06\/avatar_user_2_1528838701-96x96.jpg\",\"contentUrl\":\"http:\/\/marthacifuentes.com\/portada\/wp-content\/uploads\/2018\/06\/avatar_user_2_1528838701-96x96.jpg\",\"caption\":\"Martha Cifuentes\"},\"sameAs\":[\"http:\/\/www.marthacifuentes.com\"],\"url\":\"https:\/\/marthacifuentes.com\/portada\/author\/martha\/\"}]}<\/script>\n<!-- \/ Yoast SEO plugin. -->","yoast_head_json":{"title":"Otro joven gravemente herido en paro en Bogot\u00e1. Se cay\u00f3 de un puente ante represi\u00f3n del Esmad. - \u25b7 Noticias de Casanare : Martha Cifuentes | Casanare","robots":{"index":"index","follow":"follow","max-snippet":"max-snippet:-1","max-image-preview":"max-image-preview:large","max-video-preview":"max-video-preview:-1"},"canonical":"https:\/\/marthacifuentes.com\/portada\/otro-joven-gravemente-herido-en-paro-en-bogota-se-cayo-de-un-puente-ante-represion-del-esmad\/","og_locale":"es_ES","og_type":"article","og_title":"Otro joven gravemente herido en paro en Bogot\u00e1. Se cay\u00f3 de un puente ante represi\u00f3n del Esmad. - \u25b7 Noticias de Casanare : Martha Cifuentes | Casanare","og_description":"Luego de que los organismos defensores de derechos humanos se retiraran de la marcha enmarcada en el paro nacional, en el sector de la calle 170 en Bogot\u00e1, el Esmad intervino para retirar a la fuerza a los j\u00f3venes manifestantes que estaban all\u00ed. Ante la presi\u00f3n, Cristian Camilo Caicedo G\u00f3mez, al correr sobre el puente &hellip;","og_url":"https:\/\/marthacifuentes.com\/portada\/otro-joven-gravemente-herido-en-paro-en-bogota-se-cayo-de-un-puente-ante-represion-del-esmad\/","og_site_name":"\u25b7 Noticias de Casanare : Martha Cifuentes | Casanare","article_published_time":"2019-11-28T16:33:18+00:00","article_modified_time":"2019-11-28T16:37:05+00:00","og_image":[{"width":980,"height":528,"url":"https:\/\/marthacifuentes.com\/portada\/wp-content\/uploads\/2019\/11\/cristian-camilo-caicedo.jpeg","type":"image\/jpeg"}],"author":"Martha Cifuentes","twitter_card":"summary_large_image","twitter_misc":{"Escrito por":"Martha Cifuentes","Tiempo de lectura":"2 minutos"},"schema":{"@context":"https:\/\/schema.org","@graph":[{"@type":"WebPage","@id":"https:\/\/marthacifuentes.com\/portada\/otro-joven-gravemente-herido-en-paro-en-bogota-se-cayo-de-un-puente-ante-represion-del-esmad\/","url":"https:\/\/marthacifuentes.com\/portada\/otro-joven-gravemente-herido-en-paro-en-bogota-se-cayo-de-un-puente-ante-represion-del-esmad\/","name":"Otro joven gravemente herido en paro en Bogot\u00e1. Se cay\u00f3 de un puente ante represi\u00f3n del Esmad. - \u25b7 Noticias de Casanare : Martha Cifuentes | Casanare","isPartOf":{"@id":"https:\/\/marthacifuentes.com\/portada\/#website"},"primaryImageOfPage":{"@id":"https:\/\/marthacifuentes.com\/portada\/otro-joven-gravemente-herido-en-paro-en-bogota-se-cayo-de-un-puente-ante-represion-del-esmad\/#primaryimage"},"image":{"@id":"https:\/\/marthacifuentes.com\/portada\/otro-joven-gravemente-herido-en-paro-en-bogota-se-cayo-de-un-puente-ante-represion-del-esmad\/#primaryimage"},"thumbnailUrl":"https:\/\/marthacifuentes.com\/portada\/wp-content\/uploads\/2019\/11\/cristian-camilo-caicedo.jpeg","datePublished":"2019-11-28T16:33:18+00:00","dateModified":"2019-11-28T16:37:05+00:00","author":{"@id":"https:\/\/marthacifuentes.com\/portada\/#\/schema\/person\/57f53174b991db5f90ff78d58502b714"},"breadcrumb":{"@id":"https:\/\/marthacifuentes.com\/portada\/otro-joven-gravemente-herido-en-paro-en-bogota-se-cayo-de-un-puente-ante-represion-del-esmad\/#breadcrumb"},"inLanguage":"es","potentialAction":[{"@type":"ReadAction","target":["https:\/\/marthacifuentes.com\/portada\/otro-joven-gravemente-herido-en-paro-en-bogota-se-cayo-de-un-puente-ante-represion-del-esmad\/"]}]},{"@type":"ImageObject","inLanguage":"es","@id":"https:\/\/marthacifuentes.com\/portada\/otro-joven-gravemente-herido-en-paro-en-bogota-se-cayo-de-un-puente-ante-represion-del-esmad\/#primaryimage","url":"https:\/\/marthacifuentes.com\/portada\/wp-content\/uploads\/2019\/11\/cristian-camilo-caicedo.jpeg","contentUrl":"https:\/\/marthacifuentes.com\/portada\/wp-content\/uploads\/2019\/11\/cristian-camilo-caicedo.jpeg","width":980,"height":528},{"@type":"BreadcrumbList","@id":"https:\/\/marthacifuentes.com\/portada\/otro-joven-gravemente-herido-en-paro-en-bogota-se-cayo-de-un-puente-ante-represion-del-esmad\/#breadcrumb","itemListElement":[{"@type":"ListItem","position":1,"name":"Portada","item":"https:\/\/marthacifuentes.com\/portada\/"},{"@type":"ListItem","position":2,"name":"Otro joven gravemente herido en paro en Bogot\u00e1. Se cay\u00f3 de un puente ante represi\u00f3n del Esmad."}]},{"@type":"WebSite","@id":"https:\/\/marthacifuentes.com\/portada\/#website","url":"https:\/\/marthacifuentes.com\/portada\/","name":"\u25b7 Noticias de Casanare : Martha Cifuentes | Casanare","description":"Noticias &amp; Contenidos","potentialAction":[{"@type":"SearchAction","target":{"@type":"EntryPoint","urlTemplate":"https:\/\/marthacifuentes.com\/portada\/?s={search_term_string}"},"query-input":{"@type":"PropertyValueSpecification","valueRequired":true,"valueName":"search_term_string"}}],"inLanguage":"es"},{"@type":"Person","@id":"https:\/\/marthacifuentes.com\/portada\/#\/schema\/person\/57f53174b991db5f90ff78d58502b714","name":"Martha Cifuentes","image":{"@type":"ImageObject","inLanguage":"es","@id":"https:\/\/marthacifuentes.com\/portada\/#\/schema\/person\/image\/","url":"http:\/\/marthacifuentes.com\/portada\/wp-content\/uploads\/2018\/06\/avatar_user_2_1528838701-96x96.jpg","contentUrl":"http:\/\/marthacifuentes.com\/portada\/wp-content\/uploads\/2018\/06\/avatar_user_2_1528838701-96x96.jpg","caption":"Martha Cifuentes"},"sameAs":["http:\/\/www.marthacifuentes.com"],"url":"https:\/\/marthacifuentes.com\/portada\/author\/martha\/"}]}},"_links":{"self":[{"href":"https:\/\/marthacifuentes.com\/portada\/wp-json\/wp\/v2\/posts\/22651","targetHints":{"allow":["GET"]}}],"collection":[{"href":"https:\/\/marthacifuentes.com\/portada\/wp-json\/wp\/v2\/posts"}],"about":[{"href":"https:\/\/marthacifuentes.com\/portada\/wp-json\/wp\/v2\/types\/post"}],"author":[{"embeddable":true,"href":"https:\/\/marthacifuentes.com\/portada\/wp-json\/wp\/v2\/users\/2"}],"replies":[{"embeddable":true,"href":"https:\/\/marthacifuentes.com\/portada\/wp-json\/wp\/v2\/comments?post=22651"}],"version-history":[{"count":0,"href":"https:\/\/marthacifuentes.com\/portada\/wp-json\/wp\/v2\/posts\/22651\/revisions"}],"wp:featuredmedia":[{"embeddable":true,"href":"https:\/\/marthacifuentes.com\/portada\/wp-json\/wp\/v2\/media\/22652"}],"wp:attachment":[{"href":"https:\/\/marthacifuentes.com\/portada\/wp-json\/wp\/v2\/media?parent=22651"}],"wp:term":[{"taxonomy":"category","embeddable":true,"href":"https:\/\/marthacifuentes.com\/portada\/wp-json\/wp\/v2\/categories?post=22651"},{"taxonomy":"post_tag","embeddable":true,"href":"https:\/\/marthacifuentes.com\/portada\/wp-json\/wp\/v2\/tags?post=22651"}],"curies":[{"name":"wp","href":"https:\/\/api.w.org\/{rel}","templated":true}]}}