{"id":22723,"date":"2019-12-06T09:10:27","date_gmt":"2019-12-06T14:10:27","guid":{"rendered":"https:\/\/marthacifuentes.com\/portada\/?p=22723"},"modified":"2019-12-06T09:10:27","modified_gmt":"2019-12-06T14:10:27","slug":"este-fin-de-semana-yopal-esta-de-fiestas","status":"publish","type":"post","link":"https:\/\/marthacifuentes.com\/portada\/este-fin-de-semana-yopal-esta-de-fiestas\/","title":{"rendered":"Este fin de semana Yopal est\u00e1 de fiestas"},"content":{"rendered":"<p style=\"text-align: justify;\"><strong>Hoy arrancan las tradicionales festividades de Yopal bajo la denominaci\u00f3n Festival Cultural del Llano, las cuales se desarrollaran hasta el 8 de diciembre en el terreno aleda\u00f1o al complejo deportivo Los Hobos. En zona VIP la entrada costar\u00e1 50 mil pesos. <\/strong><\/p>\n<p style=\"text-align: justify;\">En las fiestas estar\u00e1n present\u00e1ndose artistas como Orlando \u2018cholo\u2019 Valderrama, Walter Silva, Paola Jara, Jessi Uribe, y artistas locales.<\/p>\n<p style=\"text-align: justify;\">Adem\u00e1s \u201cel acceso a esta celebraci\u00f3n va a ser totalmente gratis en la zona general, aunque vamos a tener una zona VIP con un valor de 50 mil pesos\u201d, aclar\u00f3 el director de Cultura Municipal, C\u00e9sar Tiberio Rinc\u00f3n.<\/p>\n<p style=\"text-align: justify;\">\u00a0\u201cQueremos que todos tengan un fin de semana alegre, que disfruten la m\u00fasica y el encuentro familiar e invitar a las personas que vienen a visitarnos a un espect\u00e1culo digno de la ciudad de Yopal\u201d, agreg\u00f3.<\/p>\n<p><strong><span style=\"font-size: 14pt;\">Otras noticias&#8230;<\/span><\/strong><\/p>\n<blockquote class=\"wp-embedded-content\" data-secret=\"2BiW9sw1f5\"><p><a href=\"https:\/\/marthacifuentes.com\/portada\/2019\/12\/06\/en-fiestas-decembrinas-se-aprobaria-creacion-de-empresa-de-servicio-de-alumbrado-publico-en-yopal\/\">En fiestas decembrinas se aprobar\u00eda creaci\u00f3n de empresa de servicio de alumbrado p\u00fablico en Yopal<\/a><\/p><\/blockquote>\n<p><iframe loading=\"lazy\" class=\"wp-embedded-content\" sandbox=\"allow-scripts\" security=\"restricted\" style=\"position: absolute; clip: rect(1px, 1px, 1px, 1px);\" title=\"\u00abEn fiestas decembrinas se aprobar\u00eda creaci\u00f3n de empresa de servicio de alumbrado p\u00fablico en Yopal\u00bb \u2014 \u25b7 Noticias de Casanare : Martha Cifuentes | Casanare\" src=\"https:\/\/marthacifuentes.com\/portada\/2019\/12\/06\/en-fiestas-decembrinas-se-aprobaria-creacion-de-empresa-de-servicio-de-alumbrado-publico-en-yopal\/embed\/#?secret=CX8ZtTfGpx#?secret=2BiW9sw1f5\" data-secret=\"2BiW9sw1f5\" width=\"500\" height=\"282\" frameborder=\"0\" marginwidth=\"0\" marginheight=\"0\" scrolling=\"no\"><\/iframe><\/p>\n<blockquote class=\"wp-embedded-content\" data-secret=\"51kMEMtThv\"><p><a href=\"https:\/\/marthacifuentes.com\/portada\/2019\/12\/05\/alarma-por-dengue-sigue-en-casanare\/\">Alarma por dengue\u00a0sigue en Casanare<\/a><\/p><\/blockquote>\n<p><iframe loading=\"lazy\" class=\"wp-embedded-content\" sandbox=\"allow-scripts\" security=\"restricted\" style=\"position: absolute; clip: rect(1px, 1px, 1px, 1px);\" title=\"\u00abAlarma por dengue\u00a0sigue en Casanare\u00bb \u2014 \u25b7 Noticias de Casanare : Martha Cifuentes | Casanare\" src=\"https:\/\/marthacifuentes.com\/portada\/2019\/12\/05\/alarma-por-dengue-sigue-en-casanare\/embed\/#?secret=IltGSSk4Vz#?secret=51kMEMtThv\" data-secret=\"51kMEMtThv\" width=\"500\" height=\"282\" frameborder=\"0\" marginwidth=\"0\" marginheight=\"0\" scrolling=\"no\"><\/iframe><\/p>\n<blockquote class=\"wp-embedded-content\" data-secret=\"XX4tBoQbLK\"><p><a href=\"https:\/\/marthacifuentes.com\/portada\/2019\/12\/05\/por-competencia-desleal-roa-flor-huila-denuncio-a-fedearroz-comites-de-arroceros-de-yopal-y-aguazul-ante-la-sic\/\">Por competencia desleal Roa Flor Huila denunci\u00f3 a Fedearroz, comit\u00e9s de arroceros de Yopal y Aguazul ante la SIC<\/a><\/p><\/blockquote>\n<p><iframe loading=\"lazy\" class=\"wp-embedded-content\" sandbox=\"allow-scripts\" security=\"restricted\" style=\"position: absolute; clip: rect(1px, 1px, 1px, 1px);\" title=\"\u00abPor competencia desleal Roa Flor Huila denunci\u00f3 a Fedearroz, comit\u00e9s de arroceros de Yopal y Aguazul ante la SIC\u00bb \u2014 \u25b7 Noticias de Casanare : Martha Cifuentes | Casanare\" src=\"https:\/\/marthacifuentes.com\/portada\/2019\/12\/05\/por-competencia-desleal-roa-flor-huila-denuncio-a-fedearroz-comites-de-arroceros-de-yopal-y-aguazul-ante-la-sic\/embed\/#?secret=MkcKn7zWVC#?secret=XX4tBoQbLK\" data-secret=\"XX4tBoQbLK\" width=\"500\" height=\"282\" frameborder=\"0\" marginwidth=\"0\" marginheight=\"0\" scrolling=\"no\"><\/iframe><\/p>\n<blockquote class=\"wp-embedded-content\" data-secret=\"TqsQi2tX1B\"><p><a href=\"https:\/\/marthacifuentes.com\/portada\/2019\/12\/05\/festival-de-la-salud-este-7-de-diciembre-en-yopal\/\">Festival de la Salud este 7 de diciembre en Yopal<\/a><\/p><\/blockquote>\n<p><iframe loading=\"lazy\" class=\"wp-embedded-content\" sandbox=\"allow-scripts\" security=\"restricted\" style=\"position: absolute; clip: rect(1px, 1px, 1px, 1px);\" title=\"\u00abFestival de la Salud este 7 de diciembre en Yopal\u00bb \u2014 \u25b7 Noticias de Casanare : Martha Cifuentes | Casanare\" src=\"https:\/\/marthacifuentes.com\/portada\/2019\/12\/05\/festival-de-la-salud-este-7-de-diciembre-en-yopal\/embed\/#?secret=NIbiCENflP#?secret=TqsQi2tX1B\" data-secret=\"TqsQi2tX1B\" width=\"500\" height=\"282\" frameborder=\"0\" marginwidth=\"0\" marginheight=\"0\" scrolling=\"no\"><\/iframe><\/p>\n<blockquote class=\"wp-embedded-content\" data-secret=\"LBjNWcBVIw\"><p><a href=\"https:\/\/marthacifuentes.com\/portada\/2019\/12\/04\/modificacion-de-regalias-producto-de-la-presion-social\/\">Modificaci\u00f3n de regal\u00edas, producto de la presi\u00f3n social<\/a><\/p><\/blockquote>\n<p><iframe loading=\"lazy\" class=\"wp-embedded-content\" sandbox=\"allow-scripts\" security=\"restricted\" style=\"position: absolute; clip: rect(1px, 1px, 1px, 1px);\" title=\"\u00abModificaci\u00f3n de regal\u00edas, producto de la presi\u00f3n social\u00bb \u2014 \u25b7 Noticias de Casanare : Martha Cifuentes | Casanare\" src=\"https:\/\/marthacifuentes.com\/portada\/2019\/12\/04\/modificacion-de-regalias-producto-de-la-presion-social\/embed\/#?secret=GOhZ7mV4uj#?secret=LBjNWcBVIw\" data-secret=\"LBjNWcBVIw\" width=\"500\" height=\"282\" frameborder=\"0\" marginwidth=\"0\" marginheight=\"0\" scrolling=\"no\"><\/iframe><\/p>\n<blockquote class=\"wp-embedded-content\" data-secret=\"JDkIoAgg5D\"><p><a href=\"https:\/\/marthacifuentes.com\/portada\/2019\/12\/04\/los-mejores-colegios-publicos-y-privados-de-casanare-2019\/\">Los mejores colegios p\u00fablicos y privados de Casanare 2019<\/a><\/p><\/blockquote>\n<p><iframe loading=\"lazy\" class=\"wp-embedded-content\" sandbox=\"allow-scripts\" security=\"restricted\" style=\"position: absolute; clip: rect(1px, 1px, 1px, 1px);\" title=\"\u00abLos mejores colegios p\u00fablicos y privados de Casanare 2019\u00bb \u2014 \u25b7 Noticias de Casanare : Martha Cifuentes | Casanare\" src=\"https:\/\/marthacifuentes.com\/portada\/2019\/12\/04\/los-mejores-colegios-publicos-y-privados-de-casanare-2019\/embed\/#?secret=wHHvEiFoMV#?secret=JDkIoAgg5D\" data-secret=\"JDkIoAgg5D\" width=\"500\" height=\"282\" frameborder=\"0\" marginwidth=\"0\" marginheight=\"0\" scrolling=\"no\"><\/iframe><\/p>\n<p><a href=\"https:\/\/marthacifuentes.com\/espfeminicidio\/\"><img decoding=\"async\" src=\"https:\/\/marthacifuentes.com\/portada\/wp-content\/uploads\/2019\/11\/WhatsApp-Image-2019-11-27-at-11.37.33-AM.jpeg\" alt=\"WhatsApp Image 2019-11-27 at 11.37.33 AM\" \/><\/a><\/p>\n<p>&nbsp;<\/p>\n<p style=\"text-align: justify;\">\n<p style=\"text-align: justify;\">\n","protected":false},"excerpt":{"rendered":"<p>Hoy arrancan las tradicionales festividades de Yopal bajo la denominaci\u00f3n Festival Cultural del Llano, las cuales se desarrollaran hasta el 8 de diciembre en el terreno aleda\u00f1o al complejo deportivo Los Hobos. En zona VIP la entrada costar\u00e1 50 mil pesos. En las fiestas estar\u00e1n present\u00e1ndose artistas como Orlando \u2018cholo\u2019 Valderrama, Walter Silva, Paola Jara, &hellip;<\/p>\n","protected":false},"author":2,"featured_media":22724,"comment_status":"open","ping_status":"open","sticky":false,"template":"","format":"standard","meta":{"om_disable_all_campaigns":false,"_exactmetrics_skip_tracking":false,"_exactmetrics_sitenote_active":false,"_exactmetrics_sitenote_note":"","_exactmetrics_sitenote_category":0,"_monsterinsights_skip_tracking":false,"_monsterinsights_sitenote_active":false,"_monsterinsights_sitenote_note":"","_monsterinsights_sitenote_category":0,"_uf_show_specific_survey":0,"_uf_disable_surveys":false,"_joinchat":[],"footnotes":""},"categories":[147,146,145],"tags":[3940,3939,3938,1374],"class_list":["post-22723","post","type-post","status-publish","format-standard","has-post-thumbnail","hentry","category-actualidad","category-noticias","category-reportajes","tag-alcaldia-de-yopal-y-festividades","tag-festival-cultural-del-llano","tag-festividades-de-yopal","tag-noticias-de-yopal"],"yoast_head":"<!-- This site is optimized with the Yoast SEO plugin v26.1 - https:\/\/yoast.com\/wordpress\/plugins\/seo\/ -->\n<title>Este fin de semana Yopal est\u00e1 de fiestas - \u25b7 Noticias de Casanare : Martha Cifuentes | Casanare<\/title>\n<meta name=\"robots\" content=\"index, follow, max-snippet:-1, max-image-preview:large, max-video-preview:-1\" \/>\n<link rel=\"canonical\" href=\"https:\/\/marthacifuentes.com\/portada\/este-fin-de-semana-yopal-esta-de-fiestas\/\" \/>\n<meta property=\"og:locale\" content=\"es_ES\" \/>\n<meta property=\"og:type\" content=\"article\" \/>\n<meta property=\"og:title\" content=\"Este fin de semana Yopal est\u00e1 de fiestas - \u25b7 Noticias de Casanare : Martha Cifuentes | Casanare\" \/>\n<meta property=\"og:description\" content=\"Hoy arrancan las tradicionales festividades de Yopal bajo la denominaci\u00f3n Festival Cultural del Llano, las cuales se desarrollaran hasta el 8 de diciembre en el terreno aleda\u00f1o al complejo deportivo Los Hobos. En zona VIP la entrada costar\u00e1 50 mil pesos. En las fiestas estar\u00e1n present\u00e1ndose artistas como Orlando \u2018cholo\u2019 Valderrama, Walter Silva, Paola Jara, &hellip;\" \/>\n<meta property=\"og:url\" content=\"https:\/\/marthacifuentes.com\/portada\/este-fin-de-semana-yopal-esta-de-fiestas\/\" \/>\n<meta property=\"og:site_name\" content=\"\u25b7 Noticias de Casanare : Martha Cifuentes | Casanare\" \/>\n<meta property=\"article:published_time\" content=\"2019-12-06T14:10:27+00:00\" \/>\n<meta property=\"og:image\" content=\"https:\/\/marthacifuentes.com\/portada\/wp-content\/uploads\/2019\/12\/fiestas-y-progr.jpg\" \/>\n\t<meta property=\"og:image:width\" content=\"1280\" \/>\n\t<meta property=\"og:image:height\" content=\"840\" \/>\n\t<meta property=\"og:image:type\" content=\"image\/jpeg\" \/>\n<meta name=\"author\" content=\"Martha Cifuentes\" \/>\n<meta name=\"twitter:card\" content=\"summary_large_image\" \/>\n<meta name=\"twitter:label1\" content=\"Escrito por\" \/>\n\t<meta name=\"twitter:data1\" content=\"Martha Cifuentes\" \/>\n\t<meta name=\"twitter:label2\" content=\"Tiempo de lectura\" \/>\n\t<meta name=\"twitter:data2\" content=\"1 minuto\" \/>\n<script type=\"application\/ld+json\" class=\"yoast-schema-graph\">{\"@context\":\"https:\/\/schema.org\",\"@graph\":[{\"@type\":\"WebPage\",\"@id\":\"https:\/\/marthacifuentes.com\/portada\/este-fin-de-semana-yopal-esta-de-fiestas\/\",\"url\":\"https:\/\/marthacifuentes.com\/portada\/este-fin-de-semana-yopal-esta-de-fiestas\/\",\"name\":\"Este fin de semana Yopal est\u00e1 de fiestas - \u25b7 Noticias de Casanare : Martha Cifuentes | Casanare\",\"isPartOf\":{\"@id\":\"https:\/\/marthacifuentes.com\/portada\/#website\"},\"primaryImageOfPage\":{\"@id\":\"https:\/\/marthacifuentes.com\/portada\/este-fin-de-semana-yopal-esta-de-fiestas\/#primaryimage\"},\"image\":{\"@id\":\"https:\/\/marthacifuentes.com\/portada\/este-fin-de-semana-yopal-esta-de-fiestas\/#primaryimage\"},\"thumbnailUrl\":\"https:\/\/marthacifuentes.com\/portada\/wp-content\/uploads\/2019\/12\/fiestas-y-progr.jpg\",\"datePublished\":\"2019-12-06T14:10:27+00:00\",\"author\":{\"@id\":\"https:\/\/marthacifuentes.com\/portada\/#\/schema\/person\/57f53174b991db5f90ff78d58502b714\"},\"breadcrumb\":{\"@id\":\"https:\/\/marthacifuentes.com\/portada\/este-fin-de-semana-yopal-esta-de-fiestas\/#breadcrumb\"},\"inLanguage\":\"es\",\"potentialAction\":[{\"@type\":\"ReadAction\",\"target\":[\"https:\/\/marthacifuentes.com\/portada\/este-fin-de-semana-yopal-esta-de-fiestas\/\"]}]},{\"@type\":\"ImageObject\",\"inLanguage\":\"es\",\"@id\":\"https:\/\/marthacifuentes.com\/portada\/este-fin-de-semana-yopal-esta-de-fiestas\/#primaryimage\",\"url\":\"https:\/\/marthacifuentes.com\/portada\/wp-content\/uploads\/2019\/12\/fiestas-y-progr.jpg\",\"contentUrl\":\"https:\/\/marthacifuentes.com\/portada\/wp-content\/uploads\/2019\/12\/fiestas-y-progr.jpg\",\"width\":1280,\"height\":840},{\"@type\":\"BreadcrumbList\",\"@id\":\"https:\/\/marthacifuentes.com\/portada\/este-fin-de-semana-yopal-esta-de-fiestas\/#breadcrumb\",\"itemListElement\":[{\"@type\":\"ListItem\",\"position\":1,\"name\":\"Portada\",\"item\":\"https:\/\/marthacifuentes.com\/portada\/\"},{\"@type\":\"ListItem\",\"position\":2,\"name\":\"Este fin de semana Yopal est\u00e1 de fiestas\"}]},{\"@type\":\"WebSite\",\"@id\":\"https:\/\/marthacifuentes.com\/portada\/#website\",\"url\":\"https:\/\/marthacifuentes.com\/portada\/\",\"name\":\"\u25b7 Noticias de Casanare : Martha Cifuentes | Casanare\",\"description\":\"Noticias &amp; Contenidos\",\"potentialAction\":[{\"@type\":\"SearchAction\",\"target\":{\"@type\":\"EntryPoint\",\"urlTemplate\":\"https:\/\/marthacifuentes.com\/portada\/?s={search_term_string}\"},\"query-input\":{\"@type\":\"PropertyValueSpecification\",\"valueRequired\":true,\"valueName\":\"search_term_string\"}}],\"inLanguage\":\"es\"},{\"@type\":\"Person\",\"@id\":\"https:\/\/marthacifuentes.com\/portada\/#\/schema\/person\/57f53174b991db5f90ff78d58502b714\",\"name\":\"Martha Cifuentes\",\"image\":{\"@type\":\"ImageObject\",\"inLanguage\":\"es\",\"@id\":\"https:\/\/marthacifuentes.com\/portada\/#\/schema\/person\/image\/\",\"url\":\"http:\/\/marthacifuentes.com\/portada\/wp-content\/uploads\/2018\/06\/avatar_user_2_1528838701-96x96.jpg\",\"contentUrl\":\"http:\/\/marthacifuentes.com\/portada\/wp-content\/uploads\/2018\/06\/avatar_user_2_1528838701-96x96.jpg\",\"caption\":\"Martha Cifuentes\"},\"sameAs\":[\"http:\/\/www.marthacifuentes.com\"],\"url\":\"https:\/\/marthacifuentes.com\/portada\/author\/martha\/\"}]}<\/script>\n<!-- \/ Yoast SEO plugin. -->","yoast_head_json":{"title":"Este fin de semana Yopal est\u00e1 de fiestas - \u25b7 Noticias de Casanare : Martha Cifuentes | Casanare","robots":{"index":"index","follow":"follow","max-snippet":"max-snippet:-1","max-image-preview":"max-image-preview:large","max-video-preview":"max-video-preview:-1"},"canonical":"https:\/\/marthacifuentes.com\/portada\/este-fin-de-semana-yopal-esta-de-fiestas\/","og_locale":"es_ES","og_type":"article","og_title":"Este fin de semana Yopal est\u00e1 de fiestas - \u25b7 Noticias de Casanare : Martha Cifuentes | Casanare","og_description":"Hoy arrancan las tradicionales festividades de Yopal bajo la denominaci\u00f3n Festival Cultural del Llano, las cuales se desarrollaran hasta el 8 de diciembre en el terreno aleda\u00f1o al complejo deportivo Los Hobos. En zona VIP la entrada costar\u00e1 50 mil pesos. En las fiestas estar\u00e1n present\u00e1ndose artistas como Orlando \u2018cholo\u2019 Valderrama, Walter Silva, Paola Jara, &hellip;","og_url":"https:\/\/marthacifuentes.com\/portada\/este-fin-de-semana-yopal-esta-de-fiestas\/","og_site_name":"\u25b7 Noticias de Casanare : Martha Cifuentes | Casanare","article_published_time":"2019-12-06T14:10:27+00:00","og_image":[{"width":1280,"height":840,"url":"https:\/\/marthacifuentes.com\/portada\/wp-content\/uploads\/2019\/12\/fiestas-y-progr.jpg","type":"image\/jpeg"}],"author":"Martha Cifuentes","twitter_card":"summary_large_image","twitter_misc":{"Escrito por":"Martha Cifuentes","Tiempo de lectura":"1 minuto"},"schema":{"@context":"https:\/\/schema.org","@graph":[{"@type":"WebPage","@id":"https:\/\/marthacifuentes.com\/portada\/este-fin-de-semana-yopal-esta-de-fiestas\/","url":"https:\/\/marthacifuentes.com\/portada\/este-fin-de-semana-yopal-esta-de-fiestas\/","name":"Este fin de semana Yopal est\u00e1 de fiestas - \u25b7 Noticias de Casanare : Martha Cifuentes | Casanare","isPartOf":{"@id":"https:\/\/marthacifuentes.com\/portada\/#website"},"primaryImageOfPage":{"@id":"https:\/\/marthacifuentes.com\/portada\/este-fin-de-semana-yopal-esta-de-fiestas\/#primaryimage"},"image":{"@id":"https:\/\/marthacifuentes.com\/portada\/este-fin-de-semana-yopal-esta-de-fiestas\/#primaryimage"},"thumbnailUrl":"https:\/\/marthacifuentes.com\/portada\/wp-content\/uploads\/2019\/12\/fiestas-y-progr.jpg","datePublished":"2019-12-06T14:10:27+00:00","author":{"@id":"https:\/\/marthacifuentes.com\/portada\/#\/schema\/person\/57f53174b991db5f90ff78d58502b714"},"breadcrumb":{"@id":"https:\/\/marthacifuentes.com\/portada\/este-fin-de-semana-yopal-esta-de-fiestas\/#breadcrumb"},"inLanguage":"es","potentialAction":[{"@type":"ReadAction","target":["https:\/\/marthacifuentes.com\/portada\/este-fin-de-semana-yopal-esta-de-fiestas\/"]}]},{"@type":"ImageObject","inLanguage":"es","@id":"https:\/\/marthacifuentes.com\/portada\/este-fin-de-semana-yopal-esta-de-fiestas\/#primaryimage","url":"https:\/\/marthacifuentes.com\/portada\/wp-content\/uploads\/2019\/12\/fiestas-y-progr.jpg","contentUrl":"https:\/\/marthacifuentes.com\/portada\/wp-content\/uploads\/2019\/12\/fiestas-y-progr.jpg","width":1280,"height":840},{"@type":"BreadcrumbList","@id":"https:\/\/marthacifuentes.com\/portada\/este-fin-de-semana-yopal-esta-de-fiestas\/#breadcrumb","itemListElement":[{"@type":"ListItem","position":1,"name":"Portada","item":"https:\/\/marthacifuentes.com\/portada\/"},{"@type":"ListItem","position":2,"name":"Este fin de semana Yopal est\u00e1 de fiestas"}]},{"@type":"WebSite","@id":"https:\/\/marthacifuentes.com\/portada\/#website","url":"https:\/\/marthacifuentes.com\/portada\/","name":"\u25b7 Noticias de Casanare : Martha Cifuentes | Casanare","description":"Noticias &amp; Contenidos","potentialAction":[{"@type":"SearchAction","target":{"@type":"EntryPoint","urlTemplate":"https:\/\/marthacifuentes.com\/portada\/?s={search_term_string}"},"query-input":{"@type":"PropertyValueSpecification","valueRequired":true,"valueName":"search_term_string"}}],"inLanguage":"es"},{"@type":"Person","@id":"https:\/\/marthacifuentes.com\/portada\/#\/schema\/person\/57f53174b991db5f90ff78d58502b714","name":"Martha Cifuentes","image":{"@type":"ImageObject","inLanguage":"es","@id":"https:\/\/marthacifuentes.com\/portada\/#\/schema\/person\/image\/","url":"http:\/\/marthacifuentes.com\/portada\/wp-content\/uploads\/2018\/06\/avatar_user_2_1528838701-96x96.jpg","contentUrl":"http:\/\/marthacifuentes.com\/portada\/wp-content\/uploads\/2018\/06\/avatar_user_2_1528838701-96x96.jpg","caption":"Martha Cifuentes"},"sameAs":["http:\/\/www.marthacifuentes.com"],"url":"https:\/\/marthacifuentes.com\/portada\/author\/martha\/"}]}},"_links":{"self":[{"href":"https:\/\/marthacifuentes.com\/portada\/wp-json\/wp\/v2\/posts\/22723","targetHints":{"allow":["GET"]}}],"collection":[{"href":"https:\/\/marthacifuentes.com\/portada\/wp-json\/wp\/v2\/posts"}],"about":[{"href":"https:\/\/marthacifuentes.com\/portada\/wp-json\/wp\/v2\/types\/post"}],"author":[{"embeddable":true,"href":"https:\/\/marthacifuentes.com\/portada\/wp-json\/wp\/v2\/users\/2"}],"replies":[{"embeddable":true,"href":"https:\/\/marthacifuentes.com\/portada\/wp-json\/wp\/v2\/comments?post=22723"}],"version-history":[{"count":0,"href":"https:\/\/marthacifuentes.com\/portada\/wp-json\/wp\/v2\/posts\/22723\/revisions"}],"wp:featuredmedia":[{"embeddable":true,"href":"https:\/\/marthacifuentes.com\/portada\/wp-json\/wp\/v2\/media\/22724"}],"wp:attachment":[{"href":"https:\/\/marthacifuentes.com\/portada\/wp-json\/wp\/v2\/media?parent=22723"}],"wp:term":[{"taxonomy":"category","embeddable":true,"href":"https:\/\/marthacifuentes.com\/portada\/wp-json\/wp\/v2\/categories?post=22723"},{"taxonomy":"post_tag","embeddable":true,"href":"https:\/\/marthacifuentes.com\/portada\/wp-json\/wp\/v2\/tags?post=22723"}],"curies":[{"name":"wp","href":"https:\/\/api.w.org\/{rel}","templated":true}]}}