{"id":22735,"date":"2019-12-10T09:36:16","date_gmt":"2019-12-10T14:36:16","guid":{"rendered":"https:\/\/marthacifuentes.com\/portada\/?p=22735"},"modified":"2019-12-10T10:53:36","modified_gmt":"2019-12-10T15:53:36","slug":"a-leo-el-concejo-le-dijo-que-no-a-su-empresa-de-alumbrado-publico-en-yopal","status":"publish","type":"post","link":"https:\/\/marthacifuentes.com\/portada\/a-leo-el-concejo-le-dijo-que-no-a-su-empresa-de-alumbrado-publico-en-yopal\/","title":{"rendered":"A Leo el Concejo le dijo que NO a su empresa de alumbrado p\u00fablico en Yopal"},"content":{"rendered":"<p style=\"text-align: justify;\"><strong>La autorizaci\u00f3n para crear una empresa de servicios p\u00fablicos para manejar el servicio de alumbrado p\u00fablico en Yopal fue negada por el Concejo al alcalde Leonardo Puentes. Dudas sobre su implementaci\u00f3n, posibles accionistas, nombramiento de personal y af\u00e1n de creaci\u00f3n, motivos del hundimiento.<\/strong><\/p>\n<p style=\"text-align: justify;\">Con 9 votos negativos los concejales Jos\u00e9 Luis Avenda\u00f1o, Fabio Castro, Epaminondas C\u00f3rdoba, Juli\u00e1n Fonseca, Heyder Silva, Alexander Garc\u00eda, Juan Vicente Nieves, Cristian Rodrigo P\u00e9rez y Fabio Su\u00e1rez, dieron al traste con el proyecto de acuerdo que pretend\u00eda dar vida a una empresa de Servicios P\u00fablicos, tipo Sociedad de Activos Simplificada, SAS, para prestar el servicio de alumbrado p\u00fablico como servicio inherente al servicio p\u00fablico de energ\u00eda.<\/p>\n<p style=\"text-align: justify;\">Aunque el ponente del proyecto, el concejal Edwin Ram\u00edrez, defendi\u00f3 la iniciativa argumentando que esta ser\u00eda una empresa 100% p\u00fablica dedicada a fortalecer el alumbrado p\u00fablico, y que mediante su objeto social de generaci\u00f3n, compra y comercializaci\u00f3n de energ\u00eda el\u00e9ctrica, se podr\u00eda lograr reducir tarifas para que usuarios no regulados se suscribieran a la misma, no logr\u00f3 convencer a la mayor\u00eda de sus hom\u00f3logos.<\/p>\n<p style=\"text-align: justify;\">El concejal Cristian Rodrigo P\u00e9rez argument\u00f3 que la compra y venta de energ\u00eda directamente por la nueva empresa no garantiza disminuci\u00f3n del precio porque esto obedece a otros factores como precios en bolsa, sequ\u00edas y compras anticipadas de futuros, entre otros factores.<\/p>\n<p style=\"text-align: justify;\">Igualmente dijo que por razones de conveniencia su voto fue negativo. Argument\u00f3 que se pretend\u00eda dar facultades al alcalde para constituir la sociedad y crear los estatutos de la empresa desconociendo al Concejo para ello (anteriormente se hab\u00eda aprobado as\u00ed en la autorizaci\u00f3n para la EICE Ceiba y esto fue un error). Tambi\u00e9n expres\u00f3 que con ese acuerdo se facultaba al alcalde para emitir actos administrativos que pod\u00edan incluir concesiones, b\u00fasqueda de aliados estrat\u00e9gicos o asociarse con otra empresa o un particular, sin que mediara la intervenci\u00f3n del Concejo.<\/p>\n<p style=\"text-align: justify;\">Y agreg\u00f3 que no estaba de acuerdo con que se facultara al alcalde a entregar los activos de la empresa como considere oportuno, sin mediaci\u00f3n del concejo, o expedir los actos administrativos que garantizaran la cesi\u00f3n de las transferencias del recaudo del impuesto de alumbrado p\u00fablico ya que el Tribunal Administrativo de Casanare ya se pronunci\u00f3 frente a esto y lo deslegitim\u00f3. (Esto ya hab\u00eda ocurrido con las facultades para crear Ceiba).<\/p>\n<p style=\"text-align: justify;\">Mientras tanto el concejal Juan Vicente Nieves dijo que este proyecto es sospechoso donde se evidencia que hay mucho af\u00e1n en crear una empresa a menos de 20 d\u00edas de finalizar el gobierno, y sin que se haya terminado con la EICE Ceiba. Tambi\u00e9n dijo que siempre el servicio de alumbrado p\u00fablico ha generado mucho inter\u00e9s de los gobernantes para su concesi\u00f3n o creaci\u00f3n de empresas p\u00fablicas que los manejen, cuando ese servicio lo pod\u00eda manejar la Alcald\u00eda. Sugiri\u00f3 que se entregue el servicio de alumbrado a la Eaaay y as\u00ed se fortalecer\u00eda esta empresa.<\/p>\n<p style=\"text-align: justify;\">El concejal Fabio Su\u00e1rez tambi\u00e9n cuestion\u00f3 el proyecto de acuerdo y lo vot\u00f3 negativamente en raz\u00f3n a supuestos vac\u00edos jur\u00eddicos de la creaci\u00f3n de una empresa en la que pr\u00e1cticamente se le dan amplios poderes al alcalde de turno para que constituya e implemente la empresa, sin que el Concejo pueda intervenir posteriormente.<\/p>\n<p>&nbsp;<\/p>\n<p style=\"text-align: justify;\"><strong>Qu\u00e9 dijo Leonardo Puentes<\/strong><\/p>\n<p style=\"text-align: justify;\">El mandatario yopale\u00f1o Leonardo Puentes expres\u00f3 en su perfil de Facebook, que aceptaba y en el fondo celebraba que el Concejo hubiera negado y archivado el proyecto de la creaci\u00f3n de las empresas p\u00fablicas de Alumbrado y Terminal de Transportes.<\/p>\n<p style=\"text-align: justify;\">Resalt\u00f3 que su compromiso fue acabar Ceiba y esta empresa ya est\u00e1 en etapa de liquidaci\u00f3n, por tanto cumpli\u00f3 con su promesa de campa\u00f1a, recuperando los activos para el municipio.<\/p>\n<p>&nbsp;<\/p>\n<p style=\"text-align: justify;\"><strong>Qu\u00e9 dice equipo de Luis Eduardo Castro, alcalde electo de Yopal<\/strong><\/p>\n<p style=\"text-align: justify;\">El exgerente de la campa\u00f1a de Luis Eduardo Castro, Braulio Castelblanco dijo que los concejales de Yopal tal vez no hab\u00edan entendido las implicaciones de la creaci\u00f3n de la Empresa de Servicios P\u00fablicos SAS para administrar el servicio de alumbrado p\u00fablico y solicit\u00f3 que el alcalde Leonardo Puentes presentara nuevamente la iniciativa en las sesiones extraordinarias que se convocar\u00edan para esta semana, donde se explicara que se trata de una empresa 100% p\u00fablica y que esto permitir\u00eda ser m\u00e1s eficientes en su manejo.<\/p>\n<p><span style=\"font-size: 14pt;\"><strong>Otras noticias&#8230;<\/strong><\/span><\/p>\n<p><a href=\"https:\/\/marthacifuentes.com\/espfeminicidio\/\"><img decoding=\"async\" src=\"https:\/\/marthacifuentes.com\/portada\/wp-content\/uploads\/2019\/11\/WhatsApp-Image-2019-11-27-at-11.37.33-AM.jpeg\" alt=\"WhatsApp Image 2019-11-27 at 11.37.33 AM\" \/><\/a><\/p>\n<blockquote class=\"wp-embedded-content\" data-secret=\"yjRWHc353j\"><p><a href=\"https:\/\/marthacifuentes.com\/portada\/2019\/12\/06\/en-fiestas-decembrinas-se-aprobaria-creacion-de-empresa-de-servicio-de-alumbrado-publico-en-yopal\/\">En fiestas decembrinas se aprobar\u00eda creaci\u00f3n de empresa de servicio de alumbrado p\u00fablico en Yopal<\/a><\/p><\/blockquote>\n<p><iframe loading=\"lazy\" class=\"wp-embedded-content\" sandbox=\"allow-scripts\" security=\"restricted\" style=\"position: absolute; clip: rect(1px, 1px, 1px, 1px);\" title=\"\u00abEn fiestas decembrinas se aprobar\u00eda creaci\u00f3n de empresa de servicio de alumbrado p\u00fablico en Yopal\u00bb \u2014 \u25b7 Noticias de Casanare : Martha Cifuentes | Casanare\" src=\"https:\/\/marthacifuentes.com\/portada\/2019\/12\/06\/en-fiestas-decembrinas-se-aprobaria-creacion-de-empresa-de-servicio-de-alumbrado-publico-en-yopal\/embed\/#?secret=pJtfTk25Ij#?secret=yjRWHc353j\" data-secret=\"yjRWHc353j\" width=\"500\" height=\"282\" frameborder=\"0\" marginwidth=\"0\" marginheight=\"0\" scrolling=\"no\"><\/iframe><\/p>\n<blockquote class=\"wp-embedded-content\" data-secret=\"JKlF2KNQK9\"><p><a href=\"https:\/\/marthacifuentes.com\/portada\/2019\/12\/05\/alarma-por-dengue-sigue-en-casanare\/\">Alarma por dengue\u00a0sigue en Casanare<\/a><\/p><\/blockquote>\n<p><iframe loading=\"lazy\" class=\"wp-embedded-content\" sandbox=\"allow-scripts\" security=\"restricted\" style=\"position: absolute; clip: rect(1px, 1px, 1px, 1px);\" title=\"\u00abAlarma por dengue\u00a0sigue en Casanare\u00bb \u2014 \u25b7 Noticias de Casanare : Martha Cifuentes | Casanare\" src=\"https:\/\/marthacifuentes.com\/portada\/2019\/12\/05\/alarma-por-dengue-sigue-en-casanare\/embed\/#?secret=I1V3WmJnub#?secret=JKlF2KNQK9\" data-secret=\"JKlF2KNQK9\" width=\"500\" height=\"282\" frameborder=\"0\" marginwidth=\"0\" marginheight=\"0\" scrolling=\"no\"><\/iframe><\/p>\n<p>&nbsp;<\/p>\n<p>&nbsp;<\/p>\n<p>&nbsp;<\/p>\n<p style=\"text-align: justify;\">\n","protected":false},"excerpt":{"rendered":"<p>La autorizaci\u00f3n para crear una empresa de servicios p\u00fablicos para manejar el servicio de alumbrado p\u00fablico en Yopal fue negada por el Concejo al alcalde Leonardo Puentes. Dudas sobre su implementaci\u00f3n, posibles accionistas, nombramiento de personal y af\u00e1n de creaci\u00f3n, motivos del hundimiento. Con 9 votos negativos los concejales Jos\u00e9 Luis Avenda\u00f1o, Fabio Castro, Epaminondas &hellip;<\/p>\n","protected":false},"author":2,"featured_media":22736,"comment_status":"open","ping_status":"open","sticky":false,"template":"","format":"standard","meta":{"om_disable_all_campaigns":false,"_exactmetrics_skip_tracking":false,"_exactmetrics_sitenote_active":false,"_exactmetrics_sitenote_note":"","_exactmetrics_sitenote_category":0,"_monsterinsights_skip_tracking":false,"_monsterinsights_sitenote_active":false,"_monsterinsights_sitenote_note":"","_monsterinsights_sitenote_category":0,"_uf_show_specific_survey":0,"_uf_disable_surveys":false,"_joinchat":[],"footnotes":""},"categories":[147,146,145],"tags":[1420,3946,3944,785,157,3945],"class_list":["post-22735","post","type-post","status-publish","format-standard","has-post-thumbnail","hentry","category-actualidad","category-noticias","category-reportajes","tag-alcalde-leonardo-puentes","tag-concejo-nego-creacion-de-empresa-de-alumbrado-publico","tag-negado-proyecto-de-acuerdo-que-creaba-empresa-de-servicio-de-alumbrado-publico","tag-rodrigo-perez","tag-yopal","tag-yopal-alumbrado-publico-empresa-s-p-sas"],"yoast_head":"<!-- This site is optimized with the Yoast SEO plugin v26.1 - https:\/\/yoast.com\/wordpress\/plugins\/seo\/ -->\n<title>A Leo el Concejo le dijo que NO a su empresa de alumbrado p\u00fablico en Yopal - \u25b7 Noticias de Casanare : Martha Cifuentes | Casanare<\/title>\n<meta name=\"robots\" content=\"index, follow, max-snippet:-1, max-image-preview:large, max-video-preview:-1\" \/>\n<link rel=\"canonical\" href=\"https:\/\/marthacifuentes.com\/portada\/a-leo-el-concejo-le-dijo-que-no-a-su-empresa-de-alumbrado-publico-en-yopal\/\" \/>\n<meta property=\"og:locale\" content=\"es_ES\" \/>\n<meta property=\"og:type\" content=\"article\" \/>\n<meta property=\"og:title\" content=\"A Leo el Concejo le dijo que NO a su empresa de alumbrado p\u00fablico en Yopal - \u25b7 Noticias de Casanare : Martha Cifuentes | Casanare\" \/>\n<meta property=\"og:description\" content=\"La autorizaci\u00f3n para crear una empresa de servicios p\u00fablicos para manejar el servicio de alumbrado p\u00fablico en Yopal fue negada por el Concejo al alcalde Leonardo Puentes. Dudas sobre su implementaci\u00f3n, posibles accionistas, nombramiento de personal y af\u00e1n de creaci\u00f3n, motivos del hundimiento. Con 9 votos negativos los concejales Jos\u00e9 Luis Avenda\u00f1o, Fabio Castro, Epaminondas &hellip;\" \/>\n<meta property=\"og:url\" content=\"https:\/\/marthacifuentes.com\/portada\/a-leo-el-concejo-le-dijo-que-no-a-su-empresa-de-alumbrado-publico-en-yopal\/\" \/>\n<meta property=\"og:site_name\" content=\"\u25b7 Noticias de Casanare : Martha Cifuentes | Casanare\" \/>\n<meta property=\"article:published_time\" content=\"2019-12-10T14:36:16+00:00\" \/>\n<meta property=\"article:modified_time\" content=\"2019-12-10T15:53:36+00:00\" \/>\n<meta property=\"og:image\" content=\"https:\/\/marthacifuentes.com\/portada\/wp-content\/uploads\/2019\/12\/79686064_1184421481757267_5288260753298554880_o.jpg\" \/>\n\t<meta property=\"og:image:width\" content=\"1280\" \/>\n\t<meta property=\"og:image:height\" content=\"960\" \/>\n\t<meta property=\"og:image:type\" content=\"image\/jpeg\" \/>\n<meta name=\"author\" content=\"Martha Cifuentes\" \/>\n<meta name=\"twitter:card\" content=\"summary_large_image\" \/>\n<meta name=\"twitter:label1\" content=\"Escrito por\" \/>\n\t<meta name=\"twitter:data1\" content=\"Martha Cifuentes\" \/>\n\t<meta name=\"twitter:label2\" content=\"Tiempo de lectura\" \/>\n\t<meta name=\"twitter:data2\" content=\"4 minutos\" \/>\n<script type=\"application\/ld+json\" class=\"yoast-schema-graph\">{\"@context\":\"https:\/\/schema.org\",\"@graph\":[{\"@type\":\"WebPage\",\"@id\":\"https:\/\/marthacifuentes.com\/portada\/a-leo-el-concejo-le-dijo-que-no-a-su-empresa-de-alumbrado-publico-en-yopal\/\",\"url\":\"https:\/\/marthacifuentes.com\/portada\/a-leo-el-concejo-le-dijo-que-no-a-su-empresa-de-alumbrado-publico-en-yopal\/\",\"name\":\"A Leo el Concejo le dijo que NO a su empresa de alumbrado p\u00fablico en Yopal - \u25b7 Noticias de Casanare : Martha Cifuentes | Casanare\",\"isPartOf\":{\"@id\":\"https:\/\/marthacifuentes.com\/portada\/#website\"},\"primaryImageOfPage\":{\"@id\":\"https:\/\/marthacifuentes.com\/portada\/a-leo-el-concejo-le-dijo-que-no-a-su-empresa-de-alumbrado-publico-en-yopal\/#primaryimage\"},\"image\":{\"@id\":\"https:\/\/marthacifuentes.com\/portada\/a-leo-el-concejo-le-dijo-que-no-a-su-empresa-de-alumbrado-publico-en-yopal\/#primaryimage\"},\"thumbnailUrl\":\"https:\/\/marthacifuentes.com\/portada\/wp-content\/uploads\/2019\/12\/79686064_1184421481757267_5288260753298554880_o.jpg\",\"datePublished\":\"2019-12-10T14:36:16+00:00\",\"dateModified\":\"2019-12-10T15:53:36+00:00\",\"author\":{\"@id\":\"https:\/\/marthacifuentes.com\/portada\/#\/schema\/person\/57f53174b991db5f90ff78d58502b714\"},\"breadcrumb\":{\"@id\":\"https:\/\/marthacifuentes.com\/portada\/a-leo-el-concejo-le-dijo-que-no-a-su-empresa-de-alumbrado-publico-en-yopal\/#breadcrumb\"},\"inLanguage\":\"es\",\"potentialAction\":[{\"@type\":\"ReadAction\",\"target\":[\"https:\/\/marthacifuentes.com\/portada\/a-leo-el-concejo-le-dijo-que-no-a-su-empresa-de-alumbrado-publico-en-yopal\/\"]}]},{\"@type\":\"ImageObject\",\"inLanguage\":\"es\",\"@id\":\"https:\/\/marthacifuentes.com\/portada\/a-leo-el-concejo-le-dijo-que-no-a-su-empresa-de-alumbrado-publico-en-yopal\/#primaryimage\",\"url\":\"https:\/\/marthacifuentes.com\/portada\/wp-content\/uploads\/2019\/12\/79686064_1184421481757267_5288260753298554880_o.jpg\",\"contentUrl\":\"https:\/\/marthacifuentes.com\/portada\/wp-content\/uploads\/2019\/12\/79686064_1184421481757267_5288260753298554880_o.jpg\",\"width\":1280,\"height\":960},{\"@type\":\"BreadcrumbList\",\"@id\":\"https:\/\/marthacifuentes.com\/portada\/a-leo-el-concejo-le-dijo-que-no-a-su-empresa-de-alumbrado-publico-en-yopal\/#breadcrumb\",\"itemListElement\":[{\"@type\":\"ListItem\",\"position\":1,\"name\":\"Portada\",\"item\":\"https:\/\/marthacifuentes.com\/portada\/\"},{\"@type\":\"ListItem\",\"position\":2,\"name\":\"A Leo el Concejo le dijo que NO a su empresa de alumbrado p\u00fablico en Yopal\"}]},{\"@type\":\"WebSite\",\"@id\":\"https:\/\/marthacifuentes.com\/portada\/#website\",\"url\":\"https:\/\/marthacifuentes.com\/portada\/\",\"name\":\"\u25b7 Noticias de Casanare : Martha Cifuentes | Casanare\",\"description\":\"Noticias &amp; Contenidos\",\"potentialAction\":[{\"@type\":\"SearchAction\",\"target\":{\"@type\":\"EntryPoint\",\"urlTemplate\":\"https:\/\/marthacifuentes.com\/portada\/?s={search_term_string}\"},\"query-input\":{\"@type\":\"PropertyValueSpecification\",\"valueRequired\":true,\"valueName\":\"search_term_string\"}}],\"inLanguage\":\"es\"},{\"@type\":\"Person\",\"@id\":\"https:\/\/marthacifuentes.com\/portada\/#\/schema\/person\/57f53174b991db5f90ff78d58502b714\",\"name\":\"Martha Cifuentes\",\"image\":{\"@type\":\"ImageObject\",\"inLanguage\":\"es\",\"@id\":\"https:\/\/marthacifuentes.com\/portada\/#\/schema\/person\/image\/\",\"url\":\"http:\/\/marthacifuentes.com\/portada\/wp-content\/uploads\/2018\/06\/avatar_user_2_1528838701-96x96.jpg\",\"contentUrl\":\"http:\/\/marthacifuentes.com\/portada\/wp-content\/uploads\/2018\/06\/avatar_user_2_1528838701-96x96.jpg\",\"caption\":\"Martha Cifuentes\"},\"sameAs\":[\"http:\/\/www.marthacifuentes.com\"],\"url\":\"https:\/\/marthacifuentes.com\/portada\/author\/martha\/\"}]}<\/script>\n<!-- \/ Yoast SEO plugin. -->","yoast_head_json":{"title":"A Leo el Concejo le dijo que NO a su empresa de alumbrado p\u00fablico en Yopal - \u25b7 Noticias de Casanare : Martha Cifuentes | Casanare","robots":{"index":"index","follow":"follow","max-snippet":"max-snippet:-1","max-image-preview":"max-image-preview:large","max-video-preview":"max-video-preview:-1"},"canonical":"https:\/\/marthacifuentes.com\/portada\/a-leo-el-concejo-le-dijo-que-no-a-su-empresa-de-alumbrado-publico-en-yopal\/","og_locale":"es_ES","og_type":"article","og_title":"A Leo el Concejo le dijo que NO a su empresa de alumbrado p\u00fablico en Yopal - \u25b7 Noticias de Casanare : Martha Cifuentes | Casanare","og_description":"La autorizaci\u00f3n para crear una empresa de servicios p\u00fablicos para manejar el servicio de alumbrado p\u00fablico en Yopal fue negada por el Concejo al alcalde Leonardo Puentes. Dudas sobre su implementaci\u00f3n, posibles accionistas, nombramiento de personal y af\u00e1n de creaci\u00f3n, motivos del hundimiento. Con 9 votos negativos los concejales Jos\u00e9 Luis Avenda\u00f1o, Fabio Castro, Epaminondas &hellip;","og_url":"https:\/\/marthacifuentes.com\/portada\/a-leo-el-concejo-le-dijo-que-no-a-su-empresa-de-alumbrado-publico-en-yopal\/","og_site_name":"\u25b7 Noticias de Casanare : Martha Cifuentes | Casanare","article_published_time":"2019-12-10T14:36:16+00:00","article_modified_time":"2019-12-10T15:53:36+00:00","og_image":[{"width":1280,"height":960,"url":"https:\/\/marthacifuentes.com\/portada\/wp-content\/uploads\/2019\/12\/79686064_1184421481757267_5288260753298554880_o.jpg","type":"image\/jpeg"}],"author":"Martha Cifuentes","twitter_card":"summary_large_image","twitter_misc":{"Escrito por":"Martha Cifuentes","Tiempo de lectura":"4 minutos"},"schema":{"@context":"https:\/\/schema.org","@graph":[{"@type":"WebPage","@id":"https:\/\/marthacifuentes.com\/portada\/a-leo-el-concejo-le-dijo-que-no-a-su-empresa-de-alumbrado-publico-en-yopal\/","url":"https:\/\/marthacifuentes.com\/portada\/a-leo-el-concejo-le-dijo-que-no-a-su-empresa-de-alumbrado-publico-en-yopal\/","name":"A Leo el Concejo le dijo que NO a su empresa de alumbrado p\u00fablico en Yopal - \u25b7 Noticias de Casanare : Martha Cifuentes | Casanare","isPartOf":{"@id":"https:\/\/marthacifuentes.com\/portada\/#website"},"primaryImageOfPage":{"@id":"https:\/\/marthacifuentes.com\/portada\/a-leo-el-concejo-le-dijo-que-no-a-su-empresa-de-alumbrado-publico-en-yopal\/#primaryimage"},"image":{"@id":"https:\/\/marthacifuentes.com\/portada\/a-leo-el-concejo-le-dijo-que-no-a-su-empresa-de-alumbrado-publico-en-yopal\/#primaryimage"},"thumbnailUrl":"https:\/\/marthacifuentes.com\/portada\/wp-content\/uploads\/2019\/12\/79686064_1184421481757267_5288260753298554880_o.jpg","datePublished":"2019-12-10T14:36:16+00:00","dateModified":"2019-12-10T15:53:36+00:00","author":{"@id":"https:\/\/marthacifuentes.com\/portada\/#\/schema\/person\/57f53174b991db5f90ff78d58502b714"},"breadcrumb":{"@id":"https:\/\/marthacifuentes.com\/portada\/a-leo-el-concejo-le-dijo-que-no-a-su-empresa-de-alumbrado-publico-en-yopal\/#breadcrumb"},"inLanguage":"es","potentialAction":[{"@type":"ReadAction","target":["https:\/\/marthacifuentes.com\/portada\/a-leo-el-concejo-le-dijo-que-no-a-su-empresa-de-alumbrado-publico-en-yopal\/"]}]},{"@type":"ImageObject","inLanguage":"es","@id":"https:\/\/marthacifuentes.com\/portada\/a-leo-el-concejo-le-dijo-que-no-a-su-empresa-de-alumbrado-publico-en-yopal\/#primaryimage","url":"https:\/\/marthacifuentes.com\/portada\/wp-content\/uploads\/2019\/12\/79686064_1184421481757267_5288260753298554880_o.jpg","contentUrl":"https:\/\/marthacifuentes.com\/portada\/wp-content\/uploads\/2019\/12\/79686064_1184421481757267_5288260753298554880_o.jpg","width":1280,"height":960},{"@type":"BreadcrumbList","@id":"https:\/\/marthacifuentes.com\/portada\/a-leo-el-concejo-le-dijo-que-no-a-su-empresa-de-alumbrado-publico-en-yopal\/#breadcrumb","itemListElement":[{"@type":"ListItem","position":1,"name":"Portada","item":"https:\/\/marthacifuentes.com\/portada\/"},{"@type":"ListItem","position":2,"name":"A Leo el Concejo le dijo que NO a su empresa de alumbrado p\u00fablico en Yopal"}]},{"@type":"WebSite","@id":"https:\/\/marthacifuentes.com\/portada\/#website","url":"https:\/\/marthacifuentes.com\/portada\/","name":"\u25b7 Noticias de Casanare : Martha Cifuentes | Casanare","description":"Noticias &amp; Contenidos","potentialAction":[{"@type":"SearchAction","target":{"@type":"EntryPoint","urlTemplate":"https:\/\/marthacifuentes.com\/portada\/?s={search_term_string}"},"query-input":{"@type":"PropertyValueSpecification","valueRequired":true,"valueName":"search_term_string"}}],"inLanguage":"es"},{"@type":"Person","@id":"https:\/\/marthacifuentes.com\/portada\/#\/schema\/person\/57f53174b991db5f90ff78d58502b714","name":"Martha Cifuentes","image":{"@type":"ImageObject","inLanguage":"es","@id":"https:\/\/marthacifuentes.com\/portada\/#\/schema\/person\/image\/","url":"http:\/\/marthacifuentes.com\/portada\/wp-content\/uploads\/2018\/06\/avatar_user_2_1528838701-96x96.jpg","contentUrl":"http:\/\/marthacifuentes.com\/portada\/wp-content\/uploads\/2018\/06\/avatar_user_2_1528838701-96x96.jpg","caption":"Martha Cifuentes"},"sameAs":["http:\/\/www.marthacifuentes.com"],"url":"https:\/\/marthacifuentes.com\/portada\/author\/martha\/"}]}},"_links":{"self":[{"href":"https:\/\/marthacifuentes.com\/portada\/wp-json\/wp\/v2\/posts\/22735","targetHints":{"allow":["GET"]}}],"collection":[{"href":"https:\/\/marthacifuentes.com\/portada\/wp-json\/wp\/v2\/posts"}],"about":[{"href":"https:\/\/marthacifuentes.com\/portada\/wp-json\/wp\/v2\/types\/post"}],"author":[{"embeddable":true,"href":"https:\/\/marthacifuentes.com\/portada\/wp-json\/wp\/v2\/users\/2"}],"replies":[{"embeddable":true,"href":"https:\/\/marthacifuentes.com\/portada\/wp-json\/wp\/v2\/comments?post=22735"}],"version-history":[{"count":0,"href":"https:\/\/marthacifuentes.com\/portada\/wp-json\/wp\/v2\/posts\/22735\/revisions"}],"wp:featuredmedia":[{"embeddable":true,"href":"https:\/\/marthacifuentes.com\/portada\/wp-json\/wp\/v2\/media\/22736"}],"wp:attachment":[{"href":"https:\/\/marthacifuentes.com\/portada\/wp-json\/wp\/v2\/media?parent=22735"}],"wp:term":[{"taxonomy":"category","embeddable":true,"href":"https:\/\/marthacifuentes.com\/portada\/wp-json\/wp\/v2\/categories?post=22735"},{"taxonomy":"post_tag","embeddable":true,"href":"https:\/\/marthacifuentes.com\/portada\/wp-json\/wp\/v2\/tags?post=22735"}],"curies":[{"name":"wp","href":"https:\/\/api.w.org\/{rel}","templated":true}]}}