{"id":22748,"date":"2019-12-13T05:07:21","date_gmt":"2019-12-13T10:07:21","guid":{"rendered":"https:\/\/marthacifuentes.com\/portada\/?p=22748"},"modified":"2019-12-13T05:07:21","modified_gmt":"2019-12-13T10:07:21","slug":"amenazo-a-vecino-y-lo-condenaron-a-7-anos-de-prision-por-porte-ilegal-de-armas","status":"publish","type":"post","link":"https:\/\/marthacifuentes.com\/portada\/amenazo-a-vecino-y-lo-condenaron-a-7-anos-de-prision-por-porte-ilegal-de-armas\/","title":{"rendered":"Amenaz\u00f3 a vecino y lo condenaron a 7 a\u00f1os de prisi\u00f3n por porte ilegal de armas"},"content":{"rendered":"<p style=\"text-align: justify;\"><strong>En octubre de 2016, Fredy Andr\u00e9s Mosquera Daza fue capturado por miembros de la Polic\u00eda nacional en Villanueva, luego de que intentara agredir con un arma de fuego a un vecino, porque no present\u00f3 el permiso para el porte del arma.\u00a0 <\/strong><\/p>\n<p style=\"text-align: justify;\">El 10 diciembre de 2019, de acuerdo a las pruebas presentadas por la Fiscal\u00eda, el Juzgado del Circuito de Monterrey emiti\u00f3 sentencia condenatoria en contra de este hombre que tiene tan solo 21 a\u00f1os de edad, y le impuso una pena de 7.5 a\u00f1os (89 meses) de prisi\u00f3n, por el delito de Fabricaci\u00f3n, Tr\u00e1fico y Porte de Armas de Fuego o Municiones.<\/p>\n<p><span style=\"font-size: 14pt;\"><strong>Otras noticias<\/strong><\/span><\/p>\n<blockquote class=\"wp-embedded-content\" data-secret=\"hGlnRmz7c8\"><p><a href=\"https:\/\/marthacifuentes.com\/portada\/2019\/12\/12\/enviados-a-carcel-preventiva-tres-acusados-de-ser-integrantes-del-eln\/\">Enviados a c\u00e1rcel preventiva tres acusados de ser integrantes del ELN<\/a><\/p><\/blockquote>\n<p><iframe loading=\"lazy\" class=\"wp-embedded-content\" sandbox=\"allow-scripts\" security=\"restricted\" style=\"position: absolute; clip: rect(1px, 1px, 1px, 1px);\" title=\"\u00abEnviados a c\u00e1rcel preventiva tres acusados de ser integrantes del ELN\u00bb \u2014 \u25b7 Noticias de Casanare : Martha Cifuentes | Casanare\" src=\"https:\/\/marthacifuentes.com\/portada\/2019\/12\/12\/enviados-a-carcel-preventiva-tres-acusados-de-ser-integrantes-del-eln\/embed\/#?secret=5C01K3TFuP#?secret=hGlnRmz7c8\" data-secret=\"hGlnRmz7c8\" width=\"500\" height=\"282\" frameborder=\"0\" marginwidth=\"0\" marginheight=\"0\" scrolling=\"no\"><\/iframe><\/p>\n<blockquote class=\"wp-embedded-content\" data-secret=\"KkFjjVWCOT\"><p><a href=\"https:\/\/marthacifuentes.com\/portada\/2019\/12\/10\/a-leo-el-concejo-le-dijo-que-no-a-su-empresa-de-alumbrado-publico-en-yopal\/\">A Leo el Concejo le dijo que NO a su empresa de alumbrado p\u00fablico en Yopal<\/a><\/p><\/blockquote>\n<p><iframe loading=\"lazy\" class=\"wp-embedded-content\" sandbox=\"allow-scripts\" security=\"restricted\" style=\"position: absolute; clip: rect(1px, 1px, 1px, 1px);\" title=\"\u00abA Leo el Concejo le dijo que NO a su empresa de alumbrado p\u00fablico en Yopal\u00bb \u2014 \u25b7 Noticias de Casanare : Martha Cifuentes | Casanare\" src=\"https:\/\/marthacifuentes.com\/portada\/2019\/12\/10\/a-leo-el-concejo-le-dijo-que-no-a-su-empresa-de-alumbrado-publico-en-yopal\/embed\/#?secret=ECqoVRKODI#?secret=KkFjjVWCOT\" data-secret=\"KkFjjVWCOT\" width=\"500\" height=\"282\" frameborder=\"0\" marginwidth=\"0\" marginheight=\"0\" scrolling=\"no\"><\/iframe><\/p>\n<p><a href=\"https:\/\/marthacifuentes.com\/espfeminicidio\/\"><img decoding=\"async\" src=\"https:\/\/marthacifuentes.com\/portada\/wp-content\/uploads\/2019\/11\/WhatsApp-Image-2019-11-27-at-11.37.33-AM.jpeg\" alt=\"WhatsApp Image 2019-11-27 at 11.37.33 AM\" \/><\/a><\/p>\n<p>&nbsp;<\/p>\n","protected":false},"excerpt":{"rendered":"<p>En octubre de 2016, Fredy Andr\u00e9s Mosquera Daza fue capturado por miembros de la Polic\u00eda nacional en Villanueva, luego de que intentara agredir con un arma de fuego a un vecino, porque no present\u00f3 el permiso para el porte del arma.\u00a0 El 10 diciembre de 2019, de acuerdo a las pruebas presentadas por la Fiscal\u00eda, &hellip;<\/p>\n","protected":false},"author":2,"featured_media":22749,"comment_status":"open","ping_status":"open","sticky":false,"template":"","format":"standard","meta":{"om_disable_all_campaigns":false,"_exactmetrics_skip_tracking":false,"_exactmetrics_sitenote_active":false,"_exactmetrics_sitenote_note":"","_exactmetrics_sitenote_category":0,"_monsterinsights_skip_tracking":false,"_monsterinsights_sitenote_active":false,"_monsterinsights_sitenote_note":"","_monsterinsights_sitenote_category":0,"_uf_show_specific_survey":0,"_uf_disable_surveys":false,"_joinchat":[],"footnotes":""},"categories":[147,146,145],"tags":[3952,1372,3951,1374],"class_list":["post-22748","post","type-post","status-publish","format-standard","has-post-thumbnail","hentry","category-actualidad","category-noticias","category-reportajes","tag-condenado-por-porte-ilegal-de-armas","tag-noticias-de-casanare","tag-noticias-de-monterrey-cassanare","tag-noticias-de-yopal"],"yoast_head":"<!-- This site is optimized with the Yoast SEO plugin v26.1 - https:\/\/yoast.com\/wordpress\/plugins\/seo\/ -->\n<title>Amenaz\u00f3 a vecino y lo condenaron a 7 a\u00f1os de prisi\u00f3n por porte ilegal de armas - \u25b7 Noticias de Casanare : Martha Cifuentes | Casanare<\/title>\n<meta name=\"robots\" content=\"index, follow, max-snippet:-1, max-image-preview:large, max-video-preview:-1\" \/>\n<link rel=\"canonical\" href=\"https:\/\/marthacifuentes.com\/portada\/amenazo-a-vecino-y-lo-condenaron-a-7-anos-de-prision-por-porte-ilegal-de-armas\/\" \/>\n<meta property=\"og:locale\" content=\"es_ES\" \/>\n<meta property=\"og:type\" content=\"article\" \/>\n<meta property=\"og:title\" content=\"Amenaz\u00f3 a vecino y lo condenaron a 7 a\u00f1os de prisi\u00f3n por porte ilegal de armas - \u25b7 Noticias de Casanare : Martha Cifuentes | Casanare\" \/>\n<meta property=\"og:description\" content=\"En octubre de 2016, Fredy Andr\u00e9s Mosquera Daza fue capturado por miembros de la Polic\u00eda nacional en Villanueva, luego de que intentara agredir con un arma de fuego a un vecino, porque no present\u00f3 el permiso para el porte del arma.\u00a0 El 10 diciembre de 2019, de acuerdo a las pruebas presentadas por la Fiscal\u00eda, &hellip;\" \/>\n<meta property=\"og:url\" content=\"https:\/\/marthacifuentes.com\/portada\/amenazo-a-vecino-y-lo-condenaron-a-7-anos-de-prision-por-porte-ilegal-de-armas\/\" \/>\n<meta property=\"og:site_name\" content=\"\u25b7 Noticias de Casanare : Martha Cifuentes | Casanare\" \/>\n<meta property=\"article:published_time\" content=\"2019-12-13T10:07:21+00:00\" \/>\n<meta property=\"og:image\" content=\"https:\/\/marthacifuentes.com\/portada\/wp-content\/uploads\/2019\/12\/arma_porte_ilegal_en_orihueca_-_zona_bananera.jpg\" \/>\n\t<meta property=\"og:image:width\" content=\"710\" \/>\n\t<meta property=\"og:image:height\" content=\"523\" \/>\n\t<meta property=\"og:image:type\" content=\"image\/jpeg\" \/>\n<meta name=\"author\" content=\"Martha Cifuentes\" \/>\n<meta name=\"twitter:card\" content=\"summary_large_image\" \/>\n<meta name=\"twitter:label1\" content=\"Escrito por\" \/>\n\t<meta name=\"twitter:data1\" content=\"Martha Cifuentes\" \/>\n\t<meta name=\"twitter:label2\" content=\"Tiempo de lectura\" \/>\n\t<meta name=\"twitter:data2\" content=\"1 minuto\" \/>\n<script type=\"application\/ld+json\" class=\"yoast-schema-graph\">{\"@context\":\"https:\/\/schema.org\",\"@graph\":[{\"@type\":\"WebPage\",\"@id\":\"https:\/\/marthacifuentes.com\/portada\/amenazo-a-vecino-y-lo-condenaron-a-7-anos-de-prision-por-porte-ilegal-de-armas\/\",\"url\":\"https:\/\/marthacifuentes.com\/portada\/amenazo-a-vecino-y-lo-condenaron-a-7-anos-de-prision-por-porte-ilegal-de-armas\/\",\"name\":\"Amenaz\u00f3 a vecino y lo condenaron a 7 a\u00f1os de prisi\u00f3n por porte ilegal de armas - \u25b7 Noticias de Casanare : Martha Cifuentes | Casanare\",\"isPartOf\":{\"@id\":\"https:\/\/marthacifuentes.com\/portada\/#website\"},\"primaryImageOfPage\":{\"@id\":\"https:\/\/marthacifuentes.com\/portada\/amenazo-a-vecino-y-lo-condenaron-a-7-anos-de-prision-por-porte-ilegal-de-armas\/#primaryimage\"},\"image\":{\"@id\":\"https:\/\/marthacifuentes.com\/portada\/amenazo-a-vecino-y-lo-condenaron-a-7-anos-de-prision-por-porte-ilegal-de-armas\/#primaryimage\"},\"thumbnailUrl\":\"https:\/\/marthacifuentes.com\/portada\/wp-content\/uploads\/2019\/12\/arma_porte_ilegal_en_orihueca_-_zona_bananera.jpg\",\"datePublished\":\"2019-12-13T10:07:21+00:00\",\"author\":{\"@id\":\"https:\/\/marthacifuentes.com\/portada\/#\/schema\/person\/57f53174b991db5f90ff78d58502b714\"},\"breadcrumb\":{\"@id\":\"https:\/\/marthacifuentes.com\/portada\/amenazo-a-vecino-y-lo-condenaron-a-7-anos-de-prision-por-porte-ilegal-de-armas\/#breadcrumb\"},\"inLanguage\":\"es\",\"potentialAction\":[{\"@type\":\"ReadAction\",\"target\":[\"https:\/\/marthacifuentes.com\/portada\/amenazo-a-vecino-y-lo-condenaron-a-7-anos-de-prision-por-porte-ilegal-de-armas\/\"]}]},{\"@type\":\"ImageObject\",\"inLanguage\":\"es\",\"@id\":\"https:\/\/marthacifuentes.com\/portada\/amenazo-a-vecino-y-lo-condenaron-a-7-anos-de-prision-por-porte-ilegal-de-armas\/#primaryimage\",\"url\":\"https:\/\/marthacifuentes.com\/portada\/wp-content\/uploads\/2019\/12\/arma_porte_ilegal_en_orihueca_-_zona_bananera.jpg\",\"contentUrl\":\"https:\/\/marthacifuentes.com\/portada\/wp-content\/uploads\/2019\/12\/arma_porte_ilegal_en_orihueca_-_zona_bananera.jpg\",\"width\":710,\"height\":523},{\"@type\":\"BreadcrumbList\",\"@id\":\"https:\/\/marthacifuentes.com\/portada\/amenazo-a-vecino-y-lo-condenaron-a-7-anos-de-prision-por-porte-ilegal-de-armas\/#breadcrumb\",\"itemListElement\":[{\"@type\":\"ListItem\",\"position\":1,\"name\":\"Portada\",\"item\":\"https:\/\/marthacifuentes.com\/portada\/\"},{\"@type\":\"ListItem\",\"position\":2,\"name\":\"Amenaz\u00f3 a vecino y lo condenaron a 7 a\u00f1os de prisi\u00f3n por porte ilegal de armas\"}]},{\"@type\":\"WebSite\",\"@id\":\"https:\/\/marthacifuentes.com\/portada\/#website\",\"url\":\"https:\/\/marthacifuentes.com\/portada\/\",\"name\":\"\u25b7 Noticias de Casanare : Martha Cifuentes | Casanare\",\"description\":\"Noticias &amp; Contenidos\",\"potentialAction\":[{\"@type\":\"SearchAction\",\"target\":{\"@type\":\"EntryPoint\",\"urlTemplate\":\"https:\/\/marthacifuentes.com\/portada\/?s={search_term_string}\"},\"query-input\":{\"@type\":\"PropertyValueSpecification\",\"valueRequired\":true,\"valueName\":\"search_term_string\"}}],\"inLanguage\":\"es\"},{\"@type\":\"Person\",\"@id\":\"https:\/\/marthacifuentes.com\/portada\/#\/schema\/person\/57f53174b991db5f90ff78d58502b714\",\"name\":\"Martha Cifuentes\",\"image\":{\"@type\":\"ImageObject\",\"inLanguage\":\"es\",\"@id\":\"https:\/\/marthacifuentes.com\/portada\/#\/schema\/person\/image\/\",\"url\":\"http:\/\/marthacifuentes.com\/portada\/wp-content\/uploads\/2018\/06\/avatar_user_2_1528838701-96x96.jpg\",\"contentUrl\":\"http:\/\/marthacifuentes.com\/portada\/wp-content\/uploads\/2018\/06\/avatar_user_2_1528838701-96x96.jpg\",\"caption\":\"Martha Cifuentes\"},\"sameAs\":[\"http:\/\/www.marthacifuentes.com\"],\"url\":\"https:\/\/marthacifuentes.com\/portada\/author\/martha\/\"}]}<\/script>\n<!-- \/ Yoast SEO plugin. -->","yoast_head_json":{"title":"Amenaz\u00f3 a vecino y lo condenaron a 7 a\u00f1os de prisi\u00f3n por porte ilegal de armas - \u25b7 Noticias de Casanare : Martha Cifuentes | Casanare","robots":{"index":"index","follow":"follow","max-snippet":"max-snippet:-1","max-image-preview":"max-image-preview:large","max-video-preview":"max-video-preview:-1"},"canonical":"https:\/\/marthacifuentes.com\/portada\/amenazo-a-vecino-y-lo-condenaron-a-7-anos-de-prision-por-porte-ilegal-de-armas\/","og_locale":"es_ES","og_type":"article","og_title":"Amenaz\u00f3 a vecino y lo condenaron a 7 a\u00f1os de prisi\u00f3n por porte ilegal de armas - \u25b7 Noticias de Casanare : Martha Cifuentes | Casanare","og_description":"En octubre de 2016, Fredy Andr\u00e9s Mosquera Daza fue capturado por miembros de la Polic\u00eda nacional en Villanueva, luego de que intentara agredir con un arma de fuego a un vecino, porque no present\u00f3 el permiso para el porte del arma.\u00a0 El 10 diciembre de 2019, de acuerdo a las pruebas presentadas por la Fiscal\u00eda, &hellip;","og_url":"https:\/\/marthacifuentes.com\/portada\/amenazo-a-vecino-y-lo-condenaron-a-7-anos-de-prision-por-porte-ilegal-de-armas\/","og_site_name":"\u25b7 Noticias de Casanare : Martha Cifuentes | Casanare","article_published_time":"2019-12-13T10:07:21+00:00","og_image":[{"width":710,"height":523,"url":"https:\/\/marthacifuentes.com\/portada\/wp-content\/uploads\/2019\/12\/arma_porte_ilegal_en_orihueca_-_zona_bananera.jpg","type":"image\/jpeg"}],"author":"Martha Cifuentes","twitter_card":"summary_large_image","twitter_misc":{"Escrito por":"Martha Cifuentes","Tiempo de lectura":"1 minuto"},"schema":{"@context":"https:\/\/schema.org","@graph":[{"@type":"WebPage","@id":"https:\/\/marthacifuentes.com\/portada\/amenazo-a-vecino-y-lo-condenaron-a-7-anos-de-prision-por-porte-ilegal-de-armas\/","url":"https:\/\/marthacifuentes.com\/portada\/amenazo-a-vecino-y-lo-condenaron-a-7-anos-de-prision-por-porte-ilegal-de-armas\/","name":"Amenaz\u00f3 a vecino y lo condenaron a 7 a\u00f1os de prisi\u00f3n por porte ilegal de armas - \u25b7 Noticias de Casanare : Martha Cifuentes | Casanare","isPartOf":{"@id":"https:\/\/marthacifuentes.com\/portada\/#website"},"primaryImageOfPage":{"@id":"https:\/\/marthacifuentes.com\/portada\/amenazo-a-vecino-y-lo-condenaron-a-7-anos-de-prision-por-porte-ilegal-de-armas\/#primaryimage"},"image":{"@id":"https:\/\/marthacifuentes.com\/portada\/amenazo-a-vecino-y-lo-condenaron-a-7-anos-de-prision-por-porte-ilegal-de-armas\/#primaryimage"},"thumbnailUrl":"https:\/\/marthacifuentes.com\/portada\/wp-content\/uploads\/2019\/12\/arma_porte_ilegal_en_orihueca_-_zona_bananera.jpg","datePublished":"2019-12-13T10:07:21+00:00","author":{"@id":"https:\/\/marthacifuentes.com\/portada\/#\/schema\/person\/57f53174b991db5f90ff78d58502b714"},"breadcrumb":{"@id":"https:\/\/marthacifuentes.com\/portada\/amenazo-a-vecino-y-lo-condenaron-a-7-anos-de-prision-por-porte-ilegal-de-armas\/#breadcrumb"},"inLanguage":"es","potentialAction":[{"@type":"ReadAction","target":["https:\/\/marthacifuentes.com\/portada\/amenazo-a-vecino-y-lo-condenaron-a-7-anos-de-prision-por-porte-ilegal-de-armas\/"]}]},{"@type":"ImageObject","inLanguage":"es","@id":"https:\/\/marthacifuentes.com\/portada\/amenazo-a-vecino-y-lo-condenaron-a-7-anos-de-prision-por-porte-ilegal-de-armas\/#primaryimage","url":"https:\/\/marthacifuentes.com\/portada\/wp-content\/uploads\/2019\/12\/arma_porte_ilegal_en_orihueca_-_zona_bananera.jpg","contentUrl":"https:\/\/marthacifuentes.com\/portada\/wp-content\/uploads\/2019\/12\/arma_porte_ilegal_en_orihueca_-_zona_bananera.jpg","width":710,"height":523},{"@type":"BreadcrumbList","@id":"https:\/\/marthacifuentes.com\/portada\/amenazo-a-vecino-y-lo-condenaron-a-7-anos-de-prision-por-porte-ilegal-de-armas\/#breadcrumb","itemListElement":[{"@type":"ListItem","position":1,"name":"Portada","item":"https:\/\/marthacifuentes.com\/portada\/"},{"@type":"ListItem","position":2,"name":"Amenaz\u00f3 a vecino y lo condenaron a 7 a\u00f1os de prisi\u00f3n por porte ilegal de armas"}]},{"@type":"WebSite","@id":"https:\/\/marthacifuentes.com\/portada\/#website","url":"https:\/\/marthacifuentes.com\/portada\/","name":"\u25b7 Noticias de Casanare : Martha Cifuentes | Casanare","description":"Noticias &amp; Contenidos","potentialAction":[{"@type":"SearchAction","target":{"@type":"EntryPoint","urlTemplate":"https:\/\/marthacifuentes.com\/portada\/?s={search_term_string}"},"query-input":{"@type":"PropertyValueSpecification","valueRequired":true,"valueName":"search_term_string"}}],"inLanguage":"es"},{"@type":"Person","@id":"https:\/\/marthacifuentes.com\/portada\/#\/schema\/person\/57f53174b991db5f90ff78d58502b714","name":"Martha Cifuentes","image":{"@type":"ImageObject","inLanguage":"es","@id":"https:\/\/marthacifuentes.com\/portada\/#\/schema\/person\/image\/","url":"http:\/\/marthacifuentes.com\/portada\/wp-content\/uploads\/2018\/06\/avatar_user_2_1528838701-96x96.jpg","contentUrl":"http:\/\/marthacifuentes.com\/portada\/wp-content\/uploads\/2018\/06\/avatar_user_2_1528838701-96x96.jpg","caption":"Martha Cifuentes"},"sameAs":["http:\/\/www.marthacifuentes.com"],"url":"https:\/\/marthacifuentes.com\/portada\/author\/martha\/"}]}},"_links":{"self":[{"href":"https:\/\/marthacifuentes.com\/portada\/wp-json\/wp\/v2\/posts\/22748","targetHints":{"allow":["GET"]}}],"collection":[{"href":"https:\/\/marthacifuentes.com\/portada\/wp-json\/wp\/v2\/posts"}],"about":[{"href":"https:\/\/marthacifuentes.com\/portada\/wp-json\/wp\/v2\/types\/post"}],"author":[{"embeddable":true,"href":"https:\/\/marthacifuentes.com\/portada\/wp-json\/wp\/v2\/users\/2"}],"replies":[{"embeddable":true,"href":"https:\/\/marthacifuentes.com\/portada\/wp-json\/wp\/v2\/comments?post=22748"}],"version-history":[{"count":0,"href":"https:\/\/marthacifuentes.com\/portada\/wp-json\/wp\/v2\/posts\/22748\/revisions"}],"wp:featuredmedia":[{"embeddable":true,"href":"https:\/\/marthacifuentes.com\/portada\/wp-json\/wp\/v2\/media\/22749"}],"wp:attachment":[{"href":"https:\/\/marthacifuentes.com\/portada\/wp-json\/wp\/v2\/media?parent=22748"}],"wp:term":[{"taxonomy":"category","embeddable":true,"href":"https:\/\/marthacifuentes.com\/portada\/wp-json\/wp\/v2\/categories?post=22748"},{"taxonomy":"post_tag","embeddable":true,"href":"https:\/\/marthacifuentes.com\/portada\/wp-json\/wp\/v2\/tags?post=22748"}],"curies":[{"name":"wp","href":"https:\/\/api.w.org\/{rel}","templated":true}]}}