{"id":22754,"date":"2019-12-13T05:37:32","date_gmt":"2019-12-13T10:37:32","guid":{"rendered":"https:\/\/marthacifuentes.com\/portada\/?p=22754"},"modified":"2019-12-13T05:38:18","modified_gmt":"2019-12-13T10:38:18","slug":"los-cannabis-la-sacaron-barata-3-anos-de-prision-por-aceptar-cargos","status":"publish","type":"post","link":"https:\/\/marthacifuentes.com\/portada\/los-cannabis-la-sacaron-barata-3-anos-de-prision-por-aceptar-cargos\/","title":{"rendered":"Los cannabis la sacaron barata: 3 a\u00f1os de prisi\u00f3n por aceptar cargos"},"content":{"rendered":"<p style=\"text-align: justify;\"><strong>A tres a\u00f1os y tres meses de prisi\u00f3n fueron condenados los integrantes de la banda delincuencial conocida como \u2018los cannabis\u2019, quienes se dedicaban a la distribuci\u00f3n domiciliaria de estupefacientes en Yopal. La baja pena fue impuesta por haber aceptado los cargos imputados.<\/strong><\/p>\n<p style=\"text-align: justify;\">La organizaci\u00f3n delincuencial \u2018Los cannabis\u2019, se dedicaba al tr\u00e1fico de estupefacientes en Casanare, y mediante investigaci\u00f3n liderada por la Fiscal\u00eda, se determin\u00f3 que los individuos pertenecientes a la banda, comercializaban sustancias alucin\u00f3genas (marihuana, perico, bazuco) a trav\u00e9s de pedidos por medio de llamadas a celular, posteriormente llevaban el pedido a los lugares acordados.<\/p>\n<p style=\"text-align: justify;\">El Juzgado Primero Penal de Circuito de Yopal, aval\u00f3 el preacuerdo realizado por la Fiscal\u00eda y profiri\u00f3 sentencia el d\u00eda 11 de diciembre de 2019 pero no concedi\u00f3 subrogados, es decir otros beneficios adicionales por lo que deber\u00e1n permanecer en la c\u00e1rcel el tiempo estipulado.<\/p>\n<p style=\"text-align: justify;\">La medida cobija a cuatro hombres que est\u00e1n en edades que oscilan entre los 18 y los 32 a\u00f1os de edad.<\/p>\n<p><strong>Otras noticias&#8230;<\/strong><\/p>\n<blockquote class=\"wp-embedded-content\" data-secret=\"ZvUshemrfq\"><p><a href=\"https:\/\/marthacifuentes.com\/portada\/2019\/12\/13\/por-3-kilos-de-marihuana-y-45-gramos-de-coca-le-dieron-42-meses-de-prision\/\">Por 3 kilos de marihuana y 45 gramos de coca le dieron 42 meses de prisi\u00f3n<\/a><\/p><\/blockquote>\n<p><iframe loading=\"lazy\" class=\"wp-embedded-content\" sandbox=\"allow-scripts\" security=\"restricted\" style=\"position: absolute; clip: rect(1px, 1px, 1px, 1px);\" title=\"\u00abPor 3 kilos de marihuana y 45 gramos de coca le dieron 42 meses de prisi\u00f3n\u00bb \u2014 \u25b7 Noticias de Casanare : Martha Cifuentes | Casanare\" src=\"https:\/\/marthacifuentes.com\/portada\/2019\/12\/13\/por-3-kilos-de-marihuana-y-45-gramos-de-coca-le-dieron-42-meses-de-prision\/embed\/#?secret=8XKraTgzSt#?secret=ZvUshemrfq\" data-secret=\"ZvUshemrfq\" width=\"500\" height=\"282\" frameborder=\"0\" marginwidth=\"0\" marginheight=\"0\" scrolling=\"no\"><\/iframe><\/p>\n<blockquote class=\"wp-embedded-content\" data-secret=\"0glaS9heCP\"><p><a href=\"https:\/\/marthacifuentes.com\/portada\/2019\/12\/13\/amenazo-a-vecino-y-lo-condenaron-a-7-anos-de-prision-por-porte-ilegal-de-armas\/\">Amenaz\u00f3 a vecino y lo condenaron a 7 a\u00f1os de prisi\u00f3n por porte ilegal de armas<\/a><\/p><\/blockquote>\n<p><iframe loading=\"lazy\" class=\"wp-embedded-content\" sandbox=\"allow-scripts\" security=\"restricted\" style=\"position: absolute; clip: rect(1px, 1px, 1px, 1px);\" title=\"\u00abAmenaz\u00f3 a vecino y lo condenaron a 7 a\u00f1os de prisi\u00f3n por porte ilegal de armas\u00bb \u2014 \u25b7 Noticias de Casanare : Martha Cifuentes | Casanare\" src=\"https:\/\/marthacifuentes.com\/portada\/2019\/12\/13\/amenazo-a-vecino-y-lo-condenaron-a-7-anos-de-prision-por-porte-ilegal-de-armas\/embed\/#?secret=7M94R3N7PL#?secret=0glaS9heCP\" data-secret=\"0glaS9heCP\" width=\"500\" height=\"282\" frameborder=\"0\" marginwidth=\"0\" marginheight=\"0\" scrolling=\"no\"><\/iframe><\/p>\n<blockquote class=\"wp-embedded-content\" data-secret=\"zXbiGKpXpe\"><p><a href=\"https:\/\/marthacifuentes.com\/portada\/2019\/12\/12\/enviados-a-carcel-preventiva-tres-acusados-de-ser-integrantes-del-eln\/\">Enviados a c\u00e1rcel preventiva tres acusados de ser integrantes del ELN<\/a><\/p><\/blockquote>\n<p><iframe loading=\"lazy\" class=\"wp-embedded-content\" sandbox=\"allow-scripts\" security=\"restricted\" style=\"position: absolute; clip: rect(1px, 1px, 1px, 1px);\" title=\"\u00abEnviados a c\u00e1rcel preventiva tres acusados de ser integrantes del ELN\u00bb \u2014 \u25b7 Noticias de Casanare : Martha Cifuentes | Casanare\" src=\"https:\/\/marthacifuentes.com\/portada\/2019\/12\/12\/enviados-a-carcel-preventiva-tres-acusados-de-ser-integrantes-del-eln\/embed\/#?secret=z6vzKCT1Hh#?secret=zXbiGKpXpe\" data-secret=\"zXbiGKpXpe\" width=\"500\" height=\"282\" frameborder=\"0\" marginwidth=\"0\" marginheight=\"0\" scrolling=\"no\"><\/iframe><\/p>\n<blockquote class=\"wp-embedded-content\" data-secret=\"6TuIKLEkzL\"><p><a href=\"https:\/\/marthacifuentes.com\/portada\/2019\/12\/10\/a-leo-el-concejo-le-dijo-que-no-a-su-empresa-de-alumbrado-publico-en-yopal\/\">A Leo el Concejo le dijo que NO a su empresa de alumbrado p\u00fablico en Yopal<\/a><\/p><\/blockquote>\n<p><iframe loading=\"lazy\" class=\"wp-embedded-content\" sandbox=\"allow-scripts\" security=\"restricted\" style=\"position: absolute; clip: rect(1px, 1px, 1px, 1px);\" title=\"\u00abA Leo el Concejo le dijo que NO a su empresa de alumbrado p\u00fablico en Yopal\u00bb \u2014 \u25b7 Noticias de Casanare : Martha Cifuentes | Casanare\" src=\"https:\/\/marthacifuentes.com\/portada\/2019\/12\/10\/a-leo-el-concejo-le-dijo-que-no-a-su-empresa-de-alumbrado-publico-en-yopal\/embed\/#?secret=Xe6fF07Rcn#?secret=6TuIKLEkzL\" data-secret=\"6TuIKLEkzL\" width=\"500\" height=\"282\" frameborder=\"0\" marginwidth=\"0\" marginheight=\"0\" scrolling=\"no\"><\/iframe><\/p>\n<p><a href=\"https:\/\/marthacifuentes.com\/espfeminicidio\/\"><img decoding=\"async\" src=\"https:\/\/marthacifuentes.com\/portada\/wp-content\/uploads\/2019\/11\/WhatsApp-Image-2019-11-27-at-11.37.33-AM.jpeg\" alt=\"WhatsApp Image 2019-11-27 at 11.37.33 AM\" \/><\/a><\/p>\n<p>&nbsp;<\/p>\n<p>&nbsp;<\/p>\n<p>&nbsp;<\/p>\n<p>&nbsp;<\/p>\n<p>&nbsp;<\/p>\n","protected":false},"excerpt":{"rendered":"<p>A tres a\u00f1os y tres meses de prisi\u00f3n fueron condenados los integrantes de la banda delincuencial conocida como \u2018los cannabis\u2019, quienes se dedicaban a la distribuci\u00f3n domiciliaria de estupefacientes en Yopal. La baja pena fue impuesta por haber aceptado los cargos imputados. La organizaci\u00f3n delincuencial \u2018Los cannabis\u2019, se dedicaba al tr\u00e1fico de estupefacientes en Casanare, &hellip;<\/p>\n","protected":false},"author":2,"featured_media":22755,"comment_status":"open","ping_status":"open","sticky":false,"template":"","format":"standard","meta":{"om_disable_all_campaigns":false,"_exactmetrics_skip_tracking":false,"_exactmetrics_sitenote_active":false,"_exactmetrics_sitenote_note":"","_exactmetrics_sitenote_category":0,"_monsterinsights_skip_tracking":false,"_monsterinsights_sitenote_active":false,"_monsterinsights_sitenote_note":"","_monsterinsights_sitenote_category":0,"_uf_show_specific_survey":0,"_uf_disable_surveys":false,"_joinchat":[],"footnotes":""},"categories":[147,146,145],"tags":[3956,1372,1374,3957],"class_list":["post-22754","post","type-post","status-publish","format-standard","has-post-thumbnail","hentry","category-actualidad","category-noticias","category-reportajes","tag-capturada-y-condenada-banda-los-cannabis","tag-noticias-de-casanare","tag-noticias-de-yopal","tag-vendedores-de-droga-a-domicilio-condenados-en-yopal"],"yoast_head":"<!-- This site is optimized with the Yoast SEO plugin v26.1 - https:\/\/yoast.com\/wordpress\/plugins\/seo\/ -->\n<title>Los cannabis la sacaron barata: 3 a\u00f1os de prisi\u00f3n por aceptar cargos - \u25b7 Noticias de Casanare : Martha Cifuentes | Casanare<\/title>\n<meta name=\"robots\" content=\"index, follow, max-snippet:-1, max-image-preview:large, max-video-preview:-1\" \/>\n<link rel=\"canonical\" href=\"https:\/\/marthacifuentes.com\/portada\/los-cannabis-la-sacaron-barata-3-anos-de-prision-por-aceptar-cargos\/\" \/>\n<meta property=\"og:locale\" content=\"es_ES\" \/>\n<meta property=\"og:type\" content=\"article\" \/>\n<meta property=\"og:title\" content=\"Los cannabis la sacaron barata: 3 a\u00f1os de prisi\u00f3n por aceptar cargos - \u25b7 Noticias de Casanare : Martha Cifuentes | Casanare\" \/>\n<meta property=\"og:description\" content=\"A tres a\u00f1os y tres meses de prisi\u00f3n fueron condenados los integrantes de la banda delincuencial conocida como \u2018los cannabis\u2019, quienes se dedicaban a la distribuci\u00f3n domiciliaria de estupefacientes en Yopal. La baja pena fue impuesta por haber aceptado los cargos imputados. La organizaci\u00f3n delincuencial \u2018Los cannabis\u2019, se dedicaba al tr\u00e1fico de estupefacientes en Casanare, &hellip;\" \/>\n<meta property=\"og:url\" content=\"https:\/\/marthacifuentes.com\/portada\/los-cannabis-la-sacaron-barata-3-anos-de-prision-por-aceptar-cargos\/\" \/>\n<meta property=\"og:site_name\" content=\"\u25b7 Noticias de Casanare : Martha Cifuentes | Casanare\" \/>\n<meta property=\"article:published_time\" content=\"2019-12-13T10:37:32+00:00\" \/>\n<meta property=\"article:modified_time\" content=\"2019-12-13T10:38:18+00:00\" \/>\n<meta property=\"og:image\" content=\"https:\/\/marthacifuentes.com\/portada\/wp-content\/uploads\/2019\/12\/cannabis.jpg\" \/>\n\t<meta property=\"og:image:width\" content=\"940\" \/>\n\t<meta property=\"og:image:height\" content=\"627\" \/>\n\t<meta property=\"og:image:type\" content=\"image\/jpeg\" \/>\n<meta name=\"author\" content=\"Martha Cifuentes\" \/>\n<meta name=\"twitter:card\" content=\"summary_large_image\" \/>\n<meta name=\"twitter:label1\" content=\"Escrito por\" \/>\n\t<meta name=\"twitter:data1\" content=\"Martha Cifuentes\" \/>\n\t<meta name=\"twitter:label2\" content=\"Tiempo de lectura\" \/>\n\t<meta name=\"twitter:data2\" content=\"1 minuto\" \/>\n<script type=\"application\/ld+json\" class=\"yoast-schema-graph\">{\"@context\":\"https:\/\/schema.org\",\"@graph\":[{\"@type\":\"WebPage\",\"@id\":\"https:\/\/marthacifuentes.com\/portada\/los-cannabis-la-sacaron-barata-3-anos-de-prision-por-aceptar-cargos\/\",\"url\":\"https:\/\/marthacifuentes.com\/portada\/los-cannabis-la-sacaron-barata-3-anos-de-prision-por-aceptar-cargos\/\",\"name\":\"Los cannabis la sacaron barata: 3 a\u00f1os de prisi\u00f3n por aceptar cargos - \u25b7 Noticias de Casanare : Martha Cifuentes | Casanare\",\"isPartOf\":{\"@id\":\"https:\/\/marthacifuentes.com\/portada\/#website\"},\"primaryImageOfPage\":{\"@id\":\"https:\/\/marthacifuentes.com\/portada\/los-cannabis-la-sacaron-barata-3-anos-de-prision-por-aceptar-cargos\/#primaryimage\"},\"image\":{\"@id\":\"https:\/\/marthacifuentes.com\/portada\/los-cannabis-la-sacaron-barata-3-anos-de-prision-por-aceptar-cargos\/#primaryimage\"},\"thumbnailUrl\":\"https:\/\/marthacifuentes.com\/portada\/wp-content\/uploads\/2019\/12\/cannabis.jpg\",\"datePublished\":\"2019-12-13T10:37:32+00:00\",\"dateModified\":\"2019-12-13T10:38:18+00:00\",\"author\":{\"@id\":\"https:\/\/marthacifuentes.com\/portada\/#\/schema\/person\/57f53174b991db5f90ff78d58502b714\"},\"breadcrumb\":{\"@id\":\"https:\/\/marthacifuentes.com\/portada\/los-cannabis-la-sacaron-barata-3-anos-de-prision-por-aceptar-cargos\/#breadcrumb\"},\"inLanguage\":\"es\",\"potentialAction\":[{\"@type\":\"ReadAction\",\"target\":[\"https:\/\/marthacifuentes.com\/portada\/los-cannabis-la-sacaron-barata-3-anos-de-prision-por-aceptar-cargos\/\"]}]},{\"@type\":\"ImageObject\",\"inLanguage\":\"es\",\"@id\":\"https:\/\/marthacifuentes.com\/portada\/los-cannabis-la-sacaron-barata-3-anos-de-prision-por-aceptar-cargos\/#primaryimage\",\"url\":\"https:\/\/marthacifuentes.com\/portada\/wp-content\/uploads\/2019\/12\/cannabis.jpg\",\"contentUrl\":\"https:\/\/marthacifuentes.com\/portada\/wp-content\/uploads\/2019\/12\/cannabis.jpg\",\"width\":940,\"height\":627},{\"@type\":\"BreadcrumbList\",\"@id\":\"https:\/\/marthacifuentes.com\/portada\/los-cannabis-la-sacaron-barata-3-anos-de-prision-por-aceptar-cargos\/#breadcrumb\",\"itemListElement\":[{\"@type\":\"ListItem\",\"position\":1,\"name\":\"Portada\",\"item\":\"https:\/\/marthacifuentes.com\/portada\/\"},{\"@type\":\"ListItem\",\"position\":2,\"name\":\"Los cannabis la sacaron barata: 3 a\u00f1os de prisi\u00f3n por aceptar cargos\"}]},{\"@type\":\"WebSite\",\"@id\":\"https:\/\/marthacifuentes.com\/portada\/#website\",\"url\":\"https:\/\/marthacifuentes.com\/portada\/\",\"name\":\"\u25b7 Noticias de Casanare : Martha Cifuentes | Casanare\",\"description\":\"Noticias &amp; Contenidos\",\"potentialAction\":[{\"@type\":\"SearchAction\",\"target\":{\"@type\":\"EntryPoint\",\"urlTemplate\":\"https:\/\/marthacifuentes.com\/portada\/?s={search_term_string}\"},\"query-input\":{\"@type\":\"PropertyValueSpecification\",\"valueRequired\":true,\"valueName\":\"search_term_string\"}}],\"inLanguage\":\"es\"},{\"@type\":\"Person\",\"@id\":\"https:\/\/marthacifuentes.com\/portada\/#\/schema\/person\/57f53174b991db5f90ff78d58502b714\",\"name\":\"Martha Cifuentes\",\"image\":{\"@type\":\"ImageObject\",\"inLanguage\":\"es\",\"@id\":\"https:\/\/marthacifuentes.com\/portada\/#\/schema\/person\/image\/\",\"url\":\"http:\/\/marthacifuentes.com\/portada\/wp-content\/uploads\/2018\/06\/avatar_user_2_1528838701-96x96.jpg\",\"contentUrl\":\"http:\/\/marthacifuentes.com\/portada\/wp-content\/uploads\/2018\/06\/avatar_user_2_1528838701-96x96.jpg\",\"caption\":\"Martha Cifuentes\"},\"sameAs\":[\"http:\/\/www.marthacifuentes.com\"],\"url\":\"https:\/\/marthacifuentes.com\/portada\/author\/martha\/\"}]}<\/script>\n<!-- \/ Yoast SEO plugin. -->","yoast_head_json":{"title":"Los cannabis la sacaron barata: 3 a\u00f1os de prisi\u00f3n por aceptar cargos - \u25b7 Noticias de Casanare : Martha Cifuentes | Casanare","robots":{"index":"index","follow":"follow","max-snippet":"max-snippet:-1","max-image-preview":"max-image-preview:large","max-video-preview":"max-video-preview:-1"},"canonical":"https:\/\/marthacifuentes.com\/portada\/los-cannabis-la-sacaron-barata-3-anos-de-prision-por-aceptar-cargos\/","og_locale":"es_ES","og_type":"article","og_title":"Los cannabis la sacaron barata: 3 a\u00f1os de prisi\u00f3n por aceptar cargos - \u25b7 Noticias de Casanare : Martha Cifuentes | Casanare","og_description":"A tres a\u00f1os y tres meses de prisi\u00f3n fueron condenados los integrantes de la banda delincuencial conocida como \u2018los cannabis\u2019, quienes se dedicaban a la distribuci\u00f3n domiciliaria de estupefacientes en Yopal. La baja pena fue impuesta por haber aceptado los cargos imputados. La organizaci\u00f3n delincuencial \u2018Los cannabis\u2019, se dedicaba al tr\u00e1fico de estupefacientes en Casanare, &hellip;","og_url":"https:\/\/marthacifuentes.com\/portada\/los-cannabis-la-sacaron-barata-3-anos-de-prision-por-aceptar-cargos\/","og_site_name":"\u25b7 Noticias de Casanare : Martha Cifuentes | Casanare","article_published_time":"2019-12-13T10:37:32+00:00","article_modified_time":"2019-12-13T10:38:18+00:00","og_image":[{"width":940,"height":627,"url":"https:\/\/marthacifuentes.com\/portada\/wp-content\/uploads\/2019\/12\/cannabis.jpg","type":"image\/jpeg"}],"author":"Martha Cifuentes","twitter_card":"summary_large_image","twitter_misc":{"Escrito por":"Martha Cifuentes","Tiempo de lectura":"1 minuto"},"schema":{"@context":"https:\/\/schema.org","@graph":[{"@type":"WebPage","@id":"https:\/\/marthacifuentes.com\/portada\/los-cannabis-la-sacaron-barata-3-anos-de-prision-por-aceptar-cargos\/","url":"https:\/\/marthacifuentes.com\/portada\/los-cannabis-la-sacaron-barata-3-anos-de-prision-por-aceptar-cargos\/","name":"Los cannabis la sacaron barata: 3 a\u00f1os de prisi\u00f3n por aceptar cargos - \u25b7 Noticias de Casanare : Martha Cifuentes | Casanare","isPartOf":{"@id":"https:\/\/marthacifuentes.com\/portada\/#website"},"primaryImageOfPage":{"@id":"https:\/\/marthacifuentes.com\/portada\/los-cannabis-la-sacaron-barata-3-anos-de-prision-por-aceptar-cargos\/#primaryimage"},"image":{"@id":"https:\/\/marthacifuentes.com\/portada\/los-cannabis-la-sacaron-barata-3-anos-de-prision-por-aceptar-cargos\/#primaryimage"},"thumbnailUrl":"https:\/\/marthacifuentes.com\/portada\/wp-content\/uploads\/2019\/12\/cannabis.jpg","datePublished":"2019-12-13T10:37:32+00:00","dateModified":"2019-12-13T10:38:18+00:00","author":{"@id":"https:\/\/marthacifuentes.com\/portada\/#\/schema\/person\/57f53174b991db5f90ff78d58502b714"},"breadcrumb":{"@id":"https:\/\/marthacifuentes.com\/portada\/los-cannabis-la-sacaron-barata-3-anos-de-prision-por-aceptar-cargos\/#breadcrumb"},"inLanguage":"es","potentialAction":[{"@type":"ReadAction","target":["https:\/\/marthacifuentes.com\/portada\/los-cannabis-la-sacaron-barata-3-anos-de-prision-por-aceptar-cargos\/"]}]},{"@type":"ImageObject","inLanguage":"es","@id":"https:\/\/marthacifuentes.com\/portada\/los-cannabis-la-sacaron-barata-3-anos-de-prision-por-aceptar-cargos\/#primaryimage","url":"https:\/\/marthacifuentes.com\/portada\/wp-content\/uploads\/2019\/12\/cannabis.jpg","contentUrl":"https:\/\/marthacifuentes.com\/portada\/wp-content\/uploads\/2019\/12\/cannabis.jpg","width":940,"height":627},{"@type":"BreadcrumbList","@id":"https:\/\/marthacifuentes.com\/portada\/los-cannabis-la-sacaron-barata-3-anos-de-prision-por-aceptar-cargos\/#breadcrumb","itemListElement":[{"@type":"ListItem","position":1,"name":"Portada","item":"https:\/\/marthacifuentes.com\/portada\/"},{"@type":"ListItem","position":2,"name":"Los cannabis la sacaron barata: 3 a\u00f1os de prisi\u00f3n por aceptar cargos"}]},{"@type":"WebSite","@id":"https:\/\/marthacifuentes.com\/portada\/#website","url":"https:\/\/marthacifuentes.com\/portada\/","name":"\u25b7 Noticias de Casanare : Martha Cifuentes | Casanare","description":"Noticias &amp; Contenidos","potentialAction":[{"@type":"SearchAction","target":{"@type":"EntryPoint","urlTemplate":"https:\/\/marthacifuentes.com\/portada\/?s={search_term_string}"},"query-input":{"@type":"PropertyValueSpecification","valueRequired":true,"valueName":"search_term_string"}}],"inLanguage":"es"},{"@type":"Person","@id":"https:\/\/marthacifuentes.com\/portada\/#\/schema\/person\/57f53174b991db5f90ff78d58502b714","name":"Martha Cifuentes","image":{"@type":"ImageObject","inLanguage":"es","@id":"https:\/\/marthacifuentes.com\/portada\/#\/schema\/person\/image\/","url":"http:\/\/marthacifuentes.com\/portada\/wp-content\/uploads\/2018\/06\/avatar_user_2_1528838701-96x96.jpg","contentUrl":"http:\/\/marthacifuentes.com\/portada\/wp-content\/uploads\/2018\/06\/avatar_user_2_1528838701-96x96.jpg","caption":"Martha Cifuentes"},"sameAs":["http:\/\/www.marthacifuentes.com"],"url":"https:\/\/marthacifuentes.com\/portada\/author\/martha\/"}]}},"_links":{"self":[{"href":"https:\/\/marthacifuentes.com\/portada\/wp-json\/wp\/v2\/posts\/22754","targetHints":{"allow":["GET"]}}],"collection":[{"href":"https:\/\/marthacifuentes.com\/portada\/wp-json\/wp\/v2\/posts"}],"about":[{"href":"https:\/\/marthacifuentes.com\/portada\/wp-json\/wp\/v2\/types\/post"}],"author":[{"embeddable":true,"href":"https:\/\/marthacifuentes.com\/portada\/wp-json\/wp\/v2\/users\/2"}],"replies":[{"embeddable":true,"href":"https:\/\/marthacifuentes.com\/portada\/wp-json\/wp\/v2\/comments?post=22754"}],"version-history":[{"count":0,"href":"https:\/\/marthacifuentes.com\/portada\/wp-json\/wp\/v2\/posts\/22754\/revisions"}],"wp:featuredmedia":[{"embeddable":true,"href":"https:\/\/marthacifuentes.com\/portada\/wp-json\/wp\/v2\/media\/22755"}],"wp:attachment":[{"href":"https:\/\/marthacifuentes.com\/portada\/wp-json\/wp\/v2\/media?parent=22754"}],"wp:term":[{"taxonomy":"category","embeddable":true,"href":"https:\/\/marthacifuentes.com\/portada\/wp-json\/wp\/v2\/categories?post=22754"},{"taxonomy":"post_tag","embeddable":true,"href":"https:\/\/marthacifuentes.com\/portada\/wp-json\/wp\/v2\/tags?post=22754"}],"curies":[{"name":"wp","href":"https:\/\/api.w.org\/{rel}","templated":true}]}}