{"id":22999,"date":"2020-02-06T17:38:10","date_gmt":"2020-02-06T22:38:10","guid":{"rendered":"https:\/\/marthacifuentes.com\/portada\/?p=22999"},"modified":"2020-02-06T17:40:17","modified_gmt":"2020-02-06T22:40:17","slug":"negada-medida-cautelar-que-solicitaba-suspender-eleccion-del-gobernador-de-casanare","status":"publish","type":"post","link":"https:\/\/marthacifuentes.com\/portada\/negada-medida-cautelar-que-solicitaba-suspender-eleccion-del-gobernador-de-casanare\/","title":{"rendered":"Negada medida cautelar que solicitaba suspender elecci\u00f3n del gobernador de Casanare"},"content":{"rendered":"<p style=\"text-align: justify;\">Negada la medida cautelar mediante la cual se solicitaba la suspensi\u00f3n de la elecci\u00f3n del gobernador de Casanare, Salom\u00f3n Andr\u00e9s Sanabria Chac\u00f3n, en demanda de nulidad electoral interpuesta por el expresidente del Consejo Nacional Electoral, Guillermo Francisco Reyes ante el Consejo de Estado.<\/p>\n<p style=\"text-align: justify;\">Hoy se conoci\u00f3 el pronunciamiento de la secci\u00f3n quinta, la cual determin\u00f3 admitir la demanda pero negar la solicitud de apartar de su cargo al funcionario elegido el pasado 27 de octubre de 2019.<\/p>\n<p style=\"text-align: justify;\"><strong>Noticia en desarrollo&#8230;<\/strong><\/p>\n<p><img loading=\"lazy\" decoding=\"async\" class=\"alignnone size-large wp-image-23000\" src=\"https:\/\/marthacifuentes.com\/portada\/wp-content\/uploads\/2020\/02\/negada-medida-cautelar-de-suspender-al-gobernador-Salomon-Sanabria-1024x598.jpg\" alt=\"\" width=\"1024\" height=\"598\" srcset=\"https:\/\/marthacifuentes.com\/portada\/wp-content\/uploads\/2020\/02\/negada-medida-cautelar-de-suspender-al-gobernador-Salomon-Sanabria-1024x598.jpg 1024w, https:\/\/marthacifuentes.com\/portada\/wp-content\/uploads\/2020\/02\/negada-medida-cautelar-de-suspender-al-gobernador-Salomon-Sanabria-300x175.jpg 300w, https:\/\/marthacifuentes.com\/portada\/wp-content\/uploads\/2020\/02\/negada-medida-cautelar-de-suspender-al-gobernador-Salomon-Sanabria-768x448.jpg 768w, https:\/\/marthacifuentes.com\/portada\/wp-content\/uploads\/2020\/02\/negada-medida-cautelar-de-suspender-al-gobernador-Salomon-Sanabria.jpg 1326w\" sizes=\"auto, (max-width: 1024px) 100vw, 1024px\" \/><\/p>\n<h4><span style=\"color: #ff0000;\">Otras noticias&#8230;<\/span><\/h4>\n<p>&nbsp;<\/p>\n<blockquote class=\"wp-embedded-content\" data-secret=\"9jnuMryKWV\"><p><a href=\"https:\/\/marthacifuentes.com\/portada\/2020\/02\/06\/en-febrero-13-audiencia-de-perdida-de-investidura-de-marco-tulio-ruiz\/\">En febrero 13 audiencia de p\u00e9rdida de investidura de Marco Tulio Ru\u00edz<\/a><\/p><\/blockquote>\n<p><iframe loading=\"lazy\" class=\"wp-embedded-content\" sandbox=\"allow-scripts\" security=\"restricted\" style=\"position: absolute; clip: rect(1px, 1px, 1px, 1px);\" title=\"\u00abEn febrero 13 audiencia de p\u00e9rdida de investidura de Marco Tulio Ru\u00edz\u00bb \u2014 \u25b7 Noticias de Casanare : Martha Cifuentes | Casanare\" src=\"https:\/\/marthacifuentes.com\/portada\/2020\/02\/06\/en-febrero-13-audiencia-de-perdida-de-investidura-de-marco-tulio-ruiz\/embed\/#?secret=Dq5xBl3jA2#?secret=9jnuMryKWV\" data-secret=\"9jnuMryKWV\" width=\"500\" height=\"282\" frameborder=\"0\" marginwidth=\"0\" marginheight=\"0\" scrolling=\"no\"><\/iframe><\/p>\n<blockquote class=\"wp-embedded-content\" data-secret=\"BfEWZv0N6v\"><p><a href=\"https:\/\/marthacifuentes.com\/portada\/2020\/01\/22\/presidente-asamblea-de-casanare-renuncio-por-amenazas\/\">Presidente Asamblea de Casanare renunci\u00f3 por amenazas<\/a><\/p><\/blockquote>\n<p><iframe loading=\"lazy\" class=\"wp-embedded-content\" sandbox=\"allow-scripts\" security=\"restricted\" style=\"position: absolute; clip: rect(1px, 1px, 1px, 1px);\" title=\"\u00abPresidente Asamblea de Casanare renunci\u00f3 por amenazas\u00bb \u2014 \u25b7 Noticias de Casanare : Martha Cifuentes | Casanare\" src=\"https:\/\/marthacifuentes.com\/portada\/2020\/01\/22\/presidente-asamblea-de-casanare-renuncio-por-amenazas\/embed\/#?secret=Qercjn2u0R#?secret=BfEWZv0N6v\" data-secret=\"BfEWZv0N6v\" width=\"500\" height=\"282\" frameborder=\"0\" marginwidth=\"0\" marginheight=\"0\" scrolling=\"no\"><\/iframe><\/p>\n","protected":false},"excerpt":{"rendered":"<p>Negada la medida cautelar mediante la cual se solicitaba la suspensi\u00f3n de la elecci\u00f3n del gobernador de Casanare, Salom\u00f3n Andr\u00e9s Sanabria Chac\u00f3n, en demanda de nulidad electoral interpuesta por el expresidente del Consejo Nacional Electoral, Guillermo Francisco Reyes ante el Consejo de Estado. Hoy se conoci\u00f3 el pronunciamiento de la secci\u00f3n quinta, la cual determin\u00f3 &hellip;<\/p>\n","protected":false},"author":2,"featured_media":23002,"comment_status":"open","ping_status":"open","sticky":false,"template":"","format":"standard","meta":{"om_disable_all_campaigns":false,"_exactmetrics_skip_tracking":false,"_exactmetrics_sitenote_active":false,"_exactmetrics_sitenote_note":"","_exactmetrics_sitenote_category":0,"_monsterinsights_skip_tracking":false,"_monsterinsights_sitenote_active":false,"_monsterinsights_sitenote_note":"","_monsterinsights_sitenote_category":0,"_uf_show_specific_survey":0,"_uf_disable_surveys":false,"_joinchat":[],"footnotes":""},"categories":[147,148,146,145],"tags":[4080,4079,1400,4078],"class_list":["post-22999","post","type-post","status-publish","format-standard","has-post-thumbnail","hentry","category-actualidad","category-entrevistas","category-noticias","category-reportajes","tag-consejo-de-estado-salomon-sanabria-casanare","tag-niegan-medida-cautelar-sobre-el-gobernador-salomon-andres-sanabria","tag-noticias-casanare","tag-noticias-salomon-sanabria"],"yoast_head":"<!-- This site is optimized with the Yoast SEO plugin v26.1 - https:\/\/yoast.com\/wordpress\/plugins\/seo\/ -->\n<title>Negada medida cautelar que solicitaba suspender elecci\u00f3n del gobernador de Casanare - \u25b7 Noticias de Casanare : Martha Cifuentes | Casanare<\/title>\n<meta name=\"robots\" content=\"index, follow, max-snippet:-1, max-image-preview:large, max-video-preview:-1\" \/>\n<link rel=\"canonical\" href=\"https:\/\/marthacifuentes.com\/portada\/negada-medida-cautelar-que-solicitaba-suspender-eleccion-del-gobernador-de-casanare\/\" \/>\n<meta property=\"og:locale\" content=\"es_ES\" \/>\n<meta property=\"og:type\" content=\"article\" \/>\n<meta property=\"og:title\" content=\"Negada medida cautelar que solicitaba suspender elecci\u00f3n del gobernador de Casanare - \u25b7 Noticias de Casanare : Martha Cifuentes | Casanare\" \/>\n<meta property=\"og:description\" content=\"Negada la medida cautelar mediante la cual se solicitaba la suspensi\u00f3n de la elecci\u00f3n del gobernador de Casanare, Salom\u00f3n Andr\u00e9s Sanabria Chac\u00f3n, en demanda de nulidad electoral interpuesta por el expresidente del Consejo Nacional Electoral, Guillermo Francisco Reyes ante el Consejo de Estado. Hoy se conoci\u00f3 el pronunciamiento de la secci\u00f3n quinta, la cual determin\u00f3 &hellip;\" \/>\n<meta property=\"og:url\" content=\"https:\/\/marthacifuentes.com\/portada\/negada-medida-cautelar-que-solicitaba-suspender-eleccion-del-gobernador-de-casanare\/\" \/>\n<meta property=\"og:site_name\" content=\"\u25b7 Noticias de Casanare : Martha Cifuentes | Casanare\" \/>\n<meta property=\"article:published_time\" content=\"2020-02-06T22:38:10+00:00\" \/>\n<meta property=\"article:modified_time\" content=\"2020-02-06T22:40:17+00:00\" \/>\n<meta property=\"og:image\" content=\"https:\/\/marthacifuentes.com\/portada\/wp-content\/uploads\/2020\/02\/salomon-sanabria-4.png\" \/>\n\t<meta property=\"og:image:width\" content=\"806\" \/>\n\t<meta property=\"og:image:height\" content=\"486\" \/>\n\t<meta property=\"og:image:type\" content=\"image\/png\" \/>\n<meta name=\"author\" content=\"Martha Cifuentes\" \/>\n<meta name=\"twitter:card\" content=\"summary_large_image\" \/>\n<meta name=\"twitter:label1\" content=\"Escrito por\" \/>\n\t<meta name=\"twitter:data1\" content=\"Martha Cifuentes\" \/>\n<script type=\"application\/ld+json\" class=\"yoast-schema-graph\">{\"@context\":\"https:\/\/schema.org\",\"@graph\":[{\"@type\":\"WebPage\",\"@id\":\"https:\/\/marthacifuentes.com\/portada\/negada-medida-cautelar-que-solicitaba-suspender-eleccion-del-gobernador-de-casanare\/\",\"url\":\"https:\/\/marthacifuentes.com\/portada\/negada-medida-cautelar-que-solicitaba-suspender-eleccion-del-gobernador-de-casanare\/\",\"name\":\"Negada medida cautelar que solicitaba suspender elecci\u00f3n del gobernador de Casanare - \u25b7 Noticias de Casanare : Martha Cifuentes | Casanare\",\"isPartOf\":{\"@id\":\"https:\/\/marthacifuentes.com\/portada\/#website\"},\"primaryImageOfPage\":{\"@id\":\"https:\/\/marthacifuentes.com\/portada\/negada-medida-cautelar-que-solicitaba-suspender-eleccion-del-gobernador-de-casanare\/#primaryimage\"},\"image\":{\"@id\":\"https:\/\/marthacifuentes.com\/portada\/negada-medida-cautelar-que-solicitaba-suspender-eleccion-del-gobernador-de-casanare\/#primaryimage\"},\"thumbnailUrl\":\"https:\/\/marthacifuentes.com\/portada\/wp-content\/uploads\/2020\/02\/salomon-sanabria-4.png\",\"datePublished\":\"2020-02-06T22:38:10+00:00\",\"dateModified\":\"2020-02-06T22:40:17+00:00\",\"author\":{\"@id\":\"https:\/\/marthacifuentes.com\/portada\/#\/schema\/person\/57f53174b991db5f90ff78d58502b714\"},\"breadcrumb\":{\"@id\":\"https:\/\/marthacifuentes.com\/portada\/negada-medida-cautelar-que-solicitaba-suspender-eleccion-del-gobernador-de-casanare\/#breadcrumb\"},\"inLanguage\":\"es\",\"potentialAction\":[{\"@type\":\"ReadAction\",\"target\":[\"https:\/\/marthacifuentes.com\/portada\/negada-medida-cautelar-que-solicitaba-suspender-eleccion-del-gobernador-de-casanare\/\"]}]},{\"@type\":\"ImageObject\",\"inLanguage\":\"es\",\"@id\":\"https:\/\/marthacifuentes.com\/portada\/negada-medida-cautelar-que-solicitaba-suspender-eleccion-del-gobernador-de-casanare\/#primaryimage\",\"url\":\"https:\/\/marthacifuentes.com\/portada\/wp-content\/uploads\/2020\/02\/salomon-sanabria-4.png\",\"contentUrl\":\"https:\/\/marthacifuentes.com\/portada\/wp-content\/uploads\/2020\/02\/salomon-sanabria-4.png\",\"width\":806,\"height\":486},{\"@type\":\"BreadcrumbList\",\"@id\":\"https:\/\/marthacifuentes.com\/portada\/negada-medida-cautelar-que-solicitaba-suspender-eleccion-del-gobernador-de-casanare\/#breadcrumb\",\"itemListElement\":[{\"@type\":\"ListItem\",\"position\":1,\"name\":\"Portada\",\"item\":\"https:\/\/marthacifuentes.com\/portada\/\"},{\"@type\":\"ListItem\",\"position\":2,\"name\":\"Negada medida cautelar que solicitaba suspender elecci\u00f3n del gobernador de Casanare\"}]},{\"@type\":\"WebSite\",\"@id\":\"https:\/\/marthacifuentes.com\/portada\/#website\",\"url\":\"https:\/\/marthacifuentes.com\/portada\/\",\"name\":\"\u25b7 Noticias de Casanare : Martha Cifuentes | Casanare\",\"description\":\"Noticias &amp; Contenidos\",\"potentialAction\":[{\"@type\":\"SearchAction\",\"target\":{\"@type\":\"EntryPoint\",\"urlTemplate\":\"https:\/\/marthacifuentes.com\/portada\/?s={search_term_string}\"},\"query-input\":{\"@type\":\"PropertyValueSpecification\",\"valueRequired\":true,\"valueName\":\"search_term_string\"}}],\"inLanguage\":\"es\"},{\"@type\":\"Person\",\"@id\":\"https:\/\/marthacifuentes.com\/portada\/#\/schema\/person\/57f53174b991db5f90ff78d58502b714\",\"name\":\"Martha Cifuentes\",\"image\":{\"@type\":\"ImageObject\",\"inLanguage\":\"es\",\"@id\":\"https:\/\/marthacifuentes.com\/portada\/#\/schema\/person\/image\/\",\"url\":\"http:\/\/marthacifuentes.com\/portada\/wp-content\/uploads\/2018\/06\/avatar_user_2_1528838701-96x96.jpg\",\"contentUrl\":\"http:\/\/marthacifuentes.com\/portada\/wp-content\/uploads\/2018\/06\/avatar_user_2_1528838701-96x96.jpg\",\"caption\":\"Martha Cifuentes\"},\"sameAs\":[\"http:\/\/www.marthacifuentes.com\"],\"url\":\"https:\/\/marthacifuentes.com\/portada\/author\/martha\/\"}]}<\/script>\n<!-- \/ Yoast SEO plugin. -->","yoast_head_json":{"title":"Negada medida cautelar que solicitaba suspender elecci\u00f3n del gobernador de Casanare - \u25b7 Noticias de Casanare : Martha Cifuentes | Casanare","robots":{"index":"index","follow":"follow","max-snippet":"max-snippet:-1","max-image-preview":"max-image-preview:large","max-video-preview":"max-video-preview:-1"},"canonical":"https:\/\/marthacifuentes.com\/portada\/negada-medida-cautelar-que-solicitaba-suspender-eleccion-del-gobernador-de-casanare\/","og_locale":"es_ES","og_type":"article","og_title":"Negada medida cautelar que solicitaba suspender elecci\u00f3n del gobernador de Casanare - \u25b7 Noticias de Casanare : Martha Cifuentes | Casanare","og_description":"Negada la medida cautelar mediante la cual se solicitaba la suspensi\u00f3n de la elecci\u00f3n del gobernador de Casanare, Salom\u00f3n Andr\u00e9s Sanabria Chac\u00f3n, en demanda de nulidad electoral interpuesta por el expresidente del Consejo Nacional Electoral, Guillermo Francisco Reyes ante el Consejo de Estado. Hoy se conoci\u00f3 el pronunciamiento de la secci\u00f3n quinta, la cual determin\u00f3 &hellip;","og_url":"https:\/\/marthacifuentes.com\/portada\/negada-medida-cautelar-que-solicitaba-suspender-eleccion-del-gobernador-de-casanare\/","og_site_name":"\u25b7 Noticias de Casanare : Martha Cifuentes | Casanare","article_published_time":"2020-02-06T22:38:10+00:00","article_modified_time":"2020-02-06T22:40:17+00:00","og_image":[{"width":806,"height":486,"url":"https:\/\/marthacifuentes.com\/portada\/wp-content\/uploads\/2020\/02\/salomon-sanabria-4.png","type":"image\/png"}],"author":"Martha Cifuentes","twitter_card":"summary_large_image","twitter_misc":{"Escrito por":"Martha Cifuentes"},"schema":{"@context":"https:\/\/schema.org","@graph":[{"@type":"WebPage","@id":"https:\/\/marthacifuentes.com\/portada\/negada-medida-cautelar-que-solicitaba-suspender-eleccion-del-gobernador-de-casanare\/","url":"https:\/\/marthacifuentes.com\/portada\/negada-medida-cautelar-que-solicitaba-suspender-eleccion-del-gobernador-de-casanare\/","name":"Negada medida cautelar que solicitaba suspender elecci\u00f3n del gobernador de Casanare - \u25b7 Noticias de Casanare : Martha Cifuentes | Casanare","isPartOf":{"@id":"https:\/\/marthacifuentes.com\/portada\/#website"},"primaryImageOfPage":{"@id":"https:\/\/marthacifuentes.com\/portada\/negada-medida-cautelar-que-solicitaba-suspender-eleccion-del-gobernador-de-casanare\/#primaryimage"},"image":{"@id":"https:\/\/marthacifuentes.com\/portada\/negada-medida-cautelar-que-solicitaba-suspender-eleccion-del-gobernador-de-casanare\/#primaryimage"},"thumbnailUrl":"https:\/\/marthacifuentes.com\/portada\/wp-content\/uploads\/2020\/02\/salomon-sanabria-4.png","datePublished":"2020-02-06T22:38:10+00:00","dateModified":"2020-02-06T22:40:17+00:00","author":{"@id":"https:\/\/marthacifuentes.com\/portada\/#\/schema\/person\/57f53174b991db5f90ff78d58502b714"},"breadcrumb":{"@id":"https:\/\/marthacifuentes.com\/portada\/negada-medida-cautelar-que-solicitaba-suspender-eleccion-del-gobernador-de-casanare\/#breadcrumb"},"inLanguage":"es","potentialAction":[{"@type":"ReadAction","target":["https:\/\/marthacifuentes.com\/portada\/negada-medida-cautelar-que-solicitaba-suspender-eleccion-del-gobernador-de-casanare\/"]}]},{"@type":"ImageObject","inLanguage":"es","@id":"https:\/\/marthacifuentes.com\/portada\/negada-medida-cautelar-que-solicitaba-suspender-eleccion-del-gobernador-de-casanare\/#primaryimage","url":"https:\/\/marthacifuentes.com\/portada\/wp-content\/uploads\/2020\/02\/salomon-sanabria-4.png","contentUrl":"https:\/\/marthacifuentes.com\/portada\/wp-content\/uploads\/2020\/02\/salomon-sanabria-4.png","width":806,"height":486},{"@type":"BreadcrumbList","@id":"https:\/\/marthacifuentes.com\/portada\/negada-medida-cautelar-que-solicitaba-suspender-eleccion-del-gobernador-de-casanare\/#breadcrumb","itemListElement":[{"@type":"ListItem","position":1,"name":"Portada","item":"https:\/\/marthacifuentes.com\/portada\/"},{"@type":"ListItem","position":2,"name":"Negada medida cautelar que solicitaba suspender elecci\u00f3n del gobernador de Casanare"}]},{"@type":"WebSite","@id":"https:\/\/marthacifuentes.com\/portada\/#website","url":"https:\/\/marthacifuentes.com\/portada\/","name":"\u25b7 Noticias de Casanare : Martha Cifuentes | Casanare","description":"Noticias &amp; Contenidos","potentialAction":[{"@type":"SearchAction","target":{"@type":"EntryPoint","urlTemplate":"https:\/\/marthacifuentes.com\/portada\/?s={search_term_string}"},"query-input":{"@type":"PropertyValueSpecification","valueRequired":true,"valueName":"search_term_string"}}],"inLanguage":"es"},{"@type":"Person","@id":"https:\/\/marthacifuentes.com\/portada\/#\/schema\/person\/57f53174b991db5f90ff78d58502b714","name":"Martha Cifuentes","image":{"@type":"ImageObject","inLanguage":"es","@id":"https:\/\/marthacifuentes.com\/portada\/#\/schema\/person\/image\/","url":"http:\/\/marthacifuentes.com\/portada\/wp-content\/uploads\/2018\/06\/avatar_user_2_1528838701-96x96.jpg","contentUrl":"http:\/\/marthacifuentes.com\/portada\/wp-content\/uploads\/2018\/06\/avatar_user_2_1528838701-96x96.jpg","caption":"Martha Cifuentes"},"sameAs":["http:\/\/www.marthacifuentes.com"],"url":"https:\/\/marthacifuentes.com\/portada\/author\/martha\/"}]}},"_links":{"self":[{"href":"https:\/\/marthacifuentes.com\/portada\/wp-json\/wp\/v2\/posts\/22999","targetHints":{"allow":["GET"]}}],"collection":[{"href":"https:\/\/marthacifuentes.com\/portada\/wp-json\/wp\/v2\/posts"}],"about":[{"href":"https:\/\/marthacifuentes.com\/portada\/wp-json\/wp\/v2\/types\/post"}],"author":[{"embeddable":true,"href":"https:\/\/marthacifuentes.com\/portada\/wp-json\/wp\/v2\/users\/2"}],"replies":[{"embeddable":true,"href":"https:\/\/marthacifuentes.com\/portada\/wp-json\/wp\/v2\/comments?post=22999"}],"version-history":[{"count":0,"href":"https:\/\/marthacifuentes.com\/portada\/wp-json\/wp\/v2\/posts\/22999\/revisions"}],"wp:featuredmedia":[{"embeddable":true,"href":"https:\/\/marthacifuentes.com\/portada\/wp-json\/wp\/v2\/media\/23002"}],"wp:attachment":[{"href":"https:\/\/marthacifuentes.com\/portada\/wp-json\/wp\/v2\/media?parent=22999"}],"wp:term":[{"taxonomy":"category","embeddable":true,"href":"https:\/\/marthacifuentes.com\/portada\/wp-json\/wp\/v2\/categories?post=22999"},{"taxonomy":"post_tag","embeddable":true,"href":"https:\/\/marthacifuentes.com\/portada\/wp-json\/wp\/v2\/tags?post=22999"}],"curies":[{"name":"wp","href":"https:\/\/api.w.org\/{rel}","templated":true}]}}