{"id":23048,"date":"2020-02-12T18:33:27","date_gmt":"2020-02-12T23:33:27","guid":{"rendered":"https:\/\/marthacifuentes.com\/portada\/?p=23048"},"modified":"2020-02-12T18:36:38","modified_gmt":"2020-02-12T23:36:38","slug":"la-tona-a-audiencia-de-perdida-de-investidura-este-lunes-17-de-febrero-en-tribunal-de-yopal","status":"publish","type":"post","link":"https:\/\/marthacifuentes.com\/portada\/la-tona-a-audiencia-de-perdida-de-investidura-este-lunes-17-de-febrero-en-tribunal-de-yopal\/","title":{"rendered":"La \u201cto\u00f1a\u201d a audiencia de p\u00e9rdida de investidura este lunes 17 de febrero en Tribunal de Yopal."},"content":{"rendered":"<p style=\"text-align: justify;\"><strong>Audiencia de p\u00e9rdida de investidura de la diputada Lady Patricia Boh\u00f3rquez Cuevas, se realizar\u00e1 este lunes 17 de febrero en el Tribunal Administrativo de Casanare. <\/strong><\/p>\n<p style=\"text-align: justify;\">El Contencioso orden\u00f3 a la Contralor\u00eda de Casanare allegar copia total, aut\u00e9ntica y legible de cada una de las investigaciones fiscales que cursan contra la diputada, en virtud de que la informaci\u00f3n inicial suministrada por el ente de control fue confusa y con inconsistencias.<\/p>\n<p style=\"text-align: justify;\">Igualmente se requiri\u00f3 a la Asamblea de Casanare la copia \u00edntegra del acta que condensa la elecci\u00f3n del contralor de Casanare, efectuada este 11 de febrero. La anterior informaci\u00f3n debe ser entregada en dos d\u00edas contados a partir del recibo del oficio.<\/p>\n<p style=\"text-align: justify;\">La audiencia fue fijada para las 2 y 30 de la tarde del pr\u00f3ximo lunes en el tercer piso del Palacio de Justicia.<\/p>\n<p style=\"text-align: justify;\">Es de destacar que la diputada tendr\u00eda al menos un proceso de responsabilidad fiscal que ya le hab\u00eda sido notificado en septiembre del a\u00f1o pasado.<\/p>\n<p>[wp-svg-icons icon=\u00bbfile-pdf\u00bb wrap=\u00bbi\u00bb] <a href=\"https:\/\/marthacifuentes.com\/portada\/wp-content\/uploads\/2020\/02\/SE-FIJA-FECHA-DE-AUDIENCIA-PERDIDA-DE-INVESTIDURA-DIPUTADA-LADY-PATRICIA-BOHORQUEZ.pdf\">Se fija audiencia p\u00e9rdida de investidura Lady Boh\u00f3rquez\u00a0<\/a><\/p>\n<h3>Otras noticias&#8230;<\/h3>\n<blockquote class=\"wp-embedded-content\" data-secret=\"zK34ndhBJV\"><p><a href=\"https:\/\/marthacifuentes.com\/portada\/2020\/02\/06\/en-febrero-13-audiencia-de-perdida-de-investidura-de-marco-tulio-ruiz\/\">En febrero 13 audiencia de p\u00e9rdida de investidura de Marco Tulio Ru\u00edz<\/a><\/p><\/blockquote>\n<p><iframe loading=\"lazy\" class=\"wp-embedded-content\" sandbox=\"allow-scripts\" security=\"restricted\" style=\"position: absolute; clip: rect(1px, 1px, 1px, 1px);\" title=\"\u00abEn febrero 13 audiencia de p\u00e9rdida de investidura de Marco Tulio Ru\u00edz\u00bb \u2014 \u25b7 Noticias de Casanare : Martha Cifuentes | Casanare\" src=\"https:\/\/marthacifuentes.com\/portada\/2020\/02\/06\/en-febrero-13-audiencia-de-perdida-de-investidura-de-marco-tulio-ruiz\/embed\/#?secret=m7dAmwUAQd#?secret=zK34ndhBJV\" data-secret=\"zK34ndhBJV\" width=\"500\" height=\"282\" frameborder=\"0\" marginwidth=\"0\" marginheight=\"0\" scrolling=\"no\"><\/iframe><\/p>\n<blockquote class=\"wp-embedded-content\" data-secret=\"SVrruLw8Wa\"><p><a href=\"https:\/\/marthacifuentes.com\/portada\/2020\/02\/12\/gobernador-de-casanare-alcaldes-diputados-y-concejales-nada-que-publican-su-declaracion-de-renta\/\">Gobernador de Casanare, alcaldes, diputados y concejales, NADA que publican su declaraci\u00f3n de renta<\/a><\/p><\/blockquote>\n<p><iframe loading=\"lazy\" class=\"wp-embedded-content\" sandbox=\"allow-scripts\" security=\"restricted\" style=\"position: absolute; clip: rect(1px, 1px, 1px, 1px);\" title=\"\u00abGobernador de Casanare, alcaldes, diputados y concejales, NADA que publican su declaraci\u00f3n de renta\u00bb \u2014 \u25b7 Noticias de Casanare : Martha Cifuentes | Casanare\" src=\"https:\/\/marthacifuentes.com\/portada\/2020\/02\/12\/gobernador-de-casanare-alcaldes-diputados-y-concejales-nada-que-publican-su-declaracion-de-renta\/embed\/#?secret=XQHxbS7v0O#?secret=SVrruLw8Wa\" data-secret=\"SVrruLw8Wa\" width=\"500\" height=\"282\" frameborder=\"0\" marginwidth=\"0\" marginheight=\"0\" scrolling=\"no\"><\/iframe><\/p>\n<blockquote class=\"wp-embedded-content\" data-secret=\"3OTIRqPEt2\"><p><a href=\"https:\/\/marthacifuentes.com\/portada\/2020\/02\/11\/fondo-de-adaptacion-le-echo-el-agua-sucia-a-la-alcaldia-de-yopal-y-la-gobernacion-de-casanare-de-no-culminacion-de-ptap-definitiva\/\">Fondo de Adaptaci\u00f3n, le ech\u00f3 el agua sucia a la Alcald\u00eda de Yopal y la Gobernaci\u00f3n de Casanare de no culminaci\u00f3n de PTAP definitiva<\/a><\/p><\/blockquote>\n<p><iframe loading=\"lazy\" class=\"wp-embedded-content\" sandbox=\"allow-scripts\" security=\"restricted\" style=\"position: absolute; clip: rect(1px, 1px, 1px, 1px);\" title=\"\u00abFondo de Adaptaci\u00f3n, le ech\u00f3 el agua sucia a la Alcald\u00eda de Yopal y la Gobernaci\u00f3n de Casanare de no culminaci\u00f3n de PTAP definitiva\u00bb \u2014 \u25b7 Noticias de Casanare : Martha Cifuentes | Casanare\" src=\"https:\/\/marthacifuentes.com\/portada\/2020\/02\/11\/fondo-de-adaptacion-le-echo-el-agua-sucia-a-la-alcaldia-de-yopal-y-la-gobernacion-de-casanare-de-no-culminacion-de-ptap-definitiva\/embed\/#?secret=7infJoYCtC#?secret=3OTIRqPEt2\" data-secret=\"3OTIRqPEt2\" width=\"500\" height=\"282\" frameborder=\"0\" marginwidth=\"0\" marginheight=\"0\" scrolling=\"no\"><\/iframe><\/p>\n<blockquote class=\"wp-embedded-content\" data-secret=\"PDjXrK0X8Y\"><p><a href=\"https:\/\/marthacifuentes.com\/portada\/2020\/02\/11\/marco-tulio-no-voto-pero-gano-con-eleccion-de-nueva-contralora-de-casanare\/\">Marco Tulio, no vot\u00f3 pero gan\u00f3 con elecci\u00f3n de nueva contralora de Casanare<\/a><\/p><\/blockquote>\n<p><iframe loading=\"lazy\" class=\"wp-embedded-content\" sandbox=\"allow-scripts\" security=\"restricted\" style=\"position: absolute; clip: rect(1px, 1px, 1px, 1px);\" title=\"\u00abMarco Tulio, no vot\u00f3 pero gan\u00f3 con elecci\u00f3n de nueva contralora de Casanare\u00bb \u2014 \u25b7 Noticias de Casanare : Martha Cifuentes | Casanare\" src=\"https:\/\/marthacifuentes.com\/portada\/2020\/02\/11\/marco-tulio-no-voto-pero-gano-con-eleccion-de-nueva-contralora-de-casanare\/embed\/#?secret=IN6WIca3gf#?secret=PDjXrK0X8Y\" data-secret=\"PDjXrK0X8Y\" width=\"500\" height=\"282\" frameborder=\"0\" marginwidth=\"0\" marginheight=\"0\" scrolling=\"no\"><\/iframe><\/p>\n<blockquote class=\"wp-embedded-content\" data-secret=\"pwCWPF07au\"><p><a href=\"https:\/\/marthacifuentes.com\/portada\/2020\/02\/07\/la-contraloria-de-casanare-queria-ocultar-procesos-contra-diputada-lady-patricia-bohorquez\/\">\u00bfLa Contralor\u00eda de Casanare quer\u00eda ocultar procesos contra diputada Lady Patricia Boh\u00f3rquez?<\/a><\/p><\/blockquote>\n<p><iframe loading=\"lazy\" class=\"wp-embedded-content\" sandbox=\"allow-scripts\" security=\"restricted\" style=\"position: absolute; clip: rect(1px, 1px, 1px, 1px);\" title=\"\u00ab\u00bfLa Contralor\u00eda de Casanare quer\u00eda ocultar procesos contra diputada Lady Patricia Boh\u00f3rquez?\u00bb \u2014 \u25b7 Noticias de Casanare : Martha Cifuentes | Casanare\" src=\"https:\/\/marthacifuentes.com\/portada\/2020\/02\/07\/la-contraloria-de-casanare-queria-ocultar-procesos-contra-diputada-lady-patricia-bohorquez\/embed\/#?secret=Xgj2v22L1x#?secret=pwCWPF07au\" data-secret=\"pwCWPF07au\" width=\"500\" height=\"282\" frameborder=\"0\" marginwidth=\"0\" marginheight=\"0\" scrolling=\"no\"><\/iframe><\/p>\n<blockquote class=\"wp-embedded-content\" data-secret=\"8gcExSzORR\"><p><a href=\"https:\/\/marthacifuentes.com\/portada\/2020\/02\/06\/negada-medida-cautelar-que-solicitaba-suspender-eleccion-del-gobernador-de-casanare\/\">Negada medida cautelar que solicitaba suspender elecci\u00f3n del gobernador de Casanare<\/a><\/p><\/blockquote>\n<p><iframe loading=\"lazy\" class=\"wp-embedded-content\" sandbox=\"allow-scripts\" security=\"restricted\" style=\"position: absolute; clip: rect(1px, 1px, 1px, 1px);\" title=\"\u00abNegada medida cautelar que solicitaba suspender elecci\u00f3n del gobernador de Casanare\u00bb \u2014 \u25b7 Noticias de Casanare : Martha Cifuentes | Casanare\" src=\"https:\/\/marthacifuentes.com\/portada\/2020\/02\/06\/negada-medida-cautelar-que-solicitaba-suspender-eleccion-del-gobernador-de-casanare\/embed\/#?secret=OgDNQw83y1#?secret=8gcExSzORR\" data-secret=\"8gcExSzORR\" width=\"500\" height=\"282\" frameborder=\"0\" marginwidth=\"0\" marginheight=\"0\" scrolling=\"no\"><\/iframe><\/p>\n<p>&nbsp;<\/p>\n<p>&nbsp;<\/p>\n","protected":false},"excerpt":{"rendered":"<p>Audiencia de p\u00e9rdida de investidura de la diputada Lady Patricia Boh\u00f3rquez Cuevas, se realizar\u00e1 este lunes 17 de febrero en el Tribunal Administrativo de Casanare. El Contencioso orden\u00f3 a la Contralor\u00eda de Casanare allegar copia total, aut\u00e9ntica y legible de cada una de las investigaciones fiscales que cursan contra la diputada, en virtud de que &hellip;<\/p>\n","protected":false},"author":2,"featured_media":23049,"comment_status":"open","ping_status":"open","sticky":false,"template":"","format":"standard","meta":{"om_disable_all_campaigns":false,"_exactmetrics_skip_tracking":false,"_exactmetrics_sitenote_active":false,"_exactmetrics_sitenote_note":"","_exactmetrics_sitenote_category":0,"_monsterinsights_skip_tracking":false,"_monsterinsights_sitenote_active":false,"_monsterinsights_sitenote_note":"","_monsterinsights_sitenote_category":0,"_uf_show_specific_survey":0,"_uf_disable_surveys":false,"_joinchat":[],"footnotes":""},"categories":[147,146,145],"tags":[4103,4104,1372,4102,3371],"class_list":["post-23048","post","type-post","status-publish","format-standard","has-post-thumbnail","hentry","category-actualidad","category-noticias","category-reportajes","tag-audiencia-lady-patricia-bohorquez","tag-judicial-perdida-de-investidura-diputada-patricia-bohorquez-la-tona","tag-noticias-de-casanare","tag-perdida-de-investidura-lady-patricia-bohorquez","tag-politica-casanare"],"yoast_head":"<!-- This site is optimized with the Yoast SEO plugin v26.1 - https:\/\/yoast.com\/wordpress\/plugins\/seo\/ -->\n<title>La \u201cto\u00f1a\u201d a audiencia de p\u00e9rdida de investidura este lunes 17 de febrero en Tribunal de Yopal. - \u25b7 Noticias de Casanare : Martha Cifuentes | Casanare<\/title>\n<meta name=\"robots\" content=\"index, follow, max-snippet:-1, max-image-preview:large, max-video-preview:-1\" \/>\n<link rel=\"canonical\" href=\"https:\/\/marthacifuentes.com\/portada\/la-tona-a-audiencia-de-perdida-de-investidura-este-lunes-17-de-febrero-en-tribunal-de-yopal\/\" \/>\n<meta property=\"og:locale\" content=\"es_ES\" \/>\n<meta property=\"og:type\" content=\"article\" \/>\n<meta property=\"og:title\" content=\"La \u201cto\u00f1a\u201d a audiencia de p\u00e9rdida de investidura este lunes 17 de febrero en Tribunal de Yopal. - \u25b7 Noticias de Casanare : Martha Cifuentes | Casanare\" \/>\n<meta property=\"og:description\" content=\"Audiencia de p\u00e9rdida de investidura de la diputada Lady Patricia Boh\u00f3rquez Cuevas, se realizar\u00e1 este lunes 17 de febrero en el Tribunal Administrativo de Casanare. El Contencioso orden\u00f3 a la Contralor\u00eda de Casanare allegar copia total, aut\u00e9ntica y legible de cada una de las investigaciones fiscales que cursan contra la diputada, en virtud de que &hellip;\" \/>\n<meta property=\"og:url\" content=\"https:\/\/marthacifuentes.com\/portada\/la-tona-a-audiencia-de-perdida-de-investidura-este-lunes-17-de-febrero-en-tribunal-de-yopal\/\" \/>\n<meta property=\"og:site_name\" content=\"\u25b7 Noticias de Casanare : Martha Cifuentes | Casanare\" \/>\n<meta property=\"article:published_time\" content=\"2020-02-12T23:33:27+00:00\" \/>\n<meta property=\"article:modified_time\" content=\"2020-02-12T23:36:38+00:00\" \/>\n<meta property=\"og:image\" content=\"https:\/\/marthacifuentes.com\/portada\/wp-content\/uploads\/2020\/02\/74800005_780869575687248_9178779427234906112_n.jpg\" \/>\n\t<meta property=\"og:image:width\" content=\"720\" \/>\n\t<meta property=\"og:image:height\" content=\"696\" \/>\n\t<meta property=\"og:image:type\" content=\"image\/jpeg\" \/>\n<meta name=\"author\" content=\"Martha Cifuentes\" \/>\n<meta name=\"twitter:card\" content=\"summary_large_image\" \/>\n<meta name=\"twitter:label1\" content=\"Escrito por\" \/>\n\t<meta name=\"twitter:data1\" content=\"Martha Cifuentes\" \/>\n\t<meta name=\"twitter:label2\" content=\"Tiempo de lectura\" \/>\n\t<meta name=\"twitter:data2\" content=\"1 minuto\" \/>\n<script type=\"application\/ld+json\" class=\"yoast-schema-graph\">{\"@context\":\"https:\/\/schema.org\",\"@graph\":[{\"@type\":\"WebPage\",\"@id\":\"https:\/\/marthacifuentes.com\/portada\/la-tona-a-audiencia-de-perdida-de-investidura-este-lunes-17-de-febrero-en-tribunal-de-yopal\/\",\"url\":\"https:\/\/marthacifuentes.com\/portada\/la-tona-a-audiencia-de-perdida-de-investidura-este-lunes-17-de-febrero-en-tribunal-de-yopal\/\",\"name\":\"La \u201cto\u00f1a\u201d a audiencia de p\u00e9rdida de investidura este lunes 17 de febrero en Tribunal de Yopal. - \u25b7 Noticias de Casanare : Martha Cifuentes | Casanare\",\"isPartOf\":{\"@id\":\"https:\/\/marthacifuentes.com\/portada\/#website\"},\"primaryImageOfPage\":{\"@id\":\"https:\/\/marthacifuentes.com\/portada\/la-tona-a-audiencia-de-perdida-de-investidura-este-lunes-17-de-febrero-en-tribunal-de-yopal\/#primaryimage\"},\"image\":{\"@id\":\"https:\/\/marthacifuentes.com\/portada\/la-tona-a-audiencia-de-perdida-de-investidura-este-lunes-17-de-febrero-en-tribunal-de-yopal\/#primaryimage\"},\"thumbnailUrl\":\"https:\/\/marthacifuentes.com\/portada\/wp-content\/uploads\/2020\/02\/74800005_780869575687248_9178779427234906112_n.jpg\",\"datePublished\":\"2020-02-12T23:33:27+00:00\",\"dateModified\":\"2020-02-12T23:36:38+00:00\",\"author\":{\"@id\":\"https:\/\/marthacifuentes.com\/portada\/#\/schema\/person\/57f53174b991db5f90ff78d58502b714\"},\"breadcrumb\":{\"@id\":\"https:\/\/marthacifuentes.com\/portada\/la-tona-a-audiencia-de-perdida-de-investidura-este-lunes-17-de-febrero-en-tribunal-de-yopal\/#breadcrumb\"},\"inLanguage\":\"es\",\"potentialAction\":[{\"@type\":\"ReadAction\",\"target\":[\"https:\/\/marthacifuentes.com\/portada\/la-tona-a-audiencia-de-perdida-de-investidura-este-lunes-17-de-febrero-en-tribunal-de-yopal\/\"]}]},{\"@type\":\"ImageObject\",\"inLanguage\":\"es\",\"@id\":\"https:\/\/marthacifuentes.com\/portada\/la-tona-a-audiencia-de-perdida-de-investidura-este-lunes-17-de-febrero-en-tribunal-de-yopal\/#primaryimage\",\"url\":\"https:\/\/marthacifuentes.com\/portada\/wp-content\/uploads\/2020\/02\/74800005_780869575687248_9178779427234906112_n.jpg\",\"contentUrl\":\"https:\/\/marthacifuentes.com\/portada\/wp-content\/uploads\/2020\/02\/74800005_780869575687248_9178779427234906112_n.jpg\",\"width\":720,\"height\":696},{\"@type\":\"BreadcrumbList\",\"@id\":\"https:\/\/marthacifuentes.com\/portada\/la-tona-a-audiencia-de-perdida-de-investidura-este-lunes-17-de-febrero-en-tribunal-de-yopal\/#breadcrumb\",\"itemListElement\":[{\"@type\":\"ListItem\",\"position\":1,\"name\":\"Portada\",\"item\":\"https:\/\/marthacifuentes.com\/portada\/\"},{\"@type\":\"ListItem\",\"position\":2,\"name\":\"La \u201cto\u00f1a\u201d a audiencia de p\u00e9rdida de investidura este lunes 17 de febrero en Tribunal de Yopal.\"}]},{\"@type\":\"WebSite\",\"@id\":\"https:\/\/marthacifuentes.com\/portada\/#website\",\"url\":\"https:\/\/marthacifuentes.com\/portada\/\",\"name\":\"\u25b7 Noticias de Casanare : Martha Cifuentes | Casanare\",\"description\":\"Noticias &amp; Contenidos\",\"potentialAction\":[{\"@type\":\"SearchAction\",\"target\":{\"@type\":\"EntryPoint\",\"urlTemplate\":\"https:\/\/marthacifuentes.com\/portada\/?s={search_term_string}\"},\"query-input\":{\"@type\":\"PropertyValueSpecification\",\"valueRequired\":true,\"valueName\":\"search_term_string\"}}],\"inLanguage\":\"es\"},{\"@type\":\"Person\",\"@id\":\"https:\/\/marthacifuentes.com\/portada\/#\/schema\/person\/57f53174b991db5f90ff78d58502b714\",\"name\":\"Martha Cifuentes\",\"image\":{\"@type\":\"ImageObject\",\"inLanguage\":\"es\",\"@id\":\"https:\/\/marthacifuentes.com\/portada\/#\/schema\/person\/image\/\",\"url\":\"http:\/\/marthacifuentes.com\/portada\/wp-content\/uploads\/2018\/06\/avatar_user_2_1528838701-96x96.jpg\",\"contentUrl\":\"http:\/\/marthacifuentes.com\/portada\/wp-content\/uploads\/2018\/06\/avatar_user_2_1528838701-96x96.jpg\",\"caption\":\"Martha Cifuentes\"},\"sameAs\":[\"http:\/\/www.marthacifuentes.com\"],\"url\":\"https:\/\/marthacifuentes.com\/portada\/author\/martha\/\"}]}<\/script>\n<!-- \/ Yoast SEO plugin. -->","yoast_head_json":{"title":"La \u201cto\u00f1a\u201d a audiencia de p\u00e9rdida de investidura este lunes 17 de febrero en Tribunal de Yopal. - \u25b7 Noticias de Casanare : Martha Cifuentes | Casanare","robots":{"index":"index","follow":"follow","max-snippet":"max-snippet:-1","max-image-preview":"max-image-preview:large","max-video-preview":"max-video-preview:-1"},"canonical":"https:\/\/marthacifuentes.com\/portada\/la-tona-a-audiencia-de-perdida-de-investidura-este-lunes-17-de-febrero-en-tribunal-de-yopal\/","og_locale":"es_ES","og_type":"article","og_title":"La \u201cto\u00f1a\u201d a audiencia de p\u00e9rdida de investidura este lunes 17 de febrero en Tribunal de Yopal. - \u25b7 Noticias de Casanare : Martha Cifuentes | Casanare","og_description":"Audiencia de p\u00e9rdida de investidura de la diputada Lady Patricia Boh\u00f3rquez Cuevas, se realizar\u00e1 este lunes 17 de febrero en el Tribunal Administrativo de Casanare. El Contencioso orden\u00f3 a la Contralor\u00eda de Casanare allegar copia total, aut\u00e9ntica y legible de cada una de las investigaciones fiscales que cursan contra la diputada, en virtud de que &hellip;","og_url":"https:\/\/marthacifuentes.com\/portada\/la-tona-a-audiencia-de-perdida-de-investidura-este-lunes-17-de-febrero-en-tribunal-de-yopal\/","og_site_name":"\u25b7 Noticias de Casanare : Martha Cifuentes | Casanare","article_published_time":"2020-02-12T23:33:27+00:00","article_modified_time":"2020-02-12T23:36:38+00:00","og_image":[{"width":720,"height":696,"url":"https:\/\/marthacifuentes.com\/portada\/wp-content\/uploads\/2020\/02\/74800005_780869575687248_9178779427234906112_n.jpg","type":"image\/jpeg"}],"author":"Martha Cifuentes","twitter_card":"summary_large_image","twitter_misc":{"Escrito por":"Martha Cifuentes","Tiempo de lectura":"1 minuto"},"schema":{"@context":"https:\/\/schema.org","@graph":[{"@type":"WebPage","@id":"https:\/\/marthacifuentes.com\/portada\/la-tona-a-audiencia-de-perdida-de-investidura-este-lunes-17-de-febrero-en-tribunal-de-yopal\/","url":"https:\/\/marthacifuentes.com\/portada\/la-tona-a-audiencia-de-perdida-de-investidura-este-lunes-17-de-febrero-en-tribunal-de-yopal\/","name":"La \u201cto\u00f1a\u201d a audiencia de p\u00e9rdida de investidura este lunes 17 de febrero en Tribunal de Yopal. - \u25b7 Noticias de Casanare : Martha Cifuentes | Casanare","isPartOf":{"@id":"https:\/\/marthacifuentes.com\/portada\/#website"},"primaryImageOfPage":{"@id":"https:\/\/marthacifuentes.com\/portada\/la-tona-a-audiencia-de-perdida-de-investidura-este-lunes-17-de-febrero-en-tribunal-de-yopal\/#primaryimage"},"image":{"@id":"https:\/\/marthacifuentes.com\/portada\/la-tona-a-audiencia-de-perdida-de-investidura-este-lunes-17-de-febrero-en-tribunal-de-yopal\/#primaryimage"},"thumbnailUrl":"https:\/\/marthacifuentes.com\/portada\/wp-content\/uploads\/2020\/02\/74800005_780869575687248_9178779427234906112_n.jpg","datePublished":"2020-02-12T23:33:27+00:00","dateModified":"2020-02-12T23:36:38+00:00","author":{"@id":"https:\/\/marthacifuentes.com\/portada\/#\/schema\/person\/57f53174b991db5f90ff78d58502b714"},"breadcrumb":{"@id":"https:\/\/marthacifuentes.com\/portada\/la-tona-a-audiencia-de-perdida-de-investidura-este-lunes-17-de-febrero-en-tribunal-de-yopal\/#breadcrumb"},"inLanguage":"es","potentialAction":[{"@type":"ReadAction","target":["https:\/\/marthacifuentes.com\/portada\/la-tona-a-audiencia-de-perdida-de-investidura-este-lunes-17-de-febrero-en-tribunal-de-yopal\/"]}]},{"@type":"ImageObject","inLanguage":"es","@id":"https:\/\/marthacifuentes.com\/portada\/la-tona-a-audiencia-de-perdida-de-investidura-este-lunes-17-de-febrero-en-tribunal-de-yopal\/#primaryimage","url":"https:\/\/marthacifuentes.com\/portada\/wp-content\/uploads\/2020\/02\/74800005_780869575687248_9178779427234906112_n.jpg","contentUrl":"https:\/\/marthacifuentes.com\/portada\/wp-content\/uploads\/2020\/02\/74800005_780869575687248_9178779427234906112_n.jpg","width":720,"height":696},{"@type":"BreadcrumbList","@id":"https:\/\/marthacifuentes.com\/portada\/la-tona-a-audiencia-de-perdida-de-investidura-este-lunes-17-de-febrero-en-tribunal-de-yopal\/#breadcrumb","itemListElement":[{"@type":"ListItem","position":1,"name":"Portada","item":"https:\/\/marthacifuentes.com\/portada\/"},{"@type":"ListItem","position":2,"name":"La \u201cto\u00f1a\u201d a audiencia de p\u00e9rdida de investidura este lunes 17 de febrero en Tribunal de Yopal."}]},{"@type":"WebSite","@id":"https:\/\/marthacifuentes.com\/portada\/#website","url":"https:\/\/marthacifuentes.com\/portada\/","name":"\u25b7 Noticias de Casanare : Martha Cifuentes | Casanare","description":"Noticias &amp; Contenidos","potentialAction":[{"@type":"SearchAction","target":{"@type":"EntryPoint","urlTemplate":"https:\/\/marthacifuentes.com\/portada\/?s={search_term_string}"},"query-input":{"@type":"PropertyValueSpecification","valueRequired":true,"valueName":"search_term_string"}}],"inLanguage":"es"},{"@type":"Person","@id":"https:\/\/marthacifuentes.com\/portada\/#\/schema\/person\/57f53174b991db5f90ff78d58502b714","name":"Martha Cifuentes","image":{"@type":"ImageObject","inLanguage":"es","@id":"https:\/\/marthacifuentes.com\/portada\/#\/schema\/person\/image\/","url":"http:\/\/marthacifuentes.com\/portada\/wp-content\/uploads\/2018\/06\/avatar_user_2_1528838701-96x96.jpg","contentUrl":"http:\/\/marthacifuentes.com\/portada\/wp-content\/uploads\/2018\/06\/avatar_user_2_1528838701-96x96.jpg","caption":"Martha Cifuentes"},"sameAs":["http:\/\/www.marthacifuentes.com"],"url":"https:\/\/marthacifuentes.com\/portada\/author\/martha\/"}]}},"_links":{"self":[{"href":"https:\/\/marthacifuentes.com\/portada\/wp-json\/wp\/v2\/posts\/23048","targetHints":{"allow":["GET"]}}],"collection":[{"href":"https:\/\/marthacifuentes.com\/portada\/wp-json\/wp\/v2\/posts"}],"about":[{"href":"https:\/\/marthacifuentes.com\/portada\/wp-json\/wp\/v2\/types\/post"}],"author":[{"embeddable":true,"href":"https:\/\/marthacifuentes.com\/portada\/wp-json\/wp\/v2\/users\/2"}],"replies":[{"embeddable":true,"href":"https:\/\/marthacifuentes.com\/portada\/wp-json\/wp\/v2\/comments?post=23048"}],"version-history":[{"count":0,"href":"https:\/\/marthacifuentes.com\/portada\/wp-json\/wp\/v2\/posts\/23048\/revisions"}],"wp:featuredmedia":[{"embeddable":true,"href":"https:\/\/marthacifuentes.com\/portada\/wp-json\/wp\/v2\/media\/23049"}],"wp:attachment":[{"href":"https:\/\/marthacifuentes.com\/portada\/wp-json\/wp\/v2\/media?parent=23048"}],"wp:term":[{"taxonomy":"category","embeddable":true,"href":"https:\/\/marthacifuentes.com\/portada\/wp-json\/wp\/v2\/categories?post=23048"},{"taxonomy":"post_tag","embeddable":true,"href":"https:\/\/marthacifuentes.com\/portada\/wp-json\/wp\/v2\/tags?post=23048"}],"curies":[{"name":"wp","href":"https:\/\/api.w.org\/{rel}","templated":true}]}}