{"id":23065,"date":"2020-02-17T14:07:08","date_gmt":"2020-02-17T19:07:08","guid":{"rendered":"https:\/\/marthacifuentes.com\/portada\/?p=23065"},"modified":"2020-02-17T14:07:08","modified_gmt":"2020-02-17T19:07:08","slug":"gobernacion-de-casanare-controvierte-al-fondo-de-adaptacion-sobre-recursos-para-solucion-de-agua-en-yopal","status":"publish","type":"post","link":"https:\/\/marthacifuentes.com\/portada\/gobernacion-de-casanare-controvierte-al-fondo-de-adaptacion-sobre-recursos-para-solucion-de-agua-en-yopal\/","title":{"rendered":"Gobernaci\u00f3n de Casanare controvierte al Fondo de Adaptaci\u00f3n sobre recursos para soluci\u00f3n de agua en Yopal"},"content":{"rendered":"<p style=\"text-align: justify;\"><strong>Ni a la Gobernaci\u00f3n de Casanare ni a la Alcald\u00eda de Yopal, les cay\u00f3 en gracia que el Fondo de Adaptaci\u00f3n los responsabilizara de haber incumplido con compromisos de recursos para la culminaci\u00f3n del nuevo sistema de abastecimiento de agua potable para Yopal. Seg\u00fan las cuentas hechas ante el Tribunal, la Gobernaci\u00f3n ha dispuesto de 68 mil millones de pesos para la crisis de agua en Yopal.<\/strong><\/p>\n<p style=\"text-align: justify;\">Para el secretario de Obras Publicas del departamento \u00d3scar Garc\u00eda, las cuentas que posee la Gobernaci\u00f3n y entregadas el a\u00f1o pasado al Tribunal Administrativo de Casanare corroboran que esta entidad aport\u00f3 para el plan de contingencia 33 mil 793 millones de pesos, distribuidos en 22 mil millones para los pozos profundos realizados y el resto para ls distribuci\u00f3n del agua en carrotanques entre 2015 y 2016.<\/p>\n<p style=\"text-align: justify;\">En cuanto a la PTAP definitiva, el funcionario manifest\u00f3 que se dio inicio a un contrato por 68 mil 165 millones de pesos; de ese rubro 34 mil 201 millones de pesos los aport\u00f3 la Gobernaci\u00f3n de Casanare.<\/p>\n<p style=\"text-align: justify;\">Precis\u00f3 tambi\u00e9n que de esos 34 mil millones de pesos, 3 mil millones de pesos se destinaron para los estudios y dise\u00f1os de la planta; partida que se asign\u00f3 mediante un convenio interadministrativo entre la Administraci\u00f3n Departamental y la EAAAY. El dinero restante, cerca de 31 mil millones de pesos, se reserv\u00f3 para la construcci\u00f3n de la obra.<\/p>\n<p style=\"text-align: justify;\">El funcionario a\u00f1adi\u00f3 que en febrero de 2018, el Tribunal Administrativo de Casanare hizo un peritaje donde se pudo corroborar que el Gobierno seccional, en la primera etapa de todo el proceso, destin\u00f3 una cifra superior a la acordada.<\/p>\n<p style=\"text-align: justify;\">En total, de los 84 mil 500 millones de pesos que se invirtieron para superar la emergencia, el Departamento aport\u00f3 35 mil 997 millones de pesos; el Fondo de Adaptaci\u00f3n gir\u00f3 16 mil 558 millones de pesos; la EAAAY 17 mil 700 millones de pesos y la Alcald\u00eda de Yopal 14 mil 306 millones de pesos.<\/p>\n<p style=\"text-align: justify;\">Con estas cifras qued\u00f3 demostrado que la Gobernaci\u00f3n de Casanare aport\u00f3 6 mil 391 millones de pesos m\u00e1s de lo pactado, mientras que al Fondo de Adaptaci\u00f3n le hace falta aportar 17 mil 276 millones de pesos.<\/p>\n<p style=\"text-align: justify;\">\u00a0\u201cEso lo dice el peritaje, de resto, las dem\u00e1s entidades han aportado mucho m\u00e1s de lo que les corresponde\u201d, se\u00f1al\u00f3 \u00d3scar Garc\u00eda.<\/p>\n<p style=\"text-align: justify;\">El funcionario dijo que en todo caso el Gobernador sigue con la intenci\u00f3n de adicionar 6.000 millones para las obras de protecci\u00f3n de la l\u00ednea de conducci\u00f3n para lo cual el equipo t\u00e9cnico de la entidad hizo las obsevaciones correspondientes a los estudios y dise\u00f1os de dichas obras a la espera de que se subsanen por parte de Findeter.<\/p>\n<h3>Otras noticias&#8230;<\/h3>\n<blockquote class=\"wp-embedded-content\" data-secret=\"F9HOx8P8Gc\"><p><a href=\"https:\/\/marthacifuentes.com\/portada\/2020\/02\/12\/la-tona-a-audiencia-de-perdida-de-investidura-este-lunes-17-de-febrero-en-tribunal-de-yopal\/\">La \u201cto\u00f1a\u201d a audiencia de p\u00e9rdida de investidura este lunes 17 de febrero en Tribunal de Yopal.<\/a><\/p><\/blockquote>\n<p><iframe loading=\"lazy\" class=\"wp-embedded-content\" sandbox=\"allow-scripts\" security=\"restricted\" style=\"position: absolute; clip: rect(1px, 1px, 1px, 1px);\" title=\"\u00abLa \u201cto\u00f1a\u201d a audiencia de p\u00e9rdida de investidura este lunes 17 de febrero en Tribunal de Yopal.\u00bb \u2014 \u25b7 Noticias de Casanare : Martha Cifuentes | Casanare\" src=\"https:\/\/marthacifuentes.com\/portada\/2020\/02\/12\/la-tona-a-audiencia-de-perdida-de-investidura-este-lunes-17-de-febrero-en-tribunal-de-yopal\/embed\/#?secret=JtoyK2LTqf#?secret=F9HOx8P8Gc\" data-secret=\"F9HOx8P8Gc\" width=\"500\" height=\"282\" frameborder=\"0\" marginwidth=\"0\" marginheight=\"0\" scrolling=\"no\"><\/iframe><\/p>\n<blockquote class=\"wp-embedded-content\" data-secret=\"t87YlpELJd\"><p><a href=\"https:\/\/marthacifuentes.com\/portada\/2020\/02\/14\/llega-eco-alojamiento-a-casanare\/\">Llega Eco-alojamiento a Casanare<\/a><\/p><\/blockquote>\n<p><iframe loading=\"lazy\" class=\"wp-embedded-content\" sandbox=\"allow-scripts\" security=\"restricted\" style=\"position: absolute; clip: rect(1px, 1px, 1px, 1px);\" title=\"\u00abLlega Eco-alojamiento a Casanare\u00bb \u2014 \u25b7 Noticias de Casanare : Martha Cifuentes | Casanare\" src=\"https:\/\/marthacifuentes.com\/portada\/2020\/02\/14\/llega-eco-alojamiento-a-casanare\/embed\/#?secret=zKu5laL1zn#?secret=t87YlpELJd\" data-secret=\"t87YlpELJd\" width=\"500\" height=\"282\" frameborder=\"0\" marginwidth=\"0\" marginheight=\"0\" scrolling=\"no\"><\/iframe><\/p>\n<blockquote class=\"wp-embedded-content\" data-secret=\"iBGelpplWP\"><p><a href=\"https:\/\/marthacifuentes.com\/portada\/2020\/02\/14\/superservicios-impuso-a-la-eaaay-metas-imposibles-de-cumplir-gerente\/\">Superservicios impuso a la EAAAY metas imposibles de cumplir: Gerente<\/a><\/p><\/blockquote>\n<p><iframe loading=\"lazy\" class=\"wp-embedded-content\" sandbox=\"allow-scripts\" security=\"restricted\" style=\"position: absolute; clip: rect(1px, 1px, 1px, 1px);\" title=\"\u00abSuperservicios impuso a la EAAAY metas imposibles de cumplir: Gerente\u00bb \u2014 \u25b7 Noticias de Casanare : Martha Cifuentes | Casanare\" src=\"https:\/\/marthacifuentes.com\/portada\/2020\/02\/14\/superservicios-impuso-a-la-eaaay-metas-imposibles-de-cumplir-gerente\/embed\/#?secret=N0KLWHCOTP#?secret=iBGelpplWP\" data-secret=\"iBGelpplWP\" width=\"500\" height=\"282\" frameborder=\"0\" marginwidth=\"0\" marginheight=\"0\" scrolling=\"no\"><\/iframe><\/p>\n<p>&nbsp;<\/p>\n<p style=\"text-align: justify;\">\n<p style=\"text-align: justify;\">\n","protected":false},"excerpt":{"rendered":"<p>Ni a la Gobernaci\u00f3n de Casanare ni a la Alcald\u00eda de Yopal, les cay\u00f3 en gracia que el Fondo de Adaptaci\u00f3n los responsabilizara de haber incumplido con compromisos de recursos para la culminaci\u00f3n del nuevo sistema de abastecimiento de agua potable para Yopal. Seg\u00fan las cuentas hechas ante el Tribunal, la Gobernaci\u00f3n ha dispuesto de &hellip;<\/p>\n","protected":false},"author":2,"featured_media":23066,"comment_status":"open","ping_status":"open","sticky":false,"template":"","format":"standard","meta":{"om_disable_all_campaigns":false,"_exactmetrics_skip_tracking":false,"_exactmetrics_sitenote_active":false,"_exactmetrics_sitenote_note":"","_exactmetrics_sitenote_category":0,"_monsterinsights_skip_tracking":false,"_monsterinsights_sitenote_active":false,"_monsterinsights_sitenote_note":"","_monsterinsights_sitenote_category":0,"_uf_show_specific_survey":0,"_uf_disable_surveys":false,"_joinchat":[],"footnotes":""},"categories":[147,146,145],"tags":[4112,4110,4111,703,157],"class_list":["post-23065","post","type-post","status-publish","format-standard","has-post-thumbnail","hentry","category-actualidad","category-noticias","category-reportajes","tag-eaaay-alcaldia-de-yopal-gobernnacion-de-casanare-fondo-de-adaptacion-ptap-yopal","tag-gobernacion-controvierte-al-fondo-de-adaptacion-sobre-recursos-de-la-ptap-yopal","tag-gobernacion-de-casanare-recursos-ptap-yopal","tag-ptap-yopal","tag-yopal"],"yoast_head":"<!-- This site is optimized with the Yoast SEO plugin v26.1 - https:\/\/yoast.com\/wordpress\/plugins\/seo\/ -->\n<title>Gobernaci\u00f3n de Casanare controvierte al Fondo de Adaptaci\u00f3n sobre recursos para soluci\u00f3n de agua en Yopal - \u25b7 Noticias de Casanare : Martha Cifuentes | Casanare<\/title>\n<meta name=\"robots\" content=\"index, follow, max-snippet:-1, max-image-preview:large, max-video-preview:-1\" \/>\n<link rel=\"canonical\" href=\"https:\/\/marthacifuentes.com\/portada\/gobernacion-de-casanare-controvierte-al-fondo-de-adaptacion-sobre-recursos-para-solucion-de-agua-en-yopal\/\" \/>\n<meta property=\"og:locale\" content=\"es_ES\" \/>\n<meta property=\"og:type\" content=\"article\" \/>\n<meta property=\"og:title\" content=\"Gobernaci\u00f3n de Casanare controvierte al Fondo de Adaptaci\u00f3n sobre recursos para soluci\u00f3n de agua en Yopal - \u25b7 Noticias de Casanare : Martha Cifuentes | Casanare\" \/>\n<meta property=\"og:description\" content=\"Ni a la Gobernaci\u00f3n de Casanare ni a la Alcald\u00eda de Yopal, les cay\u00f3 en gracia que el Fondo de Adaptaci\u00f3n los responsabilizara de haber incumplido con compromisos de recursos para la culminaci\u00f3n del nuevo sistema de abastecimiento de agua potable para Yopal. Seg\u00fan las cuentas hechas ante el Tribunal, la Gobernaci\u00f3n ha dispuesto de &hellip;\" \/>\n<meta property=\"og:url\" content=\"https:\/\/marthacifuentes.com\/portada\/gobernacion-de-casanare-controvierte-al-fondo-de-adaptacion-sobre-recursos-para-solucion-de-agua-en-yopal\/\" \/>\n<meta property=\"og:site_name\" content=\"\u25b7 Noticias de Casanare : Martha Cifuentes | Casanare\" \/>\n<meta property=\"article:published_time\" content=\"2020-02-17T19:07:08+00:00\" \/>\n<meta property=\"og:image\" content=\"https:\/\/marthacifuentes.com\/portada\/wp-content\/uploads\/2020\/02\/Img4-scaled.jpg\" \/>\n\t<meta property=\"og:image:width\" content=\"2560\" \/>\n\t<meta property=\"og:image:height\" content=\"1920\" \/>\n\t<meta property=\"og:image:type\" content=\"image\/jpeg\" \/>\n<meta name=\"author\" content=\"Martha Cifuentes\" \/>\n<meta name=\"twitter:card\" content=\"summary_large_image\" \/>\n<meta name=\"twitter:label1\" content=\"Escrito por\" \/>\n\t<meta name=\"twitter:data1\" content=\"Martha Cifuentes\" \/>\n\t<meta name=\"twitter:label2\" content=\"Tiempo de lectura\" \/>\n\t<meta name=\"twitter:data2\" content=\"2 minutos\" \/>\n<script type=\"application\/ld+json\" class=\"yoast-schema-graph\">{\"@context\":\"https:\/\/schema.org\",\"@graph\":[{\"@type\":\"WebPage\",\"@id\":\"https:\/\/marthacifuentes.com\/portada\/gobernacion-de-casanare-controvierte-al-fondo-de-adaptacion-sobre-recursos-para-solucion-de-agua-en-yopal\/\",\"url\":\"https:\/\/marthacifuentes.com\/portada\/gobernacion-de-casanare-controvierte-al-fondo-de-adaptacion-sobre-recursos-para-solucion-de-agua-en-yopal\/\",\"name\":\"Gobernaci\u00f3n de Casanare controvierte al Fondo de Adaptaci\u00f3n sobre recursos para soluci\u00f3n de agua en Yopal - \u25b7 Noticias de Casanare : Martha Cifuentes | Casanare\",\"isPartOf\":{\"@id\":\"https:\/\/marthacifuentes.com\/portada\/#website\"},\"primaryImageOfPage\":{\"@id\":\"https:\/\/marthacifuentes.com\/portada\/gobernacion-de-casanare-controvierte-al-fondo-de-adaptacion-sobre-recursos-para-solucion-de-agua-en-yopal\/#primaryimage\"},\"image\":{\"@id\":\"https:\/\/marthacifuentes.com\/portada\/gobernacion-de-casanare-controvierte-al-fondo-de-adaptacion-sobre-recursos-para-solucion-de-agua-en-yopal\/#primaryimage\"},\"thumbnailUrl\":\"https:\/\/marthacifuentes.com\/portada\/wp-content\/uploads\/2020\/02\/Img4-scaled.jpg\",\"datePublished\":\"2020-02-17T19:07:08+00:00\",\"author\":{\"@id\":\"https:\/\/marthacifuentes.com\/portada\/#\/schema\/person\/57f53174b991db5f90ff78d58502b714\"},\"breadcrumb\":{\"@id\":\"https:\/\/marthacifuentes.com\/portada\/gobernacion-de-casanare-controvierte-al-fondo-de-adaptacion-sobre-recursos-para-solucion-de-agua-en-yopal\/#breadcrumb\"},\"inLanguage\":\"es\",\"potentialAction\":[{\"@type\":\"ReadAction\",\"target\":[\"https:\/\/marthacifuentes.com\/portada\/gobernacion-de-casanare-controvierte-al-fondo-de-adaptacion-sobre-recursos-para-solucion-de-agua-en-yopal\/\"]}]},{\"@type\":\"ImageObject\",\"inLanguage\":\"es\",\"@id\":\"https:\/\/marthacifuentes.com\/portada\/gobernacion-de-casanare-controvierte-al-fondo-de-adaptacion-sobre-recursos-para-solucion-de-agua-en-yopal\/#primaryimage\",\"url\":\"https:\/\/marthacifuentes.com\/portada\/wp-content\/uploads\/2020\/02\/Img4-scaled.jpg\",\"contentUrl\":\"https:\/\/marthacifuentes.com\/portada\/wp-content\/uploads\/2020\/02\/Img4-scaled.jpg\",\"width\":2560,\"height\":1920},{\"@type\":\"BreadcrumbList\",\"@id\":\"https:\/\/marthacifuentes.com\/portada\/gobernacion-de-casanare-controvierte-al-fondo-de-adaptacion-sobre-recursos-para-solucion-de-agua-en-yopal\/#breadcrumb\",\"itemListElement\":[{\"@type\":\"ListItem\",\"position\":1,\"name\":\"Portada\",\"item\":\"https:\/\/marthacifuentes.com\/portada\/\"},{\"@type\":\"ListItem\",\"position\":2,\"name\":\"Gobernaci\u00f3n de Casanare controvierte al Fondo de Adaptaci\u00f3n sobre recursos para soluci\u00f3n de agua en Yopal\"}]},{\"@type\":\"WebSite\",\"@id\":\"https:\/\/marthacifuentes.com\/portada\/#website\",\"url\":\"https:\/\/marthacifuentes.com\/portada\/\",\"name\":\"\u25b7 Noticias de Casanare : Martha Cifuentes | Casanare\",\"description\":\"Noticias &amp; Contenidos\",\"potentialAction\":[{\"@type\":\"SearchAction\",\"target\":{\"@type\":\"EntryPoint\",\"urlTemplate\":\"https:\/\/marthacifuentes.com\/portada\/?s={search_term_string}\"},\"query-input\":{\"@type\":\"PropertyValueSpecification\",\"valueRequired\":true,\"valueName\":\"search_term_string\"}}],\"inLanguage\":\"es\"},{\"@type\":\"Person\",\"@id\":\"https:\/\/marthacifuentes.com\/portada\/#\/schema\/person\/57f53174b991db5f90ff78d58502b714\",\"name\":\"Martha Cifuentes\",\"image\":{\"@type\":\"ImageObject\",\"inLanguage\":\"es\",\"@id\":\"https:\/\/marthacifuentes.com\/portada\/#\/schema\/person\/image\/\",\"url\":\"http:\/\/marthacifuentes.com\/portada\/wp-content\/uploads\/2018\/06\/avatar_user_2_1528838701-96x96.jpg\",\"contentUrl\":\"http:\/\/marthacifuentes.com\/portada\/wp-content\/uploads\/2018\/06\/avatar_user_2_1528838701-96x96.jpg\",\"caption\":\"Martha Cifuentes\"},\"sameAs\":[\"http:\/\/www.marthacifuentes.com\"],\"url\":\"https:\/\/marthacifuentes.com\/portada\/author\/martha\/\"}]}<\/script>\n<!-- \/ Yoast SEO plugin. -->","yoast_head_json":{"title":"Gobernaci\u00f3n de Casanare controvierte al Fondo de Adaptaci\u00f3n sobre recursos para soluci\u00f3n de agua en Yopal - \u25b7 Noticias de Casanare : Martha Cifuentes | Casanare","robots":{"index":"index","follow":"follow","max-snippet":"max-snippet:-1","max-image-preview":"max-image-preview:large","max-video-preview":"max-video-preview:-1"},"canonical":"https:\/\/marthacifuentes.com\/portada\/gobernacion-de-casanare-controvierte-al-fondo-de-adaptacion-sobre-recursos-para-solucion-de-agua-en-yopal\/","og_locale":"es_ES","og_type":"article","og_title":"Gobernaci\u00f3n de Casanare controvierte al Fondo de Adaptaci\u00f3n sobre recursos para soluci\u00f3n de agua en Yopal - \u25b7 Noticias de Casanare : Martha Cifuentes | Casanare","og_description":"Ni a la Gobernaci\u00f3n de Casanare ni a la Alcald\u00eda de Yopal, les cay\u00f3 en gracia que el Fondo de Adaptaci\u00f3n los responsabilizara de haber incumplido con compromisos de recursos para la culminaci\u00f3n del nuevo sistema de abastecimiento de agua potable para Yopal. Seg\u00fan las cuentas hechas ante el Tribunal, la Gobernaci\u00f3n ha dispuesto de &hellip;","og_url":"https:\/\/marthacifuentes.com\/portada\/gobernacion-de-casanare-controvierte-al-fondo-de-adaptacion-sobre-recursos-para-solucion-de-agua-en-yopal\/","og_site_name":"\u25b7 Noticias de Casanare : Martha Cifuentes | Casanare","article_published_time":"2020-02-17T19:07:08+00:00","og_image":[{"width":2560,"height":1920,"url":"https:\/\/marthacifuentes.com\/portada\/wp-content\/uploads\/2020\/02\/Img4-scaled.jpg","type":"image\/jpeg"}],"author":"Martha Cifuentes","twitter_card":"summary_large_image","twitter_misc":{"Escrito por":"Martha Cifuentes","Tiempo de lectura":"2 minutos"},"schema":{"@context":"https:\/\/schema.org","@graph":[{"@type":"WebPage","@id":"https:\/\/marthacifuentes.com\/portada\/gobernacion-de-casanare-controvierte-al-fondo-de-adaptacion-sobre-recursos-para-solucion-de-agua-en-yopal\/","url":"https:\/\/marthacifuentes.com\/portada\/gobernacion-de-casanare-controvierte-al-fondo-de-adaptacion-sobre-recursos-para-solucion-de-agua-en-yopal\/","name":"Gobernaci\u00f3n de Casanare controvierte al Fondo de Adaptaci\u00f3n sobre recursos para soluci\u00f3n de agua en Yopal - \u25b7 Noticias de Casanare : Martha Cifuentes | Casanare","isPartOf":{"@id":"https:\/\/marthacifuentes.com\/portada\/#website"},"primaryImageOfPage":{"@id":"https:\/\/marthacifuentes.com\/portada\/gobernacion-de-casanare-controvierte-al-fondo-de-adaptacion-sobre-recursos-para-solucion-de-agua-en-yopal\/#primaryimage"},"image":{"@id":"https:\/\/marthacifuentes.com\/portada\/gobernacion-de-casanare-controvierte-al-fondo-de-adaptacion-sobre-recursos-para-solucion-de-agua-en-yopal\/#primaryimage"},"thumbnailUrl":"https:\/\/marthacifuentes.com\/portada\/wp-content\/uploads\/2020\/02\/Img4-scaled.jpg","datePublished":"2020-02-17T19:07:08+00:00","author":{"@id":"https:\/\/marthacifuentes.com\/portada\/#\/schema\/person\/57f53174b991db5f90ff78d58502b714"},"breadcrumb":{"@id":"https:\/\/marthacifuentes.com\/portada\/gobernacion-de-casanare-controvierte-al-fondo-de-adaptacion-sobre-recursos-para-solucion-de-agua-en-yopal\/#breadcrumb"},"inLanguage":"es","potentialAction":[{"@type":"ReadAction","target":["https:\/\/marthacifuentes.com\/portada\/gobernacion-de-casanare-controvierte-al-fondo-de-adaptacion-sobre-recursos-para-solucion-de-agua-en-yopal\/"]}]},{"@type":"ImageObject","inLanguage":"es","@id":"https:\/\/marthacifuentes.com\/portada\/gobernacion-de-casanare-controvierte-al-fondo-de-adaptacion-sobre-recursos-para-solucion-de-agua-en-yopal\/#primaryimage","url":"https:\/\/marthacifuentes.com\/portada\/wp-content\/uploads\/2020\/02\/Img4-scaled.jpg","contentUrl":"https:\/\/marthacifuentes.com\/portada\/wp-content\/uploads\/2020\/02\/Img4-scaled.jpg","width":2560,"height":1920},{"@type":"BreadcrumbList","@id":"https:\/\/marthacifuentes.com\/portada\/gobernacion-de-casanare-controvierte-al-fondo-de-adaptacion-sobre-recursos-para-solucion-de-agua-en-yopal\/#breadcrumb","itemListElement":[{"@type":"ListItem","position":1,"name":"Portada","item":"https:\/\/marthacifuentes.com\/portada\/"},{"@type":"ListItem","position":2,"name":"Gobernaci\u00f3n de Casanare controvierte al Fondo de Adaptaci\u00f3n sobre recursos para soluci\u00f3n de agua en Yopal"}]},{"@type":"WebSite","@id":"https:\/\/marthacifuentes.com\/portada\/#website","url":"https:\/\/marthacifuentes.com\/portada\/","name":"\u25b7 Noticias de Casanare : Martha Cifuentes | Casanare","description":"Noticias &amp; Contenidos","potentialAction":[{"@type":"SearchAction","target":{"@type":"EntryPoint","urlTemplate":"https:\/\/marthacifuentes.com\/portada\/?s={search_term_string}"},"query-input":{"@type":"PropertyValueSpecification","valueRequired":true,"valueName":"search_term_string"}}],"inLanguage":"es"},{"@type":"Person","@id":"https:\/\/marthacifuentes.com\/portada\/#\/schema\/person\/57f53174b991db5f90ff78d58502b714","name":"Martha Cifuentes","image":{"@type":"ImageObject","inLanguage":"es","@id":"https:\/\/marthacifuentes.com\/portada\/#\/schema\/person\/image\/","url":"http:\/\/marthacifuentes.com\/portada\/wp-content\/uploads\/2018\/06\/avatar_user_2_1528838701-96x96.jpg","contentUrl":"http:\/\/marthacifuentes.com\/portada\/wp-content\/uploads\/2018\/06\/avatar_user_2_1528838701-96x96.jpg","caption":"Martha Cifuentes"},"sameAs":["http:\/\/www.marthacifuentes.com"],"url":"https:\/\/marthacifuentes.com\/portada\/author\/martha\/"}]}},"_links":{"self":[{"href":"https:\/\/marthacifuentes.com\/portada\/wp-json\/wp\/v2\/posts\/23065","targetHints":{"allow":["GET"]}}],"collection":[{"href":"https:\/\/marthacifuentes.com\/portada\/wp-json\/wp\/v2\/posts"}],"about":[{"href":"https:\/\/marthacifuentes.com\/portada\/wp-json\/wp\/v2\/types\/post"}],"author":[{"embeddable":true,"href":"https:\/\/marthacifuentes.com\/portada\/wp-json\/wp\/v2\/users\/2"}],"replies":[{"embeddable":true,"href":"https:\/\/marthacifuentes.com\/portada\/wp-json\/wp\/v2\/comments?post=23065"}],"version-history":[{"count":0,"href":"https:\/\/marthacifuentes.com\/portada\/wp-json\/wp\/v2\/posts\/23065\/revisions"}],"wp:featuredmedia":[{"embeddable":true,"href":"https:\/\/marthacifuentes.com\/portada\/wp-json\/wp\/v2\/media\/23066"}],"wp:attachment":[{"href":"https:\/\/marthacifuentes.com\/portada\/wp-json\/wp\/v2\/media?parent=23065"}],"wp:term":[{"taxonomy":"category","embeddable":true,"href":"https:\/\/marthacifuentes.com\/portada\/wp-json\/wp\/v2\/categories?post=23065"},{"taxonomy":"post_tag","embeddable":true,"href":"https:\/\/marthacifuentes.com\/portada\/wp-json\/wp\/v2\/tags?post=23065"}],"curies":[{"name":"wp","href":"https:\/\/api.w.org\/{rel}","templated":true}]}}