{"id":23068,"date":"2020-02-19T09:27:29","date_gmt":"2020-02-19T14:27:29","guid":{"rendered":"https:\/\/marthacifuentes.com\/portada\/?p=23068"},"modified":"2020-02-19T09:27:29","modified_gmt":"2020-02-19T14:27:29","slug":"no-es-xenofobia-pero-venezolanos-delincuentes-no-pueden-estar-en-yopal-alcalde","status":"publish","type":"post","link":"https:\/\/marthacifuentes.com\/portada\/no-es-xenofobia-pero-venezolanos-delincuentes-no-pueden-estar-en-yopal-alcalde\/","title":{"rendered":"No es xenofobia, pero venezolanos delincuentes no pueden estar en Yopal: Alcalde"},"content":{"rendered":"<p style=\"text-align: justify;\"><strong>El Alcalde de Yopal Luis Eduardo Castro, se mantiene en su postura de expulsar a migrantes venezolanos que delinquen en esta ciudad. Afirma que no se trata de xenofobia sino de garantizar el bienestar de los ciudadanos locales. El costo en salud para esta poblaci\u00f3n ya asciende a 8 mil millones de pesos. <\/strong><\/p>\n<p style=\"text-align: justify;\">\u201cNo se trata de xenofobia, yo no tengo nada personal contra los migrantes extranjeros, aquellos que lleguen bajo la ley colombiana y act\u00faen como personas de bien, no tengo ning\u00fan inconveniente en que est\u00e9n dentro del municipio, pero aquellos que llegan a distribuir alucin\u00f3genos, realizar prostituci\u00f3n sin ning\u00fan tipo de control y agredir la ciudadan\u00eda en general, se deben ir de la ciudad y no doy mi brazo a torcer, porque no podemos permitir el caos en la ciudad\u201d, afirm\u00f3 el Alcalde de Yopal.<\/p>\n<p style=\"text-align: justify;\">De otra parte, el mandatario local reiter\u00f3 su llamado a la comunidad para que se abstengan de seguir donando ropa, desechables y dem\u00e1s enseres a los migrantes extranjeros, teniendo en cuenta el aumento significativo en la recolecci\u00f3n de residuos s\u00f3lidos dentro de la ciudad.<\/p>\n<p style=\"text-align: justify;\">\u201cHemos sacado toneladas de ropa y dem\u00e1s elementos en las jornadas de aseo que hemos venido desarrollando, eso no puede continuar, no estoy diciendo que la comunidad debe dejar de ser solidaria, se puede brindar un plato de comida o un vaso de agua, pero hasta ah\u00ed, porque de lo contrario la ciudad seguir\u00e1 siendo un ba\u00f1o p\u00fablico\u201d, puntualiz\u00f3 el Alcalde.<\/p>\n<p style=\"text-align: justify;\">Luis Eduardo Castro, expres\u00f3 que la problem\u00e1tica de migraci\u00f3n masiva de extranjeros se ha tornado dif\u00edcil de manejar por las grandes implicaciones econ\u00f3micas que ha dejado esta situaci\u00f3n, teniendo en cuenta que actualmente el municipio debe cancelar m\u00e1s de 8.000 millones de pesos en servicios de salud a esta poblaci\u00f3n y m\u00e1s de 1.000 ni\u00f1os extranjeros se han matriculado en las instituciones educativas p\u00fablicas del municipio y aunque el mandatario local manifest\u00f3 no tener inconveniente con brindar salud y educaci\u00f3n, esto pondr\u00eda en desventaja con los ciudadanos colombianos, quienes est\u00e1n perdiendo espacios que en un principio estaban destinados para los nacionales.<\/p>\n<h3><strong>Otras noticias&#8230;<\/strong><\/h3>\n<blockquote class=\"wp-embedded-content\" data-secret=\"GxChafz0kL\"><p><a href=\"https:\/\/marthacifuentes.com\/portada\/2020\/02\/17\/gobernacion-de-casanare-controvierte-al-fondo-de-adaptacion-sobre-recursos-para-solucion-de-agua-en-yopal\/\">Gobernaci\u00f3n de Casanare controvierte al Fondo de Adaptaci\u00f3n sobre recursos para soluci\u00f3n de agua en Yopal<\/a><\/p><\/blockquote>\n<p><iframe loading=\"lazy\" class=\"wp-embedded-content\" sandbox=\"allow-scripts\" security=\"restricted\" style=\"position: absolute; clip: rect(1px, 1px, 1px, 1px);\" title=\"\u00abGobernaci\u00f3n de Casanare controvierte al Fondo de Adaptaci\u00f3n sobre recursos para soluci\u00f3n de agua en Yopal\u00bb \u2014 \u25b7 Noticias de Casanare : Martha Cifuentes | Casanare\" src=\"https:\/\/marthacifuentes.com\/portada\/2020\/02\/17\/gobernacion-de-casanare-controvierte-al-fondo-de-adaptacion-sobre-recursos-para-solucion-de-agua-en-yopal\/embed\/#?secret=fm3tCaXpFg#?secret=GxChafz0kL\" data-secret=\"GxChafz0kL\" width=\"500\" height=\"282\" frameborder=\"0\" marginwidth=\"0\" marginheight=\"0\" scrolling=\"no\"><\/iframe><\/p>\n<blockquote class=\"wp-embedded-content\" data-secret=\"bhIwMrzZgH\"><p><a href=\"https:\/\/marthacifuentes.com\/portada\/2020\/02\/14\/llega-eco-alojamiento-a-casanare\/\">Llega Eco-alojamiento a Casanare<\/a><\/p><\/blockquote>\n<p><iframe loading=\"lazy\" class=\"wp-embedded-content\" sandbox=\"allow-scripts\" security=\"restricted\" style=\"position: absolute; clip: rect(1px, 1px, 1px, 1px);\" title=\"\u00abLlega Eco-alojamiento a Casanare\u00bb \u2014 \u25b7 Noticias de Casanare : Martha Cifuentes | Casanare\" src=\"https:\/\/marthacifuentes.com\/portada\/2020\/02\/14\/llega-eco-alojamiento-a-casanare\/embed\/#?secret=hkIz3DpkfD#?secret=bhIwMrzZgH\" data-secret=\"bhIwMrzZgH\" width=\"500\" height=\"282\" frameborder=\"0\" marginwidth=\"0\" marginheight=\"0\" scrolling=\"no\"><\/iframe><\/p>\n<blockquote class=\"wp-embedded-content\" data-secret=\"rxt7BdPF0s\"><p><a href=\"https:\/\/marthacifuentes.com\/portada\/2020\/02\/14\/superservicios-impuso-a-la-eaaay-metas-imposibles-de-cumplir-gerente\/\">Superservicios impuso a la EAAAY metas imposibles de cumplir: Gerente<\/a><\/p><\/blockquote>\n<p><iframe loading=\"lazy\" class=\"wp-embedded-content\" sandbox=\"allow-scripts\" security=\"restricted\" style=\"position: absolute; clip: rect(1px, 1px, 1px, 1px);\" title=\"\u00abSuperservicios impuso a la EAAAY metas imposibles de cumplir: Gerente\u00bb \u2014 \u25b7 Noticias de Casanare : Martha Cifuentes | Casanare\" src=\"https:\/\/marthacifuentes.com\/portada\/2020\/02\/14\/superservicios-impuso-a-la-eaaay-metas-imposibles-de-cumplir-gerente\/embed\/#?secret=GVoiDNg1kH#?secret=rxt7BdPF0s\" data-secret=\"rxt7BdPF0s\" width=\"500\" height=\"282\" frameborder=\"0\" marginwidth=\"0\" marginheight=\"0\" scrolling=\"no\"><\/iframe><\/p>\n<blockquote class=\"wp-embedded-content\" data-secret=\"pUX09nX7tU\"><p><a href=\"https:\/\/marthacifuentes.com\/portada\/2020\/02\/12\/la-tona-a-audiencia-de-perdida-de-investidura-este-lunes-17-de-febrero-en-tribunal-de-yopal\/\">La \u201cto\u00f1a\u201d a audiencia de p\u00e9rdida de investidura este lunes 17 de febrero en Tribunal de Yopal.<\/a><\/p><\/blockquote>\n<p><iframe loading=\"lazy\" class=\"wp-embedded-content\" sandbox=\"allow-scripts\" security=\"restricted\" style=\"position: absolute; clip: rect(1px, 1px, 1px, 1px);\" title=\"\u00abLa \u201cto\u00f1a\u201d a audiencia de p\u00e9rdida de investidura este lunes 17 de febrero en Tribunal de Yopal.\u00bb \u2014 \u25b7 Noticias de Casanare : Martha Cifuentes | Casanare\" src=\"https:\/\/marthacifuentes.com\/portada\/2020\/02\/12\/la-tona-a-audiencia-de-perdida-de-investidura-este-lunes-17-de-febrero-en-tribunal-de-yopal\/embed\/#?secret=3YZA5nzLRx#?secret=pUX09nX7tU\" data-secret=\"pUX09nX7tU\" width=\"500\" height=\"282\" frameborder=\"0\" marginwidth=\"0\" marginheight=\"0\" scrolling=\"no\"><\/iframe><\/p>\n<p>&nbsp;<\/p>\n<p>&nbsp;<\/p>\n<p>&nbsp;<\/p>\n<p>&nbsp;<\/p>\n","protected":false},"excerpt":{"rendered":"<p>El Alcalde de Yopal Luis Eduardo Castro, se mantiene en su postura de expulsar a migrantes venezolanos que delinquen en esta ciudad. Afirma que no se trata de xenofobia sino de garantizar el bienestar de los ciudadanos locales. El costo en salud para esta poblaci\u00f3n ya asciende a 8 mil millones de pesos. \u201cNo se &hellip;<\/p>\n","protected":false},"author":2,"featured_media":23069,"comment_status":"open","ping_status":"open","sticky":false,"template":"","format":"standard","meta":{"om_disable_all_campaigns":false,"_exactmetrics_skip_tracking":false,"_exactmetrics_sitenote_active":false,"_exactmetrics_sitenote_note":"","_exactmetrics_sitenote_category":0,"_monsterinsights_skip_tracking":false,"_monsterinsights_sitenote_active":false,"_monsterinsights_sitenote_note":"","_monsterinsights_sitenote_category":0,"_uf_show_specific_survey":0,"_uf_disable_surveys":false,"_joinchat":[],"footnotes":""},"categories":[147,146,145],"tags":[4115,4114,1374,4113],"class_list":["post-23068","post","type-post","status-publish","format-standard","has-post-thumbnail","hentry","category-actualidad","category-noticias","category-reportajes","tag-alcaldia-de-yopal-venezolanos-luis-eduardo-castro-delincuentes","tag-luis-eduardo-castro-venezolanos-expulsion-xenofobia","tag-noticias-de-yopal","tag-venezolaos-en-yopal"],"yoast_head":"<!-- This site is optimized with the Yoast SEO plugin v26.1 - https:\/\/yoast.com\/wordpress\/plugins\/seo\/ -->\n<title>No es xenofobia, pero venezolanos delincuentes no pueden estar en Yopal: Alcalde - \u25b7 Noticias de Casanare : Martha Cifuentes | Casanare<\/title>\n<meta name=\"robots\" content=\"index, follow, max-snippet:-1, max-image-preview:large, max-video-preview:-1\" \/>\n<link rel=\"canonical\" href=\"https:\/\/marthacifuentes.com\/portada\/no-es-xenofobia-pero-venezolanos-delincuentes-no-pueden-estar-en-yopal-alcalde\/\" \/>\n<meta property=\"og:locale\" content=\"es_ES\" \/>\n<meta property=\"og:type\" content=\"article\" \/>\n<meta property=\"og:title\" content=\"No es xenofobia, pero venezolanos delincuentes no pueden estar en Yopal: Alcalde - \u25b7 Noticias de Casanare : Martha Cifuentes | Casanare\" \/>\n<meta property=\"og:description\" content=\"El Alcalde de Yopal Luis Eduardo Castro, se mantiene en su postura de expulsar a migrantes venezolanos que delinquen en esta ciudad. Afirma que no se trata de xenofobia sino de garantizar el bienestar de los ciudadanos locales. El costo en salud para esta poblaci\u00f3n ya asciende a 8 mil millones de pesos. \u201cNo se &hellip;\" \/>\n<meta property=\"og:url\" content=\"https:\/\/marthacifuentes.com\/portada\/no-es-xenofobia-pero-venezolanos-delincuentes-no-pueden-estar-en-yopal-alcalde\/\" \/>\n<meta property=\"og:site_name\" content=\"\u25b7 Noticias de Casanare : Martha Cifuentes | Casanare\" \/>\n<meta property=\"article:published_time\" content=\"2020-02-19T14:27:29+00:00\" \/>\n<meta property=\"og:image\" content=\"https:\/\/marthacifuentes.com\/portada\/wp-content\/uploads\/2020\/02\/maxresdefault.jpg\" \/>\n\t<meta property=\"og:image:width\" content=\"1280\" \/>\n\t<meta property=\"og:image:height\" content=\"720\" \/>\n\t<meta property=\"og:image:type\" content=\"image\/jpeg\" \/>\n<meta name=\"author\" content=\"Martha Cifuentes\" \/>\n<meta name=\"twitter:card\" content=\"summary_large_image\" \/>\n<meta name=\"twitter:label1\" content=\"Escrito por\" \/>\n\t<meta name=\"twitter:data1\" content=\"Martha Cifuentes\" \/>\n\t<meta name=\"twitter:label2\" content=\"Tiempo de lectura\" \/>\n\t<meta name=\"twitter:data2\" content=\"2 minutos\" \/>\n<script type=\"application\/ld+json\" class=\"yoast-schema-graph\">{\"@context\":\"https:\/\/schema.org\",\"@graph\":[{\"@type\":\"WebPage\",\"@id\":\"https:\/\/marthacifuentes.com\/portada\/no-es-xenofobia-pero-venezolanos-delincuentes-no-pueden-estar-en-yopal-alcalde\/\",\"url\":\"https:\/\/marthacifuentes.com\/portada\/no-es-xenofobia-pero-venezolanos-delincuentes-no-pueden-estar-en-yopal-alcalde\/\",\"name\":\"No es xenofobia, pero venezolanos delincuentes no pueden estar en Yopal: Alcalde - \u25b7 Noticias de Casanare : Martha Cifuentes | Casanare\",\"isPartOf\":{\"@id\":\"https:\/\/marthacifuentes.com\/portada\/#website\"},\"primaryImageOfPage\":{\"@id\":\"https:\/\/marthacifuentes.com\/portada\/no-es-xenofobia-pero-venezolanos-delincuentes-no-pueden-estar-en-yopal-alcalde\/#primaryimage\"},\"image\":{\"@id\":\"https:\/\/marthacifuentes.com\/portada\/no-es-xenofobia-pero-venezolanos-delincuentes-no-pueden-estar-en-yopal-alcalde\/#primaryimage\"},\"thumbnailUrl\":\"https:\/\/marthacifuentes.com\/portada\/wp-content\/uploads\/2020\/02\/maxresdefault.jpg\",\"datePublished\":\"2020-02-19T14:27:29+00:00\",\"author\":{\"@id\":\"https:\/\/marthacifuentes.com\/portada\/#\/schema\/person\/57f53174b991db5f90ff78d58502b714\"},\"breadcrumb\":{\"@id\":\"https:\/\/marthacifuentes.com\/portada\/no-es-xenofobia-pero-venezolanos-delincuentes-no-pueden-estar-en-yopal-alcalde\/#breadcrumb\"},\"inLanguage\":\"es\",\"potentialAction\":[{\"@type\":\"ReadAction\",\"target\":[\"https:\/\/marthacifuentes.com\/portada\/no-es-xenofobia-pero-venezolanos-delincuentes-no-pueden-estar-en-yopal-alcalde\/\"]}]},{\"@type\":\"ImageObject\",\"inLanguage\":\"es\",\"@id\":\"https:\/\/marthacifuentes.com\/portada\/no-es-xenofobia-pero-venezolanos-delincuentes-no-pueden-estar-en-yopal-alcalde\/#primaryimage\",\"url\":\"https:\/\/marthacifuentes.com\/portada\/wp-content\/uploads\/2020\/02\/maxresdefault.jpg\",\"contentUrl\":\"https:\/\/marthacifuentes.com\/portada\/wp-content\/uploads\/2020\/02\/maxresdefault.jpg\",\"width\":1280,\"height\":720},{\"@type\":\"BreadcrumbList\",\"@id\":\"https:\/\/marthacifuentes.com\/portada\/no-es-xenofobia-pero-venezolanos-delincuentes-no-pueden-estar-en-yopal-alcalde\/#breadcrumb\",\"itemListElement\":[{\"@type\":\"ListItem\",\"position\":1,\"name\":\"Portada\",\"item\":\"https:\/\/marthacifuentes.com\/portada\/\"},{\"@type\":\"ListItem\",\"position\":2,\"name\":\"No es xenofobia, pero venezolanos delincuentes no pueden estar en Yopal: Alcalde\"}]},{\"@type\":\"WebSite\",\"@id\":\"https:\/\/marthacifuentes.com\/portada\/#website\",\"url\":\"https:\/\/marthacifuentes.com\/portada\/\",\"name\":\"\u25b7 Noticias de Casanare : Martha Cifuentes | Casanare\",\"description\":\"Noticias &amp; Contenidos\",\"potentialAction\":[{\"@type\":\"SearchAction\",\"target\":{\"@type\":\"EntryPoint\",\"urlTemplate\":\"https:\/\/marthacifuentes.com\/portada\/?s={search_term_string}\"},\"query-input\":{\"@type\":\"PropertyValueSpecification\",\"valueRequired\":true,\"valueName\":\"search_term_string\"}}],\"inLanguage\":\"es\"},{\"@type\":\"Person\",\"@id\":\"https:\/\/marthacifuentes.com\/portada\/#\/schema\/person\/57f53174b991db5f90ff78d58502b714\",\"name\":\"Martha Cifuentes\",\"image\":{\"@type\":\"ImageObject\",\"inLanguage\":\"es\",\"@id\":\"https:\/\/marthacifuentes.com\/portada\/#\/schema\/person\/image\/\",\"url\":\"http:\/\/marthacifuentes.com\/portada\/wp-content\/uploads\/2018\/06\/avatar_user_2_1528838701-96x96.jpg\",\"contentUrl\":\"http:\/\/marthacifuentes.com\/portada\/wp-content\/uploads\/2018\/06\/avatar_user_2_1528838701-96x96.jpg\",\"caption\":\"Martha Cifuentes\"},\"sameAs\":[\"http:\/\/www.marthacifuentes.com\"],\"url\":\"https:\/\/marthacifuentes.com\/portada\/author\/martha\/\"}]}<\/script>\n<!-- \/ Yoast SEO plugin. -->","yoast_head_json":{"title":"No es xenofobia, pero venezolanos delincuentes no pueden estar en Yopal: Alcalde - \u25b7 Noticias de Casanare : Martha Cifuentes | Casanare","robots":{"index":"index","follow":"follow","max-snippet":"max-snippet:-1","max-image-preview":"max-image-preview:large","max-video-preview":"max-video-preview:-1"},"canonical":"https:\/\/marthacifuentes.com\/portada\/no-es-xenofobia-pero-venezolanos-delincuentes-no-pueden-estar-en-yopal-alcalde\/","og_locale":"es_ES","og_type":"article","og_title":"No es xenofobia, pero venezolanos delincuentes no pueden estar en Yopal: Alcalde - \u25b7 Noticias de Casanare : Martha Cifuentes | Casanare","og_description":"El Alcalde de Yopal Luis Eduardo Castro, se mantiene en su postura de expulsar a migrantes venezolanos que delinquen en esta ciudad. Afirma que no se trata de xenofobia sino de garantizar el bienestar de los ciudadanos locales. El costo en salud para esta poblaci\u00f3n ya asciende a 8 mil millones de pesos. \u201cNo se &hellip;","og_url":"https:\/\/marthacifuentes.com\/portada\/no-es-xenofobia-pero-venezolanos-delincuentes-no-pueden-estar-en-yopal-alcalde\/","og_site_name":"\u25b7 Noticias de Casanare : Martha Cifuentes | Casanare","article_published_time":"2020-02-19T14:27:29+00:00","og_image":[{"width":1280,"height":720,"url":"https:\/\/marthacifuentes.com\/portada\/wp-content\/uploads\/2020\/02\/maxresdefault.jpg","type":"image\/jpeg"}],"author":"Martha Cifuentes","twitter_card":"summary_large_image","twitter_misc":{"Escrito por":"Martha Cifuentes","Tiempo de lectura":"2 minutos"},"schema":{"@context":"https:\/\/schema.org","@graph":[{"@type":"WebPage","@id":"https:\/\/marthacifuentes.com\/portada\/no-es-xenofobia-pero-venezolanos-delincuentes-no-pueden-estar-en-yopal-alcalde\/","url":"https:\/\/marthacifuentes.com\/portada\/no-es-xenofobia-pero-venezolanos-delincuentes-no-pueden-estar-en-yopal-alcalde\/","name":"No es xenofobia, pero venezolanos delincuentes no pueden estar en Yopal: Alcalde - \u25b7 Noticias de Casanare : Martha Cifuentes | Casanare","isPartOf":{"@id":"https:\/\/marthacifuentes.com\/portada\/#website"},"primaryImageOfPage":{"@id":"https:\/\/marthacifuentes.com\/portada\/no-es-xenofobia-pero-venezolanos-delincuentes-no-pueden-estar-en-yopal-alcalde\/#primaryimage"},"image":{"@id":"https:\/\/marthacifuentes.com\/portada\/no-es-xenofobia-pero-venezolanos-delincuentes-no-pueden-estar-en-yopal-alcalde\/#primaryimage"},"thumbnailUrl":"https:\/\/marthacifuentes.com\/portada\/wp-content\/uploads\/2020\/02\/maxresdefault.jpg","datePublished":"2020-02-19T14:27:29+00:00","author":{"@id":"https:\/\/marthacifuentes.com\/portada\/#\/schema\/person\/57f53174b991db5f90ff78d58502b714"},"breadcrumb":{"@id":"https:\/\/marthacifuentes.com\/portada\/no-es-xenofobia-pero-venezolanos-delincuentes-no-pueden-estar-en-yopal-alcalde\/#breadcrumb"},"inLanguage":"es","potentialAction":[{"@type":"ReadAction","target":["https:\/\/marthacifuentes.com\/portada\/no-es-xenofobia-pero-venezolanos-delincuentes-no-pueden-estar-en-yopal-alcalde\/"]}]},{"@type":"ImageObject","inLanguage":"es","@id":"https:\/\/marthacifuentes.com\/portada\/no-es-xenofobia-pero-venezolanos-delincuentes-no-pueden-estar-en-yopal-alcalde\/#primaryimage","url":"https:\/\/marthacifuentes.com\/portada\/wp-content\/uploads\/2020\/02\/maxresdefault.jpg","contentUrl":"https:\/\/marthacifuentes.com\/portada\/wp-content\/uploads\/2020\/02\/maxresdefault.jpg","width":1280,"height":720},{"@type":"BreadcrumbList","@id":"https:\/\/marthacifuentes.com\/portada\/no-es-xenofobia-pero-venezolanos-delincuentes-no-pueden-estar-en-yopal-alcalde\/#breadcrumb","itemListElement":[{"@type":"ListItem","position":1,"name":"Portada","item":"https:\/\/marthacifuentes.com\/portada\/"},{"@type":"ListItem","position":2,"name":"No es xenofobia, pero venezolanos delincuentes no pueden estar en Yopal: Alcalde"}]},{"@type":"WebSite","@id":"https:\/\/marthacifuentes.com\/portada\/#website","url":"https:\/\/marthacifuentes.com\/portada\/","name":"\u25b7 Noticias de Casanare : Martha Cifuentes | Casanare","description":"Noticias &amp; Contenidos","potentialAction":[{"@type":"SearchAction","target":{"@type":"EntryPoint","urlTemplate":"https:\/\/marthacifuentes.com\/portada\/?s={search_term_string}"},"query-input":{"@type":"PropertyValueSpecification","valueRequired":true,"valueName":"search_term_string"}}],"inLanguage":"es"},{"@type":"Person","@id":"https:\/\/marthacifuentes.com\/portada\/#\/schema\/person\/57f53174b991db5f90ff78d58502b714","name":"Martha Cifuentes","image":{"@type":"ImageObject","inLanguage":"es","@id":"https:\/\/marthacifuentes.com\/portada\/#\/schema\/person\/image\/","url":"http:\/\/marthacifuentes.com\/portada\/wp-content\/uploads\/2018\/06\/avatar_user_2_1528838701-96x96.jpg","contentUrl":"http:\/\/marthacifuentes.com\/portada\/wp-content\/uploads\/2018\/06\/avatar_user_2_1528838701-96x96.jpg","caption":"Martha Cifuentes"},"sameAs":["http:\/\/www.marthacifuentes.com"],"url":"https:\/\/marthacifuentes.com\/portada\/author\/martha\/"}]}},"_links":{"self":[{"href":"https:\/\/marthacifuentes.com\/portada\/wp-json\/wp\/v2\/posts\/23068","targetHints":{"allow":["GET"]}}],"collection":[{"href":"https:\/\/marthacifuentes.com\/portada\/wp-json\/wp\/v2\/posts"}],"about":[{"href":"https:\/\/marthacifuentes.com\/portada\/wp-json\/wp\/v2\/types\/post"}],"author":[{"embeddable":true,"href":"https:\/\/marthacifuentes.com\/portada\/wp-json\/wp\/v2\/users\/2"}],"replies":[{"embeddable":true,"href":"https:\/\/marthacifuentes.com\/portada\/wp-json\/wp\/v2\/comments?post=23068"}],"version-history":[{"count":0,"href":"https:\/\/marthacifuentes.com\/portada\/wp-json\/wp\/v2\/posts\/23068\/revisions"}],"wp:featuredmedia":[{"embeddable":true,"href":"https:\/\/marthacifuentes.com\/portada\/wp-json\/wp\/v2\/media\/23069"}],"wp:attachment":[{"href":"https:\/\/marthacifuentes.com\/portada\/wp-json\/wp\/v2\/media?parent=23068"}],"wp:term":[{"taxonomy":"category","embeddable":true,"href":"https:\/\/marthacifuentes.com\/portada\/wp-json\/wp\/v2\/categories?post=23068"},{"taxonomy":"post_tag","embeddable":true,"href":"https:\/\/marthacifuentes.com\/portada\/wp-json\/wp\/v2\/tags?post=23068"}],"curies":[{"name":"wp","href":"https:\/\/api.w.org\/{rel}","templated":true}]}}