{"id":23122,"date":"2020-03-12T17:21:36","date_gmt":"2020-03-12T22:21:36","guid":{"rendered":"https:\/\/marthacifuentes.com\/portada\/?p=23122"},"modified":"2020-03-12T17:21:36","modified_gmt":"2020-03-12T22:21:36","slug":"en-menos-de-3-meses-ya-hay-10-motociclistas-muertos-por-accidentes-en-yopal","status":"publish","type":"post","link":"https:\/\/marthacifuentes.com\/portada\/en-menos-de-3-meses-ya-hay-10-motociclistas-muertos-por-accidentes-en-yopal\/","title":{"rendered":"En menos de 3 meses ya hay 10 motociclistas muertos por accidentes en Yopal"},"content":{"rendered":"<p style=\"text-align: justify;\"><strong>10 motociclistas han perdido la vida en siniestros viales en Yopal a lo largo de este a\u00f1o. Dos de ellos eran menores de edad. Por ello la Secretar\u00eda de Tr\u00e1nsito realiza campa\u00f1a de sensibilizaci\u00f3n vial en calles de la ciudad y ser\u00e1 m\u00e1s estricta con el uso de cascos y chalecos reflectivos en la noche. <\/strong><\/p>\n<p style=\"text-align: justify;\">En la tarde de hoy agentes del tr\u00e1nsito socializaron en la intersecci\u00f3n de la carrera 20 con calle 14 la importancia de respetar las se\u00f1ales de tr\u00e1nsito y portar los documentos al d\u00eda.<\/p>\n<p style=\"text-align: justify;\">Igualmente se inform\u00f3 que las autoridades empezar\u00e1n a exigir el uso de casco reglamentario y chaleco reflectivo despu\u00e9s de las 6:00 pm y hasta las 6: 00 am, en aras de disminuir la cifra de accidentes mortales, la cual va en aumento con respecto a los tres primeros meses del a\u00f1o anterior, que fue de 8 fallecidos.<\/p>\n<h3>Otras noticias&#8230;<\/h3>\n<blockquote class=\"wp-embedded-content\" data-secret=\"xrOfga4OOB\"><p><a href=\"https:\/\/marthacifuentes.com\/portada\/2020\/03\/12\/4-500-millones-adeuda-contratista-a-transportadores-de-rutas-escolares-en-casanare\/\">4.500 millones adeuda contratista a transportadores de rutas escolares en Casanare \u00a0<\/a><\/p><\/blockquote>\n<p><iframe loading=\"lazy\" class=\"wp-embedded-content\" sandbox=\"allow-scripts\" security=\"restricted\" style=\"position: absolute; clip: rect(1px, 1px, 1px, 1px);\" title=\"\u00ab4.500 millones adeuda contratista a transportadores de rutas escolares en Casanare \u00a0\u00bb \u2014 \u25b7 Noticias de Casanare : Martha Cifuentes | Casanare\" src=\"https:\/\/marthacifuentes.com\/portada\/2020\/03\/12\/4-500-millones-adeuda-contratista-a-transportadores-de-rutas-escolares-en-casanare\/embed\/#?secret=yP1l6mkNGF#?secret=xrOfga4OOB\" data-secret=\"xrOfga4OOB\" width=\"500\" height=\"282\" frameborder=\"0\" marginwidth=\"0\" marginheight=\"0\" scrolling=\"no\"><\/iframe><\/p>\n<blockquote class=\"wp-embedded-content\" data-secret=\"A3eD202fuz\"><p><a href=\"https:\/\/marthacifuentes.com\/portada\/2020\/03\/11\/marco-tulio-ruiz-seguira-en-la-asamblea-negada-perdida-de-investidura\/\">Marco Tulio Ru\u00edz seguir\u00e1 en la Asamblea. Negada p\u00e9rdida de investidura.<\/a><\/p><\/blockquote>\n<p><iframe loading=\"lazy\" class=\"wp-embedded-content\" sandbox=\"allow-scripts\" security=\"restricted\" style=\"position: absolute; clip: rect(1px, 1px, 1px, 1px);\" title=\"\u00abMarco Tulio Ru\u00edz seguir\u00e1 en la Asamblea. Negada p\u00e9rdida de investidura.\u00bb \u2014 \u25b7 Noticias de Casanare : Martha Cifuentes | Casanare\" src=\"https:\/\/marthacifuentes.com\/portada\/2020\/03\/11\/marco-tulio-ruiz-seguira-en-la-asamblea-negada-perdida-de-investidura\/embed\/#?secret=fhX7s8ii2U#?secret=A3eD202fuz\" data-secret=\"A3eD202fuz\" width=\"500\" height=\"282\" frameborder=\"0\" marginwidth=\"0\" marginheight=\"0\" scrolling=\"no\"><\/iframe><\/p>\n<blockquote class=\"wp-embedded-content\" data-secret=\"PjCNn5J2ln\"><p><a href=\"https:\/\/marthacifuentes.com\/portada\/2020\/03\/09\/empresarios-casanarenos-optimistas-con-economia-en-2020\/\">Empresarios casanare\u00f1os optimistas con econom\u00eda en 2020<\/a><\/p><\/blockquote>\n<p><iframe loading=\"lazy\" class=\"wp-embedded-content\" sandbox=\"allow-scripts\" security=\"restricted\" style=\"position: absolute; clip: rect(1px, 1px, 1px, 1px);\" title=\"\u00abEmpresarios casanare\u00f1os optimistas con econom\u00eda en 2020\u00bb \u2014 \u25b7 Noticias de Casanare : Martha Cifuentes | Casanare\" src=\"https:\/\/marthacifuentes.com\/portada\/2020\/03\/09\/empresarios-casanarenos-optimistas-con-economia-en-2020\/embed\/#?secret=2qbWeM2FDm#?secret=PjCNn5J2ln\" data-secret=\"PjCNn5J2ln\" width=\"500\" height=\"282\" frameborder=\"0\" marginwidth=\"0\" marginheight=\"0\" scrolling=\"no\"><\/iframe><\/p>\n<blockquote class=\"wp-embedded-content\" data-secret=\"KYELMKmA9Y\"><p><a href=\"https:\/\/marthacifuentes.com\/portada\/2020\/03\/09\/corporinoquia-sin-norte-claro-por-2a-vez-suspendida-directora-elegida\/\">Corporinoquia sin norte claro. Por 2\u00aa vez suspendida directora elegida.<\/a><\/p><\/blockquote>\n<p><iframe loading=\"lazy\" class=\"wp-embedded-content\" sandbox=\"allow-scripts\" security=\"restricted\" style=\"position: absolute; clip: rect(1px, 1px, 1px, 1px);\" title=\"\u00abCorporinoquia sin norte claro. Por 2\u00aa vez suspendida directora elegida.\u00bb \u2014 \u25b7 Noticias de Casanare : Martha Cifuentes | Casanare\" src=\"https:\/\/marthacifuentes.com\/portada\/2020\/03\/09\/corporinoquia-sin-norte-claro-por-2a-vez-suspendida-directora-elegida\/embed\/#?secret=8RAW5pP3r4#?secret=KYELMKmA9Y\" data-secret=\"KYELMKmA9Y\" width=\"500\" height=\"282\" frameborder=\"0\" marginwidth=\"0\" marginheight=\"0\" scrolling=\"no\"><\/iframe><\/p>\n<p>&nbsp;<\/p>\n","protected":false},"excerpt":{"rendered":"<p>10 motociclistas han perdido la vida en siniestros viales en Yopal a lo largo de este a\u00f1o. Dos de ellos eran menores de edad. Por ello la Secretar\u00eda de Tr\u00e1nsito realiza campa\u00f1a de sensibilizaci\u00f3n vial en calles de la ciudad y ser\u00e1 m\u00e1s estricta con el uso de cascos y chalecos reflectivos en la noche. &hellip;<\/p>\n","protected":false},"author":2,"featured_media":23123,"comment_status":"open","ping_status":"open","sticky":false,"template":"","format":"standard","meta":{"om_disable_all_campaigns":false,"_exactmetrics_skip_tracking":false,"_exactmetrics_sitenote_active":false,"_exactmetrics_sitenote_note":"","_exactmetrics_sitenote_category":0,"_monsterinsights_skip_tracking":false,"_monsterinsights_sitenote_active":false,"_monsterinsights_sitenote_note":"","_monsterinsights_sitenote_category":0,"_uf_show_specific_survey":0,"_uf_disable_surveys":false,"_joinchat":[],"footnotes":""},"categories":[147,146,145],"tags":[4154,4153,1372,1374],"class_list":["post-23122","post","type-post","status-publish","format-standard","has-post-thumbnail","hentry","category-actualidad","category-noticias","category-reportajes","tag-campana-de-seguridad-vial-yopal-2020","tag-motociclistas-muertos-en-accidentes-viales-en-yopal-2020","tag-noticias-de-casanare","tag-noticias-de-yopal"],"yoast_head":"<!-- This site is optimized with the Yoast SEO plugin v26.1 - https:\/\/yoast.com\/wordpress\/plugins\/seo\/ -->\n<title>En menos de 3 meses ya hay 10 motociclistas muertos por accidentes en Yopal - \u25b7 Noticias de Casanare : Martha Cifuentes | Casanare<\/title>\n<meta name=\"robots\" content=\"index, follow, max-snippet:-1, max-image-preview:large, max-video-preview:-1\" \/>\n<link rel=\"canonical\" href=\"https:\/\/marthacifuentes.com\/portada\/en-menos-de-3-meses-ya-hay-10-motociclistas-muertos-por-accidentes-en-yopal\/\" \/>\n<meta property=\"og:locale\" content=\"es_ES\" \/>\n<meta property=\"og:type\" content=\"article\" \/>\n<meta property=\"og:title\" content=\"En menos de 3 meses ya hay 10 motociclistas muertos por accidentes en Yopal - \u25b7 Noticias de Casanare : Martha Cifuentes | Casanare\" \/>\n<meta property=\"og:description\" content=\"10 motociclistas han perdido la vida en siniestros viales en Yopal a lo largo de este a\u00f1o. Dos de ellos eran menores de edad. Por ello la Secretar\u00eda de Tr\u00e1nsito realiza campa\u00f1a de sensibilizaci\u00f3n vial en calles de la ciudad y ser\u00e1 m\u00e1s estricta con el uso de cascos y chalecos reflectivos en la noche. &hellip;\" \/>\n<meta property=\"og:url\" content=\"https:\/\/marthacifuentes.com\/portada\/en-menos-de-3-meses-ya-hay-10-motociclistas-muertos-por-accidentes-en-yopal\/\" \/>\n<meta property=\"og:site_name\" content=\"\u25b7 Noticias de Casanare : Martha Cifuentes | Casanare\" \/>\n<meta property=\"article:published_time\" content=\"2020-03-12T22:21:36+00:00\" \/>\n<meta property=\"og:image\" content=\"https:\/\/marthacifuentes.com\/portada\/wp-content\/uploads\/2020\/03\/WhatsApp-Image-2020-03-12-at-4.47.41-PM.jpeg\" \/>\n\t<meta property=\"og:image:width\" content=\"1280\" \/>\n\t<meta property=\"og:image:height\" content=\"758\" \/>\n\t<meta property=\"og:image:type\" content=\"image\/jpeg\" \/>\n<meta name=\"author\" content=\"Martha Cifuentes\" \/>\n<meta name=\"twitter:card\" content=\"summary_large_image\" \/>\n<meta name=\"twitter:label1\" content=\"Escrito por\" \/>\n\t<meta name=\"twitter:data1\" content=\"Martha Cifuentes\" \/>\n\t<meta name=\"twitter:label2\" content=\"Tiempo de lectura\" \/>\n\t<meta name=\"twitter:data2\" content=\"1 minuto\" \/>\n<script type=\"application\/ld+json\" class=\"yoast-schema-graph\">{\"@context\":\"https:\/\/schema.org\",\"@graph\":[{\"@type\":\"WebPage\",\"@id\":\"https:\/\/marthacifuentes.com\/portada\/en-menos-de-3-meses-ya-hay-10-motociclistas-muertos-por-accidentes-en-yopal\/\",\"url\":\"https:\/\/marthacifuentes.com\/portada\/en-menos-de-3-meses-ya-hay-10-motociclistas-muertos-por-accidentes-en-yopal\/\",\"name\":\"En menos de 3 meses ya hay 10 motociclistas muertos por accidentes en Yopal - \u25b7 Noticias de Casanare : Martha Cifuentes | Casanare\",\"isPartOf\":{\"@id\":\"https:\/\/marthacifuentes.com\/portada\/#website\"},\"primaryImageOfPage\":{\"@id\":\"https:\/\/marthacifuentes.com\/portada\/en-menos-de-3-meses-ya-hay-10-motociclistas-muertos-por-accidentes-en-yopal\/#primaryimage\"},\"image\":{\"@id\":\"https:\/\/marthacifuentes.com\/portada\/en-menos-de-3-meses-ya-hay-10-motociclistas-muertos-por-accidentes-en-yopal\/#primaryimage\"},\"thumbnailUrl\":\"https:\/\/marthacifuentes.com\/portada\/wp-content\/uploads\/2020\/03\/WhatsApp-Image-2020-03-12-at-4.47.41-PM.jpeg\",\"datePublished\":\"2020-03-12T22:21:36+00:00\",\"author\":{\"@id\":\"https:\/\/marthacifuentes.com\/portada\/#\/schema\/person\/57f53174b991db5f90ff78d58502b714\"},\"breadcrumb\":{\"@id\":\"https:\/\/marthacifuentes.com\/portada\/en-menos-de-3-meses-ya-hay-10-motociclistas-muertos-por-accidentes-en-yopal\/#breadcrumb\"},\"inLanguage\":\"es\",\"potentialAction\":[{\"@type\":\"ReadAction\",\"target\":[\"https:\/\/marthacifuentes.com\/portada\/en-menos-de-3-meses-ya-hay-10-motociclistas-muertos-por-accidentes-en-yopal\/\"]}]},{\"@type\":\"ImageObject\",\"inLanguage\":\"es\",\"@id\":\"https:\/\/marthacifuentes.com\/portada\/en-menos-de-3-meses-ya-hay-10-motociclistas-muertos-por-accidentes-en-yopal\/#primaryimage\",\"url\":\"https:\/\/marthacifuentes.com\/portada\/wp-content\/uploads\/2020\/03\/WhatsApp-Image-2020-03-12-at-4.47.41-PM.jpeg\",\"contentUrl\":\"https:\/\/marthacifuentes.com\/portada\/wp-content\/uploads\/2020\/03\/WhatsApp-Image-2020-03-12-at-4.47.41-PM.jpeg\",\"width\":1280,\"height\":758},{\"@type\":\"BreadcrumbList\",\"@id\":\"https:\/\/marthacifuentes.com\/portada\/en-menos-de-3-meses-ya-hay-10-motociclistas-muertos-por-accidentes-en-yopal\/#breadcrumb\",\"itemListElement\":[{\"@type\":\"ListItem\",\"position\":1,\"name\":\"Portada\",\"item\":\"https:\/\/marthacifuentes.com\/portada\/\"},{\"@type\":\"ListItem\",\"position\":2,\"name\":\"En menos de 3 meses ya hay 10 motociclistas muertos por accidentes en Yopal\"}]},{\"@type\":\"WebSite\",\"@id\":\"https:\/\/marthacifuentes.com\/portada\/#website\",\"url\":\"https:\/\/marthacifuentes.com\/portada\/\",\"name\":\"\u25b7 Noticias de Casanare : Martha Cifuentes | Casanare\",\"description\":\"Noticias &amp; Contenidos\",\"potentialAction\":[{\"@type\":\"SearchAction\",\"target\":{\"@type\":\"EntryPoint\",\"urlTemplate\":\"https:\/\/marthacifuentes.com\/portada\/?s={search_term_string}\"},\"query-input\":{\"@type\":\"PropertyValueSpecification\",\"valueRequired\":true,\"valueName\":\"search_term_string\"}}],\"inLanguage\":\"es\"},{\"@type\":\"Person\",\"@id\":\"https:\/\/marthacifuentes.com\/portada\/#\/schema\/person\/57f53174b991db5f90ff78d58502b714\",\"name\":\"Martha Cifuentes\",\"image\":{\"@type\":\"ImageObject\",\"inLanguage\":\"es\",\"@id\":\"https:\/\/marthacifuentes.com\/portada\/#\/schema\/person\/image\/\",\"url\":\"http:\/\/marthacifuentes.com\/portada\/wp-content\/uploads\/2018\/06\/avatar_user_2_1528838701-96x96.jpg\",\"contentUrl\":\"http:\/\/marthacifuentes.com\/portada\/wp-content\/uploads\/2018\/06\/avatar_user_2_1528838701-96x96.jpg\",\"caption\":\"Martha Cifuentes\"},\"sameAs\":[\"http:\/\/www.marthacifuentes.com\"],\"url\":\"https:\/\/marthacifuentes.com\/portada\/author\/martha\/\"}]}<\/script>\n<!-- \/ Yoast SEO plugin. -->","yoast_head_json":{"title":"En menos de 3 meses ya hay 10 motociclistas muertos por accidentes en Yopal - \u25b7 Noticias de Casanare : Martha Cifuentes | Casanare","robots":{"index":"index","follow":"follow","max-snippet":"max-snippet:-1","max-image-preview":"max-image-preview:large","max-video-preview":"max-video-preview:-1"},"canonical":"https:\/\/marthacifuentes.com\/portada\/en-menos-de-3-meses-ya-hay-10-motociclistas-muertos-por-accidentes-en-yopal\/","og_locale":"es_ES","og_type":"article","og_title":"En menos de 3 meses ya hay 10 motociclistas muertos por accidentes en Yopal - \u25b7 Noticias de Casanare : Martha Cifuentes | Casanare","og_description":"10 motociclistas han perdido la vida en siniestros viales en Yopal a lo largo de este a\u00f1o. Dos de ellos eran menores de edad. Por ello la Secretar\u00eda de Tr\u00e1nsito realiza campa\u00f1a de sensibilizaci\u00f3n vial en calles de la ciudad y ser\u00e1 m\u00e1s estricta con el uso de cascos y chalecos reflectivos en la noche. &hellip;","og_url":"https:\/\/marthacifuentes.com\/portada\/en-menos-de-3-meses-ya-hay-10-motociclistas-muertos-por-accidentes-en-yopal\/","og_site_name":"\u25b7 Noticias de Casanare : Martha Cifuentes | Casanare","article_published_time":"2020-03-12T22:21:36+00:00","og_image":[{"width":1280,"height":758,"url":"https:\/\/marthacifuentes.com\/portada\/wp-content\/uploads\/2020\/03\/WhatsApp-Image-2020-03-12-at-4.47.41-PM.jpeg","type":"image\/jpeg"}],"author":"Martha Cifuentes","twitter_card":"summary_large_image","twitter_misc":{"Escrito por":"Martha Cifuentes","Tiempo de lectura":"1 minuto"},"schema":{"@context":"https:\/\/schema.org","@graph":[{"@type":"WebPage","@id":"https:\/\/marthacifuentes.com\/portada\/en-menos-de-3-meses-ya-hay-10-motociclistas-muertos-por-accidentes-en-yopal\/","url":"https:\/\/marthacifuentes.com\/portada\/en-menos-de-3-meses-ya-hay-10-motociclistas-muertos-por-accidentes-en-yopal\/","name":"En menos de 3 meses ya hay 10 motociclistas muertos por accidentes en Yopal - \u25b7 Noticias de Casanare : Martha Cifuentes | Casanare","isPartOf":{"@id":"https:\/\/marthacifuentes.com\/portada\/#website"},"primaryImageOfPage":{"@id":"https:\/\/marthacifuentes.com\/portada\/en-menos-de-3-meses-ya-hay-10-motociclistas-muertos-por-accidentes-en-yopal\/#primaryimage"},"image":{"@id":"https:\/\/marthacifuentes.com\/portada\/en-menos-de-3-meses-ya-hay-10-motociclistas-muertos-por-accidentes-en-yopal\/#primaryimage"},"thumbnailUrl":"https:\/\/marthacifuentes.com\/portada\/wp-content\/uploads\/2020\/03\/WhatsApp-Image-2020-03-12-at-4.47.41-PM.jpeg","datePublished":"2020-03-12T22:21:36+00:00","author":{"@id":"https:\/\/marthacifuentes.com\/portada\/#\/schema\/person\/57f53174b991db5f90ff78d58502b714"},"breadcrumb":{"@id":"https:\/\/marthacifuentes.com\/portada\/en-menos-de-3-meses-ya-hay-10-motociclistas-muertos-por-accidentes-en-yopal\/#breadcrumb"},"inLanguage":"es","potentialAction":[{"@type":"ReadAction","target":["https:\/\/marthacifuentes.com\/portada\/en-menos-de-3-meses-ya-hay-10-motociclistas-muertos-por-accidentes-en-yopal\/"]}]},{"@type":"ImageObject","inLanguage":"es","@id":"https:\/\/marthacifuentes.com\/portada\/en-menos-de-3-meses-ya-hay-10-motociclistas-muertos-por-accidentes-en-yopal\/#primaryimage","url":"https:\/\/marthacifuentes.com\/portada\/wp-content\/uploads\/2020\/03\/WhatsApp-Image-2020-03-12-at-4.47.41-PM.jpeg","contentUrl":"https:\/\/marthacifuentes.com\/portada\/wp-content\/uploads\/2020\/03\/WhatsApp-Image-2020-03-12-at-4.47.41-PM.jpeg","width":1280,"height":758},{"@type":"BreadcrumbList","@id":"https:\/\/marthacifuentes.com\/portada\/en-menos-de-3-meses-ya-hay-10-motociclistas-muertos-por-accidentes-en-yopal\/#breadcrumb","itemListElement":[{"@type":"ListItem","position":1,"name":"Portada","item":"https:\/\/marthacifuentes.com\/portada\/"},{"@type":"ListItem","position":2,"name":"En menos de 3 meses ya hay 10 motociclistas muertos por accidentes en Yopal"}]},{"@type":"WebSite","@id":"https:\/\/marthacifuentes.com\/portada\/#website","url":"https:\/\/marthacifuentes.com\/portada\/","name":"\u25b7 Noticias de Casanare : Martha Cifuentes | Casanare","description":"Noticias &amp; Contenidos","potentialAction":[{"@type":"SearchAction","target":{"@type":"EntryPoint","urlTemplate":"https:\/\/marthacifuentes.com\/portada\/?s={search_term_string}"},"query-input":{"@type":"PropertyValueSpecification","valueRequired":true,"valueName":"search_term_string"}}],"inLanguage":"es"},{"@type":"Person","@id":"https:\/\/marthacifuentes.com\/portada\/#\/schema\/person\/57f53174b991db5f90ff78d58502b714","name":"Martha Cifuentes","image":{"@type":"ImageObject","inLanguage":"es","@id":"https:\/\/marthacifuentes.com\/portada\/#\/schema\/person\/image\/","url":"http:\/\/marthacifuentes.com\/portada\/wp-content\/uploads\/2018\/06\/avatar_user_2_1528838701-96x96.jpg","contentUrl":"http:\/\/marthacifuentes.com\/portada\/wp-content\/uploads\/2018\/06\/avatar_user_2_1528838701-96x96.jpg","caption":"Martha Cifuentes"},"sameAs":["http:\/\/www.marthacifuentes.com"],"url":"https:\/\/marthacifuentes.com\/portada\/author\/martha\/"}]}},"_links":{"self":[{"href":"https:\/\/marthacifuentes.com\/portada\/wp-json\/wp\/v2\/posts\/23122","targetHints":{"allow":["GET"]}}],"collection":[{"href":"https:\/\/marthacifuentes.com\/portada\/wp-json\/wp\/v2\/posts"}],"about":[{"href":"https:\/\/marthacifuentes.com\/portada\/wp-json\/wp\/v2\/types\/post"}],"author":[{"embeddable":true,"href":"https:\/\/marthacifuentes.com\/portada\/wp-json\/wp\/v2\/users\/2"}],"replies":[{"embeddable":true,"href":"https:\/\/marthacifuentes.com\/portada\/wp-json\/wp\/v2\/comments?post=23122"}],"version-history":[{"count":0,"href":"https:\/\/marthacifuentes.com\/portada\/wp-json\/wp\/v2\/posts\/23122\/revisions"}],"wp:featuredmedia":[{"embeddable":true,"href":"https:\/\/marthacifuentes.com\/portada\/wp-json\/wp\/v2\/media\/23123"}],"wp:attachment":[{"href":"https:\/\/marthacifuentes.com\/portada\/wp-json\/wp\/v2\/media?parent=23122"}],"wp:term":[{"taxonomy":"category","embeddable":true,"href":"https:\/\/marthacifuentes.com\/portada\/wp-json\/wp\/v2\/categories?post=23122"},{"taxonomy":"post_tag","embeddable":true,"href":"https:\/\/marthacifuentes.com\/portada\/wp-json\/wp\/v2\/tags?post=23122"}],"curies":[{"name":"wp","href":"https:\/\/api.w.org\/{rel}","templated":true}]}}