{"id":23152,"date":"2020-03-23T08:29:08","date_gmt":"2020-03-23T13:29:08","guid":{"rendered":"https:\/\/marthacifuentes.com\/portada\/?p=23152"},"modified":"2020-03-23T08:29:08","modified_gmt":"2020-03-23T13:29:08","slug":"se-adelanto-la-cuarentena-obligada-se-impone-restriccion-de-personas-y-vehiculos-en-casanare","status":"publish","type":"post","link":"https:\/\/marthacifuentes.com\/portada\/se-adelanto-la-cuarentena-obligada-se-impone-restriccion-de-personas-y-vehiculos-en-casanare\/","title":{"rendered":"Se adelant\u00f3 la cuarentena obligada. Se impone restricci\u00f3n de personas y veh\u00edculos en Casanare"},"content":{"rendered":"<p style=\"text-align: justify;\"><strong>Ninguna persona o veh\u00edculo se podr\u00e1 movilizar en Casanare a partir de la fecha y hasta ma\u00f1ana martes 24 de marzo hasta las 23:59 horas. As\u00ed lo determin\u00f3 la Gobernaci\u00f3n de Casanare para hacerle frente al Covid-19. Habr\u00e1 excepciones para el cumplimiento de situaciones b\u00e1sicas en salud, abastecimiento de alimentos, servicios p\u00fablicos y asuntos de fuerza mayor demostrables. <\/strong><\/p>\n<p style=\"text-align: justify;\">El Gobernador de Casanare, Salom\u00f3n Sanabria, adopta medidas transitorias para garantizar el orden p\u00fablico en el Departamento, con ocasi\u00f3n a la declaratoria de emergencia sanitaria, efectuada mediante Decreto 109 de 2020.<\/p>\n<blockquote>\n<p style=\"text-align: justify;\">En consecuencia se restringe transitoriamente la movilidad de veh\u00edculos y personas que se encuentren en jurisdicci\u00f3n, durante el periodo comprendido entre el domingo 22 de marzo a las 8 de la noche hasta el martes 24 de marzo hasta las 23:59 horas; exceptuando las personas y veh\u00edculos indispensables para la realizaci\u00f3n de las siguientes actividades, y todas aquellas establecidas en el Decreto nacional 420 de 18 de marzo de 2020 y la Resoluci\u00f3n 0453 del Ministerio de Salud y la Protecci\u00f3n Social:<\/p>\n<\/blockquote>\n<p style=\"text-align: justify;\">&#8211; Abastecimiento y adquisici\u00f3n de alimentos, productos farmac\u00e9uticos de salud y de primera necesidad. Para su adquisici\u00f3n podr\u00e1 desplazarse una persona por cada n\u00facleo familiar.<\/p>\n<p style=\"text-align: justify;\">&#8211; Prestaci\u00f3n de los servicios administrativos, operativos o profesionales de los servicios p\u00fablicos y privados de salud.<\/p>\n<p style=\"text-align: justify;\">&#8211; Cuidado institucional o domiciliario de personas mayores, menores de 18 a\u00f1os, dependientes, enfermos, con discapacidad o espec\u00edficamente vulnerables.<\/p>\n<p style=\"text-align: justify;\">-Orden p\u00fablico, seguridad y atenci\u00f3n sanitaria.<\/p>\n<p style=\"text-align: justify;\">-La prestaci\u00f3n de servicios p\u00fablicos en todo el Departamento.<\/p>\n<p style=\"text-align: justify;\">-Atender asuntos de fuerza mayor o extrema necesidad, circunstancias que deber\u00e1n ser acreditadas en caso que la autoridad as\u00ed lo requiera.<\/p>\n<p style=\"text-align: justify;\">Para el cumplimento de esta disposici\u00f3n, solo se permitir\u00e1 la circulaci\u00f3n de las personas y veh\u00edculos que se desempe\u00f1en o sean indispensables para prestar o recibir los siguientes servicios y labores:<\/p>\n<p style=\"text-align: justify;\">-Atenci\u00f3n y emergencias mediadas y aquellos destinados a la atenci\u00f3n domiciliaria de pacientes, siempre y cuando cuenten con plena identificaci\u00f3n de la instituci\u00f3n prestadora de servicios a la cual pertenecen.<\/p>\n<p style=\"text-align: justify;\">-Abastecimiento y distribuci\u00f3n de gasolina.<\/p>\n<p style=\"text-align: justify;\">-Servicios de ambulancias, sanitario, atenci\u00f3n prehospitalaria, la distribuci\u00f3n de medicamentos a domicilio, farmacias y emergencias veterinarias.<\/p>\n<p style=\"text-align: justify;\">-Realizar el abastecimiento, producci\u00f3n, distribuci\u00f3n, cargue y descargue y elementos de primera necesidad, productos de aseo, alimentos preparados, suministros m\u00e9dicos y agua potable, incluidos los asociados a la distribuci\u00f3n de raciones del Programa de Alimentaci\u00f3n Escolar-PAE.<\/p>\n<p style=\"text-align: justify;\">-Personas que presten sus servicios a empresas plataformas tecnol\u00f3gicas dedicas a la entrega a domicilio de elementos de primera necesidad, alimentos preparados y productos farmac\u00e9uticos, quienes deber\u00e1n estar\u00e1n plenamente identificados.<\/p>\n<p style=\"text-align: justify;\">-La prestaci\u00f3n de servicios indispensables de operaci\u00f3n, mantenimiento de emergencias de servicios p\u00fablicos domiciliarios: acueducto, alcantarillado, energ\u00eda, aseo, relleno sanitario, gas natural, alumbrado p\u00fablico y telecomunicaciones (call center, redes y data center).<\/p>\n<p style=\"text-align: justify;\">-La prestaci\u00f3n de servicios funerarios exclusivamente durante el tiempo de la prestaci\u00f3n del mismo.<\/p>\n<p style=\"text-align: justify;\">-La Fuerza P\u00fablica, Organismos de Socorro, Defensor\u00eda del Pueblo, Cuerpo de Custodia y Vigilancia Penitenciaria y Fiscal\u00eda General de la Naci\u00f3n.<\/p>\n<p style=\"text-align: justify;\">-Servidores p\u00fablicos y contratistas estatales para el cumplimiento de actividades relacionadas con la declaratoria de la emergencia sanitaria.<\/p>\n<p style=\"text-align: justify;\">Los terminales de transporte y sus terminales sat\u00e9lites no prestar\u00e1n el servicio de despacho de buses ni venta de tiquetes durante el t\u00e9rmino de duraci\u00f3n de las medidas contempladas en este decreto.<\/p>\n<p style=\"text-align: justify;\">El servicio de los terminales de transporte se limitar\u00e1 al desembarco de pasajeros que lleguen a los municipios.<\/p>\n<p style=\"text-align: justify;\">En los casos en que las autoridades encuentren ni\u00f1as, ni\u00f1os y adolescentes sin la compa\u00f1\u00eda de sus padres, las personas en quienes recaiga su custodia, durante el tiempo de las disposiciones antes descritas; se aplicar\u00e1 por parte de las autoridades competentes lo dispuesto en los procedimientos de protecci\u00f3n contemplados en la Ley de Infancia y Adolescencia y el C\u00f3digo de Polic\u00eda.<\/p>\n<p><img loading=\"lazy\" decoding=\"async\" class=\"alignnone size-full wp-image-23154\" src=\"https:\/\/marthacifuentes.com\/portada\/wp-content\/uploads\/2020\/03\/89939492_3098285196858467_801350707415351296_o.jpg\" alt=\"\" width=\"679\" height=\"960\" srcset=\"https:\/\/marthacifuentes.com\/portada\/wp-content\/uploads\/2020\/03\/89939492_3098285196858467_801350707415351296_o.jpg 679w, https:\/\/marthacifuentes.com\/portada\/wp-content\/uploads\/2020\/03\/89939492_3098285196858467_801350707415351296_o-212x300.jpg 212w\" sizes=\"auto, (max-width: 679px) 100vw, 679px\" \/><\/p>\n<p>&nbsp;<\/p>\n<p><img loading=\"lazy\" decoding=\"async\" class=\"alignnone size-full wp-image-23160\" src=\"https:\/\/marthacifuentes.com\/portada\/wp-content\/uploads\/2020\/03\/89890450_3098285843525069_4936201437936877568_o-1.jpg\" alt=\"\" width=\"679\" height=\"960\" srcset=\"https:\/\/marthacifuentes.com\/portada\/wp-content\/uploads\/2020\/03\/89890450_3098285843525069_4936201437936877568_o-1.jpg 679w, https:\/\/marthacifuentes.com\/portada\/wp-content\/uploads\/2020\/03\/89890450_3098285843525069_4936201437936877568_o-1-212x300.jpg 212w\" sizes=\"auto, (max-width: 679px) 100vw, 679px\" \/><\/p>\n<p><img loading=\"lazy\" decoding=\"async\" class=\"alignnone size-full wp-image-23161\" src=\"https:\/\/marthacifuentes.com\/portada\/wp-content\/uploads\/2020\/03\/89917229_3098285953525058_5442969413785485312_o-2.jpg\" alt=\"\" width=\"679\" height=\"960\" srcset=\"https:\/\/marthacifuentes.com\/portada\/wp-content\/uploads\/2020\/03\/89917229_3098285953525058_5442969413785485312_o-2.jpg 679w, https:\/\/marthacifuentes.com\/portada\/wp-content\/uploads\/2020\/03\/89917229_3098285953525058_5442969413785485312_o-2-212x300.jpg 212w\" sizes=\"auto, (max-width: 679px) 100vw, 679px\" \/><\/p>\n<p><img loading=\"lazy\" decoding=\"async\" class=\"alignnone size-full wp-image-23162\" src=\"https:\/\/marthacifuentes.com\/portada\/wp-content\/uploads\/2020\/03\/90737751_3098286020191718_1923558574470987776_o-1.jpg\" alt=\"\" width=\"679\" height=\"960\" srcset=\"https:\/\/marthacifuentes.com\/portada\/wp-content\/uploads\/2020\/03\/90737751_3098286020191718_1923558574470987776_o-1.jpg 679w, https:\/\/marthacifuentes.com\/portada\/wp-content\/uploads\/2020\/03\/90737751_3098286020191718_1923558574470987776_o-1-212x300.jpg 212w\" sizes=\"auto, (max-width: 679px) 100vw, 679px\" \/><img loading=\"lazy\" decoding=\"async\" class=\"alignnone size-full wp-image-23163\" src=\"https:\/\/marthacifuentes.com\/portada\/wp-content\/uploads\/2020\/03\/90545391_3098286083525045_1658642010946404352_o-1.jpg\" alt=\"\" width=\"679\" height=\"960\" srcset=\"https:\/\/marthacifuentes.com\/portada\/wp-content\/uploads\/2020\/03\/90545391_3098286083525045_1658642010946404352_o-1.jpg 679w, https:\/\/marthacifuentes.com\/portada\/wp-content\/uploads\/2020\/03\/90545391_3098286083525045_1658642010946404352_o-1-212x300.jpg 212w\" sizes=\"auto, (max-width: 679px) 100vw, 679px\" \/><\/p>\n<h4><strong>Otras noticias&#8230;<\/strong><\/h4>\n<blockquote class=\"wp-embedded-content\" data-secret=\"xGqpqM6OQ7\"><p><a href=\"https:\/\/marthacifuentes.com\/portada\/2020\/03\/22\/secretaria-de-salud-de-yopal-primer-caso-de-coronavirus-en-yopal-casanare\/\">Secretaria de Salud de Yopal, primer caso de coronavirus en Yopal, Casanare<\/a><\/p><\/blockquote>\n<p><iframe loading=\"lazy\" class=\"wp-embedded-content\" sandbox=\"allow-scripts\" security=\"restricted\" style=\"position: absolute; clip: rect(1px, 1px, 1px, 1px);\" title=\"\u00abSecretaria de Salud de Yopal, primer caso de coronavirus en Yopal, Casanare\u00bb \u2014 \u25b7 Noticias de Casanare : Martha Cifuentes | Casanare\" src=\"https:\/\/marthacifuentes.com\/portada\/2020\/03\/22\/secretaria-de-salud-de-yopal-primer-caso-de-coronavirus-en-yopal-casanare\/embed\/#?secret=OBMDoqkiz0#?secret=xGqpqM6OQ7\" data-secret=\"xGqpqM6OQ7\" width=\"500\" height=\"282\" frameborder=\"0\" marginwidth=\"0\" marginheight=\"0\" scrolling=\"no\"><\/iframe><\/p>\n<blockquote class=\"wp-embedded-content\" data-secret=\"9y1xKgQJWF\"><p><a href=\"https:\/\/marthacifuentes.com\/portada\/2020\/03\/19\/desde-hoy-cierre-de-bares-discotecas-casinos-y-salas-de-videojuegos-en-colombia\/\">Desde hoy cierre de bares, discotecas, casinos y salas de videojuegos en Colombia<\/a><\/p><\/blockquote>\n<p><iframe loading=\"lazy\" class=\"wp-embedded-content\" sandbox=\"allow-scripts\" security=\"restricted\" style=\"position: absolute; clip: rect(1px, 1px, 1px, 1px);\" title=\"\u00abDesde hoy cierre de bares, discotecas, casinos y salas de videojuegos en Colombia\u00bb \u2014 \u25b7 Noticias de Casanare : Martha Cifuentes | Casanare\" src=\"https:\/\/marthacifuentes.com\/portada\/2020\/03\/19\/desde-hoy-cierre-de-bares-discotecas-casinos-y-salas-de-videojuegos-en-colombia\/embed\/#?secret=VrP8CdUvJN#?secret=9y1xKgQJWF\" data-secret=\"9y1xKgQJWF\" width=\"500\" height=\"282\" frameborder=\"0\" marginwidth=\"0\" marginheight=\"0\" scrolling=\"no\"><\/iframe><\/p>\n<blockquote class=\"wp-embedded-content\" data-secret=\"Z8LCFG5emk\"><p><a href=\"https:\/\/marthacifuentes.com\/portada\/2020\/03\/19\/en-bus-llego-a-yopal-un-individuo-del-que-se-analiza-si-es-positivo-para-coronavirus\/\">En bus lleg\u00f3 a Yopal un individuo del que se analiza si es positivo para coronavirus<\/a><\/p><\/blockquote>\n<p><iframe loading=\"lazy\" class=\"wp-embedded-content\" sandbox=\"allow-scripts\" security=\"restricted\" style=\"position: absolute; clip: rect(1px, 1px, 1px, 1px);\" title=\"\u00abEn bus lleg\u00f3 a Yopal un individuo del que se analiza si es positivo para coronavirus\u00bb \u2014 \u25b7 Noticias de Casanare : Martha Cifuentes | Casanare\" src=\"https:\/\/marthacifuentes.com\/portada\/2020\/03\/19\/en-bus-llego-a-yopal-un-individuo-del-que-se-analiza-si-es-positivo-para-coronavirus\/embed\/#?secret=ugvMOpP6qR#?secret=Z8LCFG5emk\" data-secret=\"Z8LCFG5emk\" width=\"500\" height=\"282\" frameborder=\"0\" marginwidth=\"0\" marginheight=\"0\" scrolling=\"no\"><\/iframe><\/p>\n<p>&nbsp;<\/p>\n","protected":false},"excerpt":{"rendered":"<p>Ninguna persona o veh\u00edculo se podr\u00e1 movilizar en Casanare a partir de la fecha y hasta ma\u00f1ana martes 24 de marzo hasta las 23:59 horas. As\u00ed lo determin\u00f3 la Gobernaci\u00f3n de Casanare para hacerle frente al Covid-19. Habr\u00e1 excepciones para el cumplimiento de situaciones b\u00e1sicas en salud, abastecimiento de alimentos, servicios p\u00fablicos y asuntos de &hellip;<\/p>\n","protected":false},"author":2,"featured_media":23153,"comment_status":"open","ping_status":"open","sticky":false,"template":"","format":"standard","meta":{"om_disable_all_campaigns":false,"_exactmetrics_skip_tracking":false,"_exactmetrics_sitenote_active":false,"_exactmetrics_sitenote_note":"","_exactmetrics_sitenote_category":0,"_monsterinsights_skip_tracking":false,"_monsterinsights_sitenote_active":false,"_monsterinsights_sitenote_note":"","_monsterinsights_sitenote_category":0,"_uf_show_specific_survey":0,"_uf_disable_surveys":false,"_joinchat":[],"footnotes":""},"categories":[147,146,145],"tags":[4178,4177,4175,4176],"class_list":["post-23152","post","type-post","status-publish","format-standard","has-post-thumbnail","hentry","category-actualidad","category-noticias","category-reportajes","tag-cuarentena-obligada-en-casanare","tag-gobernacion-de-casanare-impone-restriccion-de-personas-y-vehiculos","tag-noticias-de-casanare-coronavirus-covi19","tag-restriccion-de-personas-y-vehiculos-en-casanare"],"yoast_head":"<!-- This site is optimized with the Yoast SEO plugin v26.1 - https:\/\/yoast.com\/wordpress\/plugins\/seo\/ -->\n<title>Se adelant\u00f3 la cuarentena obligada. Se impone restricci\u00f3n de personas y veh\u00edculos en Casanare - \u25b7 Noticias de Casanare : Martha Cifuentes | Casanare<\/title>\n<meta name=\"robots\" content=\"index, follow, max-snippet:-1, max-image-preview:large, max-video-preview:-1\" \/>\n<link rel=\"canonical\" href=\"https:\/\/marthacifuentes.com\/portada\/se-adelanto-la-cuarentena-obligada-se-impone-restriccion-de-personas-y-vehiculos-en-casanare\/\" \/>\n<meta property=\"og:locale\" content=\"es_ES\" \/>\n<meta property=\"og:type\" content=\"article\" \/>\n<meta property=\"og:title\" content=\"Se adelant\u00f3 la cuarentena obligada. Se impone restricci\u00f3n de personas y veh\u00edculos en Casanare - \u25b7 Noticias de Casanare : Martha Cifuentes | Casanare\" \/>\n<meta property=\"og:description\" content=\"Ninguna persona o veh\u00edculo se podr\u00e1 movilizar en Casanare a partir de la fecha y hasta ma\u00f1ana martes 24 de marzo hasta las 23:59 horas. As\u00ed lo determin\u00f3 la Gobernaci\u00f3n de Casanare para hacerle frente al Covid-19. Habr\u00e1 excepciones para el cumplimiento de situaciones b\u00e1sicas en salud, abastecimiento de alimentos, servicios p\u00fablicos y asuntos de &hellip;\" \/>\n<meta property=\"og:url\" content=\"https:\/\/marthacifuentes.com\/portada\/se-adelanto-la-cuarentena-obligada-se-impone-restriccion-de-personas-y-vehiculos-en-casanare\/\" \/>\n<meta property=\"og:site_name\" content=\"\u25b7 Noticias de Casanare : Martha Cifuentes | Casanare\" \/>\n<meta property=\"article:published_time\" content=\"2020-03-23T13:29:08+00:00\" \/>\n<meta property=\"og:image\" content=\"https:\/\/marthacifuentes.com\/portada\/wp-content\/uploads\/2020\/03\/cameringo_20200321_092609-scaled.jpg\" \/>\n\t<meta property=\"og:image:width\" content=\"2560\" \/>\n\t<meta property=\"og:image:height\" content=\"1440\" \/>\n\t<meta property=\"og:image:type\" content=\"image\/jpeg\" \/>\n<meta name=\"author\" content=\"Martha Cifuentes\" \/>\n<meta name=\"twitter:card\" content=\"summary_large_image\" \/>\n<meta name=\"twitter:label1\" content=\"Escrito por\" \/>\n\t<meta name=\"twitter:data1\" content=\"Martha Cifuentes\" \/>\n\t<meta name=\"twitter:label2\" content=\"Tiempo de lectura\" \/>\n\t<meta name=\"twitter:data2\" content=\"3 minutos\" \/>\n<script type=\"application\/ld+json\" class=\"yoast-schema-graph\">{\"@context\":\"https:\/\/schema.org\",\"@graph\":[{\"@type\":\"WebPage\",\"@id\":\"https:\/\/marthacifuentes.com\/portada\/se-adelanto-la-cuarentena-obligada-se-impone-restriccion-de-personas-y-vehiculos-en-casanare\/\",\"url\":\"https:\/\/marthacifuentes.com\/portada\/se-adelanto-la-cuarentena-obligada-se-impone-restriccion-de-personas-y-vehiculos-en-casanare\/\",\"name\":\"Se adelant\u00f3 la cuarentena obligada. Se impone restricci\u00f3n de personas y veh\u00edculos en Casanare - \u25b7 Noticias de Casanare : Martha Cifuentes | Casanare\",\"isPartOf\":{\"@id\":\"https:\/\/marthacifuentes.com\/portada\/#website\"},\"primaryImageOfPage\":{\"@id\":\"https:\/\/marthacifuentes.com\/portada\/se-adelanto-la-cuarentena-obligada-se-impone-restriccion-de-personas-y-vehiculos-en-casanare\/#primaryimage\"},\"image\":{\"@id\":\"https:\/\/marthacifuentes.com\/portada\/se-adelanto-la-cuarentena-obligada-se-impone-restriccion-de-personas-y-vehiculos-en-casanare\/#primaryimage\"},\"thumbnailUrl\":\"https:\/\/marthacifuentes.com\/portada\/wp-content\/uploads\/2020\/03\/cameringo_20200321_092609-scaled.jpg\",\"datePublished\":\"2020-03-23T13:29:08+00:00\",\"author\":{\"@id\":\"https:\/\/marthacifuentes.com\/portada\/#\/schema\/person\/57f53174b991db5f90ff78d58502b714\"},\"breadcrumb\":{\"@id\":\"https:\/\/marthacifuentes.com\/portada\/se-adelanto-la-cuarentena-obligada-se-impone-restriccion-de-personas-y-vehiculos-en-casanare\/#breadcrumb\"},\"inLanguage\":\"es\",\"potentialAction\":[{\"@type\":\"ReadAction\",\"target\":[\"https:\/\/marthacifuentes.com\/portada\/se-adelanto-la-cuarentena-obligada-se-impone-restriccion-de-personas-y-vehiculos-en-casanare\/\"]}]},{\"@type\":\"ImageObject\",\"inLanguage\":\"es\",\"@id\":\"https:\/\/marthacifuentes.com\/portada\/se-adelanto-la-cuarentena-obligada-se-impone-restriccion-de-personas-y-vehiculos-en-casanare\/#primaryimage\",\"url\":\"https:\/\/marthacifuentes.com\/portada\/wp-content\/uploads\/2020\/03\/cameringo_20200321_092609-scaled.jpg\",\"contentUrl\":\"https:\/\/marthacifuentes.com\/portada\/wp-content\/uploads\/2020\/03\/cameringo_20200321_092609-scaled.jpg\",\"width\":2560,\"height\":1440},{\"@type\":\"BreadcrumbList\",\"@id\":\"https:\/\/marthacifuentes.com\/portada\/se-adelanto-la-cuarentena-obligada-se-impone-restriccion-de-personas-y-vehiculos-en-casanare\/#breadcrumb\",\"itemListElement\":[{\"@type\":\"ListItem\",\"position\":1,\"name\":\"Portada\",\"item\":\"https:\/\/marthacifuentes.com\/portada\/\"},{\"@type\":\"ListItem\",\"position\":2,\"name\":\"Se adelant\u00f3 la cuarentena obligada. Se impone restricci\u00f3n de personas y veh\u00edculos en Casanare\"}]},{\"@type\":\"WebSite\",\"@id\":\"https:\/\/marthacifuentes.com\/portada\/#website\",\"url\":\"https:\/\/marthacifuentes.com\/portada\/\",\"name\":\"\u25b7 Noticias de Casanare : Martha Cifuentes | Casanare\",\"description\":\"Noticias &amp; Contenidos\",\"potentialAction\":[{\"@type\":\"SearchAction\",\"target\":{\"@type\":\"EntryPoint\",\"urlTemplate\":\"https:\/\/marthacifuentes.com\/portada\/?s={search_term_string}\"},\"query-input\":{\"@type\":\"PropertyValueSpecification\",\"valueRequired\":true,\"valueName\":\"search_term_string\"}}],\"inLanguage\":\"es\"},{\"@type\":\"Person\",\"@id\":\"https:\/\/marthacifuentes.com\/portada\/#\/schema\/person\/57f53174b991db5f90ff78d58502b714\",\"name\":\"Martha Cifuentes\",\"image\":{\"@type\":\"ImageObject\",\"inLanguage\":\"es\",\"@id\":\"https:\/\/marthacifuentes.com\/portada\/#\/schema\/person\/image\/\",\"url\":\"http:\/\/marthacifuentes.com\/portada\/wp-content\/uploads\/2018\/06\/avatar_user_2_1528838701-96x96.jpg\",\"contentUrl\":\"http:\/\/marthacifuentes.com\/portada\/wp-content\/uploads\/2018\/06\/avatar_user_2_1528838701-96x96.jpg\",\"caption\":\"Martha Cifuentes\"},\"sameAs\":[\"http:\/\/www.marthacifuentes.com\"],\"url\":\"https:\/\/marthacifuentes.com\/portada\/author\/martha\/\"}]}<\/script>\n<!-- \/ Yoast SEO plugin. -->","yoast_head_json":{"title":"Se adelant\u00f3 la cuarentena obligada. Se impone restricci\u00f3n de personas y veh\u00edculos en Casanare - \u25b7 Noticias de Casanare : Martha Cifuentes | Casanare","robots":{"index":"index","follow":"follow","max-snippet":"max-snippet:-1","max-image-preview":"max-image-preview:large","max-video-preview":"max-video-preview:-1"},"canonical":"https:\/\/marthacifuentes.com\/portada\/se-adelanto-la-cuarentena-obligada-se-impone-restriccion-de-personas-y-vehiculos-en-casanare\/","og_locale":"es_ES","og_type":"article","og_title":"Se adelant\u00f3 la cuarentena obligada. Se impone restricci\u00f3n de personas y veh\u00edculos en Casanare - \u25b7 Noticias de Casanare : Martha Cifuentes | Casanare","og_description":"Ninguna persona o veh\u00edculo se podr\u00e1 movilizar en Casanare a partir de la fecha y hasta ma\u00f1ana martes 24 de marzo hasta las 23:59 horas. As\u00ed lo determin\u00f3 la Gobernaci\u00f3n de Casanare para hacerle frente al Covid-19. Habr\u00e1 excepciones para el cumplimiento de situaciones b\u00e1sicas en salud, abastecimiento de alimentos, servicios p\u00fablicos y asuntos de &hellip;","og_url":"https:\/\/marthacifuentes.com\/portada\/se-adelanto-la-cuarentena-obligada-se-impone-restriccion-de-personas-y-vehiculos-en-casanare\/","og_site_name":"\u25b7 Noticias de Casanare : Martha Cifuentes | Casanare","article_published_time":"2020-03-23T13:29:08+00:00","og_image":[{"width":2560,"height":1440,"url":"https:\/\/marthacifuentes.com\/portada\/wp-content\/uploads\/2020\/03\/cameringo_20200321_092609-scaled.jpg","type":"image\/jpeg"}],"author":"Martha Cifuentes","twitter_card":"summary_large_image","twitter_misc":{"Escrito por":"Martha Cifuentes","Tiempo de lectura":"3 minutos"},"schema":{"@context":"https:\/\/schema.org","@graph":[{"@type":"WebPage","@id":"https:\/\/marthacifuentes.com\/portada\/se-adelanto-la-cuarentena-obligada-se-impone-restriccion-de-personas-y-vehiculos-en-casanare\/","url":"https:\/\/marthacifuentes.com\/portada\/se-adelanto-la-cuarentena-obligada-se-impone-restriccion-de-personas-y-vehiculos-en-casanare\/","name":"Se adelant\u00f3 la cuarentena obligada. Se impone restricci\u00f3n de personas y veh\u00edculos en Casanare - \u25b7 Noticias de Casanare : Martha Cifuentes | Casanare","isPartOf":{"@id":"https:\/\/marthacifuentes.com\/portada\/#website"},"primaryImageOfPage":{"@id":"https:\/\/marthacifuentes.com\/portada\/se-adelanto-la-cuarentena-obligada-se-impone-restriccion-de-personas-y-vehiculos-en-casanare\/#primaryimage"},"image":{"@id":"https:\/\/marthacifuentes.com\/portada\/se-adelanto-la-cuarentena-obligada-se-impone-restriccion-de-personas-y-vehiculos-en-casanare\/#primaryimage"},"thumbnailUrl":"https:\/\/marthacifuentes.com\/portada\/wp-content\/uploads\/2020\/03\/cameringo_20200321_092609-scaled.jpg","datePublished":"2020-03-23T13:29:08+00:00","author":{"@id":"https:\/\/marthacifuentes.com\/portada\/#\/schema\/person\/57f53174b991db5f90ff78d58502b714"},"breadcrumb":{"@id":"https:\/\/marthacifuentes.com\/portada\/se-adelanto-la-cuarentena-obligada-se-impone-restriccion-de-personas-y-vehiculos-en-casanare\/#breadcrumb"},"inLanguage":"es","potentialAction":[{"@type":"ReadAction","target":["https:\/\/marthacifuentes.com\/portada\/se-adelanto-la-cuarentena-obligada-se-impone-restriccion-de-personas-y-vehiculos-en-casanare\/"]}]},{"@type":"ImageObject","inLanguage":"es","@id":"https:\/\/marthacifuentes.com\/portada\/se-adelanto-la-cuarentena-obligada-se-impone-restriccion-de-personas-y-vehiculos-en-casanare\/#primaryimage","url":"https:\/\/marthacifuentes.com\/portada\/wp-content\/uploads\/2020\/03\/cameringo_20200321_092609-scaled.jpg","contentUrl":"https:\/\/marthacifuentes.com\/portada\/wp-content\/uploads\/2020\/03\/cameringo_20200321_092609-scaled.jpg","width":2560,"height":1440},{"@type":"BreadcrumbList","@id":"https:\/\/marthacifuentes.com\/portada\/se-adelanto-la-cuarentena-obligada-se-impone-restriccion-de-personas-y-vehiculos-en-casanare\/#breadcrumb","itemListElement":[{"@type":"ListItem","position":1,"name":"Portada","item":"https:\/\/marthacifuentes.com\/portada\/"},{"@type":"ListItem","position":2,"name":"Se adelant\u00f3 la cuarentena obligada. Se impone restricci\u00f3n de personas y veh\u00edculos en Casanare"}]},{"@type":"WebSite","@id":"https:\/\/marthacifuentes.com\/portada\/#website","url":"https:\/\/marthacifuentes.com\/portada\/","name":"\u25b7 Noticias de Casanare : Martha Cifuentes | Casanare","description":"Noticias &amp; Contenidos","potentialAction":[{"@type":"SearchAction","target":{"@type":"EntryPoint","urlTemplate":"https:\/\/marthacifuentes.com\/portada\/?s={search_term_string}"},"query-input":{"@type":"PropertyValueSpecification","valueRequired":true,"valueName":"search_term_string"}}],"inLanguage":"es"},{"@type":"Person","@id":"https:\/\/marthacifuentes.com\/portada\/#\/schema\/person\/57f53174b991db5f90ff78d58502b714","name":"Martha Cifuentes","image":{"@type":"ImageObject","inLanguage":"es","@id":"https:\/\/marthacifuentes.com\/portada\/#\/schema\/person\/image\/","url":"http:\/\/marthacifuentes.com\/portada\/wp-content\/uploads\/2018\/06\/avatar_user_2_1528838701-96x96.jpg","contentUrl":"http:\/\/marthacifuentes.com\/portada\/wp-content\/uploads\/2018\/06\/avatar_user_2_1528838701-96x96.jpg","caption":"Martha Cifuentes"},"sameAs":["http:\/\/www.marthacifuentes.com"],"url":"https:\/\/marthacifuentes.com\/portada\/author\/martha\/"}]}},"_links":{"self":[{"href":"https:\/\/marthacifuentes.com\/portada\/wp-json\/wp\/v2\/posts\/23152","targetHints":{"allow":["GET"]}}],"collection":[{"href":"https:\/\/marthacifuentes.com\/portada\/wp-json\/wp\/v2\/posts"}],"about":[{"href":"https:\/\/marthacifuentes.com\/portada\/wp-json\/wp\/v2\/types\/post"}],"author":[{"embeddable":true,"href":"https:\/\/marthacifuentes.com\/portada\/wp-json\/wp\/v2\/users\/2"}],"replies":[{"embeddable":true,"href":"https:\/\/marthacifuentes.com\/portada\/wp-json\/wp\/v2\/comments?post=23152"}],"version-history":[{"count":0,"href":"https:\/\/marthacifuentes.com\/portada\/wp-json\/wp\/v2\/posts\/23152\/revisions"}],"wp:featuredmedia":[{"embeddable":true,"href":"https:\/\/marthacifuentes.com\/portada\/wp-json\/wp\/v2\/media\/23153"}],"wp:attachment":[{"href":"https:\/\/marthacifuentes.com\/portada\/wp-json\/wp\/v2\/media?parent=23152"}],"wp:term":[{"taxonomy":"category","embeddable":true,"href":"https:\/\/marthacifuentes.com\/portada\/wp-json\/wp\/v2\/categories?post=23152"},{"taxonomy":"post_tag","embeddable":true,"href":"https:\/\/marthacifuentes.com\/portada\/wp-json\/wp\/v2\/tags?post=23152"}],"curies":[{"name":"wp","href":"https:\/\/api.w.org\/{rel}","templated":true}]}}